{"id":13883,"date":"2019-05-12T10:35:03","date_gmt":"2019-05-12T10:35:03","guid":{"rendered":"http:\/\/www.psoeeivissa.es\/?p=13883"},"modified":"2020-04-14T13:14:23","modified_gmt":"2020-04-14T11:14:23","slug":"rafa-ruiz-es-compromet-a-millorar-laccessibilitat-a-dalt-vila-amb-dos-ascensors-que-facilitaran-la-mobilitat-al-nucli-historic","status":"publish","type":"post","link":"https:\/\/www.psib-psoe.org\/eivissa\/rafa-ruiz-es-compromet-a-millorar-laccessibilitat-a-dalt-vila-amb-dos-ascensors-que-facilitaran-la-mobilitat-al-nucli-historic\/","title":{"rendered":"Rafa Ruiz es compromet a millorar l&#8217;accessibilitat a Dalt Vila amb dos ascensors que facilitaran la mobilitat al nucli hist\u00f2ric"},"content":{"rendered":"<p>L&#8217;actual alcalde i candidat socialista a l&#8217;Ajuntament d&#8217;Eivissa, Rafa Ruiz, ha presentat avui, acompanyat del n\u00famero 4 de la seva llista, Pep Tur, les principals propostes del programa electoral en mat\u00e8ria de Patrimoni, entre les que destaca la instal\u00b7laci\u00f3 d&#8217;un <b>ascensor p\u00fablic que connecti la pla\u00e7a de sa Tarongeta amb la pla\u00e7a del Sol<\/b>, una actuaci\u00f3 que ja est\u00e0 prevista al Pla de Murades i que els socialistes consideren que ha arribat el moment d&#8217;escometre.<\/p>\n<p>Ruiz destaca que amb aquest ascensor i el que es far\u00e0 amb les obres del Parador, i que tamb\u00e9 ser\u00e0 d&#8217;\u00fas p\u00fablic, es facilitar\u00e0 molt la mobilitat al ve\u00efnat i els visitants del nucli hist\u00f2ric.<\/p>\n<p>En mat\u00e8ria de reformes urban\u00edstiques, l&#8217;actual alcalde ha senyalat que per a la propera legislatura preveu<b> reformar la pla\u00e7a de Vila<\/b> i el seu entorn, separant les xarxes de sanejament dels carrers Balan\u00e7at, sa<span class=\"Apple-converted-space\">\u00a0 <\/span>Carrossa i la pr\u00f2pia pla\u00e7a i acabant aix\u00ed amb un problema hist\u00f2ric de filtracions que fan malb\u00e9 a les murades. Igualment est\u00e0 prevista la reforma dels <b>carrers Santa Maria i Tur de Montis<\/b>, amb una rehabilitaci\u00f3 integral del seu paviment respectant la fisonomia i els materials hist\u00f2rics per\u00f2 incloent-hi tamb\u00e9 la revisi\u00f3 de la xarxa de sanejament.<\/p>\n<p>Tot i la limitaci\u00f3 d&#8217;espai a Dalt Vila, Ruiz explica que encara \u00e9s possible guanyar nous espais per a la ciutadania i ha indicat que les prioritats en aquest sentit seran la <b>rehabilitaci\u00f3 del<span class=\"Apple-converted-space\">\u00a0 <\/span>Revell\u00ed<\/b>, que podr\u00e0 ser un espai visitable incorporat a un itinerari que comen\u00e7ar\u00e0 al mirador de l&#8217;Ajuntament i transcorrer\u00e0 pel carrer de Santa Maria. Tamb\u00e9 es planteja la <b>compra d&#8217;un espai actualment abandonat, el solar de l&#8217;antic hospital<\/b>, venut a inversors privats fa d\u00e8cades per governs de dretes i que ara hauria de tornar a mans p\u00fabliques per convertir-se en un parc arqueol\u00f2gic que reivindiqui les restes hist\u00f2riques d&#8217;aquella zona i donant continu\u00eftat a altres jaciments que hi ha al voltant.<\/p>\n<p>&#8216;Tenim un programa ambici\u00f3s per\u00f2 realista en mat\u00e8ria de Patrimoni. Les obres del Parador comen\u00e7aran en pocs mesos i tenim l&#8217;oportunitat de donar un gran salt de qualitat durant la propera legislatura. Renovarem la il\u00b7luminaci\u00f3 de les murades, amb sistemes moderns, de millor est\u00e8tica i millor rendiment energ\u00e8tic, completarem la reforma de Vara de Rey millorant els carrers del seu entorn i comen\u00e7arem la feina de rehabilitaci\u00f3 dels carrers al voltant de la UA27 de sa Penya, perqu\u00e8 una vegada es facin les obres de rehabilitaci\u00f3 de les vivendes s&#8217;ha de donar una passa m\u00e9s al barri i estarem preparats per donar-la&#8217;, ha senyalat el candidat del PSOE.<span class=\"Apple-converted-space\">\u00a0<\/span><\/p>\n","protected":false},"excerpt":{"rendered":"<p>L&#8217;actual alcalde i candidat socialista a l&#8217;Ajuntament d&#8217;Eivissa, Rafa Ruiz, ha presentat avui, acompanyat del n\u00famero 4 de la seva llista, Pep Tur, les principals propostes del programa electoral en mat\u00e8ria de Patrimoni, entre les que destaca la instal\u00b7laci\u00f3 d&#8217;un ascensor p\u00fablic que connecti la pla\u00e7a de sa Tarongeta amb la pla\u00e7a del Sol, una&hellip;<\/p>\n","protected":false},"author":7,"featured_media":13884,"comment_status":"open","ping_status":"open","sticky":false,"template":"","format":"standard","meta":{"footnotes":""},"categories":[183,1,234],"tags":[],"class_list":["post-13883","post","type-post","status-publish","format-standard","has-post-thumbnail","hentry","category-ciutat-deivissa","category-federacio-de-eivissa-portada","category-municipis"],"yoast_head":"<!-- This site is optimized with the Yoast SEO plugin v26.9 - https:\/\/yoast.com\/product\/yoast-seo-wordpress\/ -->\n<title>Rafa Ruiz es compromet a millorar l&#039;accessibilitat a Dalt Vila amb dos ascensors que facilitaran la mobilitat al nucli hist\u00f2ric - Federaci\u00f3 Socialista d&#039;Eivissa<\/title>\n<meta name=\"robots\" content=\"index, follow, max-snippet:-1, max-image-preview:large, max-video-preview:-1\" \/>\n<link rel=\"canonical\" href=\"https:\/\/www.psib-psoe.org\/eivissa\/rafa-ruiz-es-compromet-a-millorar-laccessibilitat-a-dalt-vila-amb-dos-ascensors-que-facilitaran-la-mobilitat-al-nucli-historic\/\" \/>\n<meta property=\"og:locale\" content=\"ca_ES\" \/>\n<meta property=\"og:type\" content=\"article\" \/>\n<meta property=\"og:title\" content=\"Rafa Ruiz es compromet a millorar l&#039;accessibilitat a Dalt Vila amb dos ascensors que facilitaran la mobilitat al nucli hist\u00f2ric - Federaci\u00f3 Socialista d&#039;Eivissa\" \/>\n<meta property=\"og:description\" content=\"L&#8217;actual alcalde i candidat socialista a l&#8217;Ajuntament d&#8217;Eivissa, Rafa Ruiz, ha presentat avui, acompanyat del n\u00famero 4 de la seva llista, Pep Tur, les principals propostes del programa electoral en mat\u00e8ria de Patrimoni, entre les que destaca la instal\u00b7laci\u00f3 d&#8217;un ascensor p\u00fablic que connecti la pla\u00e7a de sa Tarongeta amb la pla\u00e7a del Sol, una&hellip;\" \/>\n<meta property=\"og:url\" content=\"https:\/\/www.psib-psoe.org\/eivissa\/rafa-ruiz-es-compromet-a-millorar-laccessibilitat-a-dalt-vila-amb-dos-ascensors-que-facilitaran-la-mobilitat-al-nucli-historic\/\" \/>\n<meta property=\"og:site_name\" content=\"Federaci\u00f3 Socialista d&#039;Eivissa\" \/>\n<meta property=\"article:published_time\" content=\"2019-05-12T10:35:03+00:00\" \/>\n<meta property=\"article:modified_time\" content=\"2020-04-14T11:14:23+00:00\" \/>\n<meta name=\"author\" content=\"Josep Ripoll\" \/>\n<meta name=\"twitter:card\" content=\"summary_large_image\" \/>\n<meta name=\"twitter:label1\" content=\"Escrit per\" \/>\n\t<meta name=\"twitter:data1\" content=\"Josep Ripoll\" \/>\n\t<meta name=\"twitter:label2\" content=\"Temps estimat de lectura\" \/>\n\t<meta name=\"twitter:data2\" content=\"2 minuts\" \/>\n<script type=\"application\/ld+json\" class=\"yoast-schema-graph\">{\"@context\":\"https:\/\/schema.org\",\"@graph\":[{\"@type\":[\"Article\",\"BlogPosting\"],\"@id\":\"https:\/\/www.psib-psoe.org\/eivissa\/rafa-ruiz-es-compromet-a-millorar-laccessibilitat-a-dalt-vila-amb-dos-ascensors-que-facilitaran-la-mobilitat-al-nucli-historic\/#article\",\"isPartOf\":{\"@id\":\"https:\/\/www.psib-psoe.org\/eivissa\/rafa-ruiz-es-compromet-a-millorar-laccessibilitat-a-dalt-vila-amb-dos-ascensors-que-facilitaran-la-mobilitat-al-nucli-historic\/\"},\"author\":{\"name\":\"Josep Ripoll\",\"@id\":\"https:\/\/www.psib-psoe.org\/eivissa\/#\/schema\/person\/7a9d2841fb36f32e34fc0e9b245e8117\"},\"headline\":\"Rafa Ruiz es compromet a millorar l&#8217;accessibilitat a Dalt Vila amb dos ascensors que facilitaran la mobilitat al nucli hist\u00f2ric\",\"datePublished\":\"2019-05-12T10:35:03+00:00\",\"dateModified\":\"2020-04-14T11:14:23+00:00\",\"mainEntityOfPage\":{\"@id\":\"https:\/\/www.psib-psoe.org\/eivissa\/rafa-ruiz-es-compromet-a-millorar-laccessibilitat-a-dalt-vila-amb-dos-ascensors-que-facilitaran-la-mobilitat-al-nucli-historic\/\"},\"wordCount\":476,\"commentCount\":0,\"publisher\":{\"@id\":\"https:\/\/www.psib-psoe.org\/eivissa\/#organization\"},\"image\":{\"@id\":\"https:\/\/www.psib-psoe.org\/eivissa\/rafa-ruiz-es-compromet-a-millorar-laccessibilitat-a-dalt-vila-amb-dos-ascensors-que-facilitaran-la-mobilitat-al-nucli-historic\/#primaryimage\"},\"thumbnailUrl\":\"\",\"articleSection\":[\"Ciutat d'Eivissa\",\"Federaci\u00f3 d'Eivissa - Portada\",\"Municipis\"],\"inLanguage\":\"ca\",\"potentialAction\":[{\"@type\":\"CommentAction\",\"name\":\"Comment\",\"target\":[\"https:\/\/www.psib-psoe.org\/eivissa\/rafa-ruiz-es-compromet-a-millorar-laccessibilitat-a-dalt-vila-amb-dos-ascensors-que-facilitaran-la-mobilitat-al-nucli-historic\/#respond\"]}]},{\"@type\":\"WebPage\",\"@id\":\"https:\/\/www.psib-psoe.org\/eivissa\/rafa-ruiz-es-compromet-a-millorar-laccessibilitat-a-dalt-vila-amb-dos-ascensors-que-facilitaran-la-mobilitat-al-nucli-historic\/\",\"url\":\"https:\/\/www.psib-psoe.org\/eivissa\/rafa-ruiz-es-compromet-a-millorar-laccessibilitat-a-dalt-vila-amb-dos-ascensors-que-facilitaran-la-mobilitat-al-nucli-historic\/\",\"name\":\"Rafa Ruiz es compromet a millorar l'accessibilitat a Dalt Vila amb dos ascensors que facilitaran la mobilitat al nucli hist\u00f2ric - Federaci\u00f3 Socialista d&#039;Eivissa\",\"isPartOf\":{\"@id\":\"https:\/\/www.psib-psoe.org\/eivissa\/#website\"},\"primaryImageOfPage\":{\"@id\":\"https:\/\/www.psib-psoe.org\/eivissa\/rafa-ruiz-es-compromet-a-millorar-laccessibilitat-a-dalt-vila-amb-dos-ascensors-que-facilitaran-la-mobilitat-al-nucli-historic\/#primaryimage\"},\"image\":{\"@id\":\"https:\/\/www.psib-psoe.org\/eivissa\/rafa-ruiz-es-compromet-a-millorar-laccessibilitat-a-dalt-vila-amb-dos-ascensors-que-facilitaran-la-mobilitat-al-nucli-historic\/#primaryimage\"},\"thumbnailUrl\":\"\",\"datePublished\":\"2019-05-12T10:35:03+00:00\",\"dateModified\":\"2020-04-14T11:14:23+00:00\",\"breadcrumb\":{\"@id\":\"https:\/\/www.psib-psoe.org\/eivissa\/rafa-ruiz-es-compromet-a-millorar-laccessibilitat-a-dalt-vila-amb-dos-ascensors-que-facilitaran-la-mobilitat-al-nucli-historic\/#breadcrumb\"},\"inLanguage\":\"ca\",\"potentialAction\":[{\"@type\":\"ReadAction\",\"target\":[\"https:\/\/www.psib-psoe.org\/eivissa\/rafa-ruiz-es-compromet-a-millorar-laccessibilitat-a-dalt-vila-amb-dos-ascensors-que-facilitaran-la-mobilitat-al-nucli-historic\/\"]}]},{\"@type\":\"ImageObject\",\"inLanguage\":\"ca\",\"@id\":\"https:\/\/www.psib-psoe.org\/eivissa\/rafa-ruiz-es-compromet-a-millorar-laccessibilitat-a-dalt-vila-amb-dos-ascensors-que-facilitaran-la-mobilitat-al-nucli-historic\/#primaryimage\",\"url\":\"\",\"contentUrl\":\"\"},{\"@type\":\"BreadcrumbList\",\"@id\":\"https:\/\/www.psib-psoe.org\/eivissa\/rafa-ruiz-es-compromet-a-millorar-laccessibilitat-a-dalt-vila-amb-dos-ascensors-que-facilitaran-la-mobilitat-al-nucli-historic\/#breadcrumb\",\"itemListElement\":[{\"@type\":\"ListItem\",\"position\":1,\"name\":\"Inici\",\"item\":\"https:\/\/www.psib-psoe.org\/eivissa\/\"},{\"@type\":\"ListItem\",\"position\":2,\"name\":\"Rafa Ruiz es compromet a millorar l&#8217;accessibilitat a Dalt Vila amb dos ascensors que facilitaran la mobilitat al nucli hist\u00f2ric\"}]},{\"@type\":\"WebSite\",\"@id\":\"https:\/\/www.psib-psoe.org\/eivissa\/#website\",\"url\":\"https:\/\/www.psib-psoe.org\/eivissa\/\",\"name\":\"Federaci\u00f3 Socialista d'Eivissa\",\"description\":\"Socialistes d&#039;Eivissa\",\"publisher\":{\"@id\":\"https:\/\/www.psib-psoe.org\/eivissa\/#organization\"},\"potentialAction\":[{\"@type\":\"SearchAction\",\"target\":{\"@type\":\"EntryPoint\",\"urlTemplate\":\"https:\/\/www.psib-psoe.org\/eivissa\/?s={search_term_string}\"},\"query-input\":{\"@type\":\"PropertyValueSpecification\",\"valueRequired\":true,\"valueName\":\"search_term_string\"}}],\"inLanguage\":\"ca\"},{\"@type\":\"Organization\",\"@id\":\"https:\/\/www.psib-psoe.org\/eivissa\/#organization\",\"name\":\"Federaci\u00f3 Socialista d'Eivissa\",\"url\":\"https:\/\/www.psib-psoe.org\/eivissa\/\",\"logo\":{\"@type\":\"ImageObject\",\"inLanguage\":\"ca\",\"@id\":\"https:\/\/www.psib-psoe.org\/eivissa\/#\/schema\/logo\/image\/\",\"url\":\"https:\/\/www.psib-psoe.org\/eivissa\/wp-content\/uploads\/LOGO-FSE-SOCIALISTA-DEIVISSA-HORI.png\",\"contentUrl\":\"https:\/\/www.psib-psoe.org\/eivissa\/wp-content\/uploads\/LOGO-FSE-SOCIALISTA-DEIVISSA-HORI.png\",\"width\":6000,\"height\":3104,\"caption\":\"Federaci\u00f3 Socialista d'Eivissa\"},\"image\":{\"@id\":\"https:\/\/www.psib-psoe.org\/eivissa\/#\/schema\/logo\/image\/\"}},{\"@type\":\"Person\",\"@id\":\"https:\/\/www.psib-psoe.org\/eivissa\/#\/schema\/person\/7a9d2841fb36f32e34fc0e9b245e8117\",\"name\":\"Josep Ripoll\",\"sameAs\":[\"http:\/\/www.psib-psoe.org\/eivissa\/wp-login.php\"],\"url\":\"https:\/\/www.psib-psoe.org\/eivissa\/author\/josep\/\"}]}<\/script>\n<!-- \/ Yoast SEO plugin. -->","yoast_head_json":{"title":"Rafa Ruiz es compromet a millorar l'accessibilitat a Dalt Vila amb dos ascensors que facilitaran la mobilitat al nucli hist\u00f2ric - Federaci\u00f3 Socialista d&#039;Eivissa","robots":{"index":"index","follow":"follow","max-snippet":"max-snippet:-1","max-image-preview":"max-image-preview:large","max-video-preview":"max-video-preview:-1"},"canonical":"https:\/\/www.psib-psoe.org\/eivissa\/rafa-ruiz-es-compromet-a-millorar-laccessibilitat-a-dalt-vila-amb-dos-ascensors-que-facilitaran-la-mobilitat-al-nucli-historic\/","og_locale":"ca_ES","og_type":"article","og_title":"Rafa Ruiz es compromet a millorar l'accessibilitat a Dalt Vila amb dos ascensors que facilitaran la mobilitat al nucli hist\u00f2ric - Federaci\u00f3 Socialista d&#039;Eivissa","og_description":"L&#8217;actual alcalde i candidat socialista a l&#8217;Ajuntament d&#8217;Eivissa, Rafa Ruiz, ha presentat avui, acompanyat del n\u00famero 4 de la seva llista, Pep Tur, les principals propostes del programa electoral en mat\u00e8ria de Patrimoni, entre les que destaca la instal\u00b7laci\u00f3 d&#8217;un ascensor p\u00fablic que connecti la pla\u00e7a de sa Tarongeta amb la pla\u00e7a del Sol, una&hellip;","og_url":"https:\/\/www.psib-psoe.org\/eivissa\/rafa-ruiz-es-compromet-a-millorar-laccessibilitat-a-dalt-vila-amb-dos-ascensors-que-facilitaran-la-mobilitat-al-nucli-historic\/","og_site_name":"Federaci\u00f3 Socialista d&#039;Eivissa","article_published_time":"2019-05-12T10:35:03+00:00","article_modified_time":"2020-04-14T11:14:23+00:00","author":"Josep Ripoll","twitter_card":"summary_large_image","twitter_misc":{"Escrit per":"Josep Ripoll","Temps estimat de lectura":"2 minuts"},"schema":{"@context":"https:\/\/schema.org","@graph":[{"@type":["Article","BlogPosting"],"@id":"https:\/\/www.psib-psoe.org\/eivissa\/rafa-ruiz-es-compromet-a-millorar-laccessibilitat-a-dalt-vila-amb-dos-ascensors-que-facilitaran-la-mobilitat-al-nucli-historic\/#article","isPartOf":{"@id":"https:\/\/www.psib-psoe.org\/eivissa\/rafa-ruiz-es-compromet-a-millorar-laccessibilitat-a-dalt-vila-amb-dos-ascensors-que-facilitaran-la-mobilitat-al-nucli-historic\/"},"author":{"name":"Josep Ripoll","@id":"https:\/\/www.psib-psoe.org\/eivissa\/#\/schema\/person\/7a9d2841fb36f32e34fc0e9b245e8117"},"headline":"Rafa Ruiz es compromet a millorar l&#8217;accessibilitat a Dalt Vila amb dos ascensors que facilitaran la mobilitat al nucli hist\u00f2ric","datePublished":"2019-05-12T10:35:03+00:00","dateModified":"2020-04-14T11:14:23+00:00","mainEntityOfPage":{"@id":"https:\/\/www.psib-psoe.org\/eivissa\/rafa-ruiz-es-compromet-a-millorar-laccessibilitat-a-dalt-vila-amb-dos-ascensors-que-facilitaran-la-mobilitat-al-nucli-historic\/"},"wordCount":476,"commentCount":0,"publisher":{"@id":"https:\/\/www.psib-psoe.org\/eivissa\/#organization"},"image":{"@id":"https:\/\/www.psib-psoe.org\/eivissa\/rafa-ruiz-es-compromet-a-millorar-laccessibilitat-a-dalt-vila-amb-dos-ascensors-que-facilitaran-la-mobilitat-al-nucli-historic\/#primaryimage"},"thumbnailUrl":"","articleSection":["Ciutat d'Eivissa","Federaci\u00f3 d'Eivissa - Portada","Municipis"],"inLanguage":"ca","potentialAction":[{"@type":"CommentAction","name":"Comment","target":["https:\/\/www.psib-psoe.org\/eivissa\/rafa-ruiz-es-compromet-a-millorar-laccessibilitat-a-dalt-vila-amb-dos-ascensors-que-facilitaran-la-mobilitat-al-nucli-historic\/#respond"]}]},{"@type":"WebPage","@id":"https:\/\/www.psib-psoe.org\/eivissa\/rafa-ruiz-es-compromet-a-millorar-laccessibilitat-a-dalt-vila-amb-dos-ascensors-que-facilitaran-la-mobilitat-al-nucli-historic\/","url":"https:\/\/www.psib-psoe.org\/eivissa\/rafa-ruiz-es-compromet-a-millorar-laccessibilitat-a-dalt-vila-amb-dos-ascensors-que-facilitaran-la-mobilitat-al-nucli-historic\/","name":"Rafa Ruiz es compromet a millorar l'accessibilitat a Dalt Vila amb dos ascensors que facilitaran la mobilitat al nucli hist\u00f2ric - Federaci\u00f3 Socialista d&#039;Eivissa","isPartOf":{"@id":"https:\/\/www.psib-psoe.org\/eivissa\/#website"},"primaryImageOfPage":{"@id":"https:\/\/www.psib-psoe.org\/eivissa\/rafa-ruiz-es-compromet-a-millorar-laccessibilitat-a-dalt-vila-amb-dos-ascensors-que-facilitaran-la-mobilitat-al-nucli-historic\/#primaryimage"},"image":{"@id":"https:\/\/www.psib-psoe.org\/eivissa\/rafa-ruiz-es-compromet-a-millorar-laccessibilitat-a-dalt-vila-amb-dos-ascensors-que-facilitaran-la-mobilitat-al-nucli-historic\/#primaryimage"},"thumbnailUrl":"","datePublished":"2019-05-12T10:35:03+00:00","dateModified":"2020-04-14T11:14:23+00:00","breadcrumb":{"@id":"https:\/\/www.psib-psoe.org\/eivissa\/rafa-ruiz-es-compromet-a-millorar-laccessibilitat-a-dalt-vila-amb-dos-ascensors-que-facilitaran-la-mobilitat-al-nucli-historic\/#breadcrumb"},"inLanguage":"ca","potentialAction":[{"@type":"ReadAction","target":["https:\/\/www.psib-psoe.org\/eivissa\/rafa-ruiz-es-compromet-a-millorar-laccessibilitat-a-dalt-vila-amb-dos-ascensors-que-facilitaran-la-mobilitat-al-nucli-historic\/"]}]},{"@type":"ImageObject","inLanguage":"ca","@id":"https:\/\/www.psib-psoe.org\/eivissa\/rafa-ruiz-es-compromet-a-millorar-laccessibilitat-a-dalt-vila-amb-dos-ascensors-que-facilitaran-la-mobilitat-al-nucli-historic\/#primaryimage","url":"","contentUrl":""},{"@type":"BreadcrumbList","@id":"https:\/\/www.psib-psoe.org\/eivissa\/rafa-ruiz-es-compromet-a-millorar-laccessibilitat-a-dalt-vila-amb-dos-ascensors-que-facilitaran-la-mobilitat-al-nucli-historic\/#breadcrumb","itemListElement":[{"@type":"ListItem","position":1,"name":"Inici","item":"https:\/\/www.psib-psoe.org\/eivissa\/"},{"@type":"ListItem","position":2,"name":"Rafa Ruiz es compromet a millorar l&#8217;accessibilitat a Dalt Vila amb dos ascensors que facilitaran la mobilitat al nucli hist\u00f2ric"}]},{"@type":"WebSite","@id":"https:\/\/www.psib-psoe.org\/eivissa\/#website","url":"https:\/\/www.psib-psoe.org\/eivissa\/","name":"Federaci\u00f3 Socialista d'Eivissa","description":"Socialistes d&#039;Eivissa","publisher":{"@id":"https:\/\/www.psib-psoe.org\/eivissa\/#organization"},"potentialAction":[{"@type":"SearchAction","target":{"@type":"EntryPoint","urlTemplate":"https:\/\/www.psib-psoe.org\/eivissa\/?s={search_term_string}"},"query-input":{"@type":"PropertyValueSpecification","valueRequired":true,"valueName":"search_term_string"}}],"inLanguage":"ca"},{"@type":"Organization","@id":"https:\/\/www.psib-psoe.org\/eivissa\/#organization","name":"Federaci\u00f3 Socialista d'Eivissa","url":"https:\/\/www.psib-psoe.org\/eivissa\/","logo":{"@type":"ImageObject","inLanguage":"ca","@id":"https:\/\/www.psib-psoe.org\/eivissa\/#\/schema\/logo\/image\/","url":"https:\/\/www.psib-psoe.org\/eivissa\/wp-content\/uploads\/LOGO-FSE-SOCIALISTA-DEIVISSA-HORI.png","contentUrl":"https:\/\/www.psib-psoe.org\/eivissa\/wp-content\/uploads\/LOGO-FSE-SOCIALISTA-DEIVISSA-HORI.png","width":6000,"height":3104,"caption":"Federaci\u00f3 Socialista d'Eivissa"},"image":{"@id":"https:\/\/www.psib-psoe.org\/eivissa\/#\/schema\/logo\/image\/"}},{"@type":"Person","@id":"https:\/\/www.psib-psoe.org\/eivissa\/#\/schema\/person\/7a9d2841fb36f32e34fc0e9b245e8117","name":"Josep Ripoll","sameAs":["http:\/\/www.psib-psoe.org\/eivissa\/wp-login.php"],"url":"https:\/\/www.psib-psoe.org\/eivissa\/author\/josep\/"}]}},"_links":{"self":[{"href":"https:\/\/www.psib-psoe.org\/eivissa\/wp-json\/wp\/v2\/posts\/13883","targetHints":{"allow":["GET"]}}],"collection":[{"href":"https:\/\/www.psib-psoe.org\/eivissa\/wp-json\/wp\/v2\/posts"}],"about":[{"href":"https:\/\/www.psib-psoe.org\/eivissa\/wp-json\/wp\/v2\/types\/post"}],"author":[{"embeddable":true,"href":"https:\/\/www.psib-psoe.org\/eivissa\/wp-json\/wp\/v2\/users\/7"}],"replies":[{"embeddable":true,"href":"https:\/\/www.psib-psoe.org\/eivissa\/wp-json\/wp\/v2\/comments?post=13883"}],"version-history":[{"count":1,"href":"https:\/\/www.psib-psoe.org\/eivissa\/wp-json\/wp\/v2\/posts\/13883\/revisions"}],"predecessor-version":[{"id":26783,"href":"https:\/\/www.psib-psoe.org\/eivissa\/wp-json\/wp\/v2\/posts\/13883\/revisions\/26783"}],"wp:featuredmedia":[{"embeddable":true,"href":"https:\/\/www.psib-psoe.org\/eivissa\/wp-json\/"}],"wp:attachment":[{"href":"https:\/\/www.psib-psoe.org\/eivissa\/wp-json\/wp\/v2\/media?parent=13883"}],"wp:term":[{"taxonomy":"category","embeddable":true,"href":"https:\/\/www.psib-psoe.org\/eivissa\/wp-json\/wp\/v2\/categories?post=13883"},{"taxonomy":"post_tag","embeddable":true,"href":"https:\/\/www.psib-psoe.org\/eivissa\/wp-json\/wp\/v2\/tags?post=13883"}],"curies":[{"name":"wp","href":"https:\/\/api.w.org\/{rel}","templated":true}]}}