{"id":14146,"date":"2019-05-21T18:32:41","date_gmt":"2019-05-21T18:32:41","guid":{"rendered":"http:\/\/www.psoeeivissa.es\/?p=14146"},"modified":"2020-04-12T21:22:32","modified_gmt":"2020-04-12T19:22:32","slug":"les-socialistes-eivissenques-sofia-hernanz-i-patricia-abascal-estrenen-la-legislatura-amb-illusio-i-responsabilitat","status":"publish","type":"post","link":"https:\/\/www.psib-psoe.org\/eivissa\/les-socialistes-eivissenques-sofia-hernanz-i-patricia-abascal-estrenen-la-legislatura-amb-illusio-i-responsabilitat\/","title":{"rendered":"Les socialistes eivissenques Sof\u00eda Hernanz i Patricia Abascal estrenen la legislatura amb &#8220;il\u00b7lusi\u00f3 i responsabilitat&#8221;"},"content":{"rendered":"<p>Les socialistes eivissenques Sof\u00eda Hernanz i Patricia Abascal han assistit avui a la constituci\u00f3 del Congr\u00e9s dels Diputats i del Senat, respectivament, que constata l&#8217;inici de la XIII legislatura.<\/p>\n<p>Hernanz ha pres possessi\u00f3 com a secret\u00e0ria de la Mesa del Congr\u00e9s, que presideix Meritxell Batet, mentre que Abascal s&#8217;ha estrenat a la cambra alta, convertint-se en la primera senadora socialista d&#8217;Eivissa de la hist\u00f2ria.<\/p>\n<p>Sof\u00eda Hernanz ha apuntat que \u00e9s un &#8220;gran honor i una gran responsabilitat&#8221; formar part de la Mesa del Congr\u00e9s i ha volgut agrair la &#8220;confian\u00e7a que ha posat la Cambra, no nom\u00e9s en mi sin\u00f3 en els nou membres de la Mesa&#8221;.<\/p>\n<p>Hernanz afronta aquesta nova legislatura amb &#8220;emoci\u00f3 i il\u00b7lusi\u00f3&#8221; i disposada a &#8220;treballar molt per no defraudar la confian\u00e7a i conduir a bon port aquesta legislatura&#8221;, ha dit.<\/p>\n<p>Patricia Abascal ha pres possessi\u00f3 del c\u00e0rrec de senadora, assumint &#8220;un repte i una responsabilitat&#8221;, segons ha dit. Abascal inicia aquesta nova etapa com a senadora per Eivissa i Formentera amb l&#8217;objectiu de &#8220;donar veu a les nostres illes&#8221;. &#8220;Estic aqu\u00ed per escoltar i per ajudar&#8221;, ha manifestat despr\u00e9s de la presa de possessi\u00f3.<\/p>\n","protected":false},"excerpt":{"rendered":"<p>Les socialistes eivissenques Sof\u00eda Hernanz i Patricia Abascal han assistit avui a la constituci\u00f3 del Congr\u00e9s dels Diputats i del Senat, respectivament, que constata l&#8217;inici de la XIII legislatura. Hernanz ha pres possessi\u00f3 com a secret\u00e0ria de la Mesa del Congr\u00e9s, que presideix Meritxell Batet, mentre que Abascal s&#8217;ha estrenat a la cambra alta, convertint-se&hellip;<\/p>\n","protected":false},"author":7,"featured_media":14147,"comment_status":"open","ping_status":"open","sticky":false,"template":"","format":"standard","meta":{"footnotes":""},"categories":[1,190],"tags":[],"class_list":["post-14146","post","type-post","status-publish","format-standard","has-post-thumbnail","hentry","category-federacio-de-eivissa-portada","category-govern-despanya-congres-senat"],"yoast_head":"<!-- This site is optimized with the Yoast SEO plugin v26.9 - https:\/\/yoast.com\/product\/yoast-seo-wordpress\/ -->\n<title>Les socialistes eivissenques Sof\u00eda Hernanz i Patricia Abascal estrenen la legislatura amb &quot;il\u00b7lusi\u00f3 i responsabilitat&quot; - Federaci\u00f3 Socialista d&#039;Eivissa<\/title>\n<meta name=\"robots\" content=\"index, follow, max-snippet:-1, max-image-preview:large, max-video-preview:-1\" \/>\n<link rel=\"canonical\" href=\"https:\/\/www.psib-psoe.org\/eivissa\/les-socialistes-eivissenques-sofia-hernanz-i-patricia-abascal-estrenen-la-legislatura-amb-illusio-i-responsabilitat\/\" \/>\n<meta property=\"og:locale\" content=\"ca_ES\" \/>\n<meta property=\"og:type\" content=\"article\" \/>\n<meta property=\"og:title\" content=\"Les socialistes eivissenques Sof\u00eda Hernanz i Patricia Abascal estrenen la legislatura amb &quot;il\u00b7lusi\u00f3 i responsabilitat&quot; - Federaci\u00f3 Socialista d&#039;Eivissa\" \/>\n<meta property=\"og:description\" content=\"Les socialistes eivissenques Sof\u00eda Hernanz i Patricia Abascal han assistit avui a la constituci\u00f3 del Congr\u00e9s dels Diputats i del Senat, respectivament, que constata l&#8217;inici de la XIII legislatura. Hernanz ha pres possessi\u00f3 com a secret\u00e0ria de la Mesa del Congr\u00e9s, que presideix Meritxell Batet, mentre que Abascal s&#8217;ha estrenat a la cambra alta, convertint-se&hellip;\" \/>\n<meta property=\"og:url\" content=\"https:\/\/www.psib-psoe.org\/eivissa\/les-socialistes-eivissenques-sofia-hernanz-i-patricia-abascal-estrenen-la-legislatura-amb-illusio-i-responsabilitat\/\" \/>\n<meta property=\"og:site_name\" content=\"Federaci\u00f3 Socialista d&#039;Eivissa\" \/>\n<meta property=\"article:published_time\" content=\"2019-05-21T18:32:41+00:00\" \/>\n<meta property=\"article:modified_time\" content=\"2020-04-12T19:22:32+00:00\" \/>\n<meta name=\"author\" content=\"Josep Ripoll\" \/>\n<meta name=\"twitter:card\" content=\"summary_large_image\" \/>\n<meta name=\"twitter:label1\" content=\"Escrit per\" \/>\n\t<meta name=\"twitter:data1\" content=\"Josep Ripoll\" \/>\n\t<meta name=\"twitter:label2\" content=\"Temps estimat de lectura\" \/>\n\t<meta name=\"twitter:data2\" content=\"1 minut\" \/>\n<script type=\"application\/ld+json\" class=\"yoast-schema-graph\">{\"@context\":\"https:\/\/schema.org\",\"@graph\":[{\"@type\":[\"Article\",\"BlogPosting\"],\"@id\":\"https:\/\/www.psib-psoe.org\/eivissa\/les-socialistes-eivissenques-sofia-hernanz-i-patricia-abascal-estrenen-la-legislatura-amb-illusio-i-responsabilitat\/#article\",\"isPartOf\":{\"@id\":\"https:\/\/www.psib-psoe.org\/eivissa\/les-socialistes-eivissenques-sofia-hernanz-i-patricia-abascal-estrenen-la-legislatura-amb-illusio-i-responsabilitat\/\"},\"author\":{\"name\":\"Josep Ripoll\",\"@id\":\"https:\/\/www.psib-psoe.org\/eivissa\/#\/schema\/person\/7a9d2841fb36f32e34fc0e9b245e8117\"},\"headline\":\"Les socialistes eivissenques Sof\u00eda Hernanz i Patricia Abascal estrenen la legislatura amb &#8220;il\u00b7lusi\u00f3 i responsabilitat&#8221;\",\"datePublished\":\"2019-05-21T18:32:41+00:00\",\"dateModified\":\"2020-04-12T19:22:32+00:00\",\"mainEntityOfPage\":{\"@id\":\"https:\/\/www.psib-psoe.org\/eivissa\/les-socialistes-eivissenques-sofia-hernanz-i-patricia-abascal-estrenen-la-legislatura-amb-illusio-i-responsabilitat\/\"},\"wordCount\":219,\"commentCount\":0,\"publisher\":{\"@id\":\"https:\/\/www.psib-psoe.org\/eivissa\/#organization\"},\"image\":{\"@id\":\"https:\/\/www.psib-psoe.org\/eivissa\/les-socialistes-eivissenques-sofia-hernanz-i-patricia-abascal-estrenen-la-legislatura-amb-illusio-i-responsabilitat\/#primaryimage\"},\"thumbnailUrl\":\"\",\"articleSection\":[\"Federaci\u00f3 d'Eivissa - Portada\",\"Govern d'Espanya - Congr\u00e9s - Senat - PSOE Federal\"],\"inLanguage\":\"ca\",\"potentialAction\":[{\"@type\":\"CommentAction\",\"name\":\"Comment\",\"target\":[\"https:\/\/www.psib-psoe.org\/eivissa\/les-socialistes-eivissenques-sofia-hernanz-i-patricia-abascal-estrenen-la-legislatura-amb-illusio-i-responsabilitat\/#respond\"]}]},{\"@type\":\"WebPage\",\"@id\":\"https:\/\/www.psib-psoe.org\/eivissa\/les-socialistes-eivissenques-sofia-hernanz-i-patricia-abascal-estrenen-la-legislatura-amb-illusio-i-responsabilitat\/\",\"url\":\"https:\/\/www.psib-psoe.org\/eivissa\/les-socialistes-eivissenques-sofia-hernanz-i-patricia-abascal-estrenen-la-legislatura-amb-illusio-i-responsabilitat\/\",\"name\":\"Les socialistes eivissenques Sof\u00eda Hernanz i Patricia Abascal estrenen la legislatura amb \\\"il\u00b7lusi\u00f3 i responsabilitat\\\" - Federaci\u00f3 Socialista d&#039;Eivissa\",\"isPartOf\":{\"@id\":\"https:\/\/www.psib-psoe.org\/eivissa\/#website\"},\"primaryImageOfPage\":{\"@id\":\"https:\/\/www.psib-psoe.org\/eivissa\/les-socialistes-eivissenques-sofia-hernanz-i-patricia-abascal-estrenen-la-legislatura-amb-illusio-i-responsabilitat\/#primaryimage\"},\"image\":{\"@id\":\"https:\/\/www.psib-psoe.org\/eivissa\/les-socialistes-eivissenques-sofia-hernanz-i-patricia-abascal-estrenen-la-legislatura-amb-illusio-i-responsabilitat\/#primaryimage\"},\"thumbnailUrl\":\"\",\"datePublished\":\"2019-05-21T18:32:41+00:00\",\"dateModified\":\"2020-04-12T19:22:32+00:00\",\"breadcrumb\":{\"@id\":\"https:\/\/www.psib-psoe.org\/eivissa\/les-socialistes-eivissenques-sofia-hernanz-i-patricia-abascal-estrenen-la-legislatura-amb-illusio-i-responsabilitat\/#breadcrumb\"},\"inLanguage\":\"ca\",\"potentialAction\":[{\"@type\":\"ReadAction\",\"target\":[\"https:\/\/www.psib-psoe.org\/eivissa\/les-socialistes-eivissenques-sofia-hernanz-i-patricia-abascal-estrenen-la-legislatura-amb-illusio-i-responsabilitat\/\"]}]},{\"@type\":\"ImageObject\",\"inLanguage\":\"ca\",\"@id\":\"https:\/\/www.psib-psoe.org\/eivissa\/les-socialistes-eivissenques-sofia-hernanz-i-patricia-abascal-estrenen-la-legislatura-amb-illusio-i-responsabilitat\/#primaryimage\",\"url\":\"\",\"contentUrl\":\"\"},{\"@type\":\"BreadcrumbList\",\"@id\":\"https:\/\/www.psib-psoe.org\/eivissa\/les-socialistes-eivissenques-sofia-hernanz-i-patricia-abascal-estrenen-la-legislatura-amb-illusio-i-responsabilitat\/#breadcrumb\",\"itemListElement\":[{\"@type\":\"ListItem\",\"position\":1,\"name\":\"Inici\",\"item\":\"https:\/\/www.psib-psoe.org\/eivissa\/\"},{\"@type\":\"ListItem\",\"position\":2,\"name\":\"Les socialistes eivissenques Sof\u00eda Hernanz i Patricia Abascal estrenen la legislatura amb &#8220;il\u00b7lusi\u00f3 i responsabilitat&#8221;\"}]},{\"@type\":\"WebSite\",\"@id\":\"https:\/\/www.psib-psoe.org\/eivissa\/#website\",\"url\":\"https:\/\/www.psib-psoe.org\/eivissa\/\",\"name\":\"Federaci\u00f3 Socialista d'Eivissa\",\"description\":\"Socialistes d&#039;Eivissa\",\"publisher\":{\"@id\":\"https:\/\/www.psib-psoe.org\/eivissa\/#organization\"},\"potentialAction\":[{\"@type\":\"SearchAction\",\"target\":{\"@type\":\"EntryPoint\",\"urlTemplate\":\"https:\/\/www.psib-psoe.org\/eivissa\/?s={search_term_string}\"},\"query-input\":{\"@type\":\"PropertyValueSpecification\",\"valueRequired\":true,\"valueName\":\"search_term_string\"}}],\"inLanguage\":\"ca\"},{\"@type\":\"Organization\",\"@id\":\"https:\/\/www.psib-psoe.org\/eivissa\/#organization\",\"name\":\"Federaci\u00f3 Socialista d'Eivissa\",\"url\":\"https:\/\/www.psib-psoe.org\/eivissa\/\",\"logo\":{\"@type\":\"ImageObject\",\"inLanguage\":\"ca\",\"@id\":\"https:\/\/www.psib-psoe.org\/eivissa\/#\/schema\/logo\/image\/\",\"url\":\"https:\/\/www.psib-psoe.org\/eivissa\/wp-content\/uploads\/LOGO-FSE-SOCIALISTA-DEIVISSA-HORI.png\",\"contentUrl\":\"https:\/\/www.psib-psoe.org\/eivissa\/wp-content\/uploads\/LOGO-FSE-SOCIALISTA-DEIVISSA-HORI.png\",\"width\":6000,\"height\":3104,\"caption\":\"Federaci\u00f3 Socialista d'Eivissa\"},\"image\":{\"@id\":\"https:\/\/www.psib-psoe.org\/eivissa\/#\/schema\/logo\/image\/\"}},{\"@type\":\"Person\",\"@id\":\"https:\/\/www.psib-psoe.org\/eivissa\/#\/schema\/person\/7a9d2841fb36f32e34fc0e9b245e8117\",\"name\":\"Josep Ripoll\",\"sameAs\":[\"http:\/\/www.psib-psoe.org\/eivissa\/wp-login.php\"],\"url\":\"https:\/\/www.psib-psoe.org\/eivissa\/author\/josep\/\"}]}<\/script>\n<!-- \/ Yoast SEO plugin. -->","yoast_head_json":{"title":"Les socialistes eivissenques Sof\u00eda Hernanz i Patricia Abascal estrenen la legislatura amb \"il\u00b7lusi\u00f3 i responsabilitat\" - Federaci\u00f3 Socialista d&#039;Eivissa","robots":{"index":"index","follow":"follow","max-snippet":"max-snippet:-1","max-image-preview":"max-image-preview:large","max-video-preview":"max-video-preview:-1"},"canonical":"https:\/\/www.psib-psoe.org\/eivissa\/les-socialistes-eivissenques-sofia-hernanz-i-patricia-abascal-estrenen-la-legislatura-amb-illusio-i-responsabilitat\/","og_locale":"ca_ES","og_type":"article","og_title":"Les socialistes eivissenques Sof\u00eda Hernanz i Patricia Abascal estrenen la legislatura amb \"il\u00b7lusi\u00f3 i responsabilitat\" - Federaci\u00f3 Socialista d&#039;Eivissa","og_description":"Les socialistes eivissenques Sof\u00eda Hernanz i Patricia Abascal han assistit avui a la constituci\u00f3 del Congr\u00e9s dels Diputats i del Senat, respectivament, que constata l&#8217;inici de la XIII legislatura. Hernanz ha pres possessi\u00f3 com a secret\u00e0ria de la Mesa del Congr\u00e9s, que presideix Meritxell Batet, mentre que Abascal s&#8217;ha estrenat a la cambra alta, convertint-se&hellip;","og_url":"https:\/\/www.psib-psoe.org\/eivissa\/les-socialistes-eivissenques-sofia-hernanz-i-patricia-abascal-estrenen-la-legislatura-amb-illusio-i-responsabilitat\/","og_site_name":"Federaci\u00f3 Socialista d&#039;Eivissa","article_published_time":"2019-05-21T18:32:41+00:00","article_modified_time":"2020-04-12T19:22:32+00:00","author":"Josep Ripoll","twitter_card":"summary_large_image","twitter_misc":{"Escrit per":"Josep Ripoll","Temps estimat de lectura":"1 minut"},"schema":{"@context":"https:\/\/schema.org","@graph":[{"@type":["Article","BlogPosting"],"@id":"https:\/\/www.psib-psoe.org\/eivissa\/les-socialistes-eivissenques-sofia-hernanz-i-patricia-abascal-estrenen-la-legislatura-amb-illusio-i-responsabilitat\/#article","isPartOf":{"@id":"https:\/\/www.psib-psoe.org\/eivissa\/les-socialistes-eivissenques-sofia-hernanz-i-patricia-abascal-estrenen-la-legislatura-amb-illusio-i-responsabilitat\/"},"author":{"name":"Josep Ripoll","@id":"https:\/\/www.psib-psoe.org\/eivissa\/#\/schema\/person\/7a9d2841fb36f32e34fc0e9b245e8117"},"headline":"Les socialistes eivissenques Sof\u00eda Hernanz i Patricia Abascal estrenen la legislatura amb &#8220;il\u00b7lusi\u00f3 i responsabilitat&#8221;","datePublished":"2019-05-21T18:32:41+00:00","dateModified":"2020-04-12T19:22:32+00:00","mainEntityOfPage":{"@id":"https:\/\/www.psib-psoe.org\/eivissa\/les-socialistes-eivissenques-sofia-hernanz-i-patricia-abascal-estrenen-la-legislatura-amb-illusio-i-responsabilitat\/"},"wordCount":219,"commentCount":0,"publisher":{"@id":"https:\/\/www.psib-psoe.org\/eivissa\/#organization"},"image":{"@id":"https:\/\/www.psib-psoe.org\/eivissa\/les-socialistes-eivissenques-sofia-hernanz-i-patricia-abascal-estrenen-la-legislatura-amb-illusio-i-responsabilitat\/#primaryimage"},"thumbnailUrl":"","articleSection":["Federaci\u00f3 d'Eivissa - Portada","Govern d'Espanya - Congr\u00e9s - Senat - PSOE Federal"],"inLanguage":"ca","potentialAction":[{"@type":"CommentAction","name":"Comment","target":["https:\/\/www.psib-psoe.org\/eivissa\/les-socialistes-eivissenques-sofia-hernanz-i-patricia-abascal-estrenen-la-legislatura-amb-illusio-i-responsabilitat\/#respond"]}]},{"@type":"WebPage","@id":"https:\/\/www.psib-psoe.org\/eivissa\/les-socialistes-eivissenques-sofia-hernanz-i-patricia-abascal-estrenen-la-legislatura-amb-illusio-i-responsabilitat\/","url":"https:\/\/www.psib-psoe.org\/eivissa\/les-socialistes-eivissenques-sofia-hernanz-i-patricia-abascal-estrenen-la-legislatura-amb-illusio-i-responsabilitat\/","name":"Les socialistes eivissenques Sof\u00eda Hernanz i Patricia Abascal estrenen la legislatura amb \"il\u00b7lusi\u00f3 i responsabilitat\" - Federaci\u00f3 Socialista d&#039;Eivissa","isPartOf":{"@id":"https:\/\/www.psib-psoe.org\/eivissa\/#website"},"primaryImageOfPage":{"@id":"https:\/\/www.psib-psoe.org\/eivissa\/les-socialistes-eivissenques-sofia-hernanz-i-patricia-abascal-estrenen-la-legislatura-amb-illusio-i-responsabilitat\/#primaryimage"},"image":{"@id":"https:\/\/www.psib-psoe.org\/eivissa\/les-socialistes-eivissenques-sofia-hernanz-i-patricia-abascal-estrenen-la-legislatura-amb-illusio-i-responsabilitat\/#primaryimage"},"thumbnailUrl":"","datePublished":"2019-05-21T18:32:41+00:00","dateModified":"2020-04-12T19:22:32+00:00","breadcrumb":{"@id":"https:\/\/www.psib-psoe.org\/eivissa\/les-socialistes-eivissenques-sofia-hernanz-i-patricia-abascal-estrenen-la-legislatura-amb-illusio-i-responsabilitat\/#breadcrumb"},"inLanguage":"ca","potentialAction":[{"@type":"ReadAction","target":["https:\/\/www.psib-psoe.org\/eivissa\/les-socialistes-eivissenques-sofia-hernanz-i-patricia-abascal-estrenen-la-legislatura-amb-illusio-i-responsabilitat\/"]}]},{"@type":"ImageObject","inLanguage":"ca","@id":"https:\/\/www.psib-psoe.org\/eivissa\/les-socialistes-eivissenques-sofia-hernanz-i-patricia-abascal-estrenen-la-legislatura-amb-illusio-i-responsabilitat\/#primaryimage","url":"","contentUrl":""},{"@type":"BreadcrumbList","@id":"https:\/\/www.psib-psoe.org\/eivissa\/les-socialistes-eivissenques-sofia-hernanz-i-patricia-abascal-estrenen-la-legislatura-amb-illusio-i-responsabilitat\/#breadcrumb","itemListElement":[{"@type":"ListItem","position":1,"name":"Inici","item":"https:\/\/www.psib-psoe.org\/eivissa\/"},{"@type":"ListItem","position":2,"name":"Les socialistes eivissenques Sof\u00eda Hernanz i Patricia Abascal estrenen la legislatura amb &#8220;il\u00b7lusi\u00f3 i responsabilitat&#8221;"}]},{"@type":"WebSite","@id":"https:\/\/www.psib-psoe.org\/eivissa\/#website","url":"https:\/\/www.psib-psoe.org\/eivissa\/","name":"Federaci\u00f3 Socialista d'Eivissa","description":"Socialistes d&#039;Eivissa","publisher":{"@id":"https:\/\/www.psib-psoe.org\/eivissa\/#organization"},"potentialAction":[{"@type":"SearchAction","target":{"@type":"EntryPoint","urlTemplate":"https:\/\/www.psib-psoe.org\/eivissa\/?s={search_term_string}"},"query-input":{"@type":"PropertyValueSpecification","valueRequired":true,"valueName":"search_term_string"}}],"inLanguage":"ca"},{"@type":"Organization","@id":"https:\/\/www.psib-psoe.org\/eivissa\/#organization","name":"Federaci\u00f3 Socialista d'Eivissa","url":"https:\/\/www.psib-psoe.org\/eivissa\/","logo":{"@type":"ImageObject","inLanguage":"ca","@id":"https:\/\/www.psib-psoe.org\/eivissa\/#\/schema\/logo\/image\/","url":"https:\/\/www.psib-psoe.org\/eivissa\/wp-content\/uploads\/LOGO-FSE-SOCIALISTA-DEIVISSA-HORI.png","contentUrl":"https:\/\/www.psib-psoe.org\/eivissa\/wp-content\/uploads\/LOGO-FSE-SOCIALISTA-DEIVISSA-HORI.png","width":6000,"height":3104,"caption":"Federaci\u00f3 Socialista d'Eivissa"},"image":{"@id":"https:\/\/www.psib-psoe.org\/eivissa\/#\/schema\/logo\/image\/"}},{"@type":"Person","@id":"https:\/\/www.psib-psoe.org\/eivissa\/#\/schema\/person\/7a9d2841fb36f32e34fc0e9b245e8117","name":"Josep Ripoll","sameAs":["http:\/\/www.psib-psoe.org\/eivissa\/wp-login.php"],"url":"https:\/\/www.psib-psoe.org\/eivissa\/author\/josep\/"}]}},"_links":{"self":[{"href":"https:\/\/www.psib-psoe.org\/eivissa\/wp-json\/wp\/v2\/posts\/14146","targetHints":{"allow":["GET"]}}],"collection":[{"href":"https:\/\/www.psib-psoe.org\/eivissa\/wp-json\/wp\/v2\/posts"}],"about":[{"href":"https:\/\/www.psib-psoe.org\/eivissa\/wp-json\/wp\/v2\/types\/post"}],"author":[{"embeddable":true,"href":"https:\/\/www.psib-psoe.org\/eivissa\/wp-json\/wp\/v2\/users\/7"}],"replies":[{"embeddable":true,"href":"https:\/\/www.psib-psoe.org\/eivissa\/wp-json\/wp\/v2\/comments?post=14146"}],"version-history":[{"count":1,"href":"https:\/\/www.psib-psoe.org\/eivissa\/wp-json\/wp\/v2\/posts\/14146\/revisions"}],"predecessor-version":[{"id":26765,"href":"https:\/\/www.psib-psoe.org\/eivissa\/wp-json\/wp\/v2\/posts\/14146\/revisions\/26765"}],"wp:featuredmedia":[{"embeddable":true,"href":"https:\/\/www.psib-psoe.org\/eivissa\/wp-json\/"}],"wp:attachment":[{"href":"https:\/\/www.psib-psoe.org\/eivissa\/wp-json\/wp\/v2\/media?parent=14146"}],"wp:term":[{"taxonomy":"category","embeddable":true,"href":"https:\/\/www.psib-psoe.org\/eivissa\/wp-json\/wp\/v2\/categories?post=14146"},{"taxonomy":"post_tag","embeddable":true,"href":"https:\/\/www.psib-psoe.org\/eivissa\/wp-json\/wp\/v2\/tags?post=14146"}],"curies":[{"name":"wp","href":"https:\/\/api.w.org\/{rel}","templated":true}]}}