{"id":14159,"date":"2019-05-23T11:11:47","date_gmt":"2019-05-23T09:11:47","guid":{"rendered":"http:\/\/www.psoeeivissa.es\/?p=14159&#038;lang=es"},"modified":"2020-04-10T19:46:43","modified_gmt":"2020-04-10T17:46:43","slug":"ibiza-dispondra-de-forma-inmediata-de-70-pisos-vacios-recuperados-de-bancos-y-fondos-de-inversion-para-alquiler-social-joven","status":"publish","type":"post","link":"https:\/\/www.psib-psoe.org\/eivissa\/ibiza-dispondra-de-forma-inmediata-de-70-pisos-vacios-recuperados-de-bancos-y-fondos-de-inversion-para-alquiler-social-joven\/","title":{"rendered":"Eivissa dispondr\u00e1 de forma inmediata de 70 pisos vac\u00edos recuperados de bancos y fondos de inversi\u00f3n para alquiler social joven"},"content":{"rendered":"<p>El presidente del Consell de Ibiza y candidato a la reelecci\u00f3n, Vicent Torres, ha anunciado que las pol\u00edticas de vivienda ser\u00e1n una prioridad de la legislatura 2019 hasta 2023. &#8220;De forma inmediata se dispondr\u00e1 de un total de 70 pisos vac\u00edos de grandes tenedores, recuperados de bancos y fondos de inversi\u00f3n, para destinarlos a alquiler social joven por parte del IBAVI&#8221;, gracias al decreto aprobado hace pocas semanas por el Gobierno de las Islas Baleares.<\/p>\n<p>Entre las medidas propuestas en materia de vivienda, Torres tambi\u00e9n ha destacado que el PSIB-PSOE triplicar\u00e1 la inversi\u00f3n en vivienda p\u00fablica en r\u00e9gimen de alquiler. Por ello, se ha comprometido a seguir trabajando para conseguir suelo p\u00fablico para promocionar la construcci\u00f3n de viviendas sociales en Ibiza, Santa Eul\u00e0ria, Sant Josep, Sant Antoni y Sant Joan. &#8220;Facilitaremos a todos los municipios mecanismos para poner a disposici\u00f3n m\u00e1s suelo para poder hacer vivienda social, de manera que podamos construir m\u00e1s vivienda p\u00fablica a un precio m\u00e1s justo y asequible&#8221;, ha dicho.<\/p>\n<p>Adem\u00e1s, los socialistas subvencionar\u00e1n la fianza del alquiler de aquellas familias con menos de 25.000 euros de renta y se bonificar\u00e1 el 95% del Impuesto de Bienes Inmuebles (IBI) de aquellas viviendas que se dediquen al alquiler de larga duraci\u00f3n mientras que los propietarios de estos inmuebles obtendr\u00e1n deducciones.<\/p>\n<p>Las propuestas en vivienda las han presentado el candidato al Consell, Vicent Torres, el alcalde de Ibiza y candidato a la reelecci\u00f3n, Rafa Ruiz, y el n\u00famero 2 de la candidatura al Parlament balear, Ramon Roca.<\/p>\n<p><strong>Actuaciones en la ciudad de Ibiza<\/strong><\/p>\n<p>Rafa Ruiz ha confirmado que la vivienda ser\u00e1 uno de los grandes ejes de la legislatura y que el Ayuntamiento de Ibiza plantear\u00e1 una pol\u00edtica muy activa en esta materia dado que es probablemente la mayor preocupaci\u00f3n de la ciudadan\u00eda de Ibiza. Ruiz ha recordado que en los \u00faltimos a\u00f1os el \u00fanico ayuntamiento que ha puesto suelo p\u00fablico a disposici\u00f3n del Ibavi ha sido el de Ibiza y que fruto de ello este mismo a\u00f1o podr\u00e1n comenzar las tres primeras promociones: dos en los barrios Viver-Platja d&#8217;en Bossa y una tercera en la zona de la avenida Vuit d&#8217;Agost.<\/p>\n<p>Ruiz ha anunciado que los socialistas tienen intenci\u00f3n de dedicar otro solar municipal de la zona del centro de Ibiza para la construcci\u00f3n de m\u00e1s viviendas de protecci\u00f3n oficial, adem\u00e1s de dedicar todas las viviendas de la UA-27 de sa Penya, obras que comenzar\u00e1n en los pr\u00f3ximos meses, de manera espec\u00edfica al colectivo joven. &#8220;Esto ya supone un m\u00ednimo de 5 promociones de VPO que son fruto del trabajo realizado esta \u00faltima legislatura pero es que adem\u00e1s, nuestra intenci\u00f3n es dar los pasos necesarios para desarrollar el acuerdo con SEPES, que prev\u00e9 m\u00e1s de 500 viviendas en la zona de Can Escandel&#8221;, ha explicado el candidato socialista. Igualmente, Ruiz se ha comprometido con las medidas previstas en el PGOU que se encuentra en tr\u00e1mite y que prev\u00e9n obligar a los propietarios de terrenos a dedicar una parte de las nuevas construcciones a la vivienda p\u00fablica.<\/p>\n<p>En este sentido, Ruiz ha lamentado que el PP haya dejado claro en las escasas propuestas presentadas &#8220;que eliminar\u00e1 estas disposiciones del plan general, lo que supone favorecer la especulaci\u00f3n urban\u00edstica y el libre mercado, y condenar a todo el que a d\u00eda de hoy no puede pagar una vivienda digna a que siga igual los pr\u00f3ximos cuatro a\u00f1os&#8221;. &#8216;&#8221;Est\u00e1 bien que se hayan quitado la careta y nos hayan dicho bien claro lo que quieren: construcci\u00f3n privada al m\u00e1ximo, con m\u00ednimas limitaciones y que tenga vivienda quien la pueda pagar a precio de mercado&#8221;, ha lamentado Ruiz.<\/p>\n<p>Desde el PSOE se propone la redacci\u00f3n de un Plan de Vivienda que planifique el trabajo no s\u00f3lo a corto plazo sino durante todo el per\u00edodo 2020-2030 porque la tramitaci\u00f3n de las viviendas es lenta y se debe hacer de forma continuada en el tiempo, no se puede detener como ocurri\u00f3 la pasada legislatura con el gobierno del Partido Popular, que defendi\u00f3 que el Ayuntamiento de Ibiza no deb\u00eda interferir en pol\u00edtica de vivienda porque &#8220;no era una inmobiliaria&#8221;.<\/p>\n<p>Finalmente, entre las propuestas del PSOE en materia de vivienda tambi\u00e9n destaca abrir una oficina de consulta en materia de vivienda para que todos puedan resolver sus dudas sobre ayudas o tramitaciones. Tambi\u00e9n se contemplan l\u00edneas de ayuda para fachadas del casco hist\u00f3rico y l\u00edneas de ayuda para mejora de instalaciones en barrios perif\u00e9ricos de la ciudad y mejorar su rendimiento energ\u00e9tico, as\u00ed como la lucha contra el alquiler tur\u00edstico irregular de manera coordinada con otras administraciones.<\/p>\n<p><strong>Conseller\u00eda de Vivienda<\/strong><\/p>\n<p>El n\u00famero 2 en el Parlamento balear, Ram\u00f3n Roca, ha recordado que desde el Gobierno balear se tomar\u00e1n &#8220;medidas extraordinarias&#8221;, durante los primeros seis meses de legislatura, &#8220;para garantizar que el derecho a la vivienda sea el quinto pilar del Estado del Bienestar, al igual que los socialistas hemos sido garantes hist\u00f3ricamente del sistema de educaci\u00f3n p\u00fablica, de pensiones, de la sanidad y de la ley de dependencia&#8221;.<\/p>\n<p>Para poder llevar a cabo estas propuestas, los socialistas crear\u00e1n una Conseller\u00eda espec\u00edfica de la Vivienda para abordar la problem\u00e1tica que afecta a la isla de Ibiza desde hace a\u00f1os.<\/p>\n<p>Entre estas medidas, Roca destaca incrementar el n\u00famero de viviendas p\u00fablicas de las 1.500 actuales a un total de 5.000 VPO en Baleares, &#8220;impulsando la construcci\u00f3n de nuevas viviendas as\u00ed como concursos p\u00fablicos para poder comprar vivienda ya construida y ponerlo en r\u00e9gimen de alquiler social a trav\u00e9s del IBAVI&#8221;.<\/p>\n<p>Otro de los compromisos importantes que ha anunciado el candidato al Parlamento balear es el hecho de incidir en el precio del alquiler para rebajarlo, por lo que &#8220;vamos a crear el Observatorio de Precios de la Comunidad Aut\u00f3noma, amparados por el Real Decreto de vivienda aprobado por Pedro S\u00e1nchez, y con el que marcaremos un precio medio seg\u00fan la situaci\u00f3n socioecon\u00f3mica de cada zona, que ser\u00eda el precio de mercado, y un precio socialmente responsable, por lo que aquellos ciudadanos que alquilen con el precio socialmente responsable tengan ayudas con incentivos fiscales que podr\u00e1n venir de deducciones en el IRPF, la merma del IBI o diferentes impuestos municipales y auton\u00f3micos&#8221;.<\/p>\n<p>Finalmente, el candidato socialista tambi\u00e9n ha defendido que &#8220;incentivaremos deducciones fiscales para los privados que quieran hacer vivienda social&#8221;.<\/p>\n<p>Roca ha destacado el &#8220;antes y despu\u00e9s&#8221; que ha habido despu\u00e9s del gobierno de Francina Armengol en esta legislatura en la que &#8220;se ha fomentado e impulsado pol\u00edticas de vivienda p\u00fablica, trabajando intensamente con el Plan de Vivienda con 511 nuevos inmuebles de promoci\u00f3n oficial y con la Ley de Vivienda&#8221;.<\/p>\n","protected":false},"excerpt":{"rendered":"<p>El presidente del Consell de Ibiza y candidato a la reelecci\u00f3n, Vicent Torres, ha anunciado que las pol\u00edticas de vivienda ser\u00e1n una prioridad de la legislatura 2019 hasta 2023. &#8220;De forma inmediata se dispondr\u00e1 de un total de 70 pisos vac\u00edos de grandes tenedores, recuperados de bancos y fondos de inversi\u00f3n, para destinarlos a alquiler&hellip;<\/p>\n","protected":false},"author":7,"featured_media":14157,"comment_status":"open","ping_status":"open","sticky":false,"template":"","format":"standard","meta":{"footnotes":""},"categories":[1],"tags":[],"class_list":["post-14159","post","type-post","status-publish","format-standard","has-post-thumbnail","hentry","category-federacio-de-eivissa-portada"],"yoast_head":"<!-- This site is optimized with the Yoast SEO plugin v26.9 - https:\/\/yoast.com\/product\/yoast-seo-wordpress\/ -->\n<title>Eivissa dispondr\u00e1 de forma inmediata de 70 pisos vac\u00edos recuperados de bancos y fondos de inversi\u00f3n para alquiler social joven - Federaci\u00f3 Socialista d&#039;Eivissa<\/title>\n<meta name=\"robots\" content=\"index, follow, max-snippet:-1, max-image-preview:large, max-video-preview:-1\" \/>\n<link rel=\"canonical\" href=\"https:\/\/www.psib-psoe.org\/eivissa\/ibiza-dispondra-de-forma-inmediata-de-70-pisos-vacios-recuperados-de-bancos-y-fondos-de-inversion-para-alquiler-social-joven\/\" \/>\n<meta property=\"og:locale\" content=\"ca_ES\" \/>\n<meta property=\"og:type\" content=\"article\" \/>\n<meta property=\"og:title\" content=\"Eivissa dispondr\u00e1 de forma inmediata de 70 pisos vac\u00edos recuperados de bancos y fondos de inversi\u00f3n para alquiler social joven - Federaci\u00f3 Socialista d&#039;Eivissa\" \/>\n<meta property=\"og:description\" content=\"El presidente del Consell de Ibiza y candidato a la reelecci\u00f3n, Vicent Torres, ha anunciado que las pol\u00edticas de vivienda ser\u00e1n una prioridad de la legislatura 2019 hasta 2023. &#8220;De forma inmediata se dispondr\u00e1 de un total de 70 pisos vac\u00edos de grandes tenedores, recuperados de bancos y fondos de inversi\u00f3n, para destinarlos a alquiler&hellip;\" \/>\n<meta property=\"og:url\" content=\"https:\/\/www.psib-psoe.org\/eivissa\/ibiza-dispondra-de-forma-inmediata-de-70-pisos-vacios-recuperados-de-bancos-y-fondos-de-inversion-para-alquiler-social-joven\/\" \/>\n<meta property=\"og:site_name\" content=\"Federaci\u00f3 Socialista d&#039;Eivissa\" \/>\n<meta property=\"article:published_time\" content=\"2019-05-23T09:11:47+00:00\" \/>\n<meta property=\"article:modified_time\" content=\"2020-04-10T17:46:43+00:00\" \/>\n<meta name=\"author\" content=\"Josep Ripoll\" \/>\n<meta name=\"twitter:card\" content=\"summary_large_image\" \/>\n<meta name=\"twitter:label1\" content=\"Escrit per\" \/>\n\t<meta name=\"twitter:data1\" content=\"Josep Ripoll\" \/>\n\t<meta name=\"twitter:label2\" content=\"Temps estimat de lectura\" \/>\n\t<meta name=\"twitter:data2\" content=\"6 minuts\" \/>\n<script type=\"application\/ld+json\" class=\"yoast-schema-graph\">{\"@context\":\"https:\/\/schema.org\",\"@graph\":[{\"@type\":[\"Article\",\"BlogPosting\"],\"@id\":\"https:\/\/www.psib-psoe.org\/eivissa\/ibiza-dispondra-de-forma-inmediata-de-70-pisos-vacios-recuperados-de-bancos-y-fondos-de-inversion-para-alquiler-social-joven\/#article\",\"isPartOf\":{\"@id\":\"https:\/\/www.psib-psoe.org\/eivissa\/ibiza-dispondra-de-forma-inmediata-de-70-pisos-vacios-recuperados-de-bancos-y-fondos-de-inversion-para-alquiler-social-joven\/\"},\"author\":{\"name\":\"Josep Ripoll\",\"@id\":\"https:\/\/www.psib-psoe.org\/eivissa\/#\/schema\/person\/7a9d2841fb36f32e34fc0e9b245e8117\"},\"headline\":\"Eivissa dispondr\u00e1 de forma inmediata de 70 pisos vac\u00edos recuperados de bancos y fondos de inversi\u00f3n para alquiler social joven\",\"datePublished\":\"2019-05-23T09:11:47+00:00\",\"dateModified\":\"2020-04-10T17:46:43+00:00\",\"mainEntityOfPage\":{\"@id\":\"https:\/\/www.psib-psoe.org\/eivissa\/ibiza-dispondra-de-forma-inmediata-de-70-pisos-vacios-recuperados-de-bancos-y-fondos-de-inversion-para-alquiler-social-joven\/\"},\"wordCount\":1195,\"commentCount\":0,\"publisher\":{\"@id\":\"https:\/\/www.psib-psoe.org\/eivissa\/#organization\"},\"image\":{\"@id\":\"https:\/\/www.psib-psoe.org\/eivissa\/ibiza-dispondra-de-forma-inmediata-de-70-pisos-vacios-recuperados-de-bancos-y-fondos-de-inversion-para-alquiler-social-joven\/#primaryimage\"},\"thumbnailUrl\":\"\",\"articleSection\":[\"Federaci\u00f3 d'Eivissa - Portada\"],\"inLanguage\":\"ca\",\"potentialAction\":[{\"@type\":\"CommentAction\",\"name\":\"Comment\",\"target\":[\"https:\/\/www.psib-psoe.org\/eivissa\/ibiza-dispondra-de-forma-inmediata-de-70-pisos-vacios-recuperados-de-bancos-y-fondos-de-inversion-para-alquiler-social-joven\/#respond\"]}]},{\"@type\":\"WebPage\",\"@id\":\"https:\/\/www.psib-psoe.org\/eivissa\/ibiza-dispondra-de-forma-inmediata-de-70-pisos-vacios-recuperados-de-bancos-y-fondos-de-inversion-para-alquiler-social-joven\/\",\"url\":\"https:\/\/www.psib-psoe.org\/eivissa\/ibiza-dispondra-de-forma-inmediata-de-70-pisos-vacios-recuperados-de-bancos-y-fondos-de-inversion-para-alquiler-social-joven\/\",\"name\":\"Eivissa dispondr\u00e1 de forma inmediata de 70 pisos vac\u00edos recuperados de bancos y fondos de inversi\u00f3n para alquiler social joven - Federaci\u00f3 Socialista d&#039;Eivissa\",\"isPartOf\":{\"@id\":\"https:\/\/www.psib-psoe.org\/eivissa\/#website\"},\"primaryImageOfPage\":{\"@id\":\"https:\/\/www.psib-psoe.org\/eivissa\/ibiza-dispondra-de-forma-inmediata-de-70-pisos-vacios-recuperados-de-bancos-y-fondos-de-inversion-para-alquiler-social-joven\/#primaryimage\"},\"image\":{\"@id\":\"https:\/\/www.psib-psoe.org\/eivissa\/ibiza-dispondra-de-forma-inmediata-de-70-pisos-vacios-recuperados-de-bancos-y-fondos-de-inversion-para-alquiler-social-joven\/#primaryimage\"},\"thumbnailUrl\":\"\",\"datePublished\":\"2019-05-23T09:11:47+00:00\",\"dateModified\":\"2020-04-10T17:46:43+00:00\",\"breadcrumb\":{\"@id\":\"https:\/\/www.psib-psoe.org\/eivissa\/ibiza-dispondra-de-forma-inmediata-de-70-pisos-vacios-recuperados-de-bancos-y-fondos-de-inversion-para-alquiler-social-joven\/#breadcrumb\"},\"inLanguage\":\"ca\",\"potentialAction\":[{\"@type\":\"ReadAction\",\"target\":[\"https:\/\/www.psib-psoe.org\/eivissa\/ibiza-dispondra-de-forma-inmediata-de-70-pisos-vacios-recuperados-de-bancos-y-fondos-de-inversion-para-alquiler-social-joven\/\"]}]},{\"@type\":\"ImageObject\",\"inLanguage\":\"ca\",\"@id\":\"https:\/\/www.psib-psoe.org\/eivissa\/ibiza-dispondra-de-forma-inmediata-de-70-pisos-vacios-recuperados-de-bancos-y-fondos-de-inversion-para-alquiler-social-joven\/#primaryimage\",\"url\":\"\",\"contentUrl\":\"\"},{\"@type\":\"BreadcrumbList\",\"@id\":\"https:\/\/www.psib-psoe.org\/eivissa\/ibiza-dispondra-de-forma-inmediata-de-70-pisos-vacios-recuperados-de-bancos-y-fondos-de-inversion-para-alquiler-social-joven\/#breadcrumb\",\"itemListElement\":[{\"@type\":\"ListItem\",\"position\":1,\"name\":\"Inici\",\"item\":\"https:\/\/www.psib-psoe.org\/eivissa\/\"},{\"@type\":\"ListItem\",\"position\":2,\"name\":\"Eivissa dispondr\u00e1 de forma inmediata de 70 pisos vac\u00edos recuperados de bancos y fondos de inversi\u00f3n para alquiler social joven\"}]},{\"@type\":\"WebSite\",\"@id\":\"https:\/\/www.psib-psoe.org\/eivissa\/#website\",\"url\":\"https:\/\/www.psib-psoe.org\/eivissa\/\",\"name\":\"Federaci\u00f3 Socialista d'Eivissa\",\"description\":\"Socialistes d&#039;Eivissa\",\"publisher\":{\"@id\":\"https:\/\/www.psib-psoe.org\/eivissa\/#organization\"},\"potentialAction\":[{\"@type\":\"SearchAction\",\"target\":{\"@type\":\"EntryPoint\",\"urlTemplate\":\"https:\/\/www.psib-psoe.org\/eivissa\/?s={search_term_string}\"},\"query-input\":{\"@type\":\"PropertyValueSpecification\",\"valueRequired\":true,\"valueName\":\"search_term_string\"}}],\"inLanguage\":\"ca\"},{\"@type\":\"Organization\",\"@id\":\"https:\/\/www.psib-psoe.org\/eivissa\/#organization\",\"name\":\"Federaci\u00f3 Socialista d'Eivissa\",\"url\":\"https:\/\/www.psib-psoe.org\/eivissa\/\",\"logo\":{\"@type\":\"ImageObject\",\"inLanguage\":\"ca\",\"@id\":\"https:\/\/www.psib-psoe.org\/eivissa\/#\/schema\/logo\/image\/\",\"url\":\"https:\/\/www.psib-psoe.org\/eivissa\/wp-content\/uploads\/LOGO-FSE-SOCIALISTA-DEIVISSA-HORI.png\",\"contentUrl\":\"https:\/\/www.psib-psoe.org\/eivissa\/wp-content\/uploads\/LOGO-FSE-SOCIALISTA-DEIVISSA-HORI.png\",\"width\":6000,\"height\":3104,\"caption\":\"Federaci\u00f3 Socialista d'Eivissa\"},\"image\":{\"@id\":\"https:\/\/www.psib-psoe.org\/eivissa\/#\/schema\/logo\/image\/\"}},{\"@type\":\"Person\",\"@id\":\"https:\/\/www.psib-psoe.org\/eivissa\/#\/schema\/person\/7a9d2841fb36f32e34fc0e9b245e8117\",\"name\":\"Josep Ripoll\",\"sameAs\":[\"http:\/\/www.psib-psoe.org\/eivissa\/wp-login.php\"],\"url\":\"https:\/\/www.psib-psoe.org\/eivissa\/author\/josep\/\"}]}<\/script>\n<!-- \/ Yoast SEO plugin. -->","yoast_head_json":{"title":"Eivissa dispondr\u00e1 de forma inmediata de 70 pisos vac\u00edos recuperados de bancos y fondos de inversi\u00f3n para alquiler social joven - Federaci\u00f3 Socialista d&#039;Eivissa","robots":{"index":"index","follow":"follow","max-snippet":"max-snippet:-1","max-image-preview":"max-image-preview:large","max-video-preview":"max-video-preview:-1"},"canonical":"https:\/\/www.psib-psoe.org\/eivissa\/ibiza-dispondra-de-forma-inmediata-de-70-pisos-vacios-recuperados-de-bancos-y-fondos-de-inversion-para-alquiler-social-joven\/","og_locale":"ca_ES","og_type":"article","og_title":"Eivissa dispondr\u00e1 de forma inmediata de 70 pisos vac\u00edos recuperados de bancos y fondos de inversi\u00f3n para alquiler social joven - Federaci\u00f3 Socialista d&#039;Eivissa","og_description":"El presidente del Consell de Ibiza y candidato a la reelecci\u00f3n, Vicent Torres, ha anunciado que las pol\u00edticas de vivienda ser\u00e1n una prioridad de la legislatura 2019 hasta 2023. &#8220;De forma inmediata se dispondr\u00e1 de un total de 70 pisos vac\u00edos de grandes tenedores, recuperados de bancos y fondos de inversi\u00f3n, para destinarlos a alquiler&hellip;","og_url":"https:\/\/www.psib-psoe.org\/eivissa\/ibiza-dispondra-de-forma-inmediata-de-70-pisos-vacios-recuperados-de-bancos-y-fondos-de-inversion-para-alquiler-social-joven\/","og_site_name":"Federaci\u00f3 Socialista d&#039;Eivissa","article_published_time":"2019-05-23T09:11:47+00:00","article_modified_time":"2020-04-10T17:46:43+00:00","author":"Josep Ripoll","twitter_card":"summary_large_image","twitter_misc":{"Escrit per":"Josep Ripoll","Temps estimat de lectura":"6 minuts"},"schema":{"@context":"https:\/\/schema.org","@graph":[{"@type":["Article","BlogPosting"],"@id":"https:\/\/www.psib-psoe.org\/eivissa\/ibiza-dispondra-de-forma-inmediata-de-70-pisos-vacios-recuperados-de-bancos-y-fondos-de-inversion-para-alquiler-social-joven\/#article","isPartOf":{"@id":"https:\/\/www.psib-psoe.org\/eivissa\/ibiza-dispondra-de-forma-inmediata-de-70-pisos-vacios-recuperados-de-bancos-y-fondos-de-inversion-para-alquiler-social-joven\/"},"author":{"name":"Josep Ripoll","@id":"https:\/\/www.psib-psoe.org\/eivissa\/#\/schema\/person\/7a9d2841fb36f32e34fc0e9b245e8117"},"headline":"Eivissa dispondr\u00e1 de forma inmediata de 70 pisos vac\u00edos recuperados de bancos y fondos de inversi\u00f3n para alquiler social joven","datePublished":"2019-05-23T09:11:47+00:00","dateModified":"2020-04-10T17:46:43+00:00","mainEntityOfPage":{"@id":"https:\/\/www.psib-psoe.org\/eivissa\/ibiza-dispondra-de-forma-inmediata-de-70-pisos-vacios-recuperados-de-bancos-y-fondos-de-inversion-para-alquiler-social-joven\/"},"wordCount":1195,"commentCount":0,"publisher":{"@id":"https:\/\/www.psib-psoe.org\/eivissa\/#organization"},"image":{"@id":"https:\/\/www.psib-psoe.org\/eivissa\/ibiza-dispondra-de-forma-inmediata-de-70-pisos-vacios-recuperados-de-bancos-y-fondos-de-inversion-para-alquiler-social-joven\/#primaryimage"},"thumbnailUrl":"","articleSection":["Federaci\u00f3 d'Eivissa - Portada"],"inLanguage":"ca","potentialAction":[{"@type":"CommentAction","name":"Comment","target":["https:\/\/www.psib-psoe.org\/eivissa\/ibiza-dispondra-de-forma-inmediata-de-70-pisos-vacios-recuperados-de-bancos-y-fondos-de-inversion-para-alquiler-social-joven\/#respond"]}]},{"@type":"WebPage","@id":"https:\/\/www.psib-psoe.org\/eivissa\/ibiza-dispondra-de-forma-inmediata-de-70-pisos-vacios-recuperados-de-bancos-y-fondos-de-inversion-para-alquiler-social-joven\/","url":"https:\/\/www.psib-psoe.org\/eivissa\/ibiza-dispondra-de-forma-inmediata-de-70-pisos-vacios-recuperados-de-bancos-y-fondos-de-inversion-para-alquiler-social-joven\/","name":"Eivissa dispondr\u00e1 de forma inmediata de 70 pisos vac\u00edos recuperados de bancos y fondos de inversi\u00f3n para alquiler social joven - Federaci\u00f3 Socialista d&#039;Eivissa","isPartOf":{"@id":"https:\/\/www.psib-psoe.org\/eivissa\/#website"},"primaryImageOfPage":{"@id":"https:\/\/www.psib-psoe.org\/eivissa\/ibiza-dispondra-de-forma-inmediata-de-70-pisos-vacios-recuperados-de-bancos-y-fondos-de-inversion-para-alquiler-social-joven\/#primaryimage"},"image":{"@id":"https:\/\/www.psib-psoe.org\/eivissa\/ibiza-dispondra-de-forma-inmediata-de-70-pisos-vacios-recuperados-de-bancos-y-fondos-de-inversion-para-alquiler-social-joven\/#primaryimage"},"thumbnailUrl":"","datePublished":"2019-05-23T09:11:47+00:00","dateModified":"2020-04-10T17:46:43+00:00","breadcrumb":{"@id":"https:\/\/www.psib-psoe.org\/eivissa\/ibiza-dispondra-de-forma-inmediata-de-70-pisos-vacios-recuperados-de-bancos-y-fondos-de-inversion-para-alquiler-social-joven\/#breadcrumb"},"inLanguage":"ca","potentialAction":[{"@type":"ReadAction","target":["https:\/\/www.psib-psoe.org\/eivissa\/ibiza-dispondra-de-forma-inmediata-de-70-pisos-vacios-recuperados-de-bancos-y-fondos-de-inversion-para-alquiler-social-joven\/"]}]},{"@type":"ImageObject","inLanguage":"ca","@id":"https:\/\/www.psib-psoe.org\/eivissa\/ibiza-dispondra-de-forma-inmediata-de-70-pisos-vacios-recuperados-de-bancos-y-fondos-de-inversion-para-alquiler-social-joven\/#primaryimage","url":"","contentUrl":""},{"@type":"BreadcrumbList","@id":"https:\/\/www.psib-psoe.org\/eivissa\/ibiza-dispondra-de-forma-inmediata-de-70-pisos-vacios-recuperados-de-bancos-y-fondos-de-inversion-para-alquiler-social-joven\/#breadcrumb","itemListElement":[{"@type":"ListItem","position":1,"name":"Inici","item":"https:\/\/www.psib-psoe.org\/eivissa\/"},{"@type":"ListItem","position":2,"name":"Eivissa dispondr\u00e1 de forma inmediata de 70 pisos vac\u00edos recuperados de bancos y fondos de inversi\u00f3n para alquiler social joven"}]},{"@type":"WebSite","@id":"https:\/\/www.psib-psoe.org\/eivissa\/#website","url":"https:\/\/www.psib-psoe.org\/eivissa\/","name":"Federaci\u00f3 Socialista d'Eivissa","description":"Socialistes d&#039;Eivissa","publisher":{"@id":"https:\/\/www.psib-psoe.org\/eivissa\/#organization"},"potentialAction":[{"@type":"SearchAction","target":{"@type":"EntryPoint","urlTemplate":"https:\/\/www.psib-psoe.org\/eivissa\/?s={search_term_string}"},"query-input":{"@type":"PropertyValueSpecification","valueRequired":true,"valueName":"search_term_string"}}],"inLanguage":"ca"},{"@type":"Organization","@id":"https:\/\/www.psib-psoe.org\/eivissa\/#organization","name":"Federaci\u00f3 Socialista d'Eivissa","url":"https:\/\/www.psib-psoe.org\/eivissa\/","logo":{"@type":"ImageObject","inLanguage":"ca","@id":"https:\/\/www.psib-psoe.org\/eivissa\/#\/schema\/logo\/image\/","url":"https:\/\/www.psib-psoe.org\/eivissa\/wp-content\/uploads\/LOGO-FSE-SOCIALISTA-DEIVISSA-HORI.png","contentUrl":"https:\/\/www.psib-psoe.org\/eivissa\/wp-content\/uploads\/LOGO-FSE-SOCIALISTA-DEIVISSA-HORI.png","width":6000,"height":3104,"caption":"Federaci\u00f3 Socialista d'Eivissa"},"image":{"@id":"https:\/\/www.psib-psoe.org\/eivissa\/#\/schema\/logo\/image\/"}},{"@type":"Person","@id":"https:\/\/www.psib-psoe.org\/eivissa\/#\/schema\/person\/7a9d2841fb36f32e34fc0e9b245e8117","name":"Josep Ripoll","sameAs":["http:\/\/www.psib-psoe.org\/eivissa\/wp-login.php"],"url":"https:\/\/www.psib-psoe.org\/eivissa\/author\/josep\/"}]}},"_links":{"self":[{"href":"https:\/\/www.psib-psoe.org\/eivissa\/wp-json\/wp\/v2\/posts\/14159","targetHints":{"allow":["GET"]}}],"collection":[{"href":"https:\/\/www.psib-psoe.org\/eivissa\/wp-json\/wp\/v2\/posts"}],"about":[{"href":"https:\/\/www.psib-psoe.org\/eivissa\/wp-json\/wp\/v2\/types\/post"}],"author":[{"embeddable":true,"href":"https:\/\/www.psib-psoe.org\/eivissa\/wp-json\/wp\/v2\/users\/7"}],"replies":[{"embeddable":true,"href":"https:\/\/www.psib-psoe.org\/eivissa\/wp-json\/wp\/v2\/comments?post=14159"}],"version-history":[{"count":1,"href":"https:\/\/www.psib-psoe.org\/eivissa\/wp-json\/wp\/v2\/posts\/14159\/revisions"}],"predecessor-version":[{"id":26549,"href":"https:\/\/www.psib-psoe.org\/eivissa\/wp-json\/wp\/v2\/posts\/14159\/revisions\/26549"}],"wp:featuredmedia":[{"embeddable":true,"href":"https:\/\/www.psib-psoe.org\/eivissa\/wp-json\/"}],"wp:attachment":[{"href":"https:\/\/www.psib-psoe.org\/eivissa\/wp-json\/wp\/v2\/media?parent=14159"}],"wp:term":[{"taxonomy":"category","embeddable":true,"href":"https:\/\/www.psib-psoe.org\/eivissa\/wp-json\/wp\/v2\/categories?post=14159"},{"taxonomy":"post_tag","embeddable":true,"href":"https:\/\/www.psib-psoe.org\/eivissa\/wp-json\/wp\/v2\/tags?post=14159"}],"curies":[{"name":"wp","href":"https:\/\/api.w.org\/{rel}","templated":true}]}}