{"id":14181,"date":"2019-05-24T20:26:25","date_gmt":"2019-05-24T20:26:25","guid":{"rendered":"http:\/\/www.psoeeivissa.es\/?p=14181"},"modified":"2020-04-14T13:23:54","modified_gmt":"2020-04-14T11:23:54","slug":"el-psoe-deivissa-tanca-la-campanya-del-26m-amb-una-crida-a-aconseguir-grans-victories-socialistes-al-parlament-al-consell-insular-i-als-ajuntaments-de-la-nostra-illa","status":"publish","type":"post","link":"https:\/\/www.psib-psoe.org\/eivissa\/el-psoe-deivissa-tanca-la-campanya-del-26m-amb-una-crida-a-aconseguir-grans-victories-socialistes-al-parlament-al-consell-insular-i-als-ajuntaments-de-la-nostra-illa\/","title":{"rendered":"El PSOE d&#8217;Eivissa tanca la campanya del 26M amb una crida a aconseguir &#8220;grans vict\u00f2ries socialistes al Parlament, al Consell Insular i als ajuntaments de la nostra illa&#8221;"},"content":{"rendered":"<p>El candidat a la reelecci\u00f3 com a president del Consell d&#8217;Eivissa i secretari general de la FSE-PSOE, Vicent Torres, ha tancat avui la campanya electoral amb una crida a aconseguir &#8220;grans vict\u00f2ries socialistes al Parlament balear, al Consell Insular i als ajuntaments de la nostra illa&#8221;. Segons ha dit, &#8220;estam preparats, estam preparades, per guanyar. Per fer realitat una vict\u00f2ria hist\u00f2rica, repetint governs a Eivissa i a Balears, i per consolidar i ampliar governs socialistes als nostres municipis&#8221;.<\/p>\n<p>Vicent Torres ha demanat la m\u00e0xima mobilitzaci\u00f3 per deixar &#8220;ben lluny aquells governs nefastos de la dreta, deixar ben lluny aquells anys de crispaci\u00f3, de corrupci\u00f3 i de retallades que v\u00e0rem viure a Espanya i a Balears&#8221;.<\/p>\n<p>&#8220;Estam preparats i preparades per aquesta nova etapa d&#8217;il\u00b7lusi\u00f3. Una nova etapa que va comen\u00e7ar a Espanya el 28 d&#8217;abril amb la vict\u00f2ria de Pedro S\u00e1nchez, i que tamb\u00e9 la volem per a les nostres illes a partir d&#8217;aquest diumenge&#8221;.<\/p>\n<p>Vicent Torres ha donat les gr\u00e0cies &#8220;a totes les persones que us heu bolcat en aquestes dos campanyes electorals. Estic molt orgull\u00f3s d&#8217;aquest partit i de tots vosaltres, us ho dic de tot cor&#8221;, ha dit Torres.<\/p>\n<p><strong>Pilar Costa: &#8220;Ens hi jugam molt&#8221;<\/strong><\/p>\n<p>Un agra\u00efment que tamb\u00e9 ha volgut la cap de llista al Parlament, Pilar Costa: &#8220;Acabam una campanya intensa, amb molta il\u00b7lusi\u00f3, i sobretot amb molta gratitud cap a totes les persones que ens donau suport&#8221;. Costa ha desitjat &#8220;que el diumenge 26 de maig acabem amb aquesta alegria que v\u00e0rem encetar el passat 28 d&#8217;abril, quan una majoria de ciutadans va votar al Partit Socialista i a Pedro S\u00e1nchez perqu\u00e8 torni a ser president&#8221;.<\/p>\n<p>Pilar Costa ha insistit que diumenge &#8220;ens hi jugam molt&#8221;, citant &#8220;l&#8217;educaci\u00f3 p\u00fablica, la sanitat p\u00fablica, la igualtat&#8230; i parlant d&#8217;igualtat. Vull donar un missatge molt clar a les dones. Per totes aquelles que es varen manifestar el 8 de Mar\u00e7, no podem deixar passar aquest diumenge, hem d&#8217;aturar la dreta i la ultradreta que ens volen tornar a les cavernes&#8221;.<\/p>\n<p>Pilar Costa tamb\u00e9 ha fet una crida a totes les persones progressistes a votar PSOE, ja que &#8220;el Partit Socialista ser\u00e0 l&#8217;\u00fanic for\u00e7a que podr\u00e0 mantenir una estabilitat i una majoria a totes les institucions&#8221;.<\/p>\n<p><strong>Candidats als ajuntaments<\/strong><\/p>\n<p>Rafa Ruiz, candidat a la reelecci\u00f3 com a alcalde de la ciutat d&#8217;Eivissa ha demanat el vot per &#8220;impulsar pol\u00edtiques socials i ambientals, per avan\u00e7ar en un canvi de model que faci de la ciutat un lloc solidari, amable, sostenible on sigui un orgull viure&#8221;. L&#8217;actual alcalde ha assegurat que &#8220;amb quatre anys m\u00e9s de govern socialista es veuran els canvis a sa Penya, en mat\u00e8ria d&#8217;habitatge i en aparcaments i mobilitat&#8221;.<\/p>\n<p>El candidat a la reelecci\u00f3 com a alcalde de Sant Josep de sa Talaia, Josep Mar\u00ed Ribas &#8216;Agustinet&#8217;, ha dit que &#8220;hem demostrat que som de fiar i complim els compromisos amb la ciutadania&#8221;. En el seu discurs ha destacat que &#8220;amb molta feina i molta gesti\u00f3 hem aconseguit que gaireb\u00e9 el 100% del municipi de Sant Josep rebi aigua bona&#8221;.<\/p>\n<p>Sim\u00f3n Planells, candidat a l&#8217;alcaldia de Sant Antoni de Portmany, ha fet &#8220;una crida a les urnes a tots els portmanyins, per continuar amb el projecte de canvi de Sant Antoni. Tamb\u00e9 ha tengut paraules per &#8220;agrair als companys i a tots els portmanyins l&#8217;energia i el recolzament rebut en aquestos mesos&#8221;.<\/p>\n<p>Vicent Torres &#8216;Benet&#8217;, que aspira a l&#8217;alcaldia de Santa Eul\u00e0ria des Riu, ha dit que &#8220;40 anys de PP s\u00f3n massa&#8221;. El candidat socialista ha demanat el vot per &#8220;aconseguir el canvi que necessita Santa Eul\u00e0ria, despr\u00e9s de tants d&#8217;anys de la dreta&#8221;.<\/p>\n<p>Tamb\u00e9 Pep Torres &#8216;Peret&#8217; ha demanat una mobilitzaci\u00f3 a Sant Joan de Labritja, per canviar un projecte &#8220;que est\u00e0 esgotat&#8221;. &#8216;Peret&#8217; demana la confian\u00e7a en el projecte socialista, &#8220;perqu\u00e8 tamb\u00e9 ho mereix el nostre municipi&#8221;.<\/p>\n","protected":false},"excerpt":{"rendered":"<p>El candidat a la reelecci\u00f3 com a president del Consell d&#8217;Eivissa i secretari general de la FSE-PSOE, Vicent Torres, ha tancat avui la campanya electoral amb una crida a aconseguir &#8220;grans vict\u00f2ries socialistes al Parlament balear, al Consell Insular i als ajuntaments de la nostra illa&#8221;. Segons ha dit, &#8220;estam preparats, estam preparades, per guanyar.&hellip;<\/p>\n","protected":false},"author":7,"featured_media":14186,"comment_status":"open","ping_status":"open","sticky":false,"template":"","format":"standard","meta":{"footnotes":""},"categories":[1,234,188,189,187,186],"tags":[],"class_list":["post-14181","post","type-post","status-publish","format-standard","has-post-thumbnail","hentry","category-federacio-de-eivissa-portada","category-municipis","category-sant-antoni-de-portmany","category-sant-joan-de-labritja","category-sant-josep-de-sa-talaia","category-santa-eularia-des-riu"],"yoast_head":"<!-- This site is optimized with the Yoast SEO plugin v26.9 - https:\/\/yoast.com\/product\/yoast-seo-wordpress\/ -->\n<title>El PSOE d&#039;Eivissa tanca la campanya del 26M amb una crida a aconseguir &quot;grans vict\u00f2ries socialistes al Parlament, al Consell Insular i als ajuntaments de la nostra illa&quot; - Federaci\u00f3 Socialista d&#039;Eivissa<\/title>\n<meta name=\"robots\" content=\"index, follow, max-snippet:-1, max-image-preview:large, max-video-preview:-1\" \/>\n<link rel=\"canonical\" href=\"https:\/\/www.psib-psoe.org\/eivissa\/el-psoe-deivissa-tanca-la-campanya-del-26m-amb-una-crida-a-aconseguir-grans-victories-socialistes-al-parlament-al-consell-insular-i-als-ajuntaments-de-la-nostra-illa\/\" \/>\n<meta property=\"og:locale\" content=\"ca_ES\" \/>\n<meta property=\"og:type\" content=\"article\" \/>\n<meta property=\"og:title\" content=\"El PSOE d&#039;Eivissa tanca la campanya del 26M amb una crida a aconseguir &quot;grans vict\u00f2ries socialistes al Parlament, al Consell Insular i als ajuntaments de la nostra illa&quot; - Federaci\u00f3 Socialista d&#039;Eivissa\" \/>\n<meta property=\"og:description\" content=\"El candidat a la reelecci\u00f3 com a president del Consell d&#8217;Eivissa i secretari general de la FSE-PSOE, Vicent Torres, ha tancat avui la campanya electoral amb una crida a aconseguir &#8220;grans vict\u00f2ries socialistes al Parlament balear, al Consell Insular i als ajuntaments de la nostra illa&#8221;. Segons ha dit, &#8220;estam preparats, estam preparades, per guanyar.&hellip;\" \/>\n<meta property=\"og:url\" content=\"https:\/\/www.psib-psoe.org\/eivissa\/el-psoe-deivissa-tanca-la-campanya-del-26m-amb-una-crida-a-aconseguir-grans-victories-socialistes-al-parlament-al-consell-insular-i-als-ajuntaments-de-la-nostra-illa\/\" \/>\n<meta property=\"og:site_name\" content=\"Federaci\u00f3 Socialista d&#039;Eivissa\" \/>\n<meta property=\"article:published_time\" content=\"2019-05-24T20:26:25+00:00\" \/>\n<meta property=\"article:modified_time\" content=\"2020-04-14T11:23:54+00:00\" \/>\n<meta name=\"author\" content=\"Josep Ripoll\" \/>\n<meta name=\"twitter:card\" content=\"summary_large_image\" \/>\n<meta name=\"twitter:label1\" content=\"Escrit per\" \/>\n\t<meta name=\"twitter:data1\" content=\"Josep Ripoll\" \/>\n\t<meta name=\"twitter:label2\" content=\"Temps estimat de lectura\" \/>\n\t<meta name=\"twitter:data2\" content=\"3 minuts\" \/>\n<script type=\"application\/ld+json\" class=\"yoast-schema-graph\">{\"@context\":\"https:\/\/schema.org\",\"@graph\":[{\"@type\":[\"Article\",\"BlogPosting\"],\"@id\":\"https:\/\/www.psib-psoe.org\/eivissa\/el-psoe-deivissa-tanca-la-campanya-del-26m-amb-una-crida-a-aconseguir-grans-victories-socialistes-al-parlament-al-consell-insular-i-als-ajuntaments-de-la-nostra-illa\/#article\",\"isPartOf\":{\"@id\":\"https:\/\/www.psib-psoe.org\/eivissa\/el-psoe-deivissa-tanca-la-campanya-del-26m-amb-una-crida-a-aconseguir-grans-victories-socialistes-al-parlament-al-consell-insular-i-als-ajuntaments-de-la-nostra-illa\/\"},\"author\":{\"name\":\"Josep Ripoll\",\"@id\":\"https:\/\/www.psib-psoe.org\/eivissa\/#\/schema\/person\/7a9d2841fb36f32e34fc0e9b245e8117\"},\"headline\":\"El PSOE d&#8217;Eivissa tanca la campanya del 26M amb una crida a aconseguir &#8220;grans vict\u00f2ries socialistes al Parlament, al Consell Insular i als ajuntaments de la nostra illa&#8221;\",\"datePublished\":\"2019-05-24T20:26:25+00:00\",\"dateModified\":\"2020-04-14T11:23:54+00:00\",\"mainEntityOfPage\":{\"@id\":\"https:\/\/www.psib-psoe.org\/eivissa\/el-psoe-deivissa-tanca-la-campanya-del-26m-amb-una-crida-a-aconseguir-grans-victories-socialistes-al-parlament-al-consell-insular-i-als-ajuntaments-de-la-nostra-illa\/\"},\"wordCount\":686,\"commentCount\":0,\"publisher\":{\"@id\":\"https:\/\/www.psib-psoe.org\/eivissa\/#organization\"},\"image\":{\"@id\":\"https:\/\/www.psib-psoe.org\/eivissa\/el-psoe-deivissa-tanca-la-campanya-del-26m-amb-una-crida-a-aconseguir-grans-victories-socialistes-al-parlament-al-consell-insular-i-als-ajuntaments-de-la-nostra-illa\/#primaryimage\"},\"thumbnailUrl\":\"\",\"articleSection\":[\"Federaci\u00f3 d'Eivissa - Portada\",\"Municipis\",\"Sant Antoni de Portmany\",\"Sant Joan de Labritja\",\"Sant Josep de sa Talaia\",\"Santa Eul\u00e0ria des Riu\"],\"inLanguage\":\"ca\",\"potentialAction\":[{\"@type\":\"CommentAction\",\"name\":\"Comment\",\"target\":[\"https:\/\/www.psib-psoe.org\/eivissa\/el-psoe-deivissa-tanca-la-campanya-del-26m-amb-una-crida-a-aconseguir-grans-victories-socialistes-al-parlament-al-consell-insular-i-als-ajuntaments-de-la-nostra-illa\/#respond\"]}]},{\"@type\":\"WebPage\",\"@id\":\"https:\/\/www.psib-psoe.org\/eivissa\/el-psoe-deivissa-tanca-la-campanya-del-26m-amb-una-crida-a-aconseguir-grans-victories-socialistes-al-parlament-al-consell-insular-i-als-ajuntaments-de-la-nostra-illa\/\",\"url\":\"https:\/\/www.psib-psoe.org\/eivissa\/el-psoe-deivissa-tanca-la-campanya-del-26m-amb-una-crida-a-aconseguir-grans-victories-socialistes-al-parlament-al-consell-insular-i-als-ajuntaments-de-la-nostra-illa\/\",\"name\":\"El PSOE d'Eivissa tanca la campanya del 26M amb una crida a aconseguir \\\"grans vict\u00f2ries socialistes al Parlament, al Consell Insular i als ajuntaments de la nostra illa\\\" - Federaci\u00f3 Socialista d&#039;Eivissa\",\"isPartOf\":{\"@id\":\"https:\/\/www.psib-psoe.org\/eivissa\/#website\"},\"primaryImageOfPage\":{\"@id\":\"https:\/\/www.psib-psoe.org\/eivissa\/el-psoe-deivissa-tanca-la-campanya-del-26m-amb-una-crida-a-aconseguir-grans-victories-socialistes-al-parlament-al-consell-insular-i-als-ajuntaments-de-la-nostra-illa\/#primaryimage\"},\"image\":{\"@id\":\"https:\/\/www.psib-psoe.org\/eivissa\/el-psoe-deivissa-tanca-la-campanya-del-26m-amb-una-crida-a-aconseguir-grans-victories-socialistes-al-parlament-al-consell-insular-i-als-ajuntaments-de-la-nostra-illa\/#primaryimage\"},\"thumbnailUrl\":\"\",\"datePublished\":\"2019-05-24T20:26:25+00:00\",\"dateModified\":\"2020-04-14T11:23:54+00:00\",\"breadcrumb\":{\"@id\":\"https:\/\/www.psib-psoe.org\/eivissa\/el-psoe-deivissa-tanca-la-campanya-del-26m-amb-una-crida-a-aconseguir-grans-victories-socialistes-al-parlament-al-consell-insular-i-als-ajuntaments-de-la-nostra-illa\/#breadcrumb\"},\"inLanguage\":\"ca\",\"potentialAction\":[{\"@type\":\"ReadAction\",\"target\":[\"https:\/\/www.psib-psoe.org\/eivissa\/el-psoe-deivissa-tanca-la-campanya-del-26m-amb-una-crida-a-aconseguir-grans-victories-socialistes-al-parlament-al-consell-insular-i-als-ajuntaments-de-la-nostra-illa\/\"]}]},{\"@type\":\"ImageObject\",\"inLanguage\":\"ca\",\"@id\":\"https:\/\/www.psib-psoe.org\/eivissa\/el-psoe-deivissa-tanca-la-campanya-del-26m-amb-una-crida-a-aconseguir-grans-victories-socialistes-al-parlament-al-consell-insular-i-als-ajuntaments-de-la-nostra-illa\/#primaryimage\",\"url\":\"\",\"contentUrl\":\"\"},{\"@type\":\"BreadcrumbList\",\"@id\":\"https:\/\/www.psib-psoe.org\/eivissa\/el-psoe-deivissa-tanca-la-campanya-del-26m-amb-una-crida-a-aconseguir-grans-victories-socialistes-al-parlament-al-consell-insular-i-als-ajuntaments-de-la-nostra-illa\/#breadcrumb\",\"itemListElement\":[{\"@type\":\"ListItem\",\"position\":1,\"name\":\"Inici\",\"item\":\"https:\/\/www.psib-psoe.org\/eivissa\/\"},{\"@type\":\"ListItem\",\"position\":2,\"name\":\"El PSOE d&#8217;Eivissa tanca la campanya del 26M amb una crida a aconseguir &#8220;grans vict\u00f2ries socialistes al Parlament, al Consell Insular i als ajuntaments de la nostra illa&#8221;\"}]},{\"@type\":\"WebSite\",\"@id\":\"https:\/\/www.psib-psoe.org\/eivissa\/#website\",\"url\":\"https:\/\/www.psib-psoe.org\/eivissa\/\",\"name\":\"Federaci\u00f3 Socialista d'Eivissa\",\"description\":\"Socialistes d&#039;Eivissa\",\"publisher\":{\"@id\":\"https:\/\/www.psib-psoe.org\/eivissa\/#organization\"},\"potentialAction\":[{\"@type\":\"SearchAction\",\"target\":{\"@type\":\"EntryPoint\",\"urlTemplate\":\"https:\/\/www.psib-psoe.org\/eivissa\/?s={search_term_string}\"},\"query-input\":{\"@type\":\"PropertyValueSpecification\",\"valueRequired\":true,\"valueName\":\"search_term_string\"}}],\"inLanguage\":\"ca\"},{\"@type\":\"Organization\",\"@id\":\"https:\/\/www.psib-psoe.org\/eivissa\/#organization\",\"name\":\"Federaci\u00f3 Socialista d'Eivissa\",\"url\":\"https:\/\/www.psib-psoe.org\/eivissa\/\",\"logo\":{\"@type\":\"ImageObject\",\"inLanguage\":\"ca\",\"@id\":\"https:\/\/www.psib-psoe.org\/eivissa\/#\/schema\/logo\/image\/\",\"url\":\"https:\/\/www.psib-psoe.org\/eivissa\/wp-content\/uploads\/LOGO-FSE-SOCIALISTA-DEIVISSA-HORI.png\",\"contentUrl\":\"https:\/\/www.psib-psoe.org\/eivissa\/wp-content\/uploads\/LOGO-FSE-SOCIALISTA-DEIVISSA-HORI.png\",\"width\":6000,\"height\":3104,\"caption\":\"Federaci\u00f3 Socialista d'Eivissa\"},\"image\":{\"@id\":\"https:\/\/www.psib-psoe.org\/eivissa\/#\/schema\/logo\/image\/\"}},{\"@type\":\"Person\",\"@id\":\"https:\/\/www.psib-psoe.org\/eivissa\/#\/schema\/person\/7a9d2841fb36f32e34fc0e9b245e8117\",\"name\":\"Josep Ripoll\",\"sameAs\":[\"http:\/\/www.psib-psoe.org\/eivissa\/wp-login.php\"],\"url\":\"https:\/\/www.psib-psoe.org\/eivissa\/author\/josep\/\"}]}<\/script>\n<!-- \/ Yoast SEO plugin. -->","yoast_head_json":{"title":"El PSOE d'Eivissa tanca la campanya del 26M amb una crida a aconseguir \"grans vict\u00f2ries socialistes al Parlament, al Consell Insular i als ajuntaments de la nostra illa\" - Federaci\u00f3 Socialista d&#039;Eivissa","robots":{"index":"index","follow":"follow","max-snippet":"max-snippet:-1","max-image-preview":"max-image-preview:large","max-video-preview":"max-video-preview:-1"},"canonical":"https:\/\/www.psib-psoe.org\/eivissa\/el-psoe-deivissa-tanca-la-campanya-del-26m-amb-una-crida-a-aconseguir-grans-victories-socialistes-al-parlament-al-consell-insular-i-als-ajuntaments-de-la-nostra-illa\/","og_locale":"ca_ES","og_type":"article","og_title":"El PSOE d'Eivissa tanca la campanya del 26M amb una crida a aconseguir \"grans vict\u00f2ries socialistes al Parlament, al Consell Insular i als ajuntaments de la nostra illa\" - Federaci\u00f3 Socialista d&#039;Eivissa","og_description":"El candidat a la reelecci\u00f3 com a president del Consell d&#8217;Eivissa i secretari general de la FSE-PSOE, Vicent Torres, ha tancat avui la campanya electoral amb una crida a aconseguir &#8220;grans vict\u00f2ries socialistes al Parlament balear, al Consell Insular i als ajuntaments de la nostra illa&#8221;. Segons ha dit, &#8220;estam preparats, estam preparades, per guanyar.&hellip;","og_url":"https:\/\/www.psib-psoe.org\/eivissa\/el-psoe-deivissa-tanca-la-campanya-del-26m-amb-una-crida-a-aconseguir-grans-victories-socialistes-al-parlament-al-consell-insular-i-als-ajuntaments-de-la-nostra-illa\/","og_site_name":"Federaci\u00f3 Socialista d&#039;Eivissa","article_published_time":"2019-05-24T20:26:25+00:00","article_modified_time":"2020-04-14T11:23:54+00:00","author":"Josep Ripoll","twitter_card":"summary_large_image","twitter_misc":{"Escrit per":"Josep Ripoll","Temps estimat de lectura":"3 minuts"},"schema":{"@context":"https:\/\/schema.org","@graph":[{"@type":["Article","BlogPosting"],"@id":"https:\/\/www.psib-psoe.org\/eivissa\/el-psoe-deivissa-tanca-la-campanya-del-26m-amb-una-crida-a-aconseguir-grans-victories-socialistes-al-parlament-al-consell-insular-i-als-ajuntaments-de-la-nostra-illa\/#article","isPartOf":{"@id":"https:\/\/www.psib-psoe.org\/eivissa\/el-psoe-deivissa-tanca-la-campanya-del-26m-amb-una-crida-a-aconseguir-grans-victories-socialistes-al-parlament-al-consell-insular-i-als-ajuntaments-de-la-nostra-illa\/"},"author":{"name":"Josep Ripoll","@id":"https:\/\/www.psib-psoe.org\/eivissa\/#\/schema\/person\/7a9d2841fb36f32e34fc0e9b245e8117"},"headline":"El PSOE d&#8217;Eivissa tanca la campanya del 26M amb una crida a aconseguir &#8220;grans vict\u00f2ries socialistes al Parlament, al Consell Insular i als ajuntaments de la nostra illa&#8221;","datePublished":"2019-05-24T20:26:25+00:00","dateModified":"2020-04-14T11:23:54+00:00","mainEntityOfPage":{"@id":"https:\/\/www.psib-psoe.org\/eivissa\/el-psoe-deivissa-tanca-la-campanya-del-26m-amb-una-crida-a-aconseguir-grans-victories-socialistes-al-parlament-al-consell-insular-i-als-ajuntaments-de-la-nostra-illa\/"},"wordCount":686,"commentCount":0,"publisher":{"@id":"https:\/\/www.psib-psoe.org\/eivissa\/#organization"},"image":{"@id":"https:\/\/www.psib-psoe.org\/eivissa\/el-psoe-deivissa-tanca-la-campanya-del-26m-amb-una-crida-a-aconseguir-grans-victories-socialistes-al-parlament-al-consell-insular-i-als-ajuntaments-de-la-nostra-illa\/#primaryimage"},"thumbnailUrl":"","articleSection":["Federaci\u00f3 d'Eivissa - Portada","Municipis","Sant Antoni de Portmany","Sant Joan de Labritja","Sant Josep de sa Talaia","Santa Eul\u00e0ria des Riu"],"inLanguage":"ca","potentialAction":[{"@type":"CommentAction","name":"Comment","target":["https:\/\/www.psib-psoe.org\/eivissa\/el-psoe-deivissa-tanca-la-campanya-del-26m-amb-una-crida-a-aconseguir-grans-victories-socialistes-al-parlament-al-consell-insular-i-als-ajuntaments-de-la-nostra-illa\/#respond"]}]},{"@type":"WebPage","@id":"https:\/\/www.psib-psoe.org\/eivissa\/el-psoe-deivissa-tanca-la-campanya-del-26m-amb-una-crida-a-aconseguir-grans-victories-socialistes-al-parlament-al-consell-insular-i-als-ajuntaments-de-la-nostra-illa\/","url":"https:\/\/www.psib-psoe.org\/eivissa\/el-psoe-deivissa-tanca-la-campanya-del-26m-amb-una-crida-a-aconseguir-grans-victories-socialistes-al-parlament-al-consell-insular-i-als-ajuntaments-de-la-nostra-illa\/","name":"El PSOE d'Eivissa tanca la campanya del 26M amb una crida a aconseguir \"grans vict\u00f2ries socialistes al Parlament, al Consell Insular i als ajuntaments de la nostra illa\" - Federaci\u00f3 Socialista d&#039;Eivissa","isPartOf":{"@id":"https:\/\/www.psib-psoe.org\/eivissa\/#website"},"primaryImageOfPage":{"@id":"https:\/\/www.psib-psoe.org\/eivissa\/el-psoe-deivissa-tanca-la-campanya-del-26m-amb-una-crida-a-aconseguir-grans-victories-socialistes-al-parlament-al-consell-insular-i-als-ajuntaments-de-la-nostra-illa\/#primaryimage"},"image":{"@id":"https:\/\/www.psib-psoe.org\/eivissa\/el-psoe-deivissa-tanca-la-campanya-del-26m-amb-una-crida-a-aconseguir-grans-victories-socialistes-al-parlament-al-consell-insular-i-als-ajuntaments-de-la-nostra-illa\/#primaryimage"},"thumbnailUrl":"","datePublished":"2019-05-24T20:26:25+00:00","dateModified":"2020-04-14T11:23:54+00:00","breadcrumb":{"@id":"https:\/\/www.psib-psoe.org\/eivissa\/el-psoe-deivissa-tanca-la-campanya-del-26m-amb-una-crida-a-aconseguir-grans-victories-socialistes-al-parlament-al-consell-insular-i-als-ajuntaments-de-la-nostra-illa\/#breadcrumb"},"inLanguage":"ca","potentialAction":[{"@type":"ReadAction","target":["https:\/\/www.psib-psoe.org\/eivissa\/el-psoe-deivissa-tanca-la-campanya-del-26m-amb-una-crida-a-aconseguir-grans-victories-socialistes-al-parlament-al-consell-insular-i-als-ajuntaments-de-la-nostra-illa\/"]}]},{"@type":"ImageObject","inLanguage":"ca","@id":"https:\/\/www.psib-psoe.org\/eivissa\/el-psoe-deivissa-tanca-la-campanya-del-26m-amb-una-crida-a-aconseguir-grans-victories-socialistes-al-parlament-al-consell-insular-i-als-ajuntaments-de-la-nostra-illa\/#primaryimage","url":"","contentUrl":""},{"@type":"BreadcrumbList","@id":"https:\/\/www.psib-psoe.org\/eivissa\/el-psoe-deivissa-tanca-la-campanya-del-26m-amb-una-crida-a-aconseguir-grans-victories-socialistes-al-parlament-al-consell-insular-i-als-ajuntaments-de-la-nostra-illa\/#breadcrumb","itemListElement":[{"@type":"ListItem","position":1,"name":"Inici","item":"https:\/\/www.psib-psoe.org\/eivissa\/"},{"@type":"ListItem","position":2,"name":"El PSOE d&#8217;Eivissa tanca la campanya del 26M amb una crida a aconseguir &#8220;grans vict\u00f2ries socialistes al Parlament, al Consell Insular i als ajuntaments de la nostra illa&#8221;"}]},{"@type":"WebSite","@id":"https:\/\/www.psib-psoe.org\/eivissa\/#website","url":"https:\/\/www.psib-psoe.org\/eivissa\/","name":"Federaci\u00f3 Socialista d'Eivissa","description":"Socialistes d&#039;Eivissa","publisher":{"@id":"https:\/\/www.psib-psoe.org\/eivissa\/#organization"},"potentialAction":[{"@type":"SearchAction","target":{"@type":"EntryPoint","urlTemplate":"https:\/\/www.psib-psoe.org\/eivissa\/?s={search_term_string}"},"query-input":{"@type":"PropertyValueSpecification","valueRequired":true,"valueName":"search_term_string"}}],"inLanguage":"ca"},{"@type":"Organization","@id":"https:\/\/www.psib-psoe.org\/eivissa\/#organization","name":"Federaci\u00f3 Socialista d'Eivissa","url":"https:\/\/www.psib-psoe.org\/eivissa\/","logo":{"@type":"ImageObject","inLanguage":"ca","@id":"https:\/\/www.psib-psoe.org\/eivissa\/#\/schema\/logo\/image\/","url":"https:\/\/www.psib-psoe.org\/eivissa\/wp-content\/uploads\/LOGO-FSE-SOCIALISTA-DEIVISSA-HORI.png","contentUrl":"https:\/\/www.psib-psoe.org\/eivissa\/wp-content\/uploads\/LOGO-FSE-SOCIALISTA-DEIVISSA-HORI.png","width":6000,"height":3104,"caption":"Federaci\u00f3 Socialista d'Eivissa"},"image":{"@id":"https:\/\/www.psib-psoe.org\/eivissa\/#\/schema\/logo\/image\/"}},{"@type":"Person","@id":"https:\/\/www.psib-psoe.org\/eivissa\/#\/schema\/person\/7a9d2841fb36f32e34fc0e9b245e8117","name":"Josep Ripoll","sameAs":["http:\/\/www.psib-psoe.org\/eivissa\/wp-login.php"],"url":"https:\/\/www.psib-psoe.org\/eivissa\/author\/josep\/"}]}},"_links":{"self":[{"href":"https:\/\/www.psib-psoe.org\/eivissa\/wp-json\/wp\/v2\/posts\/14181","targetHints":{"allow":["GET"]}}],"collection":[{"href":"https:\/\/www.psib-psoe.org\/eivissa\/wp-json\/wp\/v2\/posts"}],"about":[{"href":"https:\/\/www.psib-psoe.org\/eivissa\/wp-json\/wp\/v2\/types\/post"}],"author":[{"embeddable":true,"href":"https:\/\/www.psib-psoe.org\/eivissa\/wp-json\/wp\/v2\/users\/7"}],"replies":[{"embeddable":true,"href":"https:\/\/www.psib-psoe.org\/eivissa\/wp-json\/wp\/v2\/comments?post=14181"}],"version-history":[{"count":1,"href":"https:\/\/www.psib-psoe.org\/eivissa\/wp-json\/wp\/v2\/posts\/14181\/revisions"}],"predecessor-version":[{"id":26760,"href":"https:\/\/www.psib-psoe.org\/eivissa\/wp-json\/wp\/v2\/posts\/14181\/revisions\/26760"}],"wp:featuredmedia":[{"embeddable":true,"href":"https:\/\/www.psib-psoe.org\/eivissa\/wp-json\/"}],"wp:attachment":[{"href":"https:\/\/www.psib-psoe.org\/eivissa\/wp-json\/wp\/v2\/media?parent=14181"}],"wp:term":[{"taxonomy":"category","embeddable":true,"href":"https:\/\/www.psib-psoe.org\/eivissa\/wp-json\/wp\/v2\/categories?post=14181"},{"taxonomy":"post_tag","embeddable":true,"href":"https:\/\/www.psib-psoe.org\/eivissa\/wp-json\/wp\/v2\/tags?post=14181"}],"curies":[{"name":"wp","href":"https:\/\/api.w.org\/{rel}","templated":true}]}}