{"id":14363,"date":"2019-09-20T11:52:16","date_gmt":"2019-09-20T11:52:16","guid":{"rendered":"http:\/\/www.psoeeivissa.es\/?p=14363"},"modified":"2020-04-14T13:22:23","modified_gmt":"2020-04-14T11:22:23","slug":"psoe-reinicia-exigeix-lanullacio-de-la-convocatoria-irregular-de-la-placa-de-cap-operatiu-adjunt-de-la-policia-local-de-sant-antoni","status":"publish","type":"post","link":"https:\/\/www.psib-psoe.org\/eivissa\/psoe-reinicia-exigeix-lanullacio-de-la-convocatoria-irregular-de-la-placa-de-cap-operatiu-adjunt-de-la-policia-local-de-sant-antoni\/","title":{"rendered":"PSOE-Reinicia exigeix l&#8217;anul\u00b7laci\u00f3 de la convocat\u00f2ria irregular de la pla\u00e7a de cap operatiu adjunt de la Pol\u00edcia Local de Sant Antoni"},"content":{"rendered":"<p>El grup municipal PSOE-Reinicia exigir\u00e0 en el pr\u00f2xim ple de l&#8217;Ajuntament de Sant Antoni de\u00a0Portmany\u00a0l&#8217;anul\u00b7laci\u00f3 de la convocat\u00f2ria totalment irregular d&#8217;una pla\u00e7a d&#8217;oficial amb funcions de cap operatiu adjunt de la\u00a0Pol\u00edcia\u00a0Local. La citada pla\u00e7a, convocada el passat 11 de setembre, incompleix clarament la Llei 4\/2013, de 17 de juliol, de coordinaci\u00f3 de les policies locals de les Illes Balears, modificada per la Llei 11\/2017, i el Decret 40\/2019, de 24 de maig, pel qual s&#8217;aprova el Reglament marc de coordinaci\u00f3 de les policies locals de les Illes Balears.<\/p>\n<p>La convocat\u00f2ria de la pla\u00e7a estableix que les funcions seran fer-se enc\u00e0rrec del funcionament i del disseny d&#8217;operatius policials en els torns de mat\u00ed, tarda i nit, i de les unitats policials al costat dels responsables policials.<\/p>\n<p>No obstant aix\u00f2, la Llei i el decret que la desenvolupa\u00a0recullen\u00a0de forma expressa i amb absoluta claredat que la funci\u00f3 de &#8220;comandament operatiu&#8221; recau en la persona que ostenti la prefectura de la policia local, que en el cas de Sant Antoni \u00e9s l&#8217;inspector cap de la Policia de Sant Antoni de\u00a0Portmany\u00a0per ser aquest qui t\u00e9 assignada la Prefectura de la Policia Local, i en cap cas pot un oficial de la Policia Local (tret que fos ostentada la prefectura de forma accidental per abs\u00e8ncia de la persona nomenada o fos nomenat expressament per l&#8217;alcalde per a ostentar la prefectura).<\/p>\n<p>De les funcions assignades a cada comandament en el Reglament de Policies Locals, d&#8217;acord amb l&#8217;escala i categoria a la qual pertany, es despr\u00e8n que correspon a l&#8217;Inspector i Sotsinspector de la Policia Local de Sant Antoni la responsabilitat immediata en la planificaci\u00f3 i l&#8217;execuci\u00f3 dels serveis, i als oficials realitzar les funcions planificades pels superiors. No es contempla la funci\u00f3 de comandament operatiu en cap de les escales i categories citades.<\/p>\n<p>Per tot aix\u00f2, el grup PSOE-Reinicia de l&#8217;Ajuntament de Sant Antoni exigir\u00e0 en el pr\u00f2xim ple l&#8217;anul\u00b7laci\u00f3 de la convocat\u00f2ria per ser clarament irregular. En tot cas, si l&#8217;equip de govern de Sant Antoni vol assignar funcions molt especialitzades a algun dels oficials de la Policia Local de Sant Antoni, sens dubte pot fer-ho, per\u00f2 sempre dins del marc legal.<\/p>\n<p>En aquest sentit, PSOE-Reinicia proposar\u00e0 en el ple de setembre la creaci\u00f3 de la categoria d&#8217;Oficial de primera, en el marc de la carrera horitzontal legalment establert, fent efectius els principis d&#8217;igualtat, m\u00e8rit i capacitat i garantint un sistema objectiu d&#8217;avaluaci\u00f3 del compliment de les funcions, o b\u00e9 mitjan\u00e7ant l&#8217;aprovaci\u00f3 d&#8217;un nou Reglament d&#8217;Organitzaci\u00f3 i Funcionament de la Policia Local de Sant Antoni de\u00a0Portmany, en el qual s&#8217;ampli\u00efn i concretin les funcions de les diferents categories en les quals s&#8217;estructura la Policia Local de Sant Antoni de\u00a0Portmany.<\/p>\n","protected":false},"excerpt":{"rendered":"<p>El grup municipal PSOE-Reinicia exigir\u00e0 en el pr\u00f2xim ple de l&#8217;Ajuntament de Sant Antoni de\u00a0Portmany\u00a0l&#8217;anul\u00b7laci\u00f3 de la convocat\u00f2ria totalment irregular d&#8217;una pla\u00e7a d&#8217;oficial amb funcions de cap operatiu adjunt de la\u00a0Pol\u00edcia\u00a0Local. La citada pla\u00e7a, convocada el passat 11 de setembre, incompleix clarament la Llei 4\/2013, de 17 de juliol, de coordinaci\u00f3 de les policies locals&hellip;<\/p>\n","protected":false},"author":6,"featured_media":14343,"comment_status":"closed","ping_status":"closed","sticky":false,"template":"","format":"standard","meta":{"footnotes":""},"categories":[1,234,188],"tags":[],"class_list":["post-14363","post","type-post","status-publish","format-standard","has-post-thumbnail","hentry","category-federacio-de-eivissa-portada","category-municipis","category-sant-antoni-de-portmany"],"yoast_head":"<!-- This site is optimized with the Yoast SEO plugin v26.9 - https:\/\/yoast.com\/product\/yoast-seo-wordpress\/ -->\n<title>PSOE-Reinicia exigeix l&#039;anul\u00b7laci\u00f3 de la convocat\u00f2ria irregular de la pla\u00e7a de cap operatiu adjunt de la Pol\u00edcia Local de Sant Antoni - Federaci\u00f3 Socialista d&#039;Eivissa<\/title>\n<meta name=\"robots\" content=\"index, follow, max-snippet:-1, max-image-preview:large, max-video-preview:-1\" \/>\n<link rel=\"canonical\" href=\"https:\/\/www.psib-psoe.org\/eivissa\/psoe-reinicia-exigeix-lanullacio-de-la-convocatoria-irregular-de-la-placa-de-cap-operatiu-adjunt-de-la-policia-local-de-sant-antoni\/\" \/>\n<meta property=\"og:locale\" content=\"ca_ES\" \/>\n<meta property=\"og:type\" content=\"article\" \/>\n<meta property=\"og:title\" content=\"PSOE-Reinicia exigeix l&#039;anul\u00b7laci\u00f3 de la convocat\u00f2ria irregular de la pla\u00e7a de cap operatiu adjunt de la Pol\u00edcia Local de Sant Antoni - Federaci\u00f3 Socialista d&#039;Eivissa\" \/>\n<meta property=\"og:description\" content=\"El grup municipal PSOE-Reinicia exigir\u00e0 en el pr\u00f2xim ple de l&#8217;Ajuntament de Sant Antoni de\u00a0Portmany\u00a0l&#8217;anul\u00b7laci\u00f3 de la convocat\u00f2ria totalment irregular d&#8217;una pla\u00e7a d&#8217;oficial amb funcions de cap operatiu adjunt de la\u00a0Pol\u00edcia\u00a0Local. La citada pla\u00e7a, convocada el passat 11 de setembre, incompleix clarament la Llei 4\/2013, de 17 de juliol, de coordinaci\u00f3 de les policies locals&hellip;\" \/>\n<meta property=\"og:url\" content=\"https:\/\/www.psib-psoe.org\/eivissa\/psoe-reinicia-exigeix-lanullacio-de-la-convocatoria-irregular-de-la-placa-de-cap-operatiu-adjunt-de-la-policia-local-de-sant-antoni\/\" \/>\n<meta property=\"og:site_name\" content=\"Federaci\u00f3 Socialista d&#039;Eivissa\" \/>\n<meta property=\"article:published_time\" content=\"2019-09-20T11:52:16+00:00\" \/>\n<meta property=\"article:modified_time\" content=\"2020-04-14T11:22:23+00:00\" \/>\n<meta name=\"author\" content=\"alan\" \/>\n<meta name=\"twitter:card\" content=\"summary_large_image\" \/>\n<meta name=\"twitter:label1\" content=\"Escrit per\" \/>\n\t<meta name=\"twitter:data1\" content=\"alan\" \/>\n\t<meta name=\"twitter:label2\" content=\"Temps estimat de lectura\" \/>\n\t<meta name=\"twitter:data2\" content=\"2 minuts\" \/>\n<script type=\"application\/ld+json\" class=\"yoast-schema-graph\">{\"@context\":\"https:\/\/schema.org\",\"@graph\":[{\"@type\":[\"Article\",\"BlogPosting\"],\"@id\":\"https:\/\/www.psib-psoe.org\/eivissa\/psoe-reinicia-exigeix-lanullacio-de-la-convocatoria-irregular-de-la-placa-de-cap-operatiu-adjunt-de-la-policia-local-de-sant-antoni\/#article\",\"isPartOf\":{\"@id\":\"https:\/\/www.psib-psoe.org\/eivissa\/psoe-reinicia-exigeix-lanullacio-de-la-convocatoria-irregular-de-la-placa-de-cap-operatiu-adjunt-de-la-policia-local-de-sant-antoni\/\"},\"author\":{\"name\":\"alan\",\"@id\":\"https:\/\/www.psib-psoe.org\/eivissa\/#\/schema\/person\/9925a91b477314bd337b45177caee45d\"},\"headline\":\"PSOE-Reinicia exigeix l&#8217;anul\u00b7laci\u00f3 de la convocat\u00f2ria irregular de la pla\u00e7a de cap operatiu adjunt de la Pol\u00edcia Local de Sant Antoni\",\"datePublished\":\"2019-09-20T11:52:16+00:00\",\"dateModified\":\"2020-04-14T11:22:23+00:00\",\"mainEntityOfPage\":{\"@id\":\"https:\/\/www.psib-psoe.org\/eivissa\/psoe-reinicia-exigeix-lanullacio-de-la-convocatoria-irregular-de-la-placa-de-cap-operatiu-adjunt-de-la-policia-local-de-sant-antoni\/\"},\"wordCount\":490,\"publisher\":{\"@id\":\"https:\/\/www.psib-psoe.org\/eivissa\/#organization\"},\"image\":{\"@id\":\"https:\/\/www.psib-psoe.org\/eivissa\/psoe-reinicia-exigeix-lanullacio-de-la-convocatoria-irregular-de-la-placa-de-cap-operatiu-adjunt-de-la-policia-local-de-sant-antoni\/#primaryimage\"},\"thumbnailUrl\":\"\",\"articleSection\":[\"Federaci\u00f3 d'Eivissa - Portada\",\"Municipis\",\"Sant Antoni de Portmany\"],\"inLanguage\":\"ca\"},{\"@type\":\"WebPage\",\"@id\":\"https:\/\/www.psib-psoe.org\/eivissa\/psoe-reinicia-exigeix-lanullacio-de-la-convocatoria-irregular-de-la-placa-de-cap-operatiu-adjunt-de-la-policia-local-de-sant-antoni\/\",\"url\":\"https:\/\/www.psib-psoe.org\/eivissa\/psoe-reinicia-exigeix-lanullacio-de-la-convocatoria-irregular-de-la-placa-de-cap-operatiu-adjunt-de-la-policia-local-de-sant-antoni\/\",\"name\":\"PSOE-Reinicia exigeix l'anul\u00b7laci\u00f3 de la convocat\u00f2ria irregular de la pla\u00e7a de cap operatiu adjunt de la Pol\u00edcia Local de Sant Antoni - Federaci\u00f3 Socialista d&#039;Eivissa\",\"isPartOf\":{\"@id\":\"https:\/\/www.psib-psoe.org\/eivissa\/#website\"},\"primaryImageOfPage\":{\"@id\":\"https:\/\/www.psib-psoe.org\/eivissa\/psoe-reinicia-exigeix-lanullacio-de-la-convocatoria-irregular-de-la-placa-de-cap-operatiu-adjunt-de-la-policia-local-de-sant-antoni\/#primaryimage\"},\"image\":{\"@id\":\"https:\/\/www.psib-psoe.org\/eivissa\/psoe-reinicia-exigeix-lanullacio-de-la-convocatoria-irregular-de-la-placa-de-cap-operatiu-adjunt-de-la-policia-local-de-sant-antoni\/#primaryimage\"},\"thumbnailUrl\":\"\",\"datePublished\":\"2019-09-20T11:52:16+00:00\",\"dateModified\":\"2020-04-14T11:22:23+00:00\",\"breadcrumb\":{\"@id\":\"https:\/\/www.psib-psoe.org\/eivissa\/psoe-reinicia-exigeix-lanullacio-de-la-convocatoria-irregular-de-la-placa-de-cap-operatiu-adjunt-de-la-policia-local-de-sant-antoni\/#breadcrumb\"},\"inLanguage\":\"ca\",\"potentialAction\":[{\"@type\":\"ReadAction\",\"target\":[\"https:\/\/www.psib-psoe.org\/eivissa\/psoe-reinicia-exigeix-lanullacio-de-la-convocatoria-irregular-de-la-placa-de-cap-operatiu-adjunt-de-la-policia-local-de-sant-antoni\/\"]}]},{\"@type\":\"ImageObject\",\"inLanguage\":\"ca\",\"@id\":\"https:\/\/www.psib-psoe.org\/eivissa\/psoe-reinicia-exigeix-lanullacio-de-la-convocatoria-irregular-de-la-placa-de-cap-operatiu-adjunt-de-la-policia-local-de-sant-antoni\/#primaryimage\",\"url\":\"\",\"contentUrl\":\"\"},{\"@type\":\"BreadcrumbList\",\"@id\":\"https:\/\/www.psib-psoe.org\/eivissa\/psoe-reinicia-exigeix-lanullacio-de-la-convocatoria-irregular-de-la-placa-de-cap-operatiu-adjunt-de-la-policia-local-de-sant-antoni\/#breadcrumb\",\"itemListElement\":[{\"@type\":\"ListItem\",\"position\":1,\"name\":\"Inici\",\"item\":\"https:\/\/www.psib-psoe.org\/eivissa\/\"},{\"@type\":\"ListItem\",\"position\":2,\"name\":\"PSOE-Reinicia exigeix l&#8217;anul\u00b7laci\u00f3 de la convocat\u00f2ria irregular de la pla\u00e7a de cap operatiu adjunt de la Pol\u00edcia Local de Sant Antoni\"}]},{\"@type\":\"WebSite\",\"@id\":\"https:\/\/www.psib-psoe.org\/eivissa\/#website\",\"url\":\"https:\/\/www.psib-psoe.org\/eivissa\/\",\"name\":\"Federaci\u00f3 Socialista d'Eivissa\",\"description\":\"Socialistes d&#039;Eivissa\",\"publisher\":{\"@id\":\"https:\/\/www.psib-psoe.org\/eivissa\/#organization\"},\"potentialAction\":[{\"@type\":\"SearchAction\",\"target\":{\"@type\":\"EntryPoint\",\"urlTemplate\":\"https:\/\/www.psib-psoe.org\/eivissa\/?s={search_term_string}\"},\"query-input\":{\"@type\":\"PropertyValueSpecification\",\"valueRequired\":true,\"valueName\":\"search_term_string\"}}],\"inLanguage\":\"ca\"},{\"@type\":\"Organization\",\"@id\":\"https:\/\/www.psib-psoe.org\/eivissa\/#organization\",\"name\":\"Federaci\u00f3 Socialista d'Eivissa\",\"url\":\"https:\/\/www.psib-psoe.org\/eivissa\/\",\"logo\":{\"@type\":\"ImageObject\",\"inLanguage\":\"ca\",\"@id\":\"https:\/\/www.psib-psoe.org\/eivissa\/#\/schema\/logo\/image\/\",\"url\":\"https:\/\/www.psib-psoe.org\/eivissa\/wp-content\/uploads\/LOGO-FSE-SOCIALISTA-DEIVISSA-HORI.png\",\"contentUrl\":\"https:\/\/www.psib-psoe.org\/eivissa\/wp-content\/uploads\/LOGO-FSE-SOCIALISTA-DEIVISSA-HORI.png\",\"width\":6000,\"height\":3104,\"caption\":\"Federaci\u00f3 Socialista d'Eivissa\"},\"image\":{\"@id\":\"https:\/\/www.psib-psoe.org\/eivissa\/#\/schema\/logo\/image\/\"}},{\"@type\":\"Person\",\"@id\":\"https:\/\/www.psib-psoe.org\/eivissa\/#\/schema\/person\/9925a91b477314bd337b45177caee45d\",\"name\":\"alan\",\"url\":\"https:\/\/www.psib-psoe.org\/eivissa\/author\/alan\/\"}]}<\/script>\n<!-- \/ Yoast SEO plugin. -->","yoast_head_json":{"title":"PSOE-Reinicia exigeix l'anul\u00b7laci\u00f3 de la convocat\u00f2ria irregular de la pla\u00e7a de cap operatiu adjunt de la Pol\u00edcia Local de Sant Antoni - Federaci\u00f3 Socialista d&#039;Eivissa","robots":{"index":"index","follow":"follow","max-snippet":"max-snippet:-1","max-image-preview":"max-image-preview:large","max-video-preview":"max-video-preview:-1"},"canonical":"https:\/\/www.psib-psoe.org\/eivissa\/psoe-reinicia-exigeix-lanullacio-de-la-convocatoria-irregular-de-la-placa-de-cap-operatiu-adjunt-de-la-policia-local-de-sant-antoni\/","og_locale":"ca_ES","og_type":"article","og_title":"PSOE-Reinicia exigeix l'anul\u00b7laci\u00f3 de la convocat\u00f2ria irregular de la pla\u00e7a de cap operatiu adjunt de la Pol\u00edcia Local de Sant Antoni - Federaci\u00f3 Socialista d&#039;Eivissa","og_description":"El grup municipal PSOE-Reinicia exigir\u00e0 en el pr\u00f2xim ple de l&#8217;Ajuntament de Sant Antoni de\u00a0Portmany\u00a0l&#8217;anul\u00b7laci\u00f3 de la convocat\u00f2ria totalment irregular d&#8217;una pla\u00e7a d&#8217;oficial amb funcions de cap operatiu adjunt de la\u00a0Pol\u00edcia\u00a0Local. La citada pla\u00e7a, convocada el passat 11 de setembre, incompleix clarament la Llei 4\/2013, de 17 de juliol, de coordinaci\u00f3 de les policies locals&hellip;","og_url":"https:\/\/www.psib-psoe.org\/eivissa\/psoe-reinicia-exigeix-lanullacio-de-la-convocatoria-irregular-de-la-placa-de-cap-operatiu-adjunt-de-la-policia-local-de-sant-antoni\/","og_site_name":"Federaci\u00f3 Socialista d&#039;Eivissa","article_published_time":"2019-09-20T11:52:16+00:00","article_modified_time":"2020-04-14T11:22:23+00:00","author":"alan","twitter_card":"summary_large_image","twitter_misc":{"Escrit per":"alan","Temps estimat de lectura":"2 minuts"},"schema":{"@context":"https:\/\/schema.org","@graph":[{"@type":["Article","BlogPosting"],"@id":"https:\/\/www.psib-psoe.org\/eivissa\/psoe-reinicia-exigeix-lanullacio-de-la-convocatoria-irregular-de-la-placa-de-cap-operatiu-adjunt-de-la-policia-local-de-sant-antoni\/#article","isPartOf":{"@id":"https:\/\/www.psib-psoe.org\/eivissa\/psoe-reinicia-exigeix-lanullacio-de-la-convocatoria-irregular-de-la-placa-de-cap-operatiu-adjunt-de-la-policia-local-de-sant-antoni\/"},"author":{"name":"alan","@id":"https:\/\/www.psib-psoe.org\/eivissa\/#\/schema\/person\/9925a91b477314bd337b45177caee45d"},"headline":"PSOE-Reinicia exigeix l&#8217;anul\u00b7laci\u00f3 de la convocat\u00f2ria irregular de la pla\u00e7a de cap operatiu adjunt de la Pol\u00edcia Local de Sant Antoni","datePublished":"2019-09-20T11:52:16+00:00","dateModified":"2020-04-14T11:22:23+00:00","mainEntityOfPage":{"@id":"https:\/\/www.psib-psoe.org\/eivissa\/psoe-reinicia-exigeix-lanullacio-de-la-convocatoria-irregular-de-la-placa-de-cap-operatiu-adjunt-de-la-policia-local-de-sant-antoni\/"},"wordCount":490,"publisher":{"@id":"https:\/\/www.psib-psoe.org\/eivissa\/#organization"},"image":{"@id":"https:\/\/www.psib-psoe.org\/eivissa\/psoe-reinicia-exigeix-lanullacio-de-la-convocatoria-irregular-de-la-placa-de-cap-operatiu-adjunt-de-la-policia-local-de-sant-antoni\/#primaryimage"},"thumbnailUrl":"","articleSection":["Federaci\u00f3 d'Eivissa - Portada","Municipis","Sant Antoni de Portmany"],"inLanguage":"ca"},{"@type":"WebPage","@id":"https:\/\/www.psib-psoe.org\/eivissa\/psoe-reinicia-exigeix-lanullacio-de-la-convocatoria-irregular-de-la-placa-de-cap-operatiu-adjunt-de-la-policia-local-de-sant-antoni\/","url":"https:\/\/www.psib-psoe.org\/eivissa\/psoe-reinicia-exigeix-lanullacio-de-la-convocatoria-irregular-de-la-placa-de-cap-operatiu-adjunt-de-la-policia-local-de-sant-antoni\/","name":"PSOE-Reinicia exigeix l'anul\u00b7laci\u00f3 de la convocat\u00f2ria irregular de la pla\u00e7a de cap operatiu adjunt de la Pol\u00edcia Local de Sant Antoni - Federaci\u00f3 Socialista d&#039;Eivissa","isPartOf":{"@id":"https:\/\/www.psib-psoe.org\/eivissa\/#website"},"primaryImageOfPage":{"@id":"https:\/\/www.psib-psoe.org\/eivissa\/psoe-reinicia-exigeix-lanullacio-de-la-convocatoria-irregular-de-la-placa-de-cap-operatiu-adjunt-de-la-policia-local-de-sant-antoni\/#primaryimage"},"image":{"@id":"https:\/\/www.psib-psoe.org\/eivissa\/psoe-reinicia-exigeix-lanullacio-de-la-convocatoria-irregular-de-la-placa-de-cap-operatiu-adjunt-de-la-policia-local-de-sant-antoni\/#primaryimage"},"thumbnailUrl":"","datePublished":"2019-09-20T11:52:16+00:00","dateModified":"2020-04-14T11:22:23+00:00","breadcrumb":{"@id":"https:\/\/www.psib-psoe.org\/eivissa\/psoe-reinicia-exigeix-lanullacio-de-la-convocatoria-irregular-de-la-placa-de-cap-operatiu-adjunt-de-la-policia-local-de-sant-antoni\/#breadcrumb"},"inLanguage":"ca","potentialAction":[{"@type":"ReadAction","target":["https:\/\/www.psib-psoe.org\/eivissa\/psoe-reinicia-exigeix-lanullacio-de-la-convocatoria-irregular-de-la-placa-de-cap-operatiu-adjunt-de-la-policia-local-de-sant-antoni\/"]}]},{"@type":"ImageObject","inLanguage":"ca","@id":"https:\/\/www.psib-psoe.org\/eivissa\/psoe-reinicia-exigeix-lanullacio-de-la-convocatoria-irregular-de-la-placa-de-cap-operatiu-adjunt-de-la-policia-local-de-sant-antoni\/#primaryimage","url":"","contentUrl":""},{"@type":"BreadcrumbList","@id":"https:\/\/www.psib-psoe.org\/eivissa\/psoe-reinicia-exigeix-lanullacio-de-la-convocatoria-irregular-de-la-placa-de-cap-operatiu-adjunt-de-la-policia-local-de-sant-antoni\/#breadcrumb","itemListElement":[{"@type":"ListItem","position":1,"name":"Inici","item":"https:\/\/www.psib-psoe.org\/eivissa\/"},{"@type":"ListItem","position":2,"name":"PSOE-Reinicia exigeix l&#8217;anul\u00b7laci\u00f3 de la convocat\u00f2ria irregular de la pla\u00e7a de cap operatiu adjunt de la Pol\u00edcia Local de Sant Antoni"}]},{"@type":"WebSite","@id":"https:\/\/www.psib-psoe.org\/eivissa\/#website","url":"https:\/\/www.psib-psoe.org\/eivissa\/","name":"Federaci\u00f3 Socialista d'Eivissa","description":"Socialistes d&#039;Eivissa","publisher":{"@id":"https:\/\/www.psib-psoe.org\/eivissa\/#organization"},"potentialAction":[{"@type":"SearchAction","target":{"@type":"EntryPoint","urlTemplate":"https:\/\/www.psib-psoe.org\/eivissa\/?s={search_term_string}"},"query-input":{"@type":"PropertyValueSpecification","valueRequired":true,"valueName":"search_term_string"}}],"inLanguage":"ca"},{"@type":"Organization","@id":"https:\/\/www.psib-psoe.org\/eivissa\/#organization","name":"Federaci\u00f3 Socialista d'Eivissa","url":"https:\/\/www.psib-psoe.org\/eivissa\/","logo":{"@type":"ImageObject","inLanguage":"ca","@id":"https:\/\/www.psib-psoe.org\/eivissa\/#\/schema\/logo\/image\/","url":"https:\/\/www.psib-psoe.org\/eivissa\/wp-content\/uploads\/LOGO-FSE-SOCIALISTA-DEIVISSA-HORI.png","contentUrl":"https:\/\/www.psib-psoe.org\/eivissa\/wp-content\/uploads\/LOGO-FSE-SOCIALISTA-DEIVISSA-HORI.png","width":6000,"height":3104,"caption":"Federaci\u00f3 Socialista d'Eivissa"},"image":{"@id":"https:\/\/www.psib-psoe.org\/eivissa\/#\/schema\/logo\/image\/"}},{"@type":"Person","@id":"https:\/\/www.psib-psoe.org\/eivissa\/#\/schema\/person\/9925a91b477314bd337b45177caee45d","name":"alan","url":"https:\/\/www.psib-psoe.org\/eivissa\/author\/alan\/"}]}},"_links":{"self":[{"href":"https:\/\/www.psib-psoe.org\/eivissa\/wp-json\/wp\/v2\/posts\/14363","targetHints":{"allow":["GET"]}}],"collection":[{"href":"https:\/\/www.psib-psoe.org\/eivissa\/wp-json\/wp\/v2\/posts"}],"about":[{"href":"https:\/\/www.psib-psoe.org\/eivissa\/wp-json\/wp\/v2\/types\/post"}],"author":[{"embeddable":true,"href":"https:\/\/www.psib-psoe.org\/eivissa\/wp-json\/wp\/v2\/users\/6"}],"replies":[{"embeddable":true,"href":"https:\/\/www.psib-psoe.org\/eivissa\/wp-json\/wp\/v2\/comments?post=14363"}],"version-history":[{"count":1,"href":"https:\/\/www.psib-psoe.org\/eivissa\/wp-json\/wp\/v2\/posts\/14363\/revisions"}],"predecessor-version":[{"id":26749,"href":"https:\/\/www.psib-psoe.org\/eivissa\/wp-json\/wp\/v2\/posts\/14363\/revisions\/26749"}],"wp:featuredmedia":[{"embeddable":true,"href":"https:\/\/www.psib-psoe.org\/eivissa\/wp-json\/"}],"wp:attachment":[{"href":"https:\/\/www.psib-psoe.org\/eivissa\/wp-json\/wp\/v2\/media?parent=14363"}],"wp:term":[{"taxonomy":"category","embeddable":true,"href":"https:\/\/www.psib-psoe.org\/eivissa\/wp-json\/wp\/v2\/categories?post=14363"},{"taxonomy":"post_tag","embeddable":true,"href":"https:\/\/www.psib-psoe.org\/eivissa\/wp-json\/wp\/v2\/tags?post=14363"}],"curies":[{"name":"wp","href":"https:\/\/api.w.org\/{rel}","templated":true}]}}