{"id":14399,"date":"2019-09-28T07:49:32","date_gmt":"2019-09-28T07:49:32","guid":{"rendered":"http:\/\/www.psoeeivissa.es\/?p=14399"},"modified":"2020-04-12T21:22:32","modified_gmt":"2020-04-12T19:22:32","slug":"sofia-hernanz-i-patricia-abascal-candidates-del-psoe-deivissa-a-les-eleccions-del-10-de-novembre","status":"publish","type":"post","link":"https:\/\/www.psib-psoe.org\/eivissa\/sofia-hernanz-i-patricia-abascal-candidates-del-psoe-deivissa-a-les-eleccions-del-10-de-novembre\/","title":{"rendered":"Sof\u00eda Hernanz i Patricia Abascal, candidates del PSOE d\u2019Eivissa a les eleccions del 10 de novembre"},"content":{"rendered":"<p><span lang=\"CA\">Una delegaci\u00f3 del PSIB-PSOE ha participat aquest mat\u00ed al Comit\u00e9 Federal del PSOE, m\u00e0xim \u00f2rgan de decisi\u00f3 entre congressos, per analitzar la situaci\u00f3 pol\u00edtica actual i preparar la formaci\u00f3 de cara a les eleccions generals del 10 de novembre.<\/span><\/p>\n<p><span lang=\"CA\">Pere Joan Pons, tornar\u00e0 a encap\u00e7alar la llista dels socialistes de Balears a la cambra baixa, seguit de Sof\u00eda Hernanz com a dos de la llista. \u201cS<\/span>ortim a guanyar les eleccions i tornar a ser la primera for\u00e7a pol\u00edtica, com ja ho vam ser a les anteriors cites electorals, per continuar fent pol\u00edtiques progressistes i donar major estabilitat al Govern d\u2019Espanya\u201d, ha dit Pere Joan Pons.<\/p>\n<p><span lang=\"CA\">Tamb\u00e9 repetiran els candidats i candidates al Senat, amb Cosme Bonet i Susanna Moll per Mallorca, Patricia Abascal per Eivissa i Formentera i Carme Garcia per Menorca. Les llistes completes a les Cortes Generals seran aprovades aquest dilluns per la Comissi\u00f3 de Llistes federal.\u00a0<\/span><\/p>\n<p><span lang=\"CA\">El candidat socialista ha avan\u00e7at que \u201cel pr\u00f2xim 10 de novembre ens presentarem amb propostes en positiu, basades en les 370 mesures de Pedro S\u00e1nchez pactades amb la societat civil del pa\u00eds, sense atacar a ning\u00fa i tenint clar que ens jugam avan\u00e7ar o retrocedir\u201d.\u00a0<\/span><\/p>\n<p><span lang=\"CA\">A m\u00e9s a m\u00e9s, Pons ha insistit en qu\u00e8 encara aquesta etapa pre electoral \u201cple d\u2019il\u00b7lusi\u00f3, amb for\u00e7a i amb ganes d\u2019afrontar els reptes que tenim per endavant, que, tal com ha explicat Pedro S\u00e1nchez, s\u00f3n la transici\u00f3 ecol\u00f2gica, la creaci\u00f3 d\u2019ocupaci\u00f3, el futur de les pensions, o el desafiament territorial\u201d.\u00a0<\/span><\/p>\n<p><span lang=\"CA\">Pons ha afegit que \u201caquesta cita electoral, que no ha estat provocada pel Partit Socialista, ens ha de servir per mobilitzar a tot l\u2019electorat progressista, perqu\u00e8 volem governar per fer pol\u00edtiques progressistes i per tenir un Govern m\u00e9s estable, cohesionat i que ens permeti els reptes de futur que tenim com a illes i com a pa\u00eds\u201d.\u00a0<\/span><\/p>\n<p><span lang=\"CA\">A m\u00e9s de Pons, tamb\u00e9 han assistit al Comit\u00e9 Federal el secretari general dels Socialistes d\u2019Eivissa, Vicent Torres, la diputada Sof\u00eda Hernanz, la secret\u00e0ria de Pol\u00edtica Auton\u00f2mica del PSIB-PSOE, Mar\u00eda Jos\u00e9 Camps, el secretari de Salut, Toni Pareja, i la portaveu del Grup Parlamentari Socialista al Parlament, S\u00edlvia Cano, tots ells membres del m\u00e0xim \u00f2rgan de decisi\u00f3 entre congressos.\u00a0<\/span><\/p>\n","protected":false},"excerpt":{"rendered":"<p>Una delegaci\u00f3 del PSIB-PSOE ha participat aquest mat\u00ed al Comit\u00e9 Federal del PSOE, m\u00e0xim \u00f2rgan de decisi\u00f3 entre congressos, per analitzar la situaci\u00f3 pol\u00edtica actual i preparar la formaci\u00f3 de cara a les eleccions generals del 10 de novembre. Pere Joan Pons, tornar\u00e0 a encap\u00e7alar la llista dels socialistes de Balears a la cambra baixa,&hellip;<\/p>\n","protected":false},"author":6,"featured_media":14400,"comment_status":"closed","ping_status":"closed","sticky":false,"template":"","format":"standard","meta":{"footnotes":""},"categories":[1,190],"tags":[],"class_list":["post-14399","post","type-post","status-publish","format-standard","has-post-thumbnail","hentry","category-federacio-de-eivissa-portada","category-govern-despanya-congres-senat"],"yoast_head":"<!-- This site is optimized with the Yoast SEO plugin v26.9 - https:\/\/yoast.com\/product\/yoast-seo-wordpress\/ -->\n<title>Sof\u00eda Hernanz i Patricia Abascal, candidates del PSOE d\u2019Eivissa a les eleccions del 10 de novembre - Federaci\u00f3 Socialista d&#039;Eivissa<\/title>\n<meta name=\"robots\" content=\"index, follow, max-snippet:-1, max-image-preview:large, max-video-preview:-1\" \/>\n<link rel=\"canonical\" href=\"https:\/\/www.psib-psoe.org\/eivissa\/sofia-hernanz-i-patricia-abascal-candidates-del-psoe-deivissa-a-les-eleccions-del-10-de-novembre\/\" \/>\n<meta property=\"og:locale\" content=\"ca_ES\" \/>\n<meta property=\"og:type\" content=\"article\" \/>\n<meta property=\"og:title\" content=\"Sof\u00eda Hernanz i Patricia Abascal, candidates del PSOE d\u2019Eivissa a les eleccions del 10 de novembre - Federaci\u00f3 Socialista d&#039;Eivissa\" \/>\n<meta property=\"og:description\" content=\"Una delegaci\u00f3 del PSIB-PSOE ha participat aquest mat\u00ed al Comit\u00e9 Federal del PSOE, m\u00e0xim \u00f2rgan de decisi\u00f3 entre congressos, per analitzar la situaci\u00f3 pol\u00edtica actual i preparar la formaci\u00f3 de cara a les eleccions generals del 10 de novembre. Pere Joan Pons, tornar\u00e0 a encap\u00e7alar la llista dels socialistes de Balears a la cambra baixa,&hellip;\" \/>\n<meta property=\"og:url\" content=\"https:\/\/www.psib-psoe.org\/eivissa\/sofia-hernanz-i-patricia-abascal-candidates-del-psoe-deivissa-a-les-eleccions-del-10-de-novembre\/\" \/>\n<meta property=\"og:site_name\" content=\"Federaci\u00f3 Socialista d&#039;Eivissa\" \/>\n<meta property=\"article:published_time\" content=\"2019-09-28T07:49:32+00:00\" \/>\n<meta property=\"article:modified_time\" content=\"2020-04-12T19:22:32+00:00\" \/>\n<meta name=\"author\" content=\"alan\" \/>\n<meta name=\"twitter:card\" content=\"summary_large_image\" \/>\n<meta name=\"twitter:label1\" content=\"Escrit per\" \/>\n\t<meta name=\"twitter:data1\" content=\"alan\" \/>\n\t<meta name=\"twitter:label2\" content=\"Temps estimat de lectura\" \/>\n\t<meta name=\"twitter:data2\" content=\"2 minuts\" \/>\n<script type=\"application\/ld+json\" class=\"yoast-schema-graph\">{\"@context\":\"https:\/\/schema.org\",\"@graph\":[{\"@type\":[\"Article\",\"BlogPosting\"],\"@id\":\"https:\/\/www.psib-psoe.org\/eivissa\/sofia-hernanz-i-patricia-abascal-candidates-del-psoe-deivissa-a-les-eleccions-del-10-de-novembre\/#article\",\"isPartOf\":{\"@id\":\"https:\/\/www.psib-psoe.org\/eivissa\/sofia-hernanz-i-patricia-abascal-candidates-del-psoe-deivissa-a-les-eleccions-del-10-de-novembre\/\"},\"author\":{\"name\":\"alan\",\"@id\":\"https:\/\/www.psib-psoe.org\/eivissa\/#\/schema\/person\/9925a91b477314bd337b45177caee45d\"},\"headline\":\"Sof\u00eda Hernanz i Patricia Abascal, candidates del PSOE d\u2019Eivissa a les eleccions del 10 de novembre\",\"datePublished\":\"2019-09-28T07:49:32+00:00\",\"dateModified\":\"2020-04-12T19:22:32+00:00\",\"mainEntityOfPage\":{\"@id\":\"https:\/\/www.psib-psoe.org\/eivissa\/sofia-hernanz-i-patricia-abascal-candidates-del-psoe-deivissa-a-les-eleccions-del-10-de-novembre\/\"},\"wordCount\":411,\"publisher\":{\"@id\":\"https:\/\/www.psib-psoe.org\/eivissa\/#organization\"},\"image\":{\"@id\":\"https:\/\/www.psib-psoe.org\/eivissa\/sofia-hernanz-i-patricia-abascal-candidates-del-psoe-deivissa-a-les-eleccions-del-10-de-novembre\/#primaryimage\"},\"thumbnailUrl\":\"\",\"articleSection\":[\"Federaci\u00f3 d'Eivissa - Portada\",\"Govern d'Espanya - Congr\u00e9s - Senat - PSOE Federal\"],\"inLanguage\":\"ca\"},{\"@type\":\"WebPage\",\"@id\":\"https:\/\/www.psib-psoe.org\/eivissa\/sofia-hernanz-i-patricia-abascal-candidates-del-psoe-deivissa-a-les-eleccions-del-10-de-novembre\/\",\"url\":\"https:\/\/www.psib-psoe.org\/eivissa\/sofia-hernanz-i-patricia-abascal-candidates-del-psoe-deivissa-a-les-eleccions-del-10-de-novembre\/\",\"name\":\"Sof\u00eda Hernanz i Patricia Abascal, candidates del PSOE d\u2019Eivissa a les eleccions del 10 de novembre - Federaci\u00f3 Socialista d&#039;Eivissa\",\"isPartOf\":{\"@id\":\"https:\/\/www.psib-psoe.org\/eivissa\/#website\"},\"primaryImageOfPage\":{\"@id\":\"https:\/\/www.psib-psoe.org\/eivissa\/sofia-hernanz-i-patricia-abascal-candidates-del-psoe-deivissa-a-les-eleccions-del-10-de-novembre\/#primaryimage\"},\"image\":{\"@id\":\"https:\/\/www.psib-psoe.org\/eivissa\/sofia-hernanz-i-patricia-abascal-candidates-del-psoe-deivissa-a-les-eleccions-del-10-de-novembre\/#primaryimage\"},\"thumbnailUrl\":\"\",\"datePublished\":\"2019-09-28T07:49:32+00:00\",\"dateModified\":\"2020-04-12T19:22:32+00:00\",\"breadcrumb\":{\"@id\":\"https:\/\/www.psib-psoe.org\/eivissa\/sofia-hernanz-i-patricia-abascal-candidates-del-psoe-deivissa-a-les-eleccions-del-10-de-novembre\/#breadcrumb\"},\"inLanguage\":\"ca\",\"potentialAction\":[{\"@type\":\"ReadAction\",\"target\":[\"https:\/\/www.psib-psoe.org\/eivissa\/sofia-hernanz-i-patricia-abascal-candidates-del-psoe-deivissa-a-les-eleccions-del-10-de-novembre\/\"]}]},{\"@type\":\"ImageObject\",\"inLanguage\":\"ca\",\"@id\":\"https:\/\/www.psib-psoe.org\/eivissa\/sofia-hernanz-i-patricia-abascal-candidates-del-psoe-deivissa-a-les-eleccions-del-10-de-novembre\/#primaryimage\",\"url\":\"\",\"contentUrl\":\"\"},{\"@type\":\"BreadcrumbList\",\"@id\":\"https:\/\/www.psib-psoe.org\/eivissa\/sofia-hernanz-i-patricia-abascal-candidates-del-psoe-deivissa-a-les-eleccions-del-10-de-novembre\/#breadcrumb\",\"itemListElement\":[{\"@type\":\"ListItem\",\"position\":1,\"name\":\"Inici\",\"item\":\"https:\/\/www.psib-psoe.org\/eivissa\/\"},{\"@type\":\"ListItem\",\"position\":2,\"name\":\"Sof\u00eda Hernanz i Patricia Abascal, candidates del PSOE d\u2019Eivissa a les eleccions del 10 de novembre\"}]},{\"@type\":\"WebSite\",\"@id\":\"https:\/\/www.psib-psoe.org\/eivissa\/#website\",\"url\":\"https:\/\/www.psib-psoe.org\/eivissa\/\",\"name\":\"Federaci\u00f3 Socialista d'Eivissa\",\"description\":\"Socialistes d&#039;Eivissa\",\"publisher\":{\"@id\":\"https:\/\/www.psib-psoe.org\/eivissa\/#organization\"},\"potentialAction\":[{\"@type\":\"SearchAction\",\"target\":{\"@type\":\"EntryPoint\",\"urlTemplate\":\"https:\/\/www.psib-psoe.org\/eivissa\/?s={search_term_string}\"},\"query-input\":{\"@type\":\"PropertyValueSpecification\",\"valueRequired\":true,\"valueName\":\"search_term_string\"}}],\"inLanguage\":\"ca\"},{\"@type\":\"Organization\",\"@id\":\"https:\/\/www.psib-psoe.org\/eivissa\/#organization\",\"name\":\"Federaci\u00f3 Socialista d'Eivissa\",\"url\":\"https:\/\/www.psib-psoe.org\/eivissa\/\",\"logo\":{\"@type\":\"ImageObject\",\"inLanguage\":\"ca\",\"@id\":\"https:\/\/www.psib-psoe.org\/eivissa\/#\/schema\/logo\/image\/\",\"url\":\"https:\/\/www.psib-psoe.org\/eivissa\/wp-content\/uploads\/LOGO-FSE-SOCIALISTA-DEIVISSA-HORI.png\",\"contentUrl\":\"https:\/\/www.psib-psoe.org\/eivissa\/wp-content\/uploads\/LOGO-FSE-SOCIALISTA-DEIVISSA-HORI.png\",\"width\":6000,\"height\":3104,\"caption\":\"Federaci\u00f3 Socialista d'Eivissa\"},\"image\":{\"@id\":\"https:\/\/www.psib-psoe.org\/eivissa\/#\/schema\/logo\/image\/\"}},{\"@type\":\"Person\",\"@id\":\"https:\/\/www.psib-psoe.org\/eivissa\/#\/schema\/person\/9925a91b477314bd337b45177caee45d\",\"name\":\"alan\",\"url\":\"https:\/\/www.psib-psoe.org\/eivissa\/author\/alan\/\"}]}<\/script>\n<!-- \/ Yoast SEO plugin. -->","yoast_head_json":{"title":"Sof\u00eda Hernanz i Patricia Abascal, candidates del PSOE d\u2019Eivissa a les eleccions del 10 de novembre - Federaci\u00f3 Socialista d&#039;Eivissa","robots":{"index":"index","follow":"follow","max-snippet":"max-snippet:-1","max-image-preview":"max-image-preview:large","max-video-preview":"max-video-preview:-1"},"canonical":"https:\/\/www.psib-psoe.org\/eivissa\/sofia-hernanz-i-patricia-abascal-candidates-del-psoe-deivissa-a-les-eleccions-del-10-de-novembre\/","og_locale":"ca_ES","og_type":"article","og_title":"Sof\u00eda Hernanz i Patricia Abascal, candidates del PSOE d\u2019Eivissa a les eleccions del 10 de novembre - Federaci\u00f3 Socialista d&#039;Eivissa","og_description":"Una delegaci\u00f3 del PSIB-PSOE ha participat aquest mat\u00ed al Comit\u00e9 Federal del PSOE, m\u00e0xim \u00f2rgan de decisi\u00f3 entre congressos, per analitzar la situaci\u00f3 pol\u00edtica actual i preparar la formaci\u00f3 de cara a les eleccions generals del 10 de novembre. Pere Joan Pons, tornar\u00e0 a encap\u00e7alar la llista dels socialistes de Balears a la cambra baixa,&hellip;","og_url":"https:\/\/www.psib-psoe.org\/eivissa\/sofia-hernanz-i-patricia-abascal-candidates-del-psoe-deivissa-a-les-eleccions-del-10-de-novembre\/","og_site_name":"Federaci\u00f3 Socialista d&#039;Eivissa","article_published_time":"2019-09-28T07:49:32+00:00","article_modified_time":"2020-04-12T19:22:32+00:00","author":"alan","twitter_card":"summary_large_image","twitter_misc":{"Escrit per":"alan","Temps estimat de lectura":"2 minuts"},"schema":{"@context":"https:\/\/schema.org","@graph":[{"@type":["Article","BlogPosting"],"@id":"https:\/\/www.psib-psoe.org\/eivissa\/sofia-hernanz-i-patricia-abascal-candidates-del-psoe-deivissa-a-les-eleccions-del-10-de-novembre\/#article","isPartOf":{"@id":"https:\/\/www.psib-psoe.org\/eivissa\/sofia-hernanz-i-patricia-abascal-candidates-del-psoe-deivissa-a-les-eleccions-del-10-de-novembre\/"},"author":{"name":"alan","@id":"https:\/\/www.psib-psoe.org\/eivissa\/#\/schema\/person\/9925a91b477314bd337b45177caee45d"},"headline":"Sof\u00eda Hernanz i Patricia Abascal, candidates del PSOE d\u2019Eivissa a les eleccions del 10 de novembre","datePublished":"2019-09-28T07:49:32+00:00","dateModified":"2020-04-12T19:22:32+00:00","mainEntityOfPage":{"@id":"https:\/\/www.psib-psoe.org\/eivissa\/sofia-hernanz-i-patricia-abascal-candidates-del-psoe-deivissa-a-les-eleccions-del-10-de-novembre\/"},"wordCount":411,"publisher":{"@id":"https:\/\/www.psib-psoe.org\/eivissa\/#organization"},"image":{"@id":"https:\/\/www.psib-psoe.org\/eivissa\/sofia-hernanz-i-patricia-abascal-candidates-del-psoe-deivissa-a-les-eleccions-del-10-de-novembre\/#primaryimage"},"thumbnailUrl":"","articleSection":["Federaci\u00f3 d'Eivissa - Portada","Govern d'Espanya - Congr\u00e9s - Senat - PSOE Federal"],"inLanguage":"ca"},{"@type":"WebPage","@id":"https:\/\/www.psib-psoe.org\/eivissa\/sofia-hernanz-i-patricia-abascal-candidates-del-psoe-deivissa-a-les-eleccions-del-10-de-novembre\/","url":"https:\/\/www.psib-psoe.org\/eivissa\/sofia-hernanz-i-patricia-abascal-candidates-del-psoe-deivissa-a-les-eleccions-del-10-de-novembre\/","name":"Sof\u00eda Hernanz i Patricia Abascal, candidates del PSOE d\u2019Eivissa a les eleccions del 10 de novembre - Federaci\u00f3 Socialista d&#039;Eivissa","isPartOf":{"@id":"https:\/\/www.psib-psoe.org\/eivissa\/#website"},"primaryImageOfPage":{"@id":"https:\/\/www.psib-psoe.org\/eivissa\/sofia-hernanz-i-patricia-abascal-candidates-del-psoe-deivissa-a-les-eleccions-del-10-de-novembre\/#primaryimage"},"image":{"@id":"https:\/\/www.psib-psoe.org\/eivissa\/sofia-hernanz-i-patricia-abascal-candidates-del-psoe-deivissa-a-les-eleccions-del-10-de-novembre\/#primaryimage"},"thumbnailUrl":"","datePublished":"2019-09-28T07:49:32+00:00","dateModified":"2020-04-12T19:22:32+00:00","breadcrumb":{"@id":"https:\/\/www.psib-psoe.org\/eivissa\/sofia-hernanz-i-patricia-abascal-candidates-del-psoe-deivissa-a-les-eleccions-del-10-de-novembre\/#breadcrumb"},"inLanguage":"ca","potentialAction":[{"@type":"ReadAction","target":["https:\/\/www.psib-psoe.org\/eivissa\/sofia-hernanz-i-patricia-abascal-candidates-del-psoe-deivissa-a-les-eleccions-del-10-de-novembre\/"]}]},{"@type":"ImageObject","inLanguage":"ca","@id":"https:\/\/www.psib-psoe.org\/eivissa\/sofia-hernanz-i-patricia-abascal-candidates-del-psoe-deivissa-a-les-eleccions-del-10-de-novembre\/#primaryimage","url":"","contentUrl":""},{"@type":"BreadcrumbList","@id":"https:\/\/www.psib-psoe.org\/eivissa\/sofia-hernanz-i-patricia-abascal-candidates-del-psoe-deivissa-a-les-eleccions-del-10-de-novembre\/#breadcrumb","itemListElement":[{"@type":"ListItem","position":1,"name":"Inici","item":"https:\/\/www.psib-psoe.org\/eivissa\/"},{"@type":"ListItem","position":2,"name":"Sof\u00eda Hernanz i Patricia Abascal, candidates del PSOE d\u2019Eivissa a les eleccions del 10 de novembre"}]},{"@type":"WebSite","@id":"https:\/\/www.psib-psoe.org\/eivissa\/#website","url":"https:\/\/www.psib-psoe.org\/eivissa\/","name":"Federaci\u00f3 Socialista d'Eivissa","description":"Socialistes d&#039;Eivissa","publisher":{"@id":"https:\/\/www.psib-psoe.org\/eivissa\/#organization"},"potentialAction":[{"@type":"SearchAction","target":{"@type":"EntryPoint","urlTemplate":"https:\/\/www.psib-psoe.org\/eivissa\/?s={search_term_string}"},"query-input":{"@type":"PropertyValueSpecification","valueRequired":true,"valueName":"search_term_string"}}],"inLanguage":"ca"},{"@type":"Organization","@id":"https:\/\/www.psib-psoe.org\/eivissa\/#organization","name":"Federaci\u00f3 Socialista d'Eivissa","url":"https:\/\/www.psib-psoe.org\/eivissa\/","logo":{"@type":"ImageObject","inLanguage":"ca","@id":"https:\/\/www.psib-psoe.org\/eivissa\/#\/schema\/logo\/image\/","url":"https:\/\/www.psib-psoe.org\/eivissa\/wp-content\/uploads\/LOGO-FSE-SOCIALISTA-DEIVISSA-HORI.png","contentUrl":"https:\/\/www.psib-psoe.org\/eivissa\/wp-content\/uploads\/LOGO-FSE-SOCIALISTA-DEIVISSA-HORI.png","width":6000,"height":3104,"caption":"Federaci\u00f3 Socialista d'Eivissa"},"image":{"@id":"https:\/\/www.psib-psoe.org\/eivissa\/#\/schema\/logo\/image\/"}},{"@type":"Person","@id":"https:\/\/www.psib-psoe.org\/eivissa\/#\/schema\/person\/9925a91b477314bd337b45177caee45d","name":"alan","url":"https:\/\/www.psib-psoe.org\/eivissa\/author\/alan\/"}]}},"_links":{"self":[{"href":"https:\/\/www.psib-psoe.org\/eivissa\/wp-json\/wp\/v2\/posts\/14399","targetHints":{"allow":["GET"]}}],"collection":[{"href":"https:\/\/www.psib-psoe.org\/eivissa\/wp-json\/wp\/v2\/posts"}],"about":[{"href":"https:\/\/www.psib-psoe.org\/eivissa\/wp-json\/wp\/v2\/types\/post"}],"author":[{"embeddable":true,"href":"https:\/\/www.psib-psoe.org\/eivissa\/wp-json\/wp\/v2\/users\/6"}],"replies":[{"embeddable":true,"href":"https:\/\/www.psib-psoe.org\/eivissa\/wp-json\/wp\/v2\/comments?post=14399"}],"version-history":[{"count":1,"href":"https:\/\/www.psib-psoe.org\/eivissa\/wp-json\/wp\/v2\/posts\/14399\/revisions"}],"predecessor-version":[{"id":26744,"href":"https:\/\/www.psib-psoe.org\/eivissa\/wp-json\/wp\/v2\/posts\/14399\/revisions\/26744"}],"wp:featuredmedia":[{"embeddable":true,"href":"https:\/\/www.psib-psoe.org\/eivissa\/wp-json\/"}],"wp:attachment":[{"href":"https:\/\/www.psib-psoe.org\/eivissa\/wp-json\/wp\/v2\/media?parent=14399"}],"wp:term":[{"taxonomy":"category","embeddable":true,"href":"https:\/\/www.psib-psoe.org\/eivissa\/wp-json\/wp\/v2\/categories?post=14399"},{"taxonomy":"post_tag","embeddable":true,"href":"https:\/\/www.psib-psoe.org\/eivissa\/wp-json\/wp\/v2\/tags?post=14399"}],"curies":[{"name":"wp","href":"https:\/\/api.w.org\/{rel}","templated":true}]}}