{"id":14476,"date":"2019-10-21T16:06:21","date_gmt":"2019-10-21T16:06:21","guid":{"rendered":"http:\/\/www.psoeeivissa.es\/?p=14476&#038;lang=es"},"modified":"2020-04-10T19:46:38","modified_gmt":"2020-04-10T17:46:38","slug":"beatriz-corredor-en-eivissa-solo-existe-politica-publica-de-vivienda-cuando-gobierna-el-partido-socialista","status":"publish","type":"post","link":"https:\/\/www.psib-psoe.org\/eivissa\/beatriz-corredor-en-eivissa-solo-existe-politica-publica-de-vivienda-cuando-gobierna-el-partido-socialista\/","title":{"rendered":"Beatriz Corredor en Eivissa: &#8220;Solo existe pol\u00edtica p\u00fablica de vivienda cuando gobierna el Partido Socialista&#8221;"},"content":{"rendered":"<div class=\"gmail_quote\">\n<div dir=\"ltr\">\n<p>Beatriz Corredor, exministra de Vivienda con Jos\u00e9 Luis Rodr\u00edguez Zapatero y actual presidenta de la Fundaci\u00f3n Pablo Iglesias, ha afirmado hoy en Eivissa que &#8220;solo existe pol\u00edtica p\u00fablica de vivienda cuando gobierna el Partido Socialista&#8221;. Acompa\u00f1ada por el alcalde, Rafa Ruiz, el presidente de la comisi\u00f3n gestora de la FSE-PSOE, Josep Mar\u00ed Ribas, y las candidatas socialistas al Congreso y al Senado, Sof\u00eda Hernanz y Patricia Abascal, Beatriz Corredor ha visitado los terrenos de Can Escandell d\u00f3nde se proyectan 532 viviendas p\u00fablicas en r\u00e9gimen de alquiler y un gran parque p\u00fablico que ejecutar\u00e1 la sociedad p\u00fablica estatal SEPES. Un proyecto, como han recordado, firmado en 2010 entre Corredor como ministra de Vivienda y la alcaldesa socialista Lurdes Costa que qued\u00f3 sin desarrollar durante los a\u00f1os de gobierno de Mariano Rajoy, pero que se reactiv\u00f3 en 2018 con el nuevo gobierno de Pedro S\u00e1nchez.<\/p>\n<div>\n<div data-smartmail=\"gmail_signature\">\n<div dir=\"ltr\">\n<div><\/div>\n<\/div>\n<\/div>\n<\/div>\n<\/div>\n<div>Beatriz Corredor ha advertido del recorte a las pol\u00edticas p\u00fablicas de vivienda que supondr\u00eda un nuevo gobierno de derechas: &#8220;Es una realidad que se demuestra de forma tan contundente como son los Presupuestos Generales del Estado. Si en 2009 el presupuesto en materia de pol\u00edtica p\u00fablica de vivienda era de 1.600 millones de euros, el \u00faltimo presupuesto aprobado por el Partido Popular lo redujo a apenas 353. La diferencia de lo que se puede hacer con ese dinero es abismal&#8221;.<\/div>\n<div><\/div>\n<div>Adem\u00e1s del desarrollo de proyectos como el de Can Escandell, Beatriz Corredor ha insistido en que hace falta un gobierno socialista con Pedro S\u00e1nchez para aprobar nuevas medidas que propone el PSOE, como una Ley estatal de vivienda p\u00fablica para que sea declarada &#8220;servicio p\u00fablico de inter\u00e9s general, como lo es la educaci\u00f3n o la sanidad&#8221;. Como ha recordado Corredor, &#8220;si no se tiene una vivienda digna, no se pueden ejercer lo derechos humanos fundamentales que recogen todas las constituciones&#8221;.<\/div>\n<div><\/div>\n<div>Ante las pr\u00f3ximas elecciones del 10 de noviembre, Beatriz Corredor ha mostrado su &#8220;plena confianza en que el Partido Socialista va a reforzar su liderazgo como fuerza m\u00e1s votada, que lo va a ampliar, y que se constituir un gobierno progresista, que es lo que los ciudadanos han dejado meridianamente claro que es lo que quieren&#8221;.<\/div>\n<div dir=\"ltr\"><\/div>\n<div><b>Rafa Ruiz, compromiso con la vivienda p\u00fablica en la ciudad de Eivissa<\/b><\/div>\n<div>El alcalde socialista de la ciudad ha recordado que &#8220;somos el municipio con menos territorio y el \u00fanico que ha puesto suelo a disposici\u00f3n para hacer vivienda p\u00fablica&#8221;. Ha lamentado los ocho a\u00f1os de par\u00e1lisis del proyecto de Can Escandell, con los gobiernos del PP en la ciudad en el gobierno estatal, y ha recordado que &#8220;se pudo reactivar en tan solo ocho meses de gobierno socialista&#8221;, con la inclusi\u00f3n de Eivissa en el Plan nacional de vivienda que desarrolla el ministerio de Fomento a trav\u00e9s de SEPES. El proyecto contempla un total de 532 viviendas p\u00fablicas en r\u00e9gimen de alquiler, de las cuales 70 se ceder\u00e1n al ayuntamiento, un gran parque vallado, un solar para equipamientos educativos y otro solar para equipamientos deportivos.<\/div>\n<div><\/div>\n<div>Rafa Ruiz ha vuelto a recordar su deseo de que el Consell Insular, ahora gobernado por el PP y Cs, cumpla con su compromiso de colaborar con el ayuntamiento para desbloquear la aprobaci\u00f3n del nuevo PGOU de la ciudad, imprescindible para el desarrollo del proyecto de Can Escandell.<\/div>\n<div><\/div>\n<div><b>La vivienda, eje prioritario del PSOE para el 10 de noviembre<\/b><\/div>\n<p>El PSOE de Eivissa ha arrancado la precampa\u00f1a a las elecciones generales del 10 de noviembre con la visita de Beatriz Corredor y la problem\u00e1tica de la vivienda, ya que en la isla es un asunto &#8220;prioritario&#8221;, como ha manifestado el presidente de la comisi\u00f3n gestora de la FSE-PSOE, Josep Mar\u00ed Ribas. Junto con las candidatas al Congreso y al Senado, Sof\u00eda Hernanz y Patricia Abascal, de quienes ha dicho &#8220;son unas magn\u00edficas candidatas&#8221;, el presidente de la gestora ha insistido en que &#8220;si manda el Partido Socialista, nos preocupamos por estas cuestiones, y si mandan otros partidos, tendremos un panorama muy diferente&#8221;.<\/p><\/div>\n<div class=\"gmail_quote\"><\/div>\n<div class=\"gmail_quote\">Beatriz Corredor completa su visita a Eivissa con una asamblea abierta que tendr\u00e1 lugar en la sede socialista a las 19.30 horas bajo el t\u00edtulo &#8220;El problema de la vivienda. Derechos frente a derechas&#8221;, donde se explicar\u00e1n todas las propuestas socialistas de cara a las elecciones generales del pr\u00f3ximo 10 de noviembre.<\/div>\n","protected":false},"excerpt":{"rendered":"<p>Beatriz Corredor, exministra de Vivienda con Jos\u00e9 Luis Rodr\u00edguez Zapatero y actual presidenta de la Fundaci\u00f3n Pablo Iglesias, ha afirmado hoy en Eivissa que &#8220;solo existe pol\u00edtica p\u00fablica de vivienda cuando gobierna el Partido Socialista&#8221;. Acompa\u00f1ada por el alcalde, Rafa Ruiz, el presidente de la comisi\u00f3n gestora de la FSE-PSOE, Josep Mar\u00ed Ribas, y las&hellip;<\/p>\n","protected":false},"author":6,"featured_media":14473,"comment_status":"closed","ping_status":"closed","sticky":false,"template":"","format":"standard","meta":{"footnotes":""},"categories":[212],"tags":[],"class_list":["post-14476","post","type-post","status-publish","format-standard","has-post-thumbnail","hentry","category-fse-psoe"],"yoast_head":"<!-- This site is optimized with the Yoast SEO plugin v26.9 - https:\/\/yoast.com\/product\/yoast-seo-wordpress\/ -->\n<title>Beatriz Corredor en Eivissa: &quot;Solo existe pol\u00edtica p\u00fablica de vivienda cuando gobierna el Partido Socialista&quot; - Federaci\u00f3 Socialista d&#039;Eivissa<\/title>\n<meta name=\"robots\" content=\"index, follow, max-snippet:-1, max-image-preview:large, max-video-preview:-1\" \/>\n<link rel=\"canonical\" href=\"https:\/\/www.psib-psoe.org\/eivissa\/beatriz-corredor-en-eivissa-solo-existe-politica-publica-de-vivienda-cuando-gobierna-el-partido-socialista\/\" \/>\n<meta property=\"og:locale\" content=\"ca_ES\" \/>\n<meta property=\"og:type\" content=\"article\" \/>\n<meta property=\"og:title\" content=\"Beatriz Corredor en Eivissa: &quot;Solo existe pol\u00edtica p\u00fablica de vivienda cuando gobierna el Partido Socialista&quot; - Federaci\u00f3 Socialista d&#039;Eivissa\" \/>\n<meta property=\"og:description\" content=\"Beatriz Corredor, exministra de Vivienda con Jos\u00e9 Luis Rodr\u00edguez Zapatero y actual presidenta de la Fundaci\u00f3n Pablo Iglesias, ha afirmado hoy en Eivissa que &#8220;solo existe pol\u00edtica p\u00fablica de vivienda cuando gobierna el Partido Socialista&#8221;. Acompa\u00f1ada por el alcalde, Rafa Ruiz, el presidente de la comisi\u00f3n gestora de la FSE-PSOE, Josep Mar\u00ed Ribas, y las&hellip;\" \/>\n<meta property=\"og:url\" content=\"https:\/\/www.psib-psoe.org\/eivissa\/beatriz-corredor-en-eivissa-solo-existe-politica-publica-de-vivienda-cuando-gobierna-el-partido-socialista\/\" \/>\n<meta property=\"og:site_name\" content=\"Federaci\u00f3 Socialista d&#039;Eivissa\" \/>\n<meta property=\"article:published_time\" content=\"2019-10-21T16:06:21+00:00\" \/>\n<meta property=\"article:modified_time\" content=\"2020-04-10T17:46:38+00:00\" \/>\n<meta name=\"author\" content=\"alan\" \/>\n<meta name=\"twitter:card\" content=\"summary_large_image\" \/>\n<meta name=\"twitter:label1\" content=\"Escrit per\" \/>\n\t<meta name=\"twitter:data1\" content=\"alan\" \/>\n\t<meta name=\"twitter:label2\" content=\"Temps estimat de lectura\" \/>\n\t<meta name=\"twitter:data2\" content=\"4 minuts\" \/>\n<script type=\"application\/ld+json\" class=\"yoast-schema-graph\">{\"@context\":\"https:\/\/schema.org\",\"@graph\":[{\"@type\":[\"Article\",\"BlogPosting\"],\"@id\":\"https:\/\/www.psib-psoe.org\/eivissa\/beatriz-corredor-en-eivissa-solo-existe-politica-publica-de-vivienda-cuando-gobierna-el-partido-socialista\/#article\",\"isPartOf\":{\"@id\":\"https:\/\/www.psib-psoe.org\/eivissa\/beatriz-corredor-en-eivissa-solo-existe-politica-publica-de-vivienda-cuando-gobierna-el-partido-socialista\/\"},\"author\":{\"name\":\"alan\",\"@id\":\"https:\/\/www.psib-psoe.org\/eivissa\/#\/schema\/person\/9925a91b477314bd337b45177caee45d\"},\"headline\":\"Beatriz Corredor en Eivissa: &#8220;Solo existe pol\u00edtica p\u00fablica de vivienda cuando gobierna el Partido Socialista&#8221;\",\"datePublished\":\"2019-10-21T16:06:21+00:00\",\"dateModified\":\"2020-04-10T17:46:38+00:00\",\"mainEntityOfPage\":{\"@id\":\"https:\/\/www.psib-psoe.org\/eivissa\/beatriz-corredor-en-eivissa-solo-existe-politica-publica-de-vivienda-cuando-gobierna-el-partido-socialista\/\"},\"wordCount\":759,\"publisher\":{\"@id\":\"https:\/\/www.psib-psoe.org\/eivissa\/#organization\"},\"image\":{\"@id\":\"https:\/\/www.psib-psoe.org\/eivissa\/beatriz-corredor-en-eivissa-solo-existe-politica-publica-de-vivienda-cuando-gobierna-el-partido-socialista\/#primaryimage\"},\"thumbnailUrl\":\"\",\"articleSection\":[\"FSE-PSOE\"],\"inLanguage\":\"ca\"},{\"@type\":\"WebPage\",\"@id\":\"https:\/\/www.psib-psoe.org\/eivissa\/beatriz-corredor-en-eivissa-solo-existe-politica-publica-de-vivienda-cuando-gobierna-el-partido-socialista\/\",\"url\":\"https:\/\/www.psib-psoe.org\/eivissa\/beatriz-corredor-en-eivissa-solo-existe-politica-publica-de-vivienda-cuando-gobierna-el-partido-socialista\/\",\"name\":\"Beatriz Corredor en Eivissa: \\\"Solo existe pol\u00edtica p\u00fablica de vivienda cuando gobierna el Partido Socialista\\\" - Federaci\u00f3 Socialista d&#039;Eivissa\",\"isPartOf\":{\"@id\":\"https:\/\/www.psib-psoe.org\/eivissa\/#website\"},\"primaryImageOfPage\":{\"@id\":\"https:\/\/www.psib-psoe.org\/eivissa\/beatriz-corredor-en-eivissa-solo-existe-politica-publica-de-vivienda-cuando-gobierna-el-partido-socialista\/#primaryimage\"},\"image\":{\"@id\":\"https:\/\/www.psib-psoe.org\/eivissa\/beatriz-corredor-en-eivissa-solo-existe-politica-publica-de-vivienda-cuando-gobierna-el-partido-socialista\/#primaryimage\"},\"thumbnailUrl\":\"\",\"datePublished\":\"2019-10-21T16:06:21+00:00\",\"dateModified\":\"2020-04-10T17:46:38+00:00\",\"breadcrumb\":{\"@id\":\"https:\/\/www.psib-psoe.org\/eivissa\/beatriz-corredor-en-eivissa-solo-existe-politica-publica-de-vivienda-cuando-gobierna-el-partido-socialista\/#breadcrumb\"},\"inLanguage\":\"ca\",\"potentialAction\":[{\"@type\":\"ReadAction\",\"target\":[\"https:\/\/www.psib-psoe.org\/eivissa\/beatriz-corredor-en-eivissa-solo-existe-politica-publica-de-vivienda-cuando-gobierna-el-partido-socialista\/\"]}]},{\"@type\":\"ImageObject\",\"inLanguage\":\"ca\",\"@id\":\"https:\/\/www.psib-psoe.org\/eivissa\/beatriz-corredor-en-eivissa-solo-existe-politica-publica-de-vivienda-cuando-gobierna-el-partido-socialista\/#primaryimage\",\"url\":\"\",\"contentUrl\":\"\"},{\"@type\":\"BreadcrumbList\",\"@id\":\"https:\/\/www.psib-psoe.org\/eivissa\/beatriz-corredor-en-eivissa-solo-existe-politica-publica-de-vivienda-cuando-gobierna-el-partido-socialista\/#breadcrumb\",\"itemListElement\":[{\"@type\":\"ListItem\",\"position\":1,\"name\":\"Inici\",\"item\":\"https:\/\/www.psib-psoe.org\/eivissa\/\"},{\"@type\":\"ListItem\",\"position\":2,\"name\":\"Beatriz Corredor en Eivissa: &#8220;Solo existe pol\u00edtica p\u00fablica de vivienda cuando gobierna el Partido Socialista&#8221;\"}]},{\"@type\":\"WebSite\",\"@id\":\"https:\/\/www.psib-psoe.org\/eivissa\/#website\",\"url\":\"https:\/\/www.psib-psoe.org\/eivissa\/\",\"name\":\"Federaci\u00f3 Socialista d'Eivissa\",\"description\":\"Socialistes d&#039;Eivissa\",\"publisher\":{\"@id\":\"https:\/\/www.psib-psoe.org\/eivissa\/#organization\"},\"potentialAction\":[{\"@type\":\"SearchAction\",\"target\":{\"@type\":\"EntryPoint\",\"urlTemplate\":\"https:\/\/www.psib-psoe.org\/eivissa\/?s={search_term_string}\"},\"query-input\":{\"@type\":\"PropertyValueSpecification\",\"valueRequired\":true,\"valueName\":\"search_term_string\"}}],\"inLanguage\":\"ca\"},{\"@type\":\"Organization\",\"@id\":\"https:\/\/www.psib-psoe.org\/eivissa\/#organization\",\"name\":\"Federaci\u00f3 Socialista d'Eivissa\",\"url\":\"https:\/\/www.psib-psoe.org\/eivissa\/\",\"logo\":{\"@type\":\"ImageObject\",\"inLanguage\":\"ca\",\"@id\":\"https:\/\/www.psib-psoe.org\/eivissa\/#\/schema\/logo\/image\/\",\"url\":\"https:\/\/www.psib-psoe.org\/eivissa\/wp-content\/uploads\/LOGO-FSE-SOCIALISTA-DEIVISSA-HORI.png\",\"contentUrl\":\"https:\/\/www.psib-psoe.org\/eivissa\/wp-content\/uploads\/LOGO-FSE-SOCIALISTA-DEIVISSA-HORI.png\",\"width\":6000,\"height\":3104,\"caption\":\"Federaci\u00f3 Socialista d'Eivissa\"},\"image\":{\"@id\":\"https:\/\/www.psib-psoe.org\/eivissa\/#\/schema\/logo\/image\/\"}},{\"@type\":\"Person\",\"@id\":\"https:\/\/www.psib-psoe.org\/eivissa\/#\/schema\/person\/9925a91b477314bd337b45177caee45d\",\"name\":\"alan\",\"url\":\"https:\/\/www.psib-psoe.org\/eivissa\/author\/alan\/\"}]}<\/script>\n<!-- \/ Yoast SEO plugin. -->","yoast_head_json":{"title":"Beatriz Corredor en Eivissa: \"Solo existe pol\u00edtica p\u00fablica de vivienda cuando gobierna el Partido Socialista\" - Federaci\u00f3 Socialista d&#039;Eivissa","robots":{"index":"index","follow":"follow","max-snippet":"max-snippet:-1","max-image-preview":"max-image-preview:large","max-video-preview":"max-video-preview:-1"},"canonical":"https:\/\/www.psib-psoe.org\/eivissa\/beatriz-corredor-en-eivissa-solo-existe-politica-publica-de-vivienda-cuando-gobierna-el-partido-socialista\/","og_locale":"ca_ES","og_type":"article","og_title":"Beatriz Corredor en Eivissa: \"Solo existe pol\u00edtica p\u00fablica de vivienda cuando gobierna el Partido Socialista\" - Federaci\u00f3 Socialista d&#039;Eivissa","og_description":"Beatriz Corredor, exministra de Vivienda con Jos\u00e9 Luis Rodr\u00edguez Zapatero y actual presidenta de la Fundaci\u00f3n Pablo Iglesias, ha afirmado hoy en Eivissa que &#8220;solo existe pol\u00edtica p\u00fablica de vivienda cuando gobierna el Partido Socialista&#8221;. Acompa\u00f1ada por el alcalde, Rafa Ruiz, el presidente de la comisi\u00f3n gestora de la FSE-PSOE, Josep Mar\u00ed Ribas, y las&hellip;","og_url":"https:\/\/www.psib-psoe.org\/eivissa\/beatriz-corredor-en-eivissa-solo-existe-politica-publica-de-vivienda-cuando-gobierna-el-partido-socialista\/","og_site_name":"Federaci\u00f3 Socialista d&#039;Eivissa","article_published_time":"2019-10-21T16:06:21+00:00","article_modified_time":"2020-04-10T17:46:38+00:00","author":"alan","twitter_card":"summary_large_image","twitter_misc":{"Escrit per":"alan","Temps estimat de lectura":"4 minuts"},"schema":{"@context":"https:\/\/schema.org","@graph":[{"@type":["Article","BlogPosting"],"@id":"https:\/\/www.psib-psoe.org\/eivissa\/beatriz-corredor-en-eivissa-solo-existe-politica-publica-de-vivienda-cuando-gobierna-el-partido-socialista\/#article","isPartOf":{"@id":"https:\/\/www.psib-psoe.org\/eivissa\/beatriz-corredor-en-eivissa-solo-existe-politica-publica-de-vivienda-cuando-gobierna-el-partido-socialista\/"},"author":{"name":"alan","@id":"https:\/\/www.psib-psoe.org\/eivissa\/#\/schema\/person\/9925a91b477314bd337b45177caee45d"},"headline":"Beatriz Corredor en Eivissa: &#8220;Solo existe pol\u00edtica p\u00fablica de vivienda cuando gobierna el Partido Socialista&#8221;","datePublished":"2019-10-21T16:06:21+00:00","dateModified":"2020-04-10T17:46:38+00:00","mainEntityOfPage":{"@id":"https:\/\/www.psib-psoe.org\/eivissa\/beatriz-corredor-en-eivissa-solo-existe-politica-publica-de-vivienda-cuando-gobierna-el-partido-socialista\/"},"wordCount":759,"publisher":{"@id":"https:\/\/www.psib-psoe.org\/eivissa\/#organization"},"image":{"@id":"https:\/\/www.psib-psoe.org\/eivissa\/beatriz-corredor-en-eivissa-solo-existe-politica-publica-de-vivienda-cuando-gobierna-el-partido-socialista\/#primaryimage"},"thumbnailUrl":"","articleSection":["FSE-PSOE"],"inLanguage":"ca"},{"@type":"WebPage","@id":"https:\/\/www.psib-psoe.org\/eivissa\/beatriz-corredor-en-eivissa-solo-existe-politica-publica-de-vivienda-cuando-gobierna-el-partido-socialista\/","url":"https:\/\/www.psib-psoe.org\/eivissa\/beatriz-corredor-en-eivissa-solo-existe-politica-publica-de-vivienda-cuando-gobierna-el-partido-socialista\/","name":"Beatriz Corredor en Eivissa: \"Solo existe pol\u00edtica p\u00fablica de vivienda cuando gobierna el Partido Socialista\" - Federaci\u00f3 Socialista d&#039;Eivissa","isPartOf":{"@id":"https:\/\/www.psib-psoe.org\/eivissa\/#website"},"primaryImageOfPage":{"@id":"https:\/\/www.psib-psoe.org\/eivissa\/beatriz-corredor-en-eivissa-solo-existe-politica-publica-de-vivienda-cuando-gobierna-el-partido-socialista\/#primaryimage"},"image":{"@id":"https:\/\/www.psib-psoe.org\/eivissa\/beatriz-corredor-en-eivissa-solo-existe-politica-publica-de-vivienda-cuando-gobierna-el-partido-socialista\/#primaryimage"},"thumbnailUrl":"","datePublished":"2019-10-21T16:06:21+00:00","dateModified":"2020-04-10T17:46:38+00:00","breadcrumb":{"@id":"https:\/\/www.psib-psoe.org\/eivissa\/beatriz-corredor-en-eivissa-solo-existe-politica-publica-de-vivienda-cuando-gobierna-el-partido-socialista\/#breadcrumb"},"inLanguage":"ca","potentialAction":[{"@type":"ReadAction","target":["https:\/\/www.psib-psoe.org\/eivissa\/beatriz-corredor-en-eivissa-solo-existe-politica-publica-de-vivienda-cuando-gobierna-el-partido-socialista\/"]}]},{"@type":"ImageObject","inLanguage":"ca","@id":"https:\/\/www.psib-psoe.org\/eivissa\/beatriz-corredor-en-eivissa-solo-existe-politica-publica-de-vivienda-cuando-gobierna-el-partido-socialista\/#primaryimage","url":"","contentUrl":""},{"@type":"BreadcrumbList","@id":"https:\/\/www.psib-psoe.org\/eivissa\/beatriz-corredor-en-eivissa-solo-existe-politica-publica-de-vivienda-cuando-gobierna-el-partido-socialista\/#breadcrumb","itemListElement":[{"@type":"ListItem","position":1,"name":"Inici","item":"https:\/\/www.psib-psoe.org\/eivissa\/"},{"@type":"ListItem","position":2,"name":"Beatriz Corredor en Eivissa: &#8220;Solo existe pol\u00edtica p\u00fablica de vivienda cuando gobierna el Partido Socialista&#8221;"}]},{"@type":"WebSite","@id":"https:\/\/www.psib-psoe.org\/eivissa\/#website","url":"https:\/\/www.psib-psoe.org\/eivissa\/","name":"Federaci\u00f3 Socialista d'Eivissa","description":"Socialistes d&#039;Eivissa","publisher":{"@id":"https:\/\/www.psib-psoe.org\/eivissa\/#organization"},"potentialAction":[{"@type":"SearchAction","target":{"@type":"EntryPoint","urlTemplate":"https:\/\/www.psib-psoe.org\/eivissa\/?s={search_term_string}"},"query-input":{"@type":"PropertyValueSpecification","valueRequired":true,"valueName":"search_term_string"}}],"inLanguage":"ca"},{"@type":"Organization","@id":"https:\/\/www.psib-psoe.org\/eivissa\/#organization","name":"Federaci\u00f3 Socialista d'Eivissa","url":"https:\/\/www.psib-psoe.org\/eivissa\/","logo":{"@type":"ImageObject","inLanguage":"ca","@id":"https:\/\/www.psib-psoe.org\/eivissa\/#\/schema\/logo\/image\/","url":"https:\/\/www.psib-psoe.org\/eivissa\/wp-content\/uploads\/LOGO-FSE-SOCIALISTA-DEIVISSA-HORI.png","contentUrl":"https:\/\/www.psib-psoe.org\/eivissa\/wp-content\/uploads\/LOGO-FSE-SOCIALISTA-DEIVISSA-HORI.png","width":6000,"height":3104,"caption":"Federaci\u00f3 Socialista d'Eivissa"},"image":{"@id":"https:\/\/www.psib-psoe.org\/eivissa\/#\/schema\/logo\/image\/"}},{"@type":"Person","@id":"https:\/\/www.psib-psoe.org\/eivissa\/#\/schema\/person\/9925a91b477314bd337b45177caee45d","name":"alan","url":"https:\/\/www.psib-psoe.org\/eivissa\/author\/alan\/"}]}},"_links":{"self":[{"href":"https:\/\/www.psib-psoe.org\/eivissa\/wp-json\/wp\/v2\/posts\/14476","targetHints":{"allow":["GET"]}}],"collection":[{"href":"https:\/\/www.psib-psoe.org\/eivissa\/wp-json\/wp\/v2\/posts"}],"about":[{"href":"https:\/\/www.psib-psoe.org\/eivissa\/wp-json\/wp\/v2\/types\/post"}],"author":[{"embeddable":true,"href":"https:\/\/www.psib-psoe.org\/eivissa\/wp-json\/wp\/v2\/users\/6"}],"replies":[{"embeddable":true,"href":"https:\/\/www.psib-psoe.org\/eivissa\/wp-json\/wp\/v2\/comments?post=14476"}],"version-history":[{"count":1,"href":"https:\/\/www.psib-psoe.org\/eivissa\/wp-json\/wp\/v2\/posts\/14476\/revisions"}],"predecessor-version":[{"id":26625,"href":"https:\/\/www.psib-psoe.org\/eivissa\/wp-json\/wp\/v2\/posts\/14476\/revisions\/26625"}],"wp:featuredmedia":[{"embeddable":true,"href":"https:\/\/www.psib-psoe.org\/eivissa\/wp-json\/"}],"wp:attachment":[{"href":"https:\/\/www.psib-psoe.org\/eivissa\/wp-json\/wp\/v2\/media?parent=14476"}],"wp:term":[{"taxonomy":"category","embeddable":true,"href":"https:\/\/www.psib-psoe.org\/eivissa\/wp-json\/wp\/v2\/categories?post=14476"},{"taxonomy":"post_tag","embeddable":true,"href":"https:\/\/www.psib-psoe.org\/eivissa\/wp-json\/wp\/v2\/tags?post=14476"}],"curies":[{"name":"wp","href":"https:\/\/api.w.org\/{rel}","templated":true}]}}