{"id":14602,"date":"2019-11-04T11:53:25","date_gmt":"2019-11-04T11:53:25","guid":{"rendered":"https:\/\/www.psoeeivissa.es\/?p=14602"},"modified":"2020-04-12T21:22:31","modified_gmt":"2020-04-12T19:22:31","slug":"el-10-de-novembre-nomes-el-vot-al-psoe-garantira-les-pensions-la-sanitat-publica-i-les-ajudes-a-la-dependencia","status":"publish","type":"post","link":"https:\/\/www.psib-psoe.org\/eivissa\/el-10-de-novembre-nomes-el-vot-al-psoe-garantira-les-pensions-la-sanitat-publica-i-les-ajudes-a-la-dependencia\/","title":{"rendered":"&#8220;El 10 de novembre nom\u00e9s el vot al PSOE garantir\u00e0 les pensions, la sanitat p\u00fablica i les ajudes a la depend\u00e8ncia&#8221;"},"content":{"rendered":"<p>Les candidates eivissenques del PSOE al Congr\u00e9s i al Senat, Sof\u00eda Hernanz i Patricia Abascal, ha alertat avui que &#8220;el proper 10 de novembre nom\u00e9s el vot al PSOE servir\u00e0 per garantir les pensions, la sanitat p\u00fablica i les ajudes a la depend\u00e8ncia&#8221;. El Partit Socialista &#8220;\u00e9s el partit dels i les pensionistes&#8221;, el que garantir\u00e0 el futur d&#8217;aquesta prestaci\u00f3, &#8220;despr\u00e9s que el PP buid\u00e0s la vidriola de 60.000 milions a 8.000 milions d&#8217;euros&#8221;, com ha recordat Sofia Hernanz.<\/p>\n<p>Un govern de Pedro S\u00e1nchez blindar\u00e0 les pensions per llei i en la Constituci\u00f3, &#8220;perqu\u00e8 governi qui governi, estiguin garantides en el futur&#8221;. A m\u00e9s, el PSOE proposa actualitzar les pensions d&#8217;acord a l&#8217;IPC real i augmentant el poder adquisitiu de les pensions m\u00ednimes i les no contributives, ja que &#8220;per al Partit Socialista \u00e9s fonamental garantir la dignitat i la qualitat de vida dels nostres majors&#8221;. Com ha dit, &#8220;\u00e9s una q\u00fcesti\u00f3 de just\u00edcia, de dignitat i de futur, perqu\u00e8 tots arribarem a ser grans&#8221;.<\/p>\n<p>Per contra, &#8220;el PP \u00e9s un perill per al sistema de pensions, no creu amb un sistema p\u00fablic fort, redistributiu, solidari. Nom\u00e9s creu en els plans de pensions privats &#8220;, ha advertit Sofia Hernanz.<\/p>\n<p><strong>Per la sanitat p\u00fablica i la depend\u00e8ncia<\/strong><br \/>\nLa candidata al Senat, Patricia Abascal, ha explicat que &#8220;la sanitat p\u00fablica universal i gratu\u00efta&#8221; \u00e9s un dels objectius fonamentals del PSOE, amb mesures com l&#8217;eliminaci\u00f3 dels copagaments farmac\u00e8utics a pensionistes, que a les Balears ja \u00e9s una realitat des de l&#8217;1 de gener, gr\u00e0cies al govern de Francina Armengol, i que amb un govern de Pedro S\u00e1nchez s&#8217;estendr\u00e0 a tot el pa\u00eds.<\/p>\n<p>Un altre dels eixos de campanya del Partit Socialista \u00e9s la Llei de Depend\u00e8ncia: &#8220;Una llei que durant l&#8217;\u00e8poca de Rajoy va quedar totalment paralitzada, fins i tot va arribar a perdre els diners que tenia pressupostat. Des del Partit Socialista ens comprometem a un increment de 831 milions d&#8217;euros per a la llei de depend\u00e8ncia, que permetr\u00e0 anar assolint aquest nivell que durant aquests anys del Partit Popular i de les retallades es van anar perdent. &#8221;<\/p>\n<p>Patricia Abascal ha ressaltat que &#8220;drets en depend\u00e8ncia, la teleassist\u00e8ncia o assist\u00e8ncia personal, en cas de persones amb discapacitat, s\u00f3n uns dels nostres principals objectius&#8221;.<\/p>\n","protected":false},"excerpt":{"rendered":"<p>Les candidates eivissenques del PSOE al Congr\u00e9s i al Senat, Sof\u00eda Hernanz i Patricia Abascal, ha alertat avui que &#8220;el proper 10 de novembre nom\u00e9s el vot al PSOE servir\u00e0 per garantir les pensions, la sanitat p\u00fablica i les ajudes a la depend\u00e8ncia&#8221;. El Partit Socialista &#8220;\u00e9s el partit dels i les pensionistes&#8221;, el que&hellip;<\/p>\n","protected":false},"author":7,"featured_media":14603,"comment_status":"closed","ping_status":"closed","sticky":false,"template":"","format":"standard","meta":{"footnotes":""},"categories":[1,190],"tags":[],"class_list":["post-14602","post","type-post","status-publish","format-standard","has-post-thumbnail","hentry","category-federacio-de-eivissa-portada","category-govern-despanya-congres-senat"],"yoast_head":"<!-- This site is optimized with the Yoast SEO plugin v26.9 - https:\/\/yoast.com\/product\/yoast-seo-wordpress\/ -->\n<title>&quot;El 10 de novembre nom\u00e9s el vot al PSOE garantir\u00e0 les pensions, la sanitat p\u00fablica i les ajudes a la depend\u00e8ncia&quot; - Federaci\u00f3 Socialista d&#039;Eivissa<\/title>\n<meta name=\"robots\" content=\"index, follow, max-snippet:-1, max-image-preview:large, max-video-preview:-1\" \/>\n<link rel=\"canonical\" href=\"https:\/\/www.psib-psoe.org\/eivissa\/el-10-de-novembre-nomes-el-vot-al-psoe-garantira-les-pensions-la-sanitat-publica-i-les-ajudes-a-la-dependencia\/\" \/>\n<meta property=\"og:locale\" content=\"ca_ES\" \/>\n<meta property=\"og:type\" content=\"article\" \/>\n<meta property=\"og:title\" content=\"&quot;El 10 de novembre nom\u00e9s el vot al PSOE garantir\u00e0 les pensions, la sanitat p\u00fablica i les ajudes a la depend\u00e8ncia&quot; - Federaci\u00f3 Socialista d&#039;Eivissa\" \/>\n<meta property=\"og:description\" content=\"Les candidates eivissenques del PSOE al Congr\u00e9s i al Senat, Sof\u00eda Hernanz i Patricia Abascal, ha alertat avui que &#8220;el proper 10 de novembre nom\u00e9s el vot al PSOE servir\u00e0 per garantir les pensions, la sanitat p\u00fablica i les ajudes a la depend\u00e8ncia&#8221;. El Partit Socialista &#8220;\u00e9s el partit dels i les pensionistes&#8221;, el que&hellip;\" \/>\n<meta property=\"og:url\" content=\"https:\/\/www.psib-psoe.org\/eivissa\/el-10-de-novembre-nomes-el-vot-al-psoe-garantira-les-pensions-la-sanitat-publica-i-les-ajudes-a-la-dependencia\/\" \/>\n<meta property=\"og:site_name\" content=\"Federaci\u00f3 Socialista d&#039;Eivissa\" \/>\n<meta property=\"article:published_time\" content=\"2019-11-04T11:53:25+00:00\" \/>\n<meta property=\"article:modified_time\" content=\"2020-04-12T19:22:31+00:00\" \/>\n<meta name=\"author\" content=\"Josep Ripoll\" \/>\n<meta name=\"twitter:card\" content=\"summary_large_image\" \/>\n<meta name=\"twitter:label1\" content=\"Escrit per\" \/>\n\t<meta name=\"twitter:data1\" content=\"Josep Ripoll\" \/>\n\t<meta name=\"twitter:label2\" content=\"Temps estimat de lectura\" \/>\n\t<meta name=\"twitter:data2\" content=\"2 minuts\" \/>\n<script type=\"application\/ld+json\" class=\"yoast-schema-graph\">{\"@context\":\"https:\/\/schema.org\",\"@graph\":[{\"@type\":[\"Article\",\"BlogPosting\"],\"@id\":\"https:\/\/www.psib-psoe.org\/eivissa\/el-10-de-novembre-nomes-el-vot-al-psoe-garantira-les-pensions-la-sanitat-publica-i-les-ajudes-a-la-dependencia\/#article\",\"isPartOf\":{\"@id\":\"https:\/\/www.psib-psoe.org\/eivissa\/el-10-de-novembre-nomes-el-vot-al-psoe-garantira-les-pensions-la-sanitat-publica-i-les-ajudes-a-la-dependencia\/\"},\"author\":{\"name\":\"Josep Ripoll\",\"@id\":\"https:\/\/www.psib-psoe.org\/eivissa\/#\/schema\/person\/7a9d2841fb36f32e34fc0e9b245e8117\"},\"headline\":\"&#8220;El 10 de novembre nom\u00e9s el vot al PSOE garantir\u00e0 les pensions, la sanitat p\u00fablica i les ajudes a la depend\u00e8ncia&#8221;\",\"datePublished\":\"2019-11-04T11:53:25+00:00\",\"dateModified\":\"2020-04-12T19:22:31+00:00\",\"mainEntityOfPage\":{\"@id\":\"https:\/\/www.psib-psoe.org\/eivissa\/el-10-de-novembre-nomes-el-vot-al-psoe-garantira-les-pensions-la-sanitat-publica-i-les-ajudes-a-la-dependencia\/\"},\"wordCount\":418,\"publisher\":{\"@id\":\"https:\/\/www.psib-psoe.org\/eivissa\/#organization\"},\"image\":{\"@id\":\"https:\/\/www.psib-psoe.org\/eivissa\/el-10-de-novembre-nomes-el-vot-al-psoe-garantira-les-pensions-la-sanitat-publica-i-les-ajudes-a-la-dependencia\/#primaryimage\"},\"thumbnailUrl\":\"\",\"articleSection\":[\"Federaci\u00f3 d'Eivissa - Portada\",\"Govern d'Espanya - Congr\u00e9s - Senat - PSOE Federal\"],\"inLanguage\":\"ca\"},{\"@type\":\"WebPage\",\"@id\":\"https:\/\/www.psib-psoe.org\/eivissa\/el-10-de-novembre-nomes-el-vot-al-psoe-garantira-les-pensions-la-sanitat-publica-i-les-ajudes-a-la-dependencia\/\",\"url\":\"https:\/\/www.psib-psoe.org\/eivissa\/el-10-de-novembre-nomes-el-vot-al-psoe-garantira-les-pensions-la-sanitat-publica-i-les-ajudes-a-la-dependencia\/\",\"name\":\"\\\"El 10 de novembre nom\u00e9s el vot al PSOE garantir\u00e0 les pensions, la sanitat p\u00fablica i les ajudes a la depend\u00e8ncia\\\" - Federaci\u00f3 Socialista d&#039;Eivissa\",\"isPartOf\":{\"@id\":\"https:\/\/www.psib-psoe.org\/eivissa\/#website\"},\"primaryImageOfPage\":{\"@id\":\"https:\/\/www.psib-psoe.org\/eivissa\/el-10-de-novembre-nomes-el-vot-al-psoe-garantira-les-pensions-la-sanitat-publica-i-les-ajudes-a-la-dependencia\/#primaryimage\"},\"image\":{\"@id\":\"https:\/\/www.psib-psoe.org\/eivissa\/el-10-de-novembre-nomes-el-vot-al-psoe-garantira-les-pensions-la-sanitat-publica-i-les-ajudes-a-la-dependencia\/#primaryimage\"},\"thumbnailUrl\":\"\",\"datePublished\":\"2019-11-04T11:53:25+00:00\",\"dateModified\":\"2020-04-12T19:22:31+00:00\",\"breadcrumb\":{\"@id\":\"https:\/\/www.psib-psoe.org\/eivissa\/el-10-de-novembre-nomes-el-vot-al-psoe-garantira-les-pensions-la-sanitat-publica-i-les-ajudes-a-la-dependencia\/#breadcrumb\"},\"inLanguage\":\"ca\",\"potentialAction\":[{\"@type\":\"ReadAction\",\"target\":[\"https:\/\/www.psib-psoe.org\/eivissa\/el-10-de-novembre-nomes-el-vot-al-psoe-garantira-les-pensions-la-sanitat-publica-i-les-ajudes-a-la-dependencia\/\"]}]},{\"@type\":\"ImageObject\",\"inLanguage\":\"ca\",\"@id\":\"https:\/\/www.psib-psoe.org\/eivissa\/el-10-de-novembre-nomes-el-vot-al-psoe-garantira-les-pensions-la-sanitat-publica-i-les-ajudes-a-la-dependencia\/#primaryimage\",\"url\":\"\",\"contentUrl\":\"\"},{\"@type\":\"BreadcrumbList\",\"@id\":\"https:\/\/www.psib-psoe.org\/eivissa\/el-10-de-novembre-nomes-el-vot-al-psoe-garantira-les-pensions-la-sanitat-publica-i-les-ajudes-a-la-dependencia\/#breadcrumb\",\"itemListElement\":[{\"@type\":\"ListItem\",\"position\":1,\"name\":\"Inici\",\"item\":\"https:\/\/www.psib-psoe.org\/eivissa\/\"},{\"@type\":\"ListItem\",\"position\":2,\"name\":\"&#8220;El 10 de novembre nom\u00e9s el vot al PSOE garantir\u00e0 les pensions, la sanitat p\u00fablica i les ajudes a la depend\u00e8ncia&#8221;\"}]},{\"@type\":\"WebSite\",\"@id\":\"https:\/\/www.psib-psoe.org\/eivissa\/#website\",\"url\":\"https:\/\/www.psib-psoe.org\/eivissa\/\",\"name\":\"Federaci\u00f3 Socialista d'Eivissa\",\"description\":\"Socialistes d&#039;Eivissa\",\"publisher\":{\"@id\":\"https:\/\/www.psib-psoe.org\/eivissa\/#organization\"},\"potentialAction\":[{\"@type\":\"SearchAction\",\"target\":{\"@type\":\"EntryPoint\",\"urlTemplate\":\"https:\/\/www.psib-psoe.org\/eivissa\/?s={search_term_string}\"},\"query-input\":{\"@type\":\"PropertyValueSpecification\",\"valueRequired\":true,\"valueName\":\"search_term_string\"}}],\"inLanguage\":\"ca\"},{\"@type\":\"Organization\",\"@id\":\"https:\/\/www.psib-psoe.org\/eivissa\/#organization\",\"name\":\"Federaci\u00f3 Socialista d'Eivissa\",\"url\":\"https:\/\/www.psib-psoe.org\/eivissa\/\",\"logo\":{\"@type\":\"ImageObject\",\"inLanguage\":\"ca\",\"@id\":\"https:\/\/www.psib-psoe.org\/eivissa\/#\/schema\/logo\/image\/\",\"url\":\"https:\/\/www.psib-psoe.org\/eivissa\/wp-content\/uploads\/LOGO-FSE-SOCIALISTA-DEIVISSA-HORI.png\",\"contentUrl\":\"https:\/\/www.psib-psoe.org\/eivissa\/wp-content\/uploads\/LOGO-FSE-SOCIALISTA-DEIVISSA-HORI.png\",\"width\":6000,\"height\":3104,\"caption\":\"Federaci\u00f3 Socialista d'Eivissa\"},\"image\":{\"@id\":\"https:\/\/www.psib-psoe.org\/eivissa\/#\/schema\/logo\/image\/\"}},{\"@type\":\"Person\",\"@id\":\"https:\/\/www.psib-psoe.org\/eivissa\/#\/schema\/person\/7a9d2841fb36f32e34fc0e9b245e8117\",\"name\":\"Josep Ripoll\",\"sameAs\":[\"http:\/\/www.psib-psoe.org\/eivissa\/wp-login.php\"],\"url\":\"https:\/\/www.psib-psoe.org\/eivissa\/author\/josep\/\"}]}<\/script>\n<!-- \/ Yoast SEO plugin. -->","yoast_head_json":{"title":"\"El 10 de novembre nom\u00e9s el vot al PSOE garantir\u00e0 les pensions, la sanitat p\u00fablica i les ajudes a la depend\u00e8ncia\" - Federaci\u00f3 Socialista d&#039;Eivissa","robots":{"index":"index","follow":"follow","max-snippet":"max-snippet:-1","max-image-preview":"max-image-preview:large","max-video-preview":"max-video-preview:-1"},"canonical":"https:\/\/www.psib-psoe.org\/eivissa\/el-10-de-novembre-nomes-el-vot-al-psoe-garantira-les-pensions-la-sanitat-publica-i-les-ajudes-a-la-dependencia\/","og_locale":"ca_ES","og_type":"article","og_title":"\"El 10 de novembre nom\u00e9s el vot al PSOE garantir\u00e0 les pensions, la sanitat p\u00fablica i les ajudes a la depend\u00e8ncia\" - Federaci\u00f3 Socialista d&#039;Eivissa","og_description":"Les candidates eivissenques del PSOE al Congr\u00e9s i al Senat, Sof\u00eda Hernanz i Patricia Abascal, ha alertat avui que &#8220;el proper 10 de novembre nom\u00e9s el vot al PSOE servir\u00e0 per garantir les pensions, la sanitat p\u00fablica i les ajudes a la depend\u00e8ncia&#8221;. El Partit Socialista &#8220;\u00e9s el partit dels i les pensionistes&#8221;, el que&hellip;","og_url":"https:\/\/www.psib-psoe.org\/eivissa\/el-10-de-novembre-nomes-el-vot-al-psoe-garantira-les-pensions-la-sanitat-publica-i-les-ajudes-a-la-dependencia\/","og_site_name":"Federaci\u00f3 Socialista d&#039;Eivissa","article_published_time":"2019-11-04T11:53:25+00:00","article_modified_time":"2020-04-12T19:22:31+00:00","author":"Josep Ripoll","twitter_card":"summary_large_image","twitter_misc":{"Escrit per":"Josep Ripoll","Temps estimat de lectura":"2 minuts"},"schema":{"@context":"https:\/\/schema.org","@graph":[{"@type":["Article","BlogPosting"],"@id":"https:\/\/www.psib-psoe.org\/eivissa\/el-10-de-novembre-nomes-el-vot-al-psoe-garantira-les-pensions-la-sanitat-publica-i-les-ajudes-a-la-dependencia\/#article","isPartOf":{"@id":"https:\/\/www.psib-psoe.org\/eivissa\/el-10-de-novembre-nomes-el-vot-al-psoe-garantira-les-pensions-la-sanitat-publica-i-les-ajudes-a-la-dependencia\/"},"author":{"name":"Josep Ripoll","@id":"https:\/\/www.psib-psoe.org\/eivissa\/#\/schema\/person\/7a9d2841fb36f32e34fc0e9b245e8117"},"headline":"&#8220;El 10 de novembre nom\u00e9s el vot al PSOE garantir\u00e0 les pensions, la sanitat p\u00fablica i les ajudes a la depend\u00e8ncia&#8221;","datePublished":"2019-11-04T11:53:25+00:00","dateModified":"2020-04-12T19:22:31+00:00","mainEntityOfPage":{"@id":"https:\/\/www.psib-psoe.org\/eivissa\/el-10-de-novembre-nomes-el-vot-al-psoe-garantira-les-pensions-la-sanitat-publica-i-les-ajudes-a-la-dependencia\/"},"wordCount":418,"publisher":{"@id":"https:\/\/www.psib-psoe.org\/eivissa\/#organization"},"image":{"@id":"https:\/\/www.psib-psoe.org\/eivissa\/el-10-de-novembre-nomes-el-vot-al-psoe-garantira-les-pensions-la-sanitat-publica-i-les-ajudes-a-la-dependencia\/#primaryimage"},"thumbnailUrl":"","articleSection":["Federaci\u00f3 d'Eivissa - Portada","Govern d'Espanya - Congr\u00e9s - Senat - PSOE Federal"],"inLanguage":"ca"},{"@type":"WebPage","@id":"https:\/\/www.psib-psoe.org\/eivissa\/el-10-de-novembre-nomes-el-vot-al-psoe-garantira-les-pensions-la-sanitat-publica-i-les-ajudes-a-la-dependencia\/","url":"https:\/\/www.psib-psoe.org\/eivissa\/el-10-de-novembre-nomes-el-vot-al-psoe-garantira-les-pensions-la-sanitat-publica-i-les-ajudes-a-la-dependencia\/","name":"\"El 10 de novembre nom\u00e9s el vot al PSOE garantir\u00e0 les pensions, la sanitat p\u00fablica i les ajudes a la depend\u00e8ncia\" - Federaci\u00f3 Socialista d&#039;Eivissa","isPartOf":{"@id":"https:\/\/www.psib-psoe.org\/eivissa\/#website"},"primaryImageOfPage":{"@id":"https:\/\/www.psib-psoe.org\/eivissa\/el-10-de-novembre-nomes-el-vot-al-psoe-garantira-les-pensions-la-sanitat-publica-i-les-ajudes-a-la-dependencia\/#primaryimage"},"image":{"@id":"https:\/\/www.psib-psoe.org\/eivissa\/el-10-de-novembre-nomes-el-vot-al-psoe-garantira-les-pensions-la-sanitat-publica-i-les-ajudes-a-la-dependencia\/#primaryimage"},"thumbnailUrl":"","datePublished":"2019-11-04T11:53:25+00:00","dateModified":"2020-04-12T19:22:31+00:00","breadcrumb":{"@id":"https:\/\/www.psib-psoe.org\/eivissa\/el-10-de-novembre-nomes-el-vot-al-psoe-garantira-les-pensions-la-sanitat-publica-i-les-ajudes-a-la-dependencia\/#breadcrumb"},"inLanguage":"ca","potentialAction":[{"@type":"ReadAction","target":["https:\/\/www.psib-psoe.org\/eivissa\/el-10-de-novembre-nomes-el-vot-al-psoe-garantira-les-pensions-la-sanitat-publica-i-les-ajudes-a-la-dependencia\/"]}]},{"@type":"ImageObject","inLanguage":"ca","@id":"https:\/\/www.psib-psoe.org\/eivissa\/el-10-de-novembre-nomes-el-vot-al-psoe-garantira-les-pensions-la-sanitat-publica-i-les-ajudes-a-la-dependencia\/#primaryimage","url":"","contentUrl":""},{"@type":"BreadcrumbList","@id":"https:\/\/www.psib-psoe.org\/eivissa\/el-10-de-novembre-nomes-el-vot-al-psoe-garantira-les-pensions-la-sanitat-publica-i-les-ajudes-a-la-dependencia\/#breadcrumb","itemListElement":[{"@type":"ListItem","position":1,"name":"Inici","item":"https:\/\/www.psib-psoe.org\/eivissa\/"},{"@type":"ListItem","position":2,"name":"&#8220;El 10 de novembre nom\u00e9s el vot al PSOE garantir\u00e0 les pensions, la sanitat p\u00fablica i les ajudes a la depend\u00e8ncia&#8221;"}]},{"@type":"WebSite","@id":"https:\/\/www.psib-psoe.org\/eivissa\/#website","url":"https:\/\/www.psib-psoe.org\/eivissa\/","name":"Federaci\u00f3 Socialista d'Eivissa","description":"Socialistes d&#039;Eivissa","publisher":{"@id":"https:\/\/www.psib-psoe.org\/eivissa\/#organization"},"potentialAction":[{"@type":"SearchAction","target":{"@type":"EntryPoint","urlTemplate":"https:\/\/www.psib-psoe.org\/eivissa\/?s={search_term_string}"},"query-input":{"@type":"PropertyValueSpecification","valueRequired":true,"valueName":"search_term_string"}}],"inLanguage":"ca"},{"@type":"Organization","@id":"https:\/\/www.psib-psoe.org\/eivissa\/#organization","name":"Federaci\u00f3 Socialista d'Eivissa","url":"https:\/\/www.psib-psoe.org\/eivissa\/","logo":{"@type":"ImageObject","inLanguage":"ca","@id":"https:\/\/www.psib-psoe.org\/eivissa\/#\/schema\/logo\/image\/","url":"https:\/\/www.psib-psoe.org\/eivissa\/wp-content\/uploads\/LOGO-FSE-SOCIALISTA-DEIVISSA-HORI.png","contentUrl":"https:\/\/www.psib-psoe.org\/eivissa\/wp-content\/uploads\/LOGO-FSE-SOCIALISTA-DEIVISSA-HORI.png","width":6000,"height":3104,"caption":"Federaci\u00f3 Socialista d'Eivissa"},"image":{"@id":"https:\/\/www.psib-psoe.org\/eivissa\/#\/schema\/logo\/image\/"}},{"@type":"Person","@id":"https:\/\/www.psib-psoe.org\/eivissa\/#\/schema\/person\/7a9d2841fb36f32e34fc0e9b245e8117","name":"Josep Ripoll","sameAs":["http:\/\/www.psib-psoe.org\/eivissa\/wp-login.php"],"url":"https:\/\/www.psib-psoe.org\/eivissa\/author\/josep\/"}]}},"_links":{"self":[{"href":"https:\/\/www.psib-psoe.org\/eivissa\/wp-json\/wp\/v2\/posts\/14602","targetHints":{"allow":["GET"]}}],"collection":[{"href":"https:\/\/www.psib-psoe.org\/eivissa\/wp-json\/wp\/v2\/posts"}],"about":[{"href":"https:\/\/www.psib-psoe.org\/eivissa\/wp-json\/wp\/v2\/types\/post"}],"author":[{"embeddable":true,"href":"https:\/\/www.psib-psoe.org\/eivissa\/wp-json\/wp\/v2\/users\/7"}],"replies":[{"embeddable":true,"href":"https:\/\/www.psib-psoe.org\/eivissa\/wp-json\/wp\/v2\/comments?post=14602"}],"version-history":[{"count":1,"href":"https:\/\/www.psib-psoe.org\/eivissa\/wp-json\/wp\/v2\/posts\/14602\/revisions"}],"predecessor-version":[{"id":26722,"href":"https:\/\/www.psib-psoe.org\/eivissa\/wp-json\/wp\/v2\/posts\/14602\/revisions\/26722"}],"wp:featuredmedia":[{"embeddable":true,"href":"https:\/\/www.psib-psoe.org\/eivissa\/wp-json\/"}],"wp:attachment":[{"href":"https:\/\/www.psib-psoe.org\/eivissa\/wp-json\/wp\/v2\/media?parent=14602"}],"wp:term":[{"taxonomy":"category","embeddable":true,"href":"https:\/\/www.psib-psoe.org\/eivissa\/wp-json\/wp\/v2\/categories?post=14602"},{"taxonomy":"post_tag","embeddable":true,"href":"https:\/\/www.psib-psoe.org\/eivissa\/wp-json\/wp\/v2\/tags?post=14602"}],"curies":[{"name":"wp","href":"https:\/\/api.w.org\/{rel}","templated":true}]}}