{"id":14735,"date":"2019-11-21T11:30:02","date_gmt":"2019-11-21T11:30:02","guid":{"rendered":"https:\/\/www.psoeeivissa.es\/?p=14735"},"modified":"2020-04-12T21:30:14","modified_gmt":"2020-04-12T19:30:14","slug":"el-psoe-demana-la-continuacio-del-projecte-dampliacio-del-recinte-firal-deivissa-per-promoure-el-turisme-mice-que-inclou-un-auditori-de-850-places","status":"publish","type":"post","link":"https:\/\/www.psib-psoe.org\/eivissa\/el-psoe-demana-la-continuacio-del-projecte-dampliacio-del-recinte-firal-deivissa-per-promoure-el-turisme-mice-que-inclou-un-auditori-de-850-places\/","title":{"rendered":"El PSOE demana la continuaci\u00f3 del projecte d\u2019ampliaci\u00f3 del Recinte Firal d\u2019Eivissa per promoure el turisme MICE, que inclou un auditori de 850 places"},"content":{"rendered":"<p>El grup PSOE demanar\u00e0 en el pr\u00f2xim Ple del Consell Insular la continuaci\u00f3 del projecte d\u2019ampliaci\u00f3 del Recinte Firal d\u2019Eivissa, redactat en 2018, per tal que la seua construcci\u00f3 i posada en funcionament sigui una realitat en la present legislatura. L\u2019any passat el Consell d\u2019Eivissa va redactar un avantprojecte d\u2019ampliaci\u00f3, que inclou nous espais i un nou \u2018hall\u2019 de recepci\u00f3 amb vistes a Dalt Vila, entorn Patrimoni Mundial, nou espai per a la carpa exterior, i construcci\u00f3 d\u2019una nova sala-auditori amb aforament per a 850 persones, amb possibilitat de compartimentar-se en dos sales per a 500 i 300 persones, i nova zona d\u2019aparcament.<\/p>\n<p>El portaveu del PSOE i anterior president del Consell, Vicent Torres, considera necessari \u201cdonar continu\u00eftat al projecte, atesa la necessitat de disposar d\u2019un equipament d\u2019aquestes caracter\u00edstiques a l\u2019illa d\u2019Eivissa, amb una ubicaci\u00f3 excel\u00b7lent, ben comunicat i amb suficient espai d\u2019aparcament, com \u00e9s la del Recinte Firal d\u2019Eivissa a la ciutat d\u2019Eivissa, per tal de promoure el sector MICE fora dels mesos de temporada\u201d.<\/p>\n<p>El portaveu del PSOE recorda que en l\u2019anterior legislatura el Consell Insular va treballar per diversificar l\u2019oferta de la destinaci\u00f3 tur\u00edstica Eivissa, per tal de \u201cpromoure altres productes que no estiguin basats en el tradicional de \u201csol i platja\u201d i que permetin atraure visitants de qualitat i fora dels mesos de temporada alta\u201d.<\/p>\n<p>Dins de les accions emmarcades en aquest \u00e0mbit hi havia la de promoure l\u2019illa d\u2019Eivissa com a destinaci\u00f3 de viatges del sector \u2018MICE\u2019, aprofitant la pot\u00e8ncia de la marca Eivissa i una infraestructura i equipament tur\u00edstic p\u00fablic i privat de primer nivell.<\/p>\n<p>Aix\u00ed, Vicent Torres destaca accions com els viatges d\u2019empresa de dos importants marques automobil\u00edstiques,  Audi en 2016 i Mercedes-Benz en 2018 fora dels mesos de temporada tur\u00edstica, que varen generar una important activitat econ\u00f2mica i llocs de feina a les empreses d\u2019Eivissa.<\/p>\n<p>No obstant aix\u00f2, Eivissa t\u00e9 mancances quant a equipaments per a grans presentacions i fires, que el Consell Insular en l\u2019anterior legislatura es va comprometre a resoldre, amb les seg\u00fcents actuacions concretes: el suport al projecte de segona fase del Palau de Congressos de Santa Eul\u00e0ria, pendent de redimensi\u00f3 i definici\u00f3 per part de l\u2019ajuntament promotor, i el desenvolupament d\u2019un projecte d\u2019ampliaci\u00f3 del Recinte Firal d\u2019Eivissa, instal\u00b7laci\u00f3 titularitat del Consell Insular d\u2019Eivissa i gestionada per l\u2019empresa p\u00fablica Fires, Congressos i Esdeveniments d\u2019Eivissa (FECOEV), que ja t\u00e9 un avantprojecte redactat i que el grup PSOE proposa continuar desenvolupant a trav\u00e9s de la moci\u00f3 que anir\u00e0 al pr\u00f2xim Ple.<\/p>\n","protected":false},"excerpt":{"rendered":"<p>El grup PSOE demanar\u00e0 en el pr\u00f2xim Ple del Consell Insular la continuaci\u00f3 del projecte d\u2019ampliaci\u00f3 del Recinte Firal d\u2019Eivissa, redactat en 2018, per tal que la seua construcci\u00f3 i posada en funcionament sigui una realitat en la present legislatura. L\u2019any passat el Consell d\u2019Eivissa va redactar un avantprojecte d\u2019ampliaci\u00f3, que inclou nous espais i&hellip;<\/p>\n","protected":false},"author":7,"featured_media":14736,"comment_status":"closed","ping_status":"closed","sticky":false,"template":"","format":"standard","meta":{"footnotes":""},"categories":[192,1],"tags":[],"class_list":["post-14735","post","type-post","status-publish","format-standard","has-post-thumbnail","hentry","category-consell-deivissa","category-federacio-de-eivissa-portada"],"yoast_head":"<!-- This site is optimized with the Yoast SEO plugin v26.9 - https:\/\/yoast.com\/product\/yoast-seo-wordpress\/ -->\n<title>El PSOE demana la continuaci\u00f3 del projecte d\u2019ampliaci\u00f3 del Recinte Firal d\u2019Eivissa per promoure el turisme MICE, que inclou un auditori de 850 places - Federaci\u00f3 Socialista d&#039;Eivissa<\/title>\n<meta name=\"robots\" content=\"index, follow, max-snippet:-1, max-image-preview:large, max-video-preview:-1\" \/>\n<link rel=\"canonical\" href=\"https:\/\/www.psib-psoe.org\/eivissa\/el-psoe-demana-la-continuacio-del-projecte-dampliacio-del-recinte-firal-deivissa-per-promoure-el-turisme-mice-que-inclou-un-auditori-de-850-places\/\" \/>\n<meta property=\"og:locale\" content=\"ca_ES\" \/>\n<meta property=\"og:type\" content=\"article\" \/>\n<meta property=\"og:title\" content=\"El PSOE demana la continuaci\u00f3 del projecte d\u2019ampliaci\u00f3 del Recinte Firal d\u2019Eivissa per promoure el turisme MICE, que inclou un auditori de 850 places - Federaci\u00f3 Socialista d&#039;Eivissa\" \/>\n<meta property=\"og:description\" content=\"El grup PSOE demanar\u00e0 en el pr\u00f2xim Ple del Consell Insular la continuaci\u00f3 del projecte d\u2019ampliaci\u00f3 del Recinte Firal d\u2019Eivissa, redactat en 2018, per tal que la seua construcci\u00f3 i posada en funcionament sigui una realitat en la present legislatura. L\u2019any passat el Consell d\u2019Eivissa va redactar un avantprojecte d\u2019ampliaci\u00f3, que inclou nous espais i&hellip;\" \/>\n<meta property=\"og:url\" content=\"https:\/\/www.psib-psoe.org\/eivissa\/el-psoe-demana-la-continuacio-del-projecte-dampliacio-del-recinte-firal-deivissa-per-promoure-el-turisme-mice-que-inclou-un-auditori-de-850-places\/\" \/>\n<meta property=\"og:site_name\" content=\"Federaci\u00f3 Socialista d&#039;Eivissa\" \/>\n<meta property=\"article:published_time\" content=\"2019-11-21T11:30:02+00:00\" \/>\n<meta property=\"article:modified_time\" content=\"2020-04-12T19:30:14+00:00\" \/>\n<meta name=\"author\" content=\"Josep Ripoll\" \/>\n<meta name=\"twitter:card\" content=\"summary_large_image\" \/>\n<meta name=\"twitter:label1\" content=\"Escrit per\" \/>\n\t<meta name=\"twitter:data1\" content=\"Josep Ripoll\" \/>\n\t<meta name=\"twitter:label2\" content=\"Temps estimat de lectura\" \/>\n\t<meta name=\"twitter:data2\" content=\"2 minuts\" \/>\n<script type=\"application\/ld+json\" class=\"yoast-schema-graph\">{\"@context\":\"https:\/\/schema.org\",\"@graph\":[{\"@type\":[\"Article\",\"BlogPosting\"],\"@id\":\"https:\/\/www.psib-psoe.org\/eivissa\/el-psoe-demana-la-continuacio-del-projecte-dampliacio-del-recinte-firal-deivissa-per-promoure-el-turisme-mice-que-inclou-un-auditori-de-850-places\/#article\",\"isPartOf\":{\"@id\":\"https:\/\/www.psib-psoe.org\/eivissa\/el-psoe-demana-la-continuacio-del-projecte-dampliacio-del-recinte-firal-deivissa-per-promoure-el-turisme-mice-que-inclou-un-auditori-de-850-places\/\"},\"author\":{\"name\":\"Josep Ripoll\",\"@id\":\"https:\/\/www.psib-psoe.org\/eivissa\/#\/schema\/person\/7a9d2841fb36f32e34fc0e9b245e8117\"},\"headline\":\"El PSOE demana la continuaci\u00f3 del projecte d\u2019ampliaci\u00f3 del Recinte Firal d\u2019Eivissa per promoure el turisme MICE, que inclou un auditori de 850 places\",\"datePublished\":\"2019-11-21T11:30:02+00:00\",\"dateModified\":\"2020-04-12T19:30:14+00:00\",\"mainEntityOfPage\":{\"@id\":\"https:\/\/www.psib-psoe.org\/eivissa\/el-psoe-demana-la-continuacio-del-projecte-dampliacio-del-recinte-firal-deivissa-per-promoure-el-turisme-mice-que-inclou-un-auditori-de-850-places\/\"},\"wordCount\":474,\"publisher\":{\"@id\":\"https:\/\/www.psib-psoe.org\/eivissa\/#organization\"},\"image\":{\"@id\":\"https:\/\/www.psib-psoe.org\/eivissa\/el-psoe-demana-la-continuacio-del-projecte-dampliacio-del-recinte-firal-deivissa-per-promoure-el-turisme-mice-que-inclou-un-auditori-de-850-places\/#primaryimage\"},\"thumbnailUrl\":\"\",\"articleSection\":[\"Consell d'Eivissa\",\"Federaci\u00f3 d'Eivissa - Portada\"],\"inLanguage\":\"ca\"},{\"@type\":\"WebPage\",\"@id\":\"https:\/\/www.psib-psoe.org\/eivissa\/el-psoe-demana-la-continuacio-del-projecte-dampliacio-del-recinte-firal-deivissa-per-promoure-el-turisme-mice-que-inclou-un-auditori-de-850-places\/\",\"url\":\"https:\/\/www.psib-psoe.org\/eivissa\/el-psoe-demana-la-continuacio-del-projecte-dampliacio-del-recinte-firal-deivissa-per-promoure-el-turisme-mice-que-inclou-un-auditori-de-850-places\/\",\"name\":\"El PSOE demana la continuaci\u00f3 del projecte d\u2019ampliaci\u00f3 del Recinte Firal d\u2019Eivissa per promoure el turisme MICE, que inclou un auditori de 850 places - Federaci\u00f3 Socialista d&#039;Eivissa\",\"isPartOf\":{\"@id\":\"https:\/\/www.psib-psoe.org\/eivissa\/#website\"},\"primaryImageOfPage\":{\"@id\":\"https:\/\/www.psib-psoe.org\/eivissa\/el-psoe-demana-la-continuacio-del-projecte-dampliacio-del-recinte-firal-deivissa-per-promoure-el-turisme-mice-que-inclou-un-auditori-de-850-places\/#primaryimage\"},\"image\":{\"@id\":\"https:\/\/www.psib-psoe.org\/eivissa\/el-psoe-demana-la-continuacio-del-projecte-dampliacio-del-recinte-firal-deivissa-per-promoure-el-turisme-mice-que-inclou-un-auditori-de-850-places\/#primaryimage\"},\"thumbnailUrl\":\"\",\"datePublished\":\"2019-11-21T11:30:02+00:00\",\"dateModified\":\"2020-04-12T19:30:14+00:00\",\"breadcrumb\":{\"@id\":\"https:\/\/www.psib-psoe.org\/eivissa\/el-psoe-demana-la-continuacio-del-projecte-dampliacio-del-recinte-firal-deivissa-per-promoure-el-turisme-mice-que-inclou-un-auditori-de-850-places\/#breadcrumb\"},\"inLanguage\":\"ca\",\"potentialAction\":[{\"@type\":\"ReadAction\",\"target\":[\"https:\/\/www.psib-psoe.org\/eivissa\/el-psoe-demana-la-continuacio-del-projecte-dampliacio-del-recinte-firal-deivissa-per-promoure-el-turisme-mice-que-inclou-un-auditori-de-850-places\/\"]}]},{\"@type\":\"ImageObject\",\"inLanguage\":\"ca\",\"@id\":\"https:\/\/www.psib-psoe.org\/eivissa\/el-psoe-demana-la-continuacio-del-projecte-dampliacio-del-recinte-firal-deivissa-per-promoure-el-turisme-mice-que-inclou-un-auditori-de-850-places\/#primaryimage\",\"url\":\"\",\"contentUrl\":\"\"},{\"@type\":\"BreadcrumbList\",\"@id\":\"https:\/\/www.psib-psoe.org\/eivissa\/el-psoe-demana-la-continuacio-del-projecte-dampliacio-del-recinte-firal-deivissa-per-promoure-el-turisme-mice-que-inclou-un-auditori-de-850-places\/#breadcrumb\",\"itemListElement\":[{\"@type\":\"ListItem\",\"position\":1,\"name\":\"Inici\",\"item\":\"https:\/\/www.psib-psoe.org\/eivissa\/\"},{\"@type\":\"ListItem\",\"position\":2,\"name\":\"El PSOE demana la continuaci\u00f3 del projecte d\u2019ampliaci\u00f3 del Recinte Firal d\u2019Eivissa per promoure el turisme MICE, que inclou un auditori de 850 places\"}]},{\"@type\":\"WebSite\",\"@id\":\"https:\/\/www.psib-psoe.org\/eivissa\/#website\",\"url\":\"https:\/\/www.psib-psoe.org\/eivissa\/\",\"name\":\"Federaci\u00f3 Socialista d'Eivissa\",\"description\":\"Socialistes d&#039;Eivissa\",\"publisher\":{\"@id\":\"https:\/\/www.psib-psoe.org\/eivissa\/#organization\"},\"potentialAction\":[{\"@type\":\"SearchAction\",\"target\":{\"@type\":\"EntryPoint\",\"urlTemplate\":\"https:\/\/www.psib-psoe.org\/eivissa\/?s={search_term_string}\"},\"query-input\":{\"@type\":\"PropertyValueSpecification\",\"valueRequired\":true,\"valueName\":\"search_term_string\"}}],\"inLanguage\":\"ca\"},{\"@type\":\"Organization\",\"@id\":\"https:\/\/www.psib-psoe.org\/eivissa\/#organization\",\"name\":\"Federaci\u00f3 Socialista d'Eivissa\",\"url\":\"https:\/\/www.psib-psoe.org\/eivissa\/\",\"logo\":{\"@type\":\"ImageObject\",\"inLanguage\":\"ca\",\"@id\":\"https:\/\/www.psib-psoe.org\/eivissa\/#\/schema\/logo\/image\/\",\"url\":\"https:\/\/www.psib-psoe.org\/eivissa\/wp-content\/uploads\/LOGO-FSE-SOCIALISTA-DEIVISSA-HORI.png\",\"contentUrl\":\"https:\/\/www.psib-psoe.org\/eivissa\/wp-content\/uploads\/LOGO-FSE-SOCIALISTA-DEIVISSA-HORI.png\",\"width\":6000,\"height\":3104,\"caption\":\"Federaci\u00f3 Socialista d'Eivissa\"},\"image\":{\"@id\":\"https:\/\/www.psib-psoe.org\/eivissa\/#\/schema\/logo\/image\/\"}},{\"@type\":\"Person\",\"@id\":\"https:\/\/www.psib-psoe.org\/eivissa\/#\/schema\/person\/7a9d2841fb36f32e34fc0e9b245e8117\",\"name\":\"Josep Ripoll\",\"sameAs\":[\"http:\/\/www.psib-psoe.org\/eivissa\/wp-login.php\"],\"url\":\"https:\/\/www.psib-psoe.org\/eivissa\/author\/josep\/\"}]}<\/script>\n<!-- \/ Yoast SEO plugin. -->","yoast_head_json":{"title":"El PSOE demana la continuaci\u00f3 del projecte d\u2019ampliaci\u00f3 del Recinte Firal d\u2019Eivissa per promoure el turisme MICE, que inclou un auditori de 850 places - Federaci\u00f3 Socialista d&#039;Eivissa","robots":{"index":"index","follow":"follow","max-snippet":"max-snippet:-1","max-image-preview":"max-image-preview:large","max-video-preview":"max-video-preview:-1"},"canonical":"https:\/\/www.psib-psoe.org\/eivissa\/el-psoe-demana-la-continuacio-del-projecte-dampliacio-del-recinte-firal-deivissa-per-promoure-el-turisme-mice-que-inclou-un-auditori-de-850-places\/","og_locale":"ca_ES","og_type":"article","og_title":"El PSOE demana la continuaci\u00f3 del projecte d\u2019ampliaci\u00f3 del Recinte Firal d\u2019Eivissa per promoure el turisme MICE, que inclou un auditori de 850 places - Federaci\u00f3 Socialista d&#039;Eivissa","og_description":"El grup PSOE demanar\u00e0 en el pr\u00f2xim Ple del Consell Insular la continuaci\u00f3 del projecte d\u2019ampliaci\u00f3 del Recinte Firal d\u2019Eivissa, redactat en 2018, per tal que la seua construcci\u00f3 i posada en funcionament sigui una realitat en la present legislatura. L\u2019any passat el Consell d\u2019Eivissa va redactar un avantprojecte d\u2019ampliaci\u00f3, que inclou nous espais i&hellip;","og_url":"https:\/\/www.psib-psoe.org\/eivissa\/el-psoe-demana-la-continuacio-del-projecte-dampliacio-del-recinte-firal-deivissa-per-promoure-el-turisme-mice-que-inclou-un-auditori-de-850-places\/","og_site_name":"Federaci\u00f3 Socialista d&#039;Eivissa","article_published_time":"2019-11-21T11:30:02+00:00","article_modified_time":"2020-04-12T19:30:14+00:00","author":"Josep Ripoll","twitter_card":"summary_large_image","twitter_misc":{"Escrit per":"Josep Ripoll","Temps estimat de lectura":"2 minuts"},"schema":{"@context":"https:\/\/schema.org","@graph":[{"@type":["Article","BlogPosting"],"@id":"https:\/\/www.psib-psoe.org\/eivissa\/el-psoe-demana-la-continuacio-del-projecte-dampliacio-del-recinte-firal-deivissa-per-promoure-el-turisme-mice-que-inclou-un-auditori-de-850-places\/#article","isPartOf":{"@id":"https:\/\/www.psib-psoe.org\/eivissa\/el-psoe-demana-la-continuacio-del-projecte-dampliacio-del-recinte-firal-deivissa-per-promoure-el-turisme-mice-que-inclou-un-auditori-de-850-places\/"},"author":{"name":"Josep Ripoll","@id":"https:\/\/www.psib-psoe.org\/eivissa\/#\/schema\/person\/7a9d2841fb36f32e34fc0e9b245e8117"},"headline":"El PSOE demana la continuaci\u00f3 del projecte d\u2019ampliaci\u00f3 del Recinte Firal d\u2019Eivissa per promoure el turisme MICE, que inclou un auditori de 850 places","datePublished":"2019-11-21T11:30:02+00:00","dateModified":"2020-04-12T19:30:14+00:00","mainEntityOfPage":{"@id":"https:\/\/www.psib-psoe.org\/eivissa\/el-psoe-demana-la-continuacio-del-projecte-dampliacio-del-recinte-firal-deivissa-per-promoure-el-turisme-mice-que-inclou-un-auditori-de-850-places\/"},"wordCount":474,"publisher":{"@id":"https:\/\/www.psib-psoe.org\/eivissa\/#organization"},"image":{"@id":"https:\/\/www.psib-psoe.org\/eivissa\/el-psoe-demana-la-continuacio-del-projecte-dampliacio-del-recinte-firal-deivissa-per-promoure-el-turisme-mice-que-inclou-un-auditori-de-850-places\/#primaryimage"},"thumbnailUrl":"","articleSection":["Consell d'Eivissa","Federaci\u00f3 d'Eivissa - Portada"],"inLanguage":"ca"},{"@type":"WebPage","@id":"https:\/\/www.psib-psoe.org\/eivissa\/el-psoe-demana-la-continuacio-del-projecte-dampliacio-del-recinte-firal-deivissa-per-promoure-el-turisme-mice-que-inclou-un-auditori-de-850-places\/","url":"https:\/\/www.psib-psoe.org\/eivissa\/el-psoe-demana-la-continuacio-del-projecte-dampliacio-del-recinte-firal-deivissa-per-promoure-el-turisme-mice-que-inclou-un-auditori-de-850-places\/","name":"El PSOE demana la continuaci\u00f3 del projecte d\u2019ampliaci\u00f3 del Recinte Firal d\u2019Eivissa per promoure el turisme MICE, que inclou un auditori de 850 places - Federaci\u00f3 Socialista d&#039;Eivissa","isPartOf":{"@id":"https:\/\/www.psib-psoe.org\/eivissa\/#website"},"primaryImageOfPage":{"@id":"https:\/\/www.psib-psoe.org\/eivissa\/el-psoe-demana-la-continuacio-del-projecte-dampliacio-del-recinte-firal-deivissa-per-promoure-el-turisme-mice-que-inclou-un-auditori-de-850-places\/#primaryimage"},"image":{"@id":"https:\/\/www.psib-psoe.org\/eivissa\/el-psoe-demana-la-continuacio-del-projecte-dampliacio-del-recinte-firal-deivissa-per-promoure-el-turisme-mice-que-inclou-un-auditori-de-850-places\/#primaryimage"},"thumbnailUrl":"","datePublished":"2019-11-21T11:30:02+00:00","dateModified":"2020-04-12T19:30:14+00:00","breadcrumb":{"@id":"https:\/\/www.psib-psoe.org\/eivissa\/el-psoe-demana-la-continuacio-del-projecte-dampliacio-del-recinte-firal-deivissa-per-promoure-el-turisme-mice-que-inclou-un-auditori-de-850-places\/#breadcrumb"},"inLanguage":"ca","potentialAction":[{"@type":"ReadAction","target":["https:\/\/www.psib-psoe.org\/eivissa\/el-psoe-demana-la-continuacio-del-projecte-dampliacio-del-recinte-firal-deivissa-per-promoure-el-turisme-mice-que-inclou-un-auditori-de-850-places\/"]}]},{"@type":"ImageObject","inLanguage":"ca","@id":"https:\/\/www.psib-psoe.org\/eivissa\/el-psoe-demana-la-continuacio-del-projecte-dampliacio-del-recinte-firal-deivissa-per-promoure-el-turisme-mice-que-inclou-un-auditori-de-850-places\/#primaryimage","url":"","contentUrl":""},{"@type":"BreadcrumbList","@id":"https:\/\/www.psib-psoe.org\/eivissa\/el-psoe-demana-la-continuacio-del-projecte-dampliacio-del-recinte-firal-deivissa-per-promoure-el-turisme-mice-que-inclou-un-auditori-de-850-places\/#breadcrumb","itemListElement":[{"@type":"ListItem","position":1,"name":"Inici","item":"https:\/\/www.psib-psoe.org\/eivissa\/"},{"@type":"ListItem","position":2,"name":"El PSOE demana la continuaci\u00f3 del projecte d\u2019ampliaci\u00f3 del Recinte Firal d\u2019Eivissa per promoure el turisme MICE, que inclou un auditori de 850 places"}]},{"@type":"WebSite","@id":"https:\/\/www.psib-psoe.org\/eivissa\/#website","url":"https:\/\/www.psib-psoe.org\/eivissa\/","name":"Federaci\u00f3 Socialista d'Eivissa","description":"Socialistes d&#039;Eivissa","publisher":{"@id":"https:\/\/www.psib-psoe.org\/eivissa\/#organization"},"potentialAction":[{"@type":"SearchAction","target":{"@type":"EntryPoint","urlTemplate":"https:\/\/www.psib-psoe.org\/eivissa\/?s={search_term_string}"},"query-input":{"@type":"PropertyValueSpecification","valueRequired":true,"valueName":"search_term_string"}}],"inLanguage":"ca"},{"@type":"Organization","@id":"https:\/\/www.psib-psoe.org\/eivissa\/#organization","name":"Federaci\u00f3 Socialista d'Eivissa","url":"https:\/\/www.psib-psoe.org\/eivissa\/","logo":{"@type":"ImageObject","inLanguage":"ca","@id":"https:\/\/www.psib-psoe.org\/eivissa\/#\/schema\/logo\/image\/","url":"https:\/\/www.psib-psoe.org\/eivissa\/wp-content\/uploads\/LOGO-FSE-SOCIALISTA-DEIVISSA-HORI.png","contentUrl":"https:\/\/www.psib-psoe.org\/eivissa\/wp-content\/uploads\/LOGO-FSE-SOCIALISTA-DEIVISSA-HORI.png","width":6000,"height":3104,"caption":"Federaci\u00f3 Socialista d'Eivissa"},"image":{"@id":"https:\/\/www.psib-psoe.org\/eivissa\/#\/schema\/logo\/image\/"}},{"@type":"Person","@id":"https:\/\/www.psib-psoe.org\/eivissa\/#\/schema\/person\/7a9d2841fb36f32e34fc0e9b245e8117","name":"Josep Ripoll","sameAs":["http:\/\/www.psib-psoe.org\/eivissa\/wp-login.php"],"url":"https:\/\/www.psib-psoe.org\/eivissa\/author\/josep\/"}]}},"_links":{"self":[{"href":"https:\/\/www.psib-psoe.org\/eivissa\/wp-json\/wp\/v2\/posts\/14735","targetHints":{"allow":["GET"]}}],"collection":[{"href":"https:\/\/www.psib-psoe.org\/eivissa\/wp-json\/wp\/v2\/posts"}],"about":[{"href":"https:\/\/www.psib-psoe.org\/eivissa\/wp-json\/wp\/v2\/types\/post"}],"author":[{"embeddable":true,"href":"https:\/\/www.psib-psoe.org\/eivissa\/wp-json\/wp\/v2\/users\/7"}],"replies":[{"embeddable":true,"href":"https:\/\/www.psib-psoe.org\/eivissa\/wp-json\/wp\/v2\/comments?post=14735"}],"version-history":[{"count":1,"href":"https:\/\/www.psib-psoe.org\/eivissa\/wp-json\/wp\/v2\/posts\/14735\/revisions"}],"predecessor-version":[{"id":26713,"href":"https:\/\/www.psib-psoe.org\/eivissa\/wp-json\/wp\/v2\/posts\/14735\/revisions\/26713"}],"wp:featuredmedia":[{"embeddable":true,"href":"https:\/\/www.psib-psoe.org\/eivissa\/wp-json\/"}],"wp:attachment":[{"href":"https:\/\/www.psib-psoe.org\/eivissa\/wp-json\/wp\/v2\/media?parent=14735"}],"wp:term":[{"taxonomy":"category","embeddable":true,"href":"https:\/\/www.psib-psoe.org\/eivissa\/wp-json\/wp\/v2\/categories?post=14735"},{"taxonomy":"post_tag","embeddable":true,"href":"https:\/\/www.psib-psoe.org\/eivissa\/wp-json\/wp\/v2\/tags?post=14735"}],"curies":[{"name":"wp","href":"https:\/\/api.w.org\/{rel}","templated":true}]}}