{"id":14747,"date":"2019-11-22T10:30:31","date_gmt":"2019-11-22T10:30:31","guid":{"rendered":"https:\/\/www.psoeeivissa.es\/?p=14747"},"modified":"2020-04-14T13:22:24","modified_gmt":"2020-04-14T11:22:24","slug":"el-psoe-proposa-al-consell-insular-un-projecte-per-facilitar-lacces-a-can-coix-a-vianants-ciclistes-i-persones-amb-mobilitat-reduida","status":"publish","type":"post","link":"https:\/\/www.psib-psoe.org\/eivissa\/el-psoe-proposa-al-consell-insular-un-projecte-per-facilitar-lacces-a-can-coix-a-vianants-ciclistes-i-persones-amb-mobilitat-reduida\/","title":{"rendered":"El PSOE proposa al Consell Insular un projecte per facilitar l\u2019acc\u00e9s a Can Coix a vianants, ciclistes i persones amb mobilitat redu\u00efda"},"content":{"rendered":"<p>El grup PSOE proposar\u00e0 al Consell Insular que es faci c\u00e0rrec d\u2019un projecte per facilitar l\u2019acc\u00e9s a vianants, ciclistes i persones amb mobilitat redu\u00efda a les instal\u00b7lacions educatives i esportives de Can Coix (Sant Antoni de Portmany). A trav\u00e9s d\u2019una moci\u00f3 que es votar\u00e0 en el pr\u00f2xim Ple ordinari, el grup Socialista proposa que el Consell es dirigeixi a l&#8217;Ajuntament de Sant Antoni per a l&#8217;elaboraci\u00f3 de forma coordinada d\u2019un projecte per aconseguir una accessibilitat integral entre els barris de Can Tom\u00e0s, Can Bonet, sa Serra i es Mol\u00ed amb el nucli urb\u00e0 i els centres educatius i instal\u00b7lacions esportives de Can Coix.<\/p>\n<p>Es tracta d\u2019una intervenci\u00f3 llargament demanda pel Consell Escolar Municipal a petici\u00f3 dels directors dels centres educatius, les APIMAS, els clubs esportius, les associacions vesinals i els usuaris de les instal\u00b7lacions esportives de Can Coix. <\/p>\n<p>El PSOE es va comprometre a fer realitat l\u2019execuci\u00f3 d\u2019aquesta actuaci\u00f3 en la legislatura 2019-2023 de forma coordinada amb l\u2019ajuntament, i \u00e9s per aix\u00f2 que \u201cproposam a l\u2019actual Executiu del Consell que faci seua la proposta i la tiri endavant\u201d, segons ha explicat el conseller V\u00edctor Torres.  <\/p>\n<p>La moci\u00f3 proposa al Consell Insular dirigir-se a l\u2019Ajuntament de Sant Antoni per a l\u2019elaboraci\u00f3 del projecte i que, una vegada estigui aprovat, el Consell Insular d\u2019Eivissa es comprometi a l\u2019execuci\u00f3 de les obres en la part corresponent a les carreteres Eivissa-Sant Antoni C-731, E-30, PM-803 i la PM-812, de titularitat insular.<\/p>\n<p>El conseller V\u00edctor Torres recorda que \u201cen aquest tram el tr\u00e0nsit de joves, adolescents i usuaris \u00e9s constant, ja que s\u2019hi situen nombroses instal\u00b7lacions p\u00fabliques com s\u00f3n l&#8217;estaci\u00f3 d&#8217;autobusos, el centre de salut, el centre d&#8217;informaci\u00f3 jove, centres d&#8217;educaci\u00f3 prim\u00e0ria, secund\u00e0ria i formaci\u00f3 professional i instal\u00b7lacions esportives de tota mena\u201d.<\/p>\n<p>Segons ha dit, \u201chem de facilitar, millorar i normalitzar la mobilitat sostenible entre els adolescents i els joves de la nostra illa, aix\u00ed com al conjunt de la ciutadania\u201d, per la qual cosa espera \u201cel vot afirmatiu a la proposta per part de tots els grups del Consell Insular\u201d.<\/p>\n","protected":false},"excerpt":{"rendered":"<p>El grup PSOE proposar\u00e0 al Consell Insular que es faci c\u00e0rrec d\u2019un projecte per facilitar l\u2019acc\u00e9s a vianants, ciclistes i persones amb mobilitat redu\u00efda a les instal\u00b7lacions educatives i esportives de Can Coix (Sant Antoni de Portmany). A trav\u00e9s d\u2019una moci\u00f3 que es votar\u00e0 en el pr\u00f2xim Ple ordinari, el grup Socialista proposa que el&hellip;<\/p>\n","protected":false},"author":7,"featured_media":14745,"comment_status":"closed","ping_status":"closed","sticky":false,"template":"","format":"standard","meta":{"footnotes":""},"categories":[192,1,234,188],"tags":[],"class_list":["post-14747","post","type-post","status-publish","format-standard","has-post-thumbnail","hentry","category-consell-deivissa","category-federacio-de-eivissa-portada","category-municipis","category-sant-antoni-de-portmany"],"yoast_head":"<!-- This site is optimized with the Yoast SEO plugin v26.9 - https:\/\/yoast.com\/product\/yoast-seo-wordpress\/ -->\n<title>El PSOE proposa al Consell Insular un projecte per facilitar l\u2019acc\u00e9s a Can Coix a vianants, ciclistes i persones amb mobilitat redu\u00efda - Federaci\u00f3 Socialista d&#039;Eivissa<\/title>\n<meta name=\"robots\" content=\"index, follow, max-snippet:-1, max-image-preview:large, max-video-preview:-1\" \/>\n<link rel=\"canonical\" href=\"https:\/\/www.psib-psoe.org\/eivissa\/el-psoe-proposa-al-consell-insular-un-projecte-per-facilitar-lacces-a-can-coix-a-vianants-ciclistes-i-persones-amb-mobilitat-reduida\/\" \/>\n<meta property=\"og:locale\" content=\"ca_ES\" \/>\n<meta property=\"og:type\" content=\"article\" \/>\n<meta property=\"og:title\" content=\"El PSOE proposa al Consell Insular un projecte per facilitar l\u2019acc\u00e9s a Can Coix a vianants, ciclistes i persones amb mobilitat redu\u00efda - Federaci\u00f3 Socialista d&#039;Eivissa\" \/>\n<meta property=\"og:description\" content=\"El grup PSOE proposar\u00e0 al Consell Insular que es faci c\u00e0rrec d\u2019un projecte per facilitar l\u2019acc\u00e9s a vianants, ciclistes i persones amb mobilitat redu\u00efda a les instal\u00b7lacions educatives i esportives de Can Coix (Sant Antoni de Portmany). A trav\u00e9s d\u2019una moci\u00f3 que es votar\u00e0 en el pr\u00f2xim Ple ordinari, el grup Socialista proposa que el&hellip;\" \/>\n<meta property=\"og:url\" content=\"https:\/\/www.psib-psoe.org\/eivissa\/el-psoe-proposa-al-consell-insular-un-projecte-per-facilitar-lacces-a-can-coix-a-vianants-ciclistes-i-persones-amb-mobilitat-reduida\/\" \/>\n<meta property=\"og:site_name\" content=\"Federaci\u00f3 Socialista d&#039;Eivissa\" \/>\n<meta property=\"article:published_time\" content=\"2019-11-22T10:30:31+00:00\" \/>\n<meta property=\"article:modified_time\" content=\"2020-04-14T11:22:24+00:00\" \/>\n<meta name=\"author\" content=\"Josep Ripoll\" \/>\n<meta name=\"twitter:card\" content=\"summary_large_image\" \/>\n<meta name=\"twitter:label1\" content=\"Escrit per\" \/>\n\t<meta name=\"twitter:data1\" content=\"Josep Ripoll\" \/>\n\t<meta name=\"twitter:label2\" content=\"Temps estimat de lectura\" \/>\n\t<meta name=\"twitter:data2\" content=\"2 minuts\" \/>\n<script type=\"application\/ld+json\" class=\"yoast-schema-graph\">{\"@context\":\"https:\/\/schema.org\",\"@graph\":[{\"@type\":[\"Article\",\"BlogPosting\"],\"@id\":\"https:\/\/www.psib-psoe.org\/eivissa\/el-psoe-proposa-al-consell-insular-un-projecte-per-facilitar-lacces-a-can-coix-a-vianants-ciclistes-i-persones-amb-mobilitat-reduida\/#article\",\"isPartOf\":{\"@id\":\"https:\/\/www.psib-psoe.org\/eivissa\/el-psoe-proposa-al-consell-insular-un-projecte-per-facilitar-lacces-a-can-coix-a-vianants-ciclistes-i-persones-amb-mobilitat-reduida\/\"},\"author\":{\"name\":\"Josep Ripoll\",\"@id\":\"https:\/\/www.psib-psoe.org\/eivissa\/#\/schema\/person\/7a9d2841fb36f32e34fc0e9b245e8117\"},\"headline\":\"El PSOE proposa al Consell Insular un projecte per facilitar l\u2019acc\u00e9s a Can Coix a vianants, ciclistes i persones amb mobilitat redu\u00efda\",\"datePublished\":\"2019-11-22T10:30:31+00:00\",\"dateModified\":\"2020-04-14T11:22:24+00:00\",\"mainEntityOfPage\":{\"@id\":\"https:\/\/www.psib-psoe.org\/eivissa\/el-psoe-proposa-al-consell-insular-un-projecte-per-facilitar-lacces-a-can-coix-a-vianants-ciclistes-i-persones-amb-mobilitat-reduida\/\"},\"wordCount\":393,\"publisher\":{\"@id\":\"https:\/\/www.psib-psoe.org\/eivissa\/#organization\"},\"image\":{\"@id\":\"https:\/\/www.psib-psoe.org\/eivissa\/el-psoe-proposa-al-consell-insular-un-projecte-per-facilitar-lacces-a-can-coix-a-vianants-ciclistes-i-persones-amb-mobilitat-reduida\/#primaryimage\"},\"thumbnailUrl\":\"\",\"articleSection\":[\"Consell d'Eivissa\",\"Federaci\u00f3 d'Eivissa - Portada\",\"Municipis\",\"Sant Antoni de Portmany\"],\"inLanguage\":\"ca\"},{\"@type\":\"WebPage\",\"@id\":\"https:\/\/www.psib-psoe.org\/eivissa\/el-psoe-proposa-al-consell-insular-un-projecte-per-facilitar-lacces-a-can-coix-a-vianants-ciclistes-i-persones-amb-mobilitat-reduida\/\",\"url\":\"https:\/\/www.psib-psoe.org\/eivissa\/el-psoe-proposa-al-consell-insular-un-projecte-per-facilitar-lacces-a-can-coix-a-vianants-ciclistes-i-persones-amb-mobilitat-reduida\/\",\"name\":\"El PSOE proposa al Consell Insular un projecte per facilitar l\u2019acc\u00e9s a Can Coix a vianants, ciclistes i persones amb mobilitat redu\u00efda - Federaci\u00f3 Socialista d&#039;Eivissa\",\"isPartOf\":{\"@id\":\"https:\/\/www.psib-psoe.org\/eivissa\/#website\"},\"primaryImageOfPage\":{\"@id\":\"https:\/\/www.psib-psoe.org\/eivissa\/el-psoe-proposa-al-consell-insular-un-projecte-per-facilitar-lacces-a-can-coix-a-vianants-ciclistes-i-persones-amb-mobilitat-reduida\/#primaryimage\"},\"image\":{\"@id\":\"https:\/\/www.psib-psoe.org\/eivissa\/el-psoe-proposa-al-consell-insular-un-projecte-per-facilitar-lacces-a-can-coix-a-vianants-ciclistes-i-persones-amb-mobilitat-reduida\/#primaryimage\"},\"thumbnailUrl\":\"\",\"datePublished\":\"2019-11-22T10:30:31+00:00\",\"dateModified\":\"2020-04-14T11:22:24+00:00\",\"breadcrumb\":{\"@id\":\"https:\/\/www.psib-psoe.org\/eivissa\/el-psoe-proposa-al-consell-insular-un-projecte-per-facilitar-lacces-a-can-coix-a-vianants-ciclistes-i-persones-amb-mobilitat-reduida\/#breadcrumb\"},\"inLanguage\":\"ca\",\"potentialAction\":[{\"@type\":\"ReadAction\",\"target\":[\"https:\/\/www.psib-psoe.org\/eivissa\/el-psoe-proposa-al-consell-insular-un-projecte-per-facilitar-lacces-a-can-coix-a-vianants-ciclistes-i-persones-amb-mobilitat-reduida\/\"]}]},{\"@type\":\"ImageObject\",\"inLanguage\":\"ca\",\"@id\":\"https:\/\/www.psib-psoe.org\/eivissa\/el-psoe-proposa-al-consell-insular-un-projecte-per-facilitar-lacces-a-can-coix-a-vianants-ciclistes-i-persones-amb-mobilitat-reduida\/#primaryimage\",\"url\":\"\",\"contentUrl\":\"\"},{\"@type\":\"BreadcrumbList\",\"@id\":\"https:\/\/www.psib-psoe.org\/eivissa\/el-psoe-proposa-al-consell-insular-un-projecte-per-facilitar-lacces-a-can-coix-a-vianants-ciclistes-i-persones-amb-mobilitat-reduida\/#breadcrumb\",\"itemListElement\":[{\"@type\":\"ListItem\",\"position\":1,\"name\":\"Inici\",\"item\":\"https:\/\/www.psib-psoe.org\/eivissa\/\"},{\"@type\":\"ListItem\",\"position\":2,\"name\":\"El PSOE proposa al Consell Insular un projecte per facilitar l\u2019acc\u00e9s a Can Coix a vianants, ciclistes i persones amb mobilitat redu\u00efda\"}]},{\"@type\":\"WebSite\",\"@id\":\"https:\/\/www.psib-psoe.org\/eivissa\/#website\",\"url\":\"https:\/\/www.psib-psoe.org\/eivissa\/\",\"name\":\"Federaci\u00f3 Socialista d'Eivissa\",\"description\":\"Socialistes d&#039;Eivissa\",\"publisher\":{\"@id\":\"https:\/\/www.psib-psoe.org\/eivissa\/#organization\"},\"potentialAction\":[{\"@type\":\"SearchAction\",\"target\":{\"@type\":\"EntryPoint\",\"urlTemplate\":\"https:\/\/www.psib-psoe.org\/eivissa\/?s={search_term_string}\"},\"query-input\":{\"@type\":\"PropertyValueSpecification\",\"valueRequired\":true,\"valueName\":\"search_term_string\"}}],\"inLanguage\":\"ca\"},{\"@type\":\"Organization\",\"@id\":\"https:\/\/www.psib-psoe.org\/eivissa\/#organization\",\"name\":\"Federaci\u00f3 Socialista d'Eivissa\",\"url\":\"https:\/\/www.psib-psoe.org\/eivissa\/\",\"logo\":{\"@type\":\"ImageObject\",\"inLanguage\":\"ca\",\"@id\":\"https:\/\/www.psib-psoe.org\/eivissa\/#\/schema\/logo\/image\/\",\"url\":\"https:\/\/www.psib-psoe.org\/eivissa\/wp-content\/uploads\/LOGO-FSE-SOCIALISTA-DEIVISSA-HORI.png\",\"contentUrl\":\"https:\/\/www.psib-psoe.org\/eivissa\/wp-content\/uploads\/LOGO-FSE-SOCIALISTA-DEIVISSA-HORI.png\",\"width\":6000,\"height\":3104,\"caption\":\"Federaci\u00f3 Socialista d'Eivissa\"},\"image\":{\"@id\":\"https:\/\/www.psib-psoe.org\/eivissa\/#\/schema\/logo\/image\/\"}},{\"@type\":\"Person\",\"@id\":\"https:\/\/www.psib-psoe.org\/eivissa\/#\/schema\/person\/7a9d2841fb36f32e34fc0e9b245e8117\",\"name\":\"Josep Ripoll\",\"sameAs\":[\"http:\/\/www.psib-psoe.org\/eivissa\/wp-login.php\"],\"url\":\"https:\/\/www.psib-psoe.org\/eivissa\/author\/josep\/\"}]}<\/script>\n<!-- \/ Yoast SEO plugin. -->","yoast_head_json":{"title":"El PSOE proposa al Consell Insular un projecte per facilitar l\u2019acc\u00e9s a Can Coix a vianants, ciclistes i persones amb mobilitat redu\u00efda - Federaci\u00f3 Socialista d&#039;Eivissa","robots":{"index":"index","follow":"follow","max-snippet":"max-snippet:-1","max-image-preview":"max-image-preview:large","max-video-preview":"max-video-preview:-1"},"canonical":"https:\/\/www.psib-psoe.org\/eivissa\/el-psoe-proposa-al-consell-insular-un-projecte-per-facilitar-lacces-a-can-coix-a-vianants-ciclistes-i-persones-amb-mobilitat-reduida\/","og_locale":"ca_ES","og_type":"article","og_title":"El PSOE proposa al Consell Insular un projecte per facilitar l\u2019acc\u00e9s a Can Coix a vianants, ciclistes i persones amb mobilitat redu\u00efda - Federaci\u00f3 Socialista d&#039;Eivissa","og_description":"El grup PSOE proposar\u00e0 al Consell Insular que es faci c\u00e0rrec d\u2019un projecte per facilitar l\u2019acc\u00e9s a vianants, ciclistes i persones amb mobilitat redu\u00efda a les instal\u00b7lacions educatives i esportives de Can Coix (Sant Antoni de Portmany). A trav\u00e9s d\u2019una moci\u00f3 que es votar\u00e0 en el pr\u00f2xim Ple ordinari, el grup Socialista proposa que el&hellip;","og_url":"https:\/\/www.psib-psoe.org\/eivissa\/el-psoe-proposa-al-consell-insular-un-projecte-per-facilitar-lacces-a-can-coix-a-vianants-ciclistes-i-persones-amb-mobilitat-reduida\/","og_site_name":"Federaci\u00f3 Socialista d&#039;Eivissa","article_published_time":"2019-11-22T10:30:31+00:00","article_modified_time":"2020-04-14T11:22:24+00:00","author":"Josep Ripoll","twitter_card":"summary_large_image","twitter_misc":{"Escrit per":"Josep Ripoll","Temps estimat de lectura":"2 minuts"},"schema":{"@context":"https:\/\/schema.org","@graph":[{"@type":["Article","BlogPosting"],"@id":"https:\/\/www.psib-psoe.org\/eivissa\/el-psoe-proposa-al-consell-insular-un-projecte-per-facilitar-lacces-a-can-coix-a-vianants-ciclistes-i-persones-amb-mobilitat-reduida\/#article","isPartOf":{"@id":"https:\/\/www.psib-psoe.org\/eivissa\/el-psoe-proposa-al-consell-insular-un-projecte-per-facilitar-lacces-a-can-coix-a-vianants-ciclistes-i-persones-amb-mobilitat-reduida\/"},"author":{"name":"Josep Ripoll","@id":"https:\/\/www.psib-psoe.org\/eivissa\/#\/schema\/person\/7a9d2841fb36f32e34fc0e9b245e8117"},"headline":"El PSOE proposa al Consell Insular un projecte per facilitar l\u2019acc\u00e9s a Can Coix a vianants, ciclistes i persones amb mobilitat redu\u00efda","datePublished":"2019-11-22T10:30:31+00:00","dateModified":"2020-04-14T11:22:24+00:00","mainEntityOfPage":{"@id":"https:\/\/www.psib-psoe.org\/eivissa\/el-psoe-proposa-al-consell-insular-un-projecte-per-facilitar-lacces-a-can-coix-a-vianants-ciclistes-i-persones-amb-mobilitat-reduida\/"},"wordCount":393,"publisher":{"@id":"https:\/\/www.psib-psoe.org\/eivissa\/#organization"},"image":{"@id":"https:\/\/www.psib-psoe.org\/eivissa\/el-psoe-proposa-al-consell-insular-un-projecte-per-facilitar-lacces-a-can-coix-a-vianants-ciclistes-i-persones-amb-mobilitat-reduida\/#primaryimage"},"thumbnailUrl":"","articleSection":["Consell d'Eivissa","Federaci\u00f3 d'Eivissa - Portada","Municipis","Sant Antoni de Portmany"],"inLanguage":"ca"},{"@type":"WebPage","@id":"https:\/\/www.psib-psoe.org\/eivissa\/el-psoe-proposa-al-consell-insular-un-projecte-per-facilitar-lacces-a-can-coix-a-vianants-ciclistes-i-persones-amb-mobilitat-reduida\/","url":"https:\/\/www.psib-psoe.org\/eivissa\/el-psoe-proposa-al-consell-insular-un-projecte-per-facilitar-lacces-a-can-coix-a-vianants-ciclistes-i-persones-amb-mobilitat-reduida\/","name":"El PSOE proposa al Consell Insular un projecte per facilitar l\u2019acc\u00e9s a Can Coix a vianants, ciclistes i persones amb mobilitat redu\u00efda - Federaci\u00f3 Socialista d&#039;Eivissa","isPartOf":{"@id":"https:\/\/www.psib-psoe.org\/eivissa\/#website"},"primaryImageOfPage":{"@id":"https:\/\/www.psib-psoe.org\/eivissa\/el-psoe-proposa-al-consell-insular-un-projecte-per-facilitar-lacces-a-can-coix-a-vianants-ciclistes-i-persones-amb-mobilitat-reduida\/#primaryimage"},"image":{"@id":"https:\/\/www.psib-psoe.org\/eivissa\/el-psoe-proposa-al-consell-insular-un-projecte-per-facilitar-lacces-a-can-coix-a-vianants-ciclistes-i-persones-amb-mobilitat-reduida\/#primaryimage"},"thumbnailUrl":"","datePublished":"2019-11-22T10:30:31+00:00","dateModified":"2020-04-14T11:22:24+00:00","breadcrumb":{"@id":"https:\/\/www.psib-psoe.org\/eivissa\/el-psoe-proposa-al-consell-insular-un-projecte-per-facilitar-lacces-a-can-coix-a-vianants-ciclistes-i-persones-amb-mobilitat-reduida\/#breadcrumb"},"inLanguage":"ca","potentialAction":[{"@type":"ReadAction","target":["https:\/\/www.psib-psoe.org\/eivissa\/el-psoe-proposa-al-consell-insular-un-projecte-per-facilitar-lacces-a-can-coix-a-vianants-ciclistes-i-persones-amb-mobilitat-reduida\/"]}]},{"@type":"ImageObject","inLanguage":"ca","@id":"https:\/\/www.psib-psoe.org\/eivissa\/el-psoe-proposa-al-consell-insular-un-projecte-per-facilitar-lacces-a-can-coix-a-vianants-ciclistes-i-persones-amb-mobilitat-reduida\/#primaryimage","url":"","contentUrl":""},{"@type":"BreadcrumbList","@id":"https:\/\/www.psib-psoe.org\/eivissa\/el-psoe-proposa-al-consell-insular-un-projecte-per-facilitar-lacces-a-can-coix-a-vianants-ciclistes-i-persones-amb-mobilitat-reduida\/#breadcrumb","itemListElement":[{"@type":"ListItem","position":1,"name":"Inici","item":"https:\/\/www.psib-psoe.org\/eivissa\/"},{"@type":"ListItem","position":2,"name":"El PSOE proposa al Consell Insular un projecte per facilitar l\u2019acc\u00e9s a Can Coix a vianants, ciclistes i persones amb mobilitat redu\u00efda"}]},{"@type":"WebSite","@id":"https:\/\/www.psib-psoe.org\/eivissa\/#website","url":"https:\/\/www.psib-psoe.org\/eivissa\/","name":"Federaci\u00f3 Socialista d'Eivissa","description":"Socialistes d&#039;Eivissa","publisher":{"@id":"https:\/\/www.psib-psoe.org\/eivissa\/#organization"},"potentialAction":[{"@type":"SearchAction","target":{"@type":"EntryPoint","urlTemplate":"https:\/\/www.psib-psoe.org\/eivissa\/?s={search_term_string}"},"query-input":{"@type":"PropertyValueSpecification","valueRequired":true,"valueName":"search_term_string"}}],"inLanguage":"ca"},{"@type":"Organization","@id":"https:\/\/www.psib-psoe.org\/eivissa\/#organization","name":"Federaci\u00f3 Socialista d'Eivissa","url":"https:\/\/www.psib-psoe.org\/eivissa\/","logo":{"@type":"ImageObject","inLanguage":"ca","@id":"https:\/\/www.psib-psoe.org\/eivissa\/#\/schema\/logo\/image\/","url":"https:\/\/www.psib-psoe.org\/eivissa\/wp-content\/uploads\/LOGO-FSE-SOCIALISTA-DEIVISSA-HORI.png","contentUrl":"https:\/\/www.psib-psoe.org\/eivissa\/wp-content\/uploads\/LOGO-FSE-SOCIALISTA-DEIVISSA-HORI.png","width":6000,"height":3104,"caption":"Federaci\u00f3 Socialista d'Eivissa"},"image":{"@id":"https:\/\/www.psib-psoe.org\/eivissa\/#\/schema\/logo\/image\/"}},{"@type":"Person","@id":"https:\/\/www.psib-psoe.org\/eivissa\/#\/schema\/person\/7a9d2841fb36f32e34fc0e9b245e8117","name":"Josep Ripoll","sameAs":["http:\/\/www.psib-psoe.org\/eivissa\/wp-login.php"],"url":"https:\/\/www.psib-psoe.org\/eivissa\/author\/josep\/"}]}},"_links":{"self":[{"href":"https:\/\/www.psib-psoe.org\/eivissa\/wp-json\/wp\/v2\/posts\/14747","targetHints":{"allow":["GET"]}}],"collection":[{"href":"https:\/\/www.psib-psoe.org\/eivissa\/wp-json\/wp\/v2\/posts"}],"about":[{"href":"https:\/\/www.psib-psoe.org\/eivissa\/wp-json\/wp\/v2\/types\/post"}],"author":[{"embeddable":true,"href":"https:\/\/www.psib-psoe.org\/eivissa\/wp-json\/wp\/v2\/users\/7"}],"replies":[{"embeddable":true,"href":"https:\/\/www.psib-psoe.org\/eivissa\/wp-json\/wp\/v2\/comments?post=14747"}],"version-history":[{"count":1,"href":"https:\/\/www.psib-psoe.org\/eivissa\/wp-json\/wp\/v2\/posts\/14747\/revisions"}],"predecessor-version":[{"id":26710,"href":"https:\/\/www.psib-psoe.org\/eivissa\/wp-json\/wp\/v2\/posts\/14747\/revisions\/26710"}],"wp:featuredmedia":[{"embeddable":true,"href":"https:\/\/www.psib-psoe.org\/eivissa\/wp-json\/"}],"wp:attachment":[{"href":"https:\/\/www.psib-psoe.org\/eivissa\/wp-json\/wp\/v2\/media?parent=14747"}],"wp:term":[{"taxonomy":"category","embeddable":true,"href":"https:\/\/www.psib-psoe.org\/eivissa\/wp-json\/wp\/v2\/categories?post=14747"},{"taxonomy":"post_tag","embeddable":true,"href":"https:\/\/www.psib-psoe.org\/eivissa\/wp-json\/wp\/v2\/tags?post=14747"}],"curies":[{"name":"wp","href":"https:\/\/api.w.org\/{rel}","templated":true}]}}