{"id":14760,"date":"2019-11-26T12:11:41","date_gmt":"2019-11-26T12:11:41","guid":{"rendered":"https:\/\/www.psoeeivissa.es\/?p=14760"},"modified":"2020-04-14T13:18:24","modified_gmt":"2020-04-14T11:18:24","slug":"el-psoe-de-santa-eularia-des-riu-proposa-iniciar-de-forma-immediata-la-redaccio-del-projecte-dexecucio-de-la-fase-corresponen-al-tram-urba-que-discorre-pel-barri-de-ca-na-negreta","status":"publish","type":"post","link":"https:\/\/www.psib-psoe.org\/eivissa\/el-psoe-de-santa-eularia-des-riu-proposa-iniciar-de-forma-immediata-la-redaccio-del-projecte-dexecucio-de-la-fase-corresponen-al-tram-urba-que-discorre-pel-barri-de-ca-na-negreta\/","title":{"rendered":"El PSOE de Santa Eul\u00e0ria des Riu proposa iniciar de forma immediata la redacci\u00f3 del projecte d\u2019execuci\u00f3 de la fase corresponen al tram urb\u00e0 que discorre pel barri de Ca Na Negreta."},"content":{"rendered":"<p style=\"font-weight: 400;\">El Grup Municipal Socialista, preocupat per l\u2019estat en que es troba el barri de Ca Na Negreta i a la vista que s\u2019aprovaran pr\u00f2ximament els pressupostos per l\u2019exercici 2020, tant del Consell Insular d\u2019Eivissa com del propi Ajuntament de Santa Eul\u00e0ria des Riu, formula al Ple de la corporaci\u00f3 municipal que es celebrar\u00e0 aquest dijous dia 28 de novembre, una iniciativa en la qual sol\u00b7licita la imminent redacci\u00f3 del projecte d\u2019execuci\u00f3 de la fase del tram urb\u00e0 d\u2019aquest barri, per tal que tan aviat com estiguin finalitzades les obres de la variant, es pugui reconvertir aquest barri en una verdadera zona habitable.<\/p>\n<p style=\"font-weight: 400;\">El regidor socialista Alan Ripoll\u00a0<em>\u201cconsidera urgent atendre les necessitats d\u2019aquest barri\u201d<\/em>, que actualment es troba amb moltes mancances i \u00e9s per aix\u00f2 que aquest regidor considera que el projecte ha de dotar al barri de Ca Na Negreta al menys de voreres, zones verdes, carril bici, aparcaments i un parc infantil;<strong>\u00a0<\/strong>entre altres millores que \u00e9s considerin adients.<\/p>\n<p style=\"font-weight: 400;\">En maig de 2018 es van iniciar les tan necess\u00e0ries obres de desdoblament de la carretera Sant Joan, variant de Ca Na Negreta i variant de Jes\u00fas. Aquestes obres suposaran per a les persones residents als barri de Ca Na Negreta la pacificaci\u00f3 de la zona, una pacificaci\u00f3 que els vesins i vesines porten molts d&#8217;anys esperant i que ser\u00e0 una realitat gr\u00e0cies a l&#8217;impuls que li va donar en primer lloc el govern presidit per Xico Tarr\u00e9s, i posteriorment l&#8217;equip de govern progressista encap\u00e7alat per Vicent Torres, que es va trobar un projecte aturat al consell, per la inactivitat que es va produir durant la legislatura presidida per Vicent Serra del Partit Popular.<\/p>\n<p style=\"font-weight: 400;\">En data de 28 de mar\u00e7 de 2018, el Ple de Santa Eul\u00e0ria des Riu, va aprovar per unanimitat una proposta presentada pel Partit Popular &#8220;sol\u00b7licitant al Consell d&#8217;Eivissa a iniciar de forma immediata la redacci\u00f3 del projecte constructiu de la fase corresponen al tram urb\u00e0 que discorre per Ca Na Negreta, dotant al barri de voreres, zones verdes i aparcament&#8221;.\u00a0En aquell moment el govern progressista del Consell Insular va adquirir el comprom\u00eds de finan\u00e7ar aquestes obres.<\/p>\n<p style=\"font-weight: 400;\">Als regidors del Grup Municipal Socialista de Santa Eul\u00e0ria, els hi preocupa que una vegada\u00a0celebrades les eleccions de maig de 2019, amb un nou govern al Consell d\u2019Eivissa, el Conseller Mariano Juan del Partit Popular i responsable de Gesti\u00f3 del Territori, Infraestructures Vi\u00e0ries i Lluita contra l&#8217;Intrusisme, a una entrevista publicada el 12 d\u2019octubre de 2019, fes aquesta afirmaci\u00f3:\u00a0<em>&#8220;Ellos<\/em>\u00a0[Santa Eul\u00e0ria]\u00a0<em>tambi\u00e9n est\u00e1n valorando si quieren hacer las obras ellos o quieren que lo hagamos nosotros.&#8221; .<\/em><\/p>\n<p style=\"font-weight: 400;\"><em>\u201cNo volem que uns pels altres ara aquesta obra es quedi per fer\u201d<\/em>, ha manifestat el socialista Alan Ripoll, qui tamb\u00e9 ha indicat que en aquesta proposta presentada es demana\u00a0instar al Consell Insular d\u2019Eivissa a que inclogui al pressupost exercici 2020, de la corresponent dotaci\u00f3 pressupost\u00e0ria per a l\u2019execuci\u00f3 d\u2019aquest projecte de millora del barri de Ca Na Negreta.<\/p>\n<p style=\"font-weight: 400;\">El socialistes esperen que el Ple aprovi aquesta proposta ja que es una demanda de totes les persones residents al barri de Ca Na Negreta qui esperen ansiosos recuperar la normalitat al seu barri una vegada que el tr\u00e0fic es tregui definitivament d\u2019aquesta zona.<\/p>\n<p>&nbsp;<\/p>\n","protected":false},"excerpt":{"rendered":"<p>El Grup Municipal Socialista, preocupat per l\u2019estat en que es troba el barri de Ca Na Negreta i a la vista que s\u2019aprovaran pr\u00f2ximament els pressupostos per l\u2019exercici 2020, tant del Consell Insular d\u2019Eivissa com del propi Ajuntament de Santa Eul\u00e0ria des Riu, formula al Ple de la corporaci\u00f3 municipal que es celebrar\u00e0 aquest dijous&hellip;<\/p>\n","protected":false},"author":6,"featured_media":14761,"comment_status":"closed","ping_status":"closed","sticky":false,"template":"","format":"standard","meta":{"footnotes":""},"categories":[192,1,234,186],"tags":[],"class_list":["post-14760","post","type-post","status-publish","format-standard","has-post-thumbnail","hentry","category-consell-deivissa","category-federacio-de-eivissa-portada","category-municipis","category-santa-eularia-des-riu"],"yoast_head":"<!-- This site is optimized with the Yoast SEO plugin v26.9 - https:\/\/yoast.com\/product\/yoast-seo-wordpress\/ -->\n<title>El PSOE de Santa Eul\u00e0ria des Riu proposa iniciar de forma immediata la redacci\u00f3 del projecte d\u2019execuci\u00f3 de la fase corresponen al tram urb\u00e0 que discorre pel barri de Ca Na Negreta. - Federaci\u00f3 Socialista d&#039;Eivissa<\/title>\n<meta name=\"robots\" content=\"index, follow, max-snippet:-1, max-image-preview:large, max-video-preview:-1\" \/>\n<link rel=\"canonical\" href=\"https:\/\/www.psib-psoe.org\/eivissa\/el-psoe-de-santa-eularia-des-riu-proposa-iniciar-de-forma-immediata-la-redaccio-del-projecte-dexecucio-de-la-fase-corresponen-al-tram-urba-que-discorre-pel-barri-de-ca-na-negreta\/\" \/>\n<meta property=\"og:locale\" content=\"ca_ES\" \/>\n<meta property=\"og:type\" content=\"article\" \/>\n<meta property=\"og:title\" content=\"El PSOE de Santa Eul\u00e0ria des Riu proposa iniciar de forma immediata la redacci\u00f3 del projecte d\u2019execuci\u00f3 de la fase corresponen al tram urb\u00e0 que discorre pel barri de Ca Na Negreta. - Federaci\u00f3 Socialista d&#039;Eivissa\" \/>\n<meta property=\"og:description\" content=\"El Grup Municipal Socialista, preocupat per l\u2019estat en que es troba el barri de Ca Na Negreta i a la vista que s\u2019aprovaran pr\u00f2ximament els pressupostos per l\u2019exercici 2020, tant del Consell Insular d\u2019Eivissa com del propi Ajuntament de Santa Eul\u00e0ria des Riu, formula al Ple de la corporaci\u00f3 municipal que es celebrar\u00e0 aquest dijous&hellip;\" \/>\n<meta property=\"og:url\" content=\"https:\/\/www.psib-psoe.org\/eivissa\/el-psoe-de-santa-eularia-des-riu-proposa-iniciar-de-forma-immediata-la-redaccio-del-projecte-dexecucio-de-la-fase-corresponen-al-tram-urba-que-discorre-pel-barri-de-ca-na-negreta\/\" \/>\n<meta property=\"og:site_name\" content=\"Federaci\u00f3 Socialista d&#039;Eivissa\" \/>\n<meta property=\"article:published_time\" content=\"2019-11-26T12:11:41+00:00\" \/>\n<meta property=\"article:modified_time\" content=\"2020-04-14T11:18:24+00:00\" \/>\n<meta name=\"author\" content=\"alan\" \/>\n<meta name=\"twitter:card\" content=\"summary_large_image\" \/>\n<meta name=\"twitter:label1\" content=\"Escrit per\" \/>\n\t<meta name=\"twitter:data1\" content=\"alan\" \/>\n\t<meta name=\"twitter:label2\" content=\"Temps estimat de lectura\" \/>\n\t<meta name=\"twitter:data2\" content=\"3 minuts\" \/>\n<script type=\"application\/ld+json\" class=\"yoast-schema-graph\">{\"@context\":\"https:\/\/schema.org\",\"@graph\":[{\"@type\":[\"Article\",\"BlogPosting\"],\"@id\":\"https:\/\/www.psib-psoe.org\/eivissa\/el-psoe-de-santa-eularia-des-riu-proposa-iniciar-de-forma-immediata-la-redaccio-del-projecte-dexecucio-de-la-fase-corresponen-al-tram-urba-que-discorre-pel-barri-de-ca-na-negreta\/#article\",\"isPartOf\":{\"@id\":\"https:\/\/www.psib-psoe.org\/eivissa\/el-psoe-de-santa-eularia-des-riu-proposa-iniciar-de-forma-immediata-la-redaccio-del-projecte-dexecucio-de-la-fase-corresponen-al-tram-urba-que-discorre-pel-barri-de-ca-na-negreta\/\"},\"author\":{\"name\":\"alan\",\"@id\":\"https:\/\/www.psib-psoe.org\/eivissa\/#\/schema\/person\/9925a91b477314bd337b45177caee45d\"},\"headline\":\"El PSOE de Santa Eul\u00e0ria des Riu proposa iniciar de forma immediata la redacci\u00f3 del projecte d\u2019execuci\u00f3 de la fase corresponen al tram urb\u00e0 que discorre pel barri de Ca Na Negreta.\",\"datePublished\":\"2019-11-26T12:11:41+00:00\",\"dateModified\":\"2020-04-14T11:18:24+00:00\",\"mainEntityOfPage\":{\"@id\":\"https:\/\/www.psib-psoe.org\/eivissa\/el-psoe-de-santa-eularia-des-riu-proposa-iniciar-de-forma-immediata-la-redaccio-del-projecte-dexecucio-de-la-fase-corresponen-al-tram-urba-que-discorre-pel-barri-de-ca-na-negreta\/\"},\"wordCount\":593,\"publisher\":{\"@id\":\"https:\/\/www.psib-psoe.org\/eivissa\/#organization\"},\"image\":{\"@id\":\"https:\/\/www.psib-psoe.org\/eivissa\/el-psoe-de-santa-eularia-des-riu-proposa-iniciar-de-forma-immediata-la-redaccio-del-projecte-dexecucio-de-la-fase-corresponen-al-tram-urba-que-discorre-pel-barri-de-ca-na-negreta\/#primaryimage\"},\"thumbnailUrl\":\"\",\"articleSection\":[\"Consell d'Eivissa\",\"Federaci\u00f3 d'Eivissa - Portada\",\"Municipis\",\"Santa Eul\u00e0ria des Riu\"],\"inLanguage\":\"ca\"},{\"@type\":\"WebPage\",\"@id\":\"https:\/\/www.psib-psoe.org\/eivissa\/el-psoe-de-santa-eularia-des-riu-proposa-iniciar-de-forma-immediata-la-redaccio-del-projecte-dexecucio-de-la-fase-corresponen-al-tram-urba-que-discorre-pel-barri-de-ca-na-negreta\/\",\"url\":\"https:\/\/www.psib-psoe.org\/eivissa\/el-psoe-de-santa-eularia-des-riu-proposa-iniciar-de-forma-immediata-la-redaccio-del-projecte-dexecucio-de-la-fase-corresponen-al-tram-urba-que-discorre-pel-barri-de-ca-na-negreta\/\",\"name\":\"El PSOE de Santa Eul\u00e0ria des Riu proposa iniciar de forma immediata la redacci\u00f3 del projecte d\u2019execuci\u00f3 de la fase corresponen al tram urb\u00e0 que discorre pel barri de Ca Na Negreta. - Federaci\u00f3 Socialista d&#039;Eivissa\",\"isPartOf\":{\"@id\":\"https:\/\/www.psib-psoe.org\/eivissa\/#website\"},\"primaryImageOfPage\":{\"@id\":\"https:\/\/www.psib-psoe.org\/eivissa\/el-psoe-de-santa-eularia-des-riu-proposa-iniciar-de-forma-immediata-la-redaccio-del-projecte-dexecucio-de-la-fase-corresponen-al-tram-urba-que-discorre-pel-barri-de-ca-na-negreta\/#primaryimage\"},\"image\":{\"@id\":\"https:\/\/www.psib-psoe.org\/eivissa\/el-psoe-de-santa-eularia-des-riu-proposa-iniciar-de-forma-immediata-la-redaccio-del-projecte-dexecucio-de-la-fase-corresponen-al-tram-urba-que-discorre-pel-barri-de-ca-na-negreta\/#primaryimage\"},\"thumbnailUrl\":\"\",\"datePublished\":\"2019-11-26T12:11:41+00:00\",\"dateModified\":\"2020-04-14T11:18:24+00:00\",\"breadcrumb\":{\"@id\":\"https:\/\/www.psib-psoe.org\/eivissa\/el-psoe-de-santa-eularia-des-riu-proposa-iniciar-de-forma-immediata-la-redaccio-del-projecte-dexecucio-de-la-fase-corresponen-al-tram-urba-que-discorre-pel-barri-de-ca-na-negreta\/#breadcrumb\"},\"inLanguage\":\"ca\",\"potentialAction\":[{\"@type\":\"ReadAction\",\"target\":[\"https:\/\/www.psib-psoe.org\/eivissa\/el-psoe-de-santa-eularia-des-riu-proposa-iniciar-de-forma-immediata-la-redaccio-del-projecte-dexecucio-de-la-fase-corresponen-al-tram-urba-que-discorre-pel-barri-de-ca-na-negreta\/\"]}]},{\"@type\":\"ImageObject\",\"inLanguage\":\"ca\",\"@id\":\"https:\/\/www.psib-psoe.org\/eivissa\/el-psoe-de-santa-eularia-des-riu-proposa-iniciar-de-forma-immediata-la-redaccio-del-projecte-dexecucio-de-la-fase-corresponen-al-tram-urba-que-discorre-pel-barri-de-ca-na-negreta\/#primaryimage\",\"url\":\"\",\"contentUrl\":\"\"},{\"@type\":\"BreadcrumbList\",\"@id\":\"https:\/\/www.psib-psoe.org\/eivissa\/el-psoe-de-santa-eularia-des-riu-proposa-iniciar-de-forma-immediata-la-redaccio-del-projecte-dexecucio-de-la-fase-corresponen-al-tram-urba-que-discorre-pel-barri-de-ca-na-negreta\/#breadcrumb\",\"itemListElement\":[{\"@type\":\"ListItem\",\"position\":1,\"name\":\"Inici\",\"item\":\"https:\/\/www.psib-psoe.org\/eivissa\/\"},{\"@type\":\"ListItem\",\"position\":2,\"name\":\"El PSOE de Santa Eul\u00e0ria des Riu proposa iniciar de forma immediata la redacci\u00f3 del projecte d\u2019execuci\u00f3 de la fase corresponen al tram urb\u00e0 que discorre pel barri de Ca Na Negreta.\"}]},{\"@type\":\"WebSite\",\"@id\":\"https:\/\/www.psib-psoe.org\/eivissa\/#website\",\"url\":\"https:\/\/www.psib-psoe.org\/eivissa\/\",\"name\":\"Federaci\u00f3 Socialista d'Eivissa\",\"description\":\"Socialistes d&#039;Eivissa\",\"publisher\":{\"@id\":\"https:\/\/www.psib-psoe.org\/eivissa\/#organization\"},\"potentialAction\":[{\"@type\":\"SearchAction\",\"target\":{\"@type\":\"EntryPoint\",\"urlTemplate\":\"https:\/\/www.psib-psoe.org\/eivissa\/?s={search_term_string}\"},\"query-input\":{\"@type\":\"PropertyValueSpecification\",\"valueRequired\":true,\"valueName\":\"search_term_string\"}}],\"inLanguage\":\"ca\"},{\"@type\":\"Organization\",\"@id\":\"https:\/\/www.psib-psoe.org\/eivissa\/#organization\",\"name\":\"Federaci\u00f3 Socialista d'Eivissa\",\"url\":\"https:\/\/www.psib-psoe.org\/eivissa\/\",\"logo\":{\"@type\":\"ImageObject\",\"inLanguage\":\"ca\",\"@id\":\"https:\/\/www.psib-psoe.org\/eivissa\/#\/schema\/logo\/image\/\",\"url\":\"https:\/\/www.psib-psoe.org\/eivissa\/wp-content\/uploads\/LOGO-FSE-SOCIALISTA-DEIVISSA-HORI.png\",\"contentUrl\":\"https:\/\/www.psib-psoe.org\/eivissa\/wp-content\/uploads\/LOGO-FSE-SOCIALISTA-DEIVISSA-HORI.png\",\"width\":6000,\"height\":3104,\"caption\":\"Federaci\u00f3 Socialista d'Eivissa\"},\"image\":{\"@id\":\"https:\/\/www.psib-psoe.org\/eivissa\/#\/schema\/logo\/image\/\"}},{\"@type\":\"Person\",\"@id\":\"https:\/\/www.psib-psoe.org\/eivissa\/#\/schema\/person\/9925a91b477314bd337b45177caee45d\",\"name\":\"alan\",\"url\":\"https:\/\/www.psib-psoe.org\/eivissa\/author\/alan\/\"}]}<\/script>\n<!-- \/ Yoast SEO plugin. -->","yoast_head_json":{"title":"El PSOE de Santa Eul\u00e0ria des Riu proposa iniciar de forma immediata la redacci\u00f3 del projecte d\u2019execuci\u00f3 de la fase corresponen al tram urb\u00e0 que discorre pel barri de Ca Na Negreta. - Federaci\u00f3 Socialista d&#039;Eivissa","robots":{"index":"index","follow":"follow","max-snippet":"max-snippet:-1","max-image-preview":"max-image-preview:large","max-video-preview":"max-video-preview:-1"},"canonical":"https:\/\/www.psib-psoe.org\/eivissa\/el-psoe-de-santa-eularia-des-riu-proposa-iniciar-de-forma-immediata-la-redaccio-del-projecte-dexecucio-de-la-fase-corresponen-al-tram-urba-que-discorre-pel-barri-de-ca-na-negreta\/","og_locale":"ca_ES","og_type":"article","og_title":"El PSOE de Santa Eul\u00e0ria des Riu proposa iniciar de forma immediata la redacci\u00f3 del projecte d\u2019execuci\u00f3 de la fase corresponen al tram urb\u00e0 que discorre pel barri de Ca Na Negreta. - Federaci\u00f3 Socialista d&#039;Eivissa","og_description":"El Grup Municipal Socialista, preocupat per l\u2019estat en que es troba el barri de Ca Na Negreta i a la vista que s\u2019aprovaran pr\u00f2ximament els pressupostos per l\u2019exercici 2020, tant del Consell Insular d\u2019Eivissa com del propi Ajuntament de Santa Eul\u00e0ria des Riu, formula al Ple de la corporaci\u00f3 municipal que es celebrar\u00e0 aquest dijous&hellip;","og_url":"https:\/\/www.psib-psoe.org\/eivissa\/el-psoe-de-santa-eularia-des-riu-proposa-iniciar-de-forma-immediata-la-redaccio-del-projecte-dexecucio-de-la-fase-corresponen-al-tram-urba-que-discorre-pel-barri-de-ca-na-negreta\/","og_site_name":"Federaci\u00f3 Socialista d&#039;Eivissa","article_published_time":"2019-11-26T12:11:41+00:00","article_modified_time":"2020-04-14T11:18:24+00:00","author":"alan","twitter_card":"summary_large_image","twitter_misc":{"Escrit per":"alan","Temps estimat de lectura":"3 minuts"},"schema":{"@context":"https:\/\/schema.org","@graph":[{"@type":["Article","BlogPosting"],"@id":"https:\/\/www.psib-psoe.org\/eivissa\/el-psoe-de-santa-eularia-des-riu-proposa-iniciar-de-forma-immediata-la-redaccio-del-projecte-dexecucio-de-la-fase-corresponen-al-tram-urba-que-discorre-pel-barri-de-ca-na-negreta\/#article","isPartOf":{"@id":"https:\/\/www.psib-psoe.org\/eivissa\/el-psoe-de-santa-eularia-des-riu-proposa-iniciar-de-forma-immediata-la-redaccio-del-projecte-dexecucio-de-la-fase-corresponen-al-tram-urba-que-discorre-pel-barri-de-ca-na-negreta\/"},"author":{"name":"alan","@id":"https:\/\/www.psib-psoe.org\/eivissa\/#\/schema\/person\/9925a91b477314bd337b45177caee45d"},"headline":"El PSOE de Santa Eul\u00e0ria des Riu proposa iniciar de forma immediata la redacci\u00f3 del projecte d\u2019execuci\u00f3 de la fase corresponen al tram urb\u00e0 que discorre pel barri de Ca Na Negreta.","datePublished":"2019-11-26T12:11:41+00:00","dateModified":"2020-04-14T11:18:24+00:00","mainEntityOfPage":{"@id":"https:\/\/www.psib-psoe.org\/eivissa\/el-psoe-de-santa-eularia-des-riu-proposa-iniciar-de-forma-immediata-la-redaccio-del-projecte-dexecucio-de-la-fase-corresponen-al-tram-urba-que-discorre-pel-barri-de-ca-na-negreta\/"},"wordCount":593,"publisher":{"@id":"https:\/\/www.psib-psoe.org\/eivissa\/#organization"},"image":{"@id":"https:\/\/www.psib-psoe.org\/eivissa\/el-psoe-de-santa-eularia-des-riu-proposa-iniciar-de-forma-immediata-la-redaccio-del-projecte-dexecucio-de-la-fase-corresponen-al-tram-urba-que-discorre-pel-barri-de-ca-na-negreta\/#primaryimage"},"thumbnailUrl":"","articleSection":["Consell d'Eivissa","Federaci\u00f3 d'Eivissa - Portada","Municipis","Santa Eul\u00e0ria des Riu"],"inLanguage":"ca"},{"@type":"WebPage","@id":"https:\/\/www.psib-psoe.org\/eivissa\/el-psoe-de-santa-eularia-des-riu-proposa-iniciar-de-forma-immediata-la-redaccio-del-projecte-dexecucio-de-la-fase-corresponen-al-tram-urba-que-discorre-pel-barri-de-ca-na-negreta\/","url":"https:\/\/www.psib-psoe.org\/eivissa\/el-psoe-de-santa-eularia-des-riu-proposa-iniciar-de-forma-immediata-la-redaccio-del-projecte-dexecucio-de-la-fase-corresponen-al-tram-urba-que-discorre-pel-barri-de-ca-na-negreta\/","name":"El PSOE de Santa Eul\u00e0ria des Riu proposa iniciar de forma immediata la redacci\u00f3 del projecte d\u2019execuci\u00f3 de la fase corresponen al tram urb\u00e0 que discorre pel barri de Ca Na Negreta. - Federaci\u00f3 Socialista d&#039;Eivissa","isPartOf":{"@id":"https:\/\/www.psib-psoe.org\/eivissa\/#website"},"primaryImageOfPage":{"@id":"https:\/\/www.psib-psoe.org\/eivissa\/el-psoe-de-santa-eularia-des-riu-proposa-iniciar-de-forma-immediata-la-redaccio-del-projecte-dexecucio-de-la-fase-corresponen-al-tram-urba-que-discorre-pel-barri-de-ca-na-negreta\/#primaryimage"},"image":{"@id":"https:\/\/www.psib-psoe.org\/eivissa\/el-psoe-de-santa-eularia-des-riu-proposa-iniciar-de-forma-immediata-la-redaccio-del-projecte-dexecucio-de-la-fase-corresponen-al-tram-urba-que-discorre-pel-barri-de-ca-na-negreta\/#primaryimage"},"thumbnailUrl":"","datePublished":"2019-11-26T12:11:41+00:00","dateModified":"2020-04-14T11:18:24+00:00","breadcrumb":{"@id":"https:\/\/www.psib-psoe.org\/eivissa\/el-psoe-de-santa-eularia-des-riu-proposa-iniciar-de-forma-immediata-la-redaccio-del-projecte-dexecucio-de-la-fase-corresponen-al-tram-urba-que-discorre-pel-barri-de-ca-na-negreta\/#breadcrumb"},"inLanguage":"ca","potentialAction":[{"@type":"ReadAction","target":["https:\/\/www.psib-psoe.org\/eivissa\/el-psoe-de-santa-eularia-des-riu-proposa-iniciar-de-forma-immediata-la-redaccio-del-projecte-dexecucio-de-la-fase-corresponen-al-tram-urba-que-discorre-pel-barri-de-ca-na-negreta\/"]}]},{"@type":"ImageObject","inLanguage":"ca","@id":"https:\/\/www.psib-psoe.org\/eivissa\/el-psoe-de-santa-eularia-des-riu-proposa-iniciar-de-forma-immediata-la-redaccio-del-projecte-dexecucio-de-la-fase-corresponen-al-tram-urba-que-discorre-pel-barri-de-ca-na-negreta\/#primaryimage","url":"","contentUrl":""},{"@type":"BreadcrumbList","@id":"https:\/\/www.psib-psoe.org\/eivissa\/el-psoe-de-santa-eularia-des-riu-proposa-iniciar-de-forma-immediata-la-redaccio-del-projecte-dexecucio-de-la-fase-corresponen-al-tram-urba-que-discorre-pel-barri-de-ca-na-negreta\/#breadcrumb","itemListElement":[{"@type":"ListItem","position":1,"name":"Inici","item":"https:\/\/www.psib-psoe.org\/eivissa\/"},{"@type":"ListItem","position":2,"name":"El PSOE de Santa Eul\u00e0ria des Riu proposa iniciar de forma immediata la redacci\u00f3 del projecte d\u2019execuci\u00f3 de la fase corresponen al tram urb\u00e0 que discorre pel barri de Ca Na Negreta."}]},{"@type":"WebSite","@id":"https:\/\/www.psib-psoe.org\/eivissa\/#website","url":"https:\/\/www.psib-psoe.org\/eivissa\/","name":"Federaci\u00f3 Socialista d'Eivissa","description":"Socialistes d&#039;Eivissa","publisher":{"@id":"https:\/\/www.psib-psoe.org\/eivissa\/#organization"},"potentialAction":[{"@type":"SearchAction","target":{"@type":"EntryPoint","urlTemplate":"https:\/\/www.psib-psoe.org\/eivissa\/?s={search_term_string}"},"query-input":{"@type":"PropertyValueSpecification","valueRequired":true,"valueName":"search_term_string"}}],"inLanguage":"ca"},{"@type":"Organization","@id":"https:\/\/www.psib-psoe.org\/eivissa\/#organization","name":"Federaci\u00f3 Socialista d'Eivissa","url":"https:\/\/www.psib-psoe.org\/eivissa\/","logo":{"@type":"ImageObject","inLanguage":"ca","@id":"https:\/\/www.psib-psoe.org\/eivissa\/#\/schema\/logo\/image\/","url":"https:\/\/www.psib-psoe.org\/eivissa\/wp-content\/uploads\/LOGO-FSE-SOCIALISTA-DEIVISSA-HORI.png","contentUrl":"https:\/\/www.psib-psoe.org\/eivissa\/wp-content\/uploads\/LOGO-FSE-SOCIALISTA-DEIVISSA-HORI.png","width":6000,"height":3104,"caption":"Federaci\u00f3 Socialista d'Eivissa"},"image":{"@id":"https:\/\/www.psib-psoe.org\/eivissa\/#\/schema\/logo\/image\/"}},{"@type":"Person","@id":"https:\/\/www.psib-psoe.org\/eivissa\/#\/schema\/person\/9925a91b477314bd337b45177caee45d","name":"alan","url":"https:\/\/www.psib-psoe.org\/eivissa\/author\/alan\/"}]}},"_links":{"self":[{"href":"https:\/\/www.psib-psoe.org\/eivissa\/wp-json\/wp\/v2\/posts\/14760","targetHints":{"allow":["GET"]}}],"collection":[{"href":"https:\/\/www.psib-psoe.org\/eivissa\/wp-json\/wp\/v2\/posts"}],"about":[{"href":"https:\/\/www.psib-psoe.org\/eivissa\/wp-json\/wp\/v2\/types\/post"}],"author":[{"embeddable":true,"href":"https:\/\/www.psib-psoe.org\/eivissa\/wp-json\/wp\/v2\/users\/6"}],"replies":[{"embeddable":true,"href":"https:\/\/www.psib-psoe.org\/eivissa\/wp-json\/wp\/v2\/comments?post=14760"}],"version-history":[{"count":1,"href":"https:\/\/www.psib-psoe.org\/eivissa\/wp-json\/wp\/v2\/posts\/14760\/revisions"}],"predecessor-version":[{"id":26709,"href":"https:\/\/www.psib-psoe.org\/eivissa\/wp-json\/wp\/v2\/posts\/14760\/revisions\/26709"}],"wp:featuredmedia":[{"embeddable":true,"href":"https:\/\/www.psib-psoe.org\/eivissa\/wp-json\/"}],"wp:attachment":[{"href":"https:\/\/www.psib-psoe.org\/eivissa\/wp-json\/wp\/v2\/media?parent=14760"}],"wp:term":[{"taxonomy":"category","embeddable":true,"href":"https:\/\/www.psib-psoe.org\/eivissa\/wp-json\/wp\/v2\/categories?post=14760"},{"taxonomy":"post_tag","embeddable":true,"href":"https:\/\/www.psib-psoe.org\/eivissa\/wp-json\/wp\/v2\/tags?post=14760"}],"curies":[{"name":"wp","href":"https:\/\/api.w.org\/{rel}","templated":true}]}}