{"id":14777,"date":"2019-11-28T16:42:50","date_gmt":"2019-11-28T16:42:50","guid":{"rendered":"https:\/\/www.psoeeivissa.es\/?p=14777"},"modified":"2020-04-12T21:30:14","modified_gmt":"2020-04-12T19:30:14","slug":"psoe-reinicia-exigeix-a-lequip-de-govern-de-sant-antoni-que-es-comprometi-a-paralitzar-la-installacio-del-quiosc-de-cala-gracio","status":"publish","type":"post","link":"https:\/\/www.psib-psoe.org\/eivissa\/psoe-reinicia-exigeix-a-lequip-de-govern-de-sant-antoni-que-es-comprometi-a-paralitzar-la-installacio-del-quiosc-de-cala-gracio\/","title":{"rendered":"PSOE-Reinicia exigeix a l&#8217;equip de govern de Sant Antoni que es comprometi a paralitzar la instal\u00b7laci\u00f3 del quiosc de Cala Graci\u00f3"},"content":{"rendered":"<p>El grup municipal PSOE-Reinicia de l&#8217;Ajuntament de Sant Antoni lamenta profundament les manifestacions realitzades per l&#8217;alcalde, Marcos Serra, arrel del dictamen del Consell\u00a0Consultiu\u00a0sobre el\u00a0 quiosc de Cala\u00a0Graci\u00f3\u00a0i exigeix a l&#8217;equip de govern que es comprometi a paralitzar la instal\u00b7laci\u00f3 d&#8217;aquest negoci.<\/p>\n<p>El senyor Serra o b\u00e9 no ha ent\u00e8s els termes de la resoluci\u00f3 o b\u00e9 menteix i oculta informaci\u00f3 deliberadament. El que el\u00a0Consultiu\u00a0determina no \u00e9s que la \u201cllic\u00e8ncia est\u00e0 ben donada\u201d, com afirma l&#8217;alcalde, sin\u00f3 que no es pot considerar nul\u00b7la de ple dret. No obstant aix\u00f2, afegeix que \u201cles contradiccions, faltes o errors del projecte presentat o en la tramitaci\u00f3 del projecte\u201dpodrien donar lloc a l&#8217;anul\u00b7labilitat contemplada en l&#8217;article 48.1 de la Llei 39\/2015, d&#8217;1 d&#8217;octubre. Malgrat aix\u00f2, l&#8217;alcalde s&#8217;ha afanyat a assegurar que aquest negoci podr\u00e0 obrir portes el pr\u00f2xim estiu sense contemplar en cap moment la via de l&#8217;anul\u00b7labilitat suggerida pel\u00a0Consultiu. Des del grup municipal PSOE-Reinicia ens preguntem quins interessos est\u00e0 defensant l&#8217;alcalde i per descomptat no sembla que siguin els del conjunt dels ciutadans. Malgrat haver-se manifestat p\u00fablicament \u201cen contra del quiosquet\u201d durant la campanya electoral, Serra se sotmet ara a la voluntat dels promotors sense plantar batalla ni continuar amb els possibles camins que t\u00e9 el Consistori per a evitar aquest projecte.<\/p>\n<p>En el seu dictamen, el\u00a0Consultiu\u00a0comparteix la interpretaci\u00f3 sobre la classificaci\u00f3 dels terrenys que va fer l&#8217;Ajuntament en la proposta de resoluci\u00f3 iniciada en l&#8217;anterior mandat. Aix\u00ed doncs, el\u00a0Consultiu\u00a0considera que el terreny es tracta de s\u00f2l r\u00fastic protegit en la categoria de paisatge preservat prevista en el planejament municipal. Aix\u00ed mateix, assenyala que la regulaci\u00f3 del planejament pot ser m\u00e9s restrictiva que la del Pla Territorial, per la qual cosa entenem que aquest instrument no pot rebaixar el grau de protecci\u00f3 que el planejament atorga a aquest s\u00f2l. En la mateixa l\u00ednia, el\u00a0Consultiu\u00a0apunta que la implantaci\u00f3 del quiosc hauria de considerar-se com un \u00fas condicionat, \u201cde manera que \u00fanicament es podr\u00e0 autoritzar si es justifica davant l&#8217;Ajuntament la necessitat d&#8217;instal\u00b7lar-se en s\u00f2l r\u00fastic per no existir cap alternativa compatible en altres ubicacions\u201d. PSOE-Reinicia ent\u00e9n que no \u00e9s el cas d&#8217;aquest projecte i empla\u00e7a a l&#8217;equip de govern a no ignorar ni ometre les contradiccions apuntades en el dictamen del qual, cal assenyalar, el senyor Serra ha fet una lectura subjectiva interpretant el text en favor dels promotors del projecte i no dels interessos de l&#8217;Ajuntament.<\/p>\n<p>D&#8217;altra banda, el\u00a0Consultiu\u00a0assenyala tamb\u00e9 que les possibles defici\u00e8ncies en la tramitaci\u00f3 de l&#8217;autoritzaci\u00f3 per a ocupaci\u00f3 de b\u00e9ns de domini p\u00fablic mar\u00edtim-terrestre concedida per la Demarcaci\u00f3 de Costes queda fora de la seva an\u00e0lisi, per\u00f2 afegeix que el Consistori \u201cpodria sol\u00b7licitar, si ho considera oport\u00fa, a la Demarcaci\u00f3 de Costes, l&#8217;inici d&#8217;un procediment de revisi\u00f3 d&#8217;ofici de l&#8217;autoritzaci\u00f3 concedida\u201d o instar a la revocaci\u00f3 d&#8217;aquest acte administratiu.<\/p>\n<p>Davant aquesta situaci\u00f3, PSOE-Reinicia sol\u00b7licita a l&#8217;equip de govern que demani la inhibici\u00f3 del secretari municipal en aquest expedient posat que no sols va participar activament en la tramitaci\u00f3 de la llic\u00e8ncia inicial sin\u00f3 que est\u00e0 cridat a declarar en el procediment.<\/p>\n","protected":false},"excerpt":{"rendered":"<p>El grup municipal PSOE-Reinicia de l&#8217;Ajuntament de Sant Antoni lamenta profundament les manifestacions realitzades per l&#8217;alcalde, Marcos Serra, arrel del dictamen del Consell\u00a0Consultiu\u00a0sobre el\u00a0 quiosc de Cala\u00a0Graci\u00f3\u00a0i exigeix a l&#8217;equip de govern que es comprometi a paralitzar la instal\u00b7laci\u00f3 d&#8217;aquest negoci. El senyor Serra o b\u00e9 no ha ent\u00e8s els termes de la resoluci\u00f3 o&hellip;<\/p>\n","protected":false},"author":6,"featured_media":14389,"comment_status":"closed","ping_status":"closed","sticky":false,"template":"","format":"standard","meta":{"footnotes":""},"categories":[192,1,234],"tags":[],"class_list":["post-14777","post","type-post","status-publish","format-standard","has-post-thumbnail","hentry","category-consell-deivissa","category-federacio-de-eivissa-portada","category-municipis"],"yoast_head":"<!-- This site is optimized with the Yoast SEO plugin v26.9 - https:\/\/yoast.com\/product\/yoast-seo-wordpress\/ -->\n<title>PSOE-Reinicia exigeix a l&#039;equip de govern de Sant Antoni que es comprometi a paralitzar la instal\u00b7laci\u00f3 del quiosc de Cala Graci\u00f3 - Federaci\u00f3 Socialista d&#039;Eivissa<\/title>\n<meta name=\"robots\" content=\"index, follow, max-snippet:-1, max-image-preview:large, max-video-preview:-1\" \/>\n<link rel=\"canonical\" href=\"https:\/\/www.psib-psoe.org\/eivissa\/psoe-reinicia-exigeix-a-lequip-de-govern-de-sant-antoni-que-es-comprometi-a-paralitzar-la-installacio-del-quiosc-de-cala-gracio\/\" \/>\n<meta property=\"og:locale\" content=\"ca_ES\" \/>\n<meta property=\"og:type\" content=\"article\" \/>\n<meta property=\"og:title\" content=\"PSOE-Reinicia exigeix a l&#039;equip de govern de Sant Antoni que es comprometi a paralitzar la instal\u00b7laci\u00f3 del quiosc de Cala Graci\u00f3 - Federaci\u00f3 Socialista d&#039;Eivissa\" \/>\n<meta property=\"og:description\" content=\"El grup municipal PSOE-Reinicia de l&#8217;Ajuntament de Sant Antoni lamenta profundament les manifestacions realitzades per l&#8217;alcalde, Marcos Serra, arrel del dictamen del Consell\u00a0Consultiu\u00a0sobre el\u00a0 quiosc de Cala\u00a0Graci\u00f3\u00a0i exigeix a l&#8217;equip de govern que es comprometi a paralitzar la instal\u00b7laci\u00f3 d&#8217;aquest negoci. El senyor Serra o b\u00e9 no ha ent\u00e8s els termes de la resoluci\u00f3 o&hellip;\" \/>\n<meta property=\"og:url\" content=\"https:\/\/www.psib-psoe.org\/eivissa\/psoe-reinicia-exigeix-a-lequip-de-govern-de-sant-antoni-que-es-comprometi-a-paralitzar-la-installacio-del-quiosc-de-cala-gracio\/\" \/>\n<meta property=\"og:site_name\" content=\"Federaci\u00f3 Socialista d&#039;Eivissa\" \/>\n<meta property=\"article:published_time\" content=\"2019-11-28T16:42:50+00:00\" \/>\n<meta property=\"article:modified_time\" content=\"2020-04-12T19:30:14+00:00\" \/>\n<meta name=\"author\" content=\"alan\" \/>\n<meta name=\"twitter:card\" content=\"summary_large_image\" \/>\n<meta name=\"twitter:label1\" content=\"Escrit per\" \/>\n\t<meta name=\"twitter:data1\" content=\"alan\" \/>\n\t<meta name=\"twitter:label2\" content=\"Temps estimat de lectura\" \/>\n\t<meta name=\"twitter:data2\" content=\"3 minuts\" \/>\n<script type=\"application\/ld+json\" class=\"yoast-schema-graph\">{\"@context\":\"https:\/\/schema.org\",\"@graph\":[{\"@type\":[\"Article\",\"BlogPosting\"],\"@id\":\"https:\/\/www.psib-psoe.org\/eivissa\/psoe-reinicia-exigeix-a-lequip-de-govern-de-sant-antoni-que-es-comprometi-a-paralitzar-la-installacio-del-quiosc-de-cala-gracio\/#article\",\"isPartOf\":{\"@id\":\"https:\/\/www.psib-psoe.org\/eivissa\/psoe-reinicia-exigeix-a-lequip-de-govern-de-sant-antoni-que-es-comprometi-a-paralitzar-la-installacio-del-quiosc-de-cala-gracio\/\"},\"author\":{\"name\":\"alan\",\"@id\":\"https:\/\/www.psib-psoe.org\/eivissa\/#\/schema\/person\/9925a91b477314bd337b45177caee45d\"},\"headline\":\"PSOE-Reinicia exigeix a l&#8217;equip de govern de Sant Antoni que es comprometi a paralitzar la instal\u00b7laci\u00f3 del quiosc de Cala Graci\u00f3\",\"datePublished\":\"2019-11-28T16:42:50+00:00\",\"dateModified\":\"2020-04-12T19:30:14+00:00\",\"mainEntityOfPage\":{\"@id\":\"https:\/\/www.psib-psoe.org\/eivissa\/psoe-reinicia-exigeix-a-lequip-de-govern-de-sant-antoni-que-es-comprometi-a-paralitzar-la-installacio-del-quiosc-de-cala-gracio\/\"},\"wordCount\":563,\"publisher\":{\"@id\":\"https:\/\/www.psib-psoe.org\/eivissa\/#organization\"},\"image\":{\"@id\":\"https:\/\/www.psib-psoe.org\/eivissa\/psoe-reinicia-exigeix-a-lequip-de-govern-de-sant-antoni-que-es-comprometi-a-paralitzar-la-installacio-del-quiosc-de-cala-gracio\/#primaryimage\"},\"thumbnailUrl\":\"\",\"articleSection\":[\"Consell d'Eivissa\",\"Federaci\u00f3 d'Eivissa - Portada\",\"Municipis\"],\"inLanguage\":\"ca\"},{\"@type\":\"WebPage\",\"@id\":\"https:\/\/www.psib-psoe.org\/eivissa\/psoe-reinicia-exigeix-a-lequip-de-govern-de-sant-antoni-que-es-comprometi-a-paralitzar-la-installacio-del-quiosc-de-cala-gracio\/\",\"url\":\"https:\/\/www.psib-psoe.org\/eivissa\/psoe-reinicia-exigeix-a-lequip-de-govern-de-sant-antoni-que-es-comprometi-a-paralitzar-la-installacio-del-quiosc-de-cala-gracio\/\",\"name\":\"PSOE-Reinicia exigeix a l'equip de govern de Sant Antoni que es comprometi a paralitzar la instal\u00b7laci\u00f3 del quiosc de Cala Graci\u00f3 - Federaci\u00f3 Socialista d&#039;Eivissa\",\"isPartOf\":{\"@id\":\"https:\/\/www.psib-psoe.org\/eivissa\/#website\"},\"primaryImageOfPage\":{\"@id\":\"https:\/\/www.psib-psoe.org\/eivissa\/psoe-reinicia-exigeix-a-lequip-de-govern-de-sant-antoni-que-es-comprometi-a-paralitzar-la-installacio-del-quiosc-de-cala-gracio\/#primaryimage\"},\"image\":{\"@id\":\"https:\/\/www.psib-psoe.org\/eivissa\/psoe-reinicia-exigeix-a-lequip-de-govern-de-sant-antoni-que-es-comprometi-a-paralitzar-la-installacio-del-quiosc-de-cala-gracio\/#primaryimage\"},\"thumbnailUrl\":\"\",\"datePublished\":\"2019-11-28T16:42:50+00:00\",\"dateModified\":\"2020-04-12T19:30:14+00:00\",\"breadcrumb\":{\"@id\":\"https:\/\/www.psib-psoe.org\/eivissa\/psoe-reinicia-exigeix-a-lequip-de-govern-de-sant-antoni-que-es-comprometi-a-paralitzar-la-installacio-del-quiosc-de-cala-gracio\/#breadcrumb\"},\"inLanguage\":\"ca\",\"potentialAction\":[{\"@type\":\"ReadAction\",\"target\":[\"https:\/\/www.psib-psoe.org\/eivissa\/psoe-reinicia-exigeix-a-lequip-de-govern-de-sant-antoni-que-es-comprometi-a-paralitzar-la-installacio-del-quiosc-de-cala-gracio\/\"]}]},{\"@type\":\"ImageObject\",\"inLanguage\":\"ca\",\"@id\":\"https:\/\/www.psib-psoe.org\/eivissa\/psoe-reinicia-exigeix-a-lequip-de-govern-de-sant-antoni-que-es-comprometi-a-paralitzar-la-installacio-del-quiosc-de-cala-gracio\/#primaryimage\",\"url\":\"\",\"contentUrl\":\"\"},{\"@type\":\"BreadcrumbList\",\"@id\":\"https:\/\/www.psib-psoe.org\/eivissa\/psoe-reinicia-exigeix-a-lequip-de-govern-de-sant-antoni-que-es-comprometi-a-paralitzar-la-installacio-del-quiosc-de-cala-gracio\/#breadcrumb\",\"itemListElement\":[{\"@type\":\"ListItem\",\"position\":1,\"name\":\"Inici\",\"item\":\"https:\/\/www.psib-psoe.org\/eivissa\/\"},{\"@type\":\"ListItem\",\"position\":2,\"name\":\"PSOE-Reinicia exigeix a l&#8217;equip de govern de Sant Antoni que es comprometi a paralitzar la instal\u00b7laci\u00f3 del quiosc de Cala Graci\u00f3\"}]},{\"@type\":\"WebSite\",\"@id\":\"https:\/\/www.psib-psoe.org\/eivissa\/#website\",\"url\":\"https:\/\/www.psib-psoe.org\/eivissa\/\",\"name\":\"Federaci\u00f3 Socialista d'Eivissa\",\"description\":\"Socialistes d&#039;Eivissa\",\"publisher\":{\"@id\":\"https:\/\/www.psib-psoe.org\/eivissa\/#organization\"},\"potentialAction\":[{\"@type\":\"SearchAction\",\"target\":{\"@type\":\"EntryPoint\",\"urlTemplate\":\"https:\/\/www.psib-psoe.org\/eivissa\/?s={search_term_string}\"},\"query-input\":{\"@type\":\"PropertyValueSpecification\",\"valueRequired\":true,\"valueName\":\"search_term_string\"}}],\"inLanguage\":\"ca\"},{\"@type\":\"Organization\",\"@id\":\"https:\/\/www.psib-psoe.org\/eivissa\/#organization\",\"name\":\"Federaci\u00f3 Socialista d'Eivissa\",\"url\":\"https:\/\/www.psib-psoe.org\/eivissa\/\",\"logo\":{\"@type\":\"ImageObject\",\"inLanguage\":\"ca\",\"@id\":\"https:\/\/www.psib-psoe.org\/eivissa\/#\/schema\/logo\/image\/\",\"url\":\"https:\/\/www.psib-psoe.org\/eivissa\/wp-content\/uploads\/LOGO-FSE-SOCIALISTA-DEIVISSA-HORI.png\",\"contentUrl\":\"https:\/\/www.psib-psoe.org\/eivissa\/wp-content\/uploads\/LOGO-FSE-SOCIALISTA-DEIVISSA-HORI.png\",\"width\":6000,\"height\":3104,\"caption\":\"Federaci\u00f3 Socialista d'Eivissa\"},\"image\":{\"@id\":\"https:\/\/www.psib-psoe.org\/eivissa\/#\/schema\/logo\/image\/\"}},{\"@type\":\"Person\",\"@id\":\"https:\/\/www.psib-psoe.org\/eivissa\/#\/schema\/person\/9925a91b477314bd337b45177caee45d\",\"name\":\"alan\",\"url\":\"https:\/\/www.psib-psoe.org\/eivissa\/author\/alan\/\"}]}<\/script>\n<!-- \/ Yoast SEO plugin. -->","yoast_head_json":{"title":"PSOE-Reinicia exigeix a l'equip de govern de Sant Antoni que es comprometi a paralitzar la instal\u00b7laci\u00f3 del quiosc de Cala Graci\u00f3 - Federaci\u00f3 Socialista d&#039;Eivissa","robots":{"index":"index","follow":"follow","max-snippet":"max-snippet:-1","max-image-preview":"max-image-preview:large","max-video-preview":"max-video-preview:-1"},"canonical":"https:\/\/www.psib-psoe.org\/eivissa\/psoe-reinicia-exigeix-a-lequip-de-govern-de-sant-antoni-que-es-comprometi-a-paralitzar-la-installacio-del-quiosc-de-cala-gracio\/","og_locale":"ca_ES","og_type":"article","og_title":"PSOE-Reinicia exigeix a l'equip de govern de Sant Antoni que es comprometi a paralitzar la instal\u00b7laci\u00f3 del quiosc de Cala Graci\u00f3 - Federaci\u00f3 Socialista d&#039;Eivissa","og_description":"El grup municipal PSOE-Reinicia de l&#8217;Ajuntament de Sant Antoni lamenta profundament les manifestacions realitzades per l&#8217;alcalde, Marcos Serra, arrel del dictamen del Consell\u00a0Consultiu\u00a0sobre el\u00a0 quiosc de Cala\u00a0Graci\u00f3\u00a0i exigeix a l&#8217;equip de govern que es comprometi a paralitzar la instal\u00b7laci\u00f3 d&#8217;aquest negoci. El senyor Serra o b\u00e9 no ha ent\u00e8s els termes de la resoluci\u00f3 o&hellip;","og_url":"https:\/\/www.psib-psoe.org\/eivissa\/psoe-reinicia-exigeix-a-lequip-de-govern-de-sant-antoni-que-es-comprometi-a-paralitzar-la-installacio-del-quiosc-de-cala-gracio\/","og_site_name":"Federaci\u00f3 Socialista d&#039;Eivissa","article_published_time":"2019-11-28T16:42:50+00:00","article_modified_time":"2020-04-12T19:30:14+00:00","author":"alan","twitter_card":"summary_large_image","twitter_misc":{"Escrit per":"alan","Temps estimat de lectura":"3 minuts"},"schema":{"@context":"https:\/\/schema.org","@graph":[{"@type":["Article","BlogPosting"],"@id":"https:\/\/www.psib-psoe.org\/eivissa\/psoe-reinicia-exigeix-a-lequip-de-govern-de-sant-antoni-que-es-comprometi-a-paralitzar-la-installacio-del-quiosc-de-cala-gracio\/#article","isPartOf":{"@id":"https:\/\/www.psib-psoe.org\/eivissa\/psoe-reinicia-exigeix-a-lequip-de-govern-de-sant-antoni-que-es-comprometi-a-paralitzar-la-installacio-del-quiosc-de-cala-gracio\/"},"author":{"name":"alan","@id":"https:\/\/www.psib-psoe.org\/eivissa\/#\/schema\/person\/9925a91b477314bd337b45177caee45d"},"headline":"PSOE-Reinicia exigeix a l&#8217;equip de govern de Sant Antoni que es comprometi a paralitzar la instal\u00b7laci\u00f3 del quiosc de Cala Graci\u00f3","datePublished":"2019-11-28T16:42:50+00:00","dateModified":"2020-04-12T19:30:14+00:00","mainEntityOfPage":{"@id":"https:\/\/www.psib-psoe.org\/eivissa\/psoe-reinicia-exigeix-a-lequip-de-govern-de-sant-antoni-que-es-comprometi-a-paralitzar-la-installacio-del-quiosc-de-cala-gracio\/"},"wordCount":563,"publisher":{"@id":"https:\/\/www.psib-psoe.org\/eivissa\/#organization"},"image":{"@id":"https:\/\/www.psib-psoe.org\/eivissa\/psoe-reinicia-exigeix-a-lequip-de-govern-de-sant-antoni-que-es-comprometi-a-paralitzar-la-installacio-del-quiosc-de-cala-gracio\/#primaryimage"},"thumbnailUrl":"","articleSection":["Consell d'Eivissa","Federaci\u00f3 d'Eivissa - Portada","Municipis"],"inLanguage":"ca"},{"@type":"WebPage","@id":"https:\/\/www.psib-psoe.org\/eivissa\/psoe-reinicia-exigeix-a-lequip-de-govern-de-sant-antoni-que-es-comprometi-a-paralitzar-la-installacio-del-quiosc-de-cala-gracio\/","url":"https:\/\/www.psib-psoe.org\/eivissa\/psoe-reinicia-exigeix-a-lequip-de-govern-de-sant-antoni-que-es-comprometi-a-paralitzar-la-installacio-del-quiosc-de-cala-gracio\/","name":"PSOE-Reinicia exigeix a l'equip de govern de Sant Antoni que es comprometi a paralitzar la instal\u00b7laci\u00f3 del quiosc de Cala Graci\u00f3 - Federaci\u00f3 Socialista d&#039;Eivissa","isPartOf":{"@id":"https:\/\/www.psib-psoe.org\/eivissa\/#website"},"primaryImageOfPage":{"@id":"https:\/\/www.psib-psoe.org\/eivissa\/psoe-reinicia-exigeix-a-lequip-de-govern-de-sant-antoni-que-es-comprometi-a-paralitzar-la-installacio-del-quiosc-de-cala-gracio\/#primaryimage"},"image":{"@id":"https:\/\/www.psib-psoe.org\/eivissa\/psoe-reinicia-exigeix-a-lequip-de-govern-de-sant-antoni-que-es-comprometi-a-paralitzar-la-installacio-del-quiosc-de-cala-gracio\/#primaryimage"},"thumbnailUrl":"","datePublished":"2019-11-28T16:42:50+00:00","dateModified":"2020-04-12T19:30:14+00:00","breadcrumb":{"@id":"https:\/\/www.psib-psoe.org\/eivissa\/psoe-reinicia-exigeix-a-lequip-de-govern-de-sant-antoni-que-es-comprometi-a-paralitzar-la-installacio-del-quiosc-de-cala-gracio\/#breadcrumb"},"inLanguage":"ca","potentialAction":[{"@type":"ReadAction","target":["https:\/\/www.psib-psoe.org\/eivissa\/psoe-reinicia-exigeix-a-lequip-de-govern-de-sant-antoni-que-es-comprometi-a-paralitzar-la-installacio-del-quiosc-de-cala-gracio\/"]}]},{"@type":"ImageObject","inLanguage":"ca","@id":"https:\/\/www.psib-psoe.org\/eivissa\/psoe-reinicia-exigeix-a-lequip-de-govern-de-sant-antoni-que-es-comprometi-a-paralitzar-la-installacio-del-quiosc-de-cala-gracio\/#primaryimage","url":"","contentUrl":""},{"@type":"BreadcrumbList","@id":"https:\/\/www.psib-psoe.org\/eivissa\/psoe-reinicia-exigeix-a-lequip-de-govern-de-sant-antoni-que-es-comprometi-a-paralitzar-la-installacio-del-quiosc-de-cala-gracio\/#breadcrumb","itemListElement":[{"@type":"ListItem","position":1,"name":"Inici","item":"https:\/\/www.psib-psoe.org\/eivissa\/"},{"@type":"ListItem","position":2,"name":"PSOE-Reinicia exigeix a l&#8217;equip de govern de Sant Antoni que es comprometi a paralitzar la instal\u00b7laci\u00f3 del quiosc de Cala Graci\u00f3"}]},{"@type":"WebSite","@id":"https:\/\/www.psib-psoe.org\/eivissa\/#website","url":"https:\/\/www.psib-psoe.org\/eivissa\/","name":"Federaci\u00f3 Socialista d'Eivissa","description":"Socialistes d&#039;Eivissa","publisher":{"@id":"https:\/\/www.psib-psoe.org\/eivissa\/#organization"},"potentialAction":[{"@type":"SearchAction","target":{"@type":"EntryPoint","urlTemplate":"https:\/\/www.psib-psoe.org\/eivissa\/?s={search_term_string}"},"query-input":{"@type":"PropertyValueSpecification","valueRequired":true,"valueName":"search_term_string"}}],"inLanguage":"ca"},{"@type":"Organization","@id":"https:\/\/www.psib-psoe.org\/eivissa\/#organization","name":"Federaci\u00f3 Socialista d'Eivissa","url":"https:\/\/www.psib-psoe.org\/eivissa\/","logo":{"@type":"ImageObject","inLanguage":"ca","@id":"https:\/\/www.psib-psoe.org\/eivissa\/#\/schema\/logo\/image\/","url":"https:\/\/www.psib-psoe.org\/eivissa\/wp-content\/uploads\/LOGO-FSE-SOCIALISTA-DEIVISSA-HORI.png","contentUrl":"https:\/\/www.psib-psoe.org\/eivissa\/wp-content\/uploads\/LOGO-FSE-SOCIALISTA-DEIVISSA-HORI.png","width":6000,"height":3104,"caption":"Federaci\u00f3 Socialista d'Eivissa"},"image":{"@id":"https:\/\/www.psib-psoe.org\/eivissa\/#\/schema\/logo\/image\/"}},{"@type":"Person","@id":"https:\/\/www.psib-psoe.org\/eivissa\/#\/schema\/person\/9925a91b477314bd337b45177caee45d","name":"alan","url":"https:\/\/www.psib-psoe.org\/eivissa\/author\/alan\/"}]}},"_links":{"self":[{"href":"https:\/\/www.psib-psoe.org\/eivissa\/wp-json\/wp\/v2\/posts\/14777","targetHints":{"allow":["GET"]}}],"collection":[{"href":"https:\/\/www.psib-psoe.org\/eivissa\/wp-json\/wp\/v2\/posts"}],"about":[{"href":"https:\/\/www.psib-psoe.org\/eivissa\/wp-json\/wp\/v2\/types\/post"}],"author":[{"embeddable":true,"href":"https:\/\/www.psib-psoe.org\/eivissa\/wp-json\/wp\/v2\/users\/6"}],"replies":[{"embeddable":true,"href":"https:\/\/www.psib-psoe.org\/eivissa\/wp-json\/wp\/v2\/comments?post=14777"}],"version-history":[{"count":1,"href":"https:\/\/www.psib-psoe.org\/eivissa\/wp-json\/wp\/v2\/posts\/14777\/revisions"}],"predecessor-version":[{"id":26707,"href":"https:\/\/www.psib-psoe.org\/eivissa\/wp-json\/wp\/v2\/posts\/14777\/revisions\/26707"}],"wp:featuredmedia":[{"embeddable":true,"href":"https:\/\/www.psib-psoe.org\/eivissa\/wp-json\/"}],"wp:attachment":[{"href":"https:\/\/www.psib-psoe.org\/eivissa\/wp-json\/wp\/v2\/media?parent=14777"}],"wp:term":[{"taxonomy":"category","embeddable":true,"href":"https:\/\/www.psib-psoe.org\/eivissa\/wp-json\/wp\/v2\/categories?post=14777"},{"taxonomy":"post_tag","embeddable":true,"href":"https:\/\/www.psib-psoe.org\/eivissa\/wp-json\/wp\/v2\/tags?post=14777"}],"curies":[{"name":"wp","href":"https:\/\/api.w.org\/{rel}","templated":true}]}}