{"id":14844,"date":"2019-12-13T12:48:05","date_gmt":"2019-12-13T12:48:05","guid":{"rendered":"https:\/\/www.psoeeivissa.es\/?p=14844"},"modified":"2020-04-14T13:14:22","modified_gmt":"2020-04-14T11:14:22","slug":"el-psoe-exigeix-a-vicent-mari-linici-en-2020-de-la-reforma-de-le-10-ja-que-es-responsabilitat-del-consell-insular","status":"publish","type":"post","link":"https:\/\/www.psib-psoe.org\/eivissa\/el-psoe-exigeix-a-vicent-mari-linici-en-2020-de-la-reforma-de-le-10-ja-que-es-responsabilitat-del-consell-insular\/","title":{"rendered":"El PSOE exigeix a Vicent Mar\u00ed l\u2019inici en 2020 de la reforma de l\u2019E-10, ja que \u201c\u00e9s responsabilitat del Consell Insular\u201d"},"content":{"rendered":"<p>El Grup PSOE del Consell Insular exigeix a Vicent Mar\u00ed que inici\u00ef en 2020 la reforma del primer cintur\u00f3 d\u2019Eivissa, la carretera E-10, una vegada estigui acabat el projecte que l\u2019anterior govern progressista va deixar en fase de redacci\u00f3. La reforma de les carreteres insulars \u00e9s \u201cresponsabilitat i compet\u00e8ncia exclusiva del Consell\u201d, de manera que intentar \u201ccolar\u201d aquesta inversi\u00f3 a compte de la Llei de Capitalitat d\u2019Eivissa \u201cseria una estafa al conjunt de la ciutadania de l\u2019illa i de la ciutat\u201d, com ha dit el portaveu del PSOE i anterior president, Vicent Torres.<\/p>\n<p>Segons Vicent Torres, \u201cel PP s\u2019ompli la boca reclamant al Govern Balear les inversions que corresponen a la Comunitat Aut\u00f2noma, per\u00f2 despr\u00e9s \u00e9s incapa\u00e7 d\u2019executar les obres que s\u00f3n obligaci\u00f3 del Consell Insular, com \u00e9s la reforma de l\u2019E-10\u201d. <\/p>\n<p>El portaveu socialista lamenta el \u201crid\u00edcul\u201d que ha fet el conseller de Territori, Mariano Juan, intentant ficar l\u2019E-10 a c\u00e0rrec de la Llei de Capitalitat d\u2019Eivissa: \u201cHan demostrat que no tenen cap intenci\u00f3 a fer la reforma del primer cintur\u00f3, el Consell Insular ha abandonat el principal projecte de millora de la xarxa vi\u00e0ria que s\u2019ha de fer a la ciutat d\u2019Eivissa\u201d. Es tracta d\u2019un projecte que \u201cel PP mai ha volgut\u201d, ha lamentat el portaveu del PSOE.<\/p>\n<p><strong>Reasfaltat del primer cintur\u00f3<\/strong><\/p>\n<p>A part de la futura reforma, Vicent Torres ha advertit que \u201csi els t\u00e8cnics consideren que el primer cintur\u00f3 necessita un reasfaltat per raons de seguretat, com ha dit el conseller Mariano Juan, el que ha de fer el Consell \u00e9s actuar en conseq\u00fc\u00e8ncia i fer les obres necess\u00e0ries. La seguretat i el manteniment de les carreteres \u00e9s responsabilitat del Consell Insular\u201d, ha insistit Vicent Torres.<\/p>\n","protected":false},"excerpt":{"rendered":"<p>El Grup PSOE del Consell Insular exigeix a Vicent Mar\u00ed que inici\u00ef en 2020 la reforma del primer cintur\u00f3 d\u2019Eivissa, la carretera E-10, una vegada estigui acabat el projecte que l\u2019anterior govern progressista va deixar en fase de redacci\u00f3. La reforma de les carreteres insulars \u00e9s \u201cresponsabilitat i compet\u00e8ncia exclusiva del Consell\u201d, de manera que&hellip;<\/p>\n","protected":false},"author":7,"featured_media":14845,"comment_status":"closed","ping_status":"closed","sticky":false,"template":"","format":"standard","meta":{"footnotes":""},"categories":[183,192,1,234],"tags":[],"class_list":["post-14844","post","type-post","status-publish","format-standard","has-post-thumbnail","hentry","category-ciutat-deivissa","category-consell-deivissa","category-federacio-de-eivissa-portada","category-municipis"],"yoast_head":"<!-- This site is optimized with the Yoast SEO plugin v26.9 - https:\/\/yoast.com\/product\/yoast-seo-wordpress\/ -->\n<title>El PSOE exigeix a Vicent Mar\u00ed l\u2019inici en 2020 de la reforma de l\u2019E-10, ja que \u201c\u00e9s responsabilitat del Consell Insular\u201d - Federaci\u00f3 Socialista d&#039;Eivissa<\/title>\n<meta name=\"robots\" content=\"index, follow, max-snippet:-1, max-image-preview:large, max-video-preview:-1\" \/>\n<link rel=\"canonical\" href=\"https:\/\/www.psib-psoe.org\/eivissa\/el-psoe-exigeix-a-vicent-mari-linici-en-2020-de-la-reforma-de-le-10-ja-que-es-responsabilitat-del-consell-insular\/\" \/>\n<meta property=\"og:locale\" content=\"ca_ES\" \/>\n<meta property=\"og:type\" content=\"article\" \/>\n<meta property=\"og:title\" content=\"El PSOE exigeix a Vicent Mar\u00ed l\u2019inici en 2020 de la reforma de l\u2019E-10, ja que \u201c\u00e9s responsabilitat del Consell Insular\u201d - Federaci\u00f3 Socialista d&#039;Eivissa\" \/>\n<meta property=\"og:description\" content=\"El Grup PSOE del Consell Insular exigeix a Vicent Mar\u00ed que inici\u00ef en 2020 la reforma del primer cintur\u00f3 d\u2019Eivissa, la carretera E-10, una vegada estigui acabat el projecte que l\u2019anterior govern progressista va deixar en fase de redacci\u00f3. La reforma de les carreteres insulars \u00e9s \u201cresponsabilitat i compet\u00e8ncia exclusiva del Consell\u201d, de manera que&hellip;\" \/>\n<meta property=\"og:url\" content=\"https:\/\/www.psib-psoe.org\/eivissa\/el-psoe-exigeix-a-vicent-mari-linici-en-2020-de-la-reforma-de-le-10-ja-que-es-responsabilitat-del-consell-insular\/\" \/>\n<meta property=\"og:site_name\" content=\"Federaci\u00f3 Socialista d&#039;Eivissa\" \/>\n<meta property=\"article:published_time\" content=\"2019-12-13T12:48:05+00:00\" \/>\n<meta property=\"article:modified_time\" content=\"2020-04-14T11:14:22+00:00\" \/>\n<meta name=\"author\" content=\"Josep Ripoll\" \/>\n<meta name=\"twitter:card\" content=\"summary_large_image\" \/>\n<meta name=\"twitter:label1\" content=\"Escrit per\" \/>\n\t<meta name=\"twitter:data1\" content=\"Josep Ripoll\" \/>\n\t<meta name=\"twitter:label2\" content=\"Temps estimat de lectura\" \/>\n\t<meta name=\"twitter:data2\" content=\"2 minuts\" \/>\n<script type=\"application\/ld+json\" class=\"yoast-schema-graph\">{\"@context\":\"https:\/\/schema.org\",\"@graph\":[{\"@type\":[\"Article\",\"BlogPosting\"],\"@id\":\"https:\/\/www.psib-psoe.org\/eivissa\/el-psoe-exigeix-a-vicent-mari-linici-en-2020-de-la-reforma-de-le-10-ja-que-es-responsabilitat-del-consell-insular\/#article\",\"isPartOf\":{\"@id\":\"https:\/\/www.psib-psoe.org\/eivissa\/el-psoe-exigeix-a-vicent-mari-linici-en-2020-de-la-reforma-de-le-10-ja-que-es-responsabilitat-del-consell-insular\/\"},\"author\":{\"name\":\"Josep Ripoll\",\"@id\":\"https:\/\/www.psib-psoe.org\/eivissa\/#\/schema\/person\/7a9d2841fb36f32e34fc0e9b245e8117\"},\"headline\":\"El PSOE exigeix a Vicent Mar\u00ed l\u2019inici en 2020 de la reforma de l\u2019E-10, ja que \u201c\u00e9s responsabilitat del Consell Insular\u201d\",\"datePublished\":\"2019-12-13T12:48:05+00:00\",\"dateModified\":\"2020-04-14T11:14:22+00:00\",\"mainEntityOfPage\":{\"@id\":\"https:\/\/www.psib-psoe.org\/eivissa\/el-psoe-exigeix-a-vicent-mari-linici-en-2020-de-la-reforma-de-le-10-ja-que-es-responsabilitat-del-consell-insular\/\"},\"wordCount\":323,\"publisher\":{\"@id\":\"https:\/\/www.psib-psoe.org\/eivissa\/#organization\"},\"image\":{\"@id\":\"https:\/\/www.psib-psoe.org\/eivissa\/el-psoe-exigeix-a-vicent-mari-linici-en-2020-de-la-reforma-de-le-10-ja-que-es-responsabilitat-del-consell-insular\/#primaryimage\"},\"thumbnailUrl\":\"\",\"articleSection\":[\"Ciutat d'Eivissa\",\"Consell d'Eivissa\",\"Federaci\u00f3 d'Eivissa - Portada\",\"Municipis\"],\"inLanguage\":\"ca\"},{\"@type\":\"WebPage\",\"@id\":\"https:\/\/www.psib-psoe.org\/eivissa\/el-psoe-exigeix-a-vicent-mari-linici-en-2020-de-la-reforma-de-le-10-ja-que-es-responsabilitat-del-consell-insular\/\",\"url\":\"https:\/\/www.psib-psoe.org\/eivissa\/el-psoe-exigeix-a-vicent-mari-linici-en-2020-de-la-reforma-de-le-10-ja-que-es-responsabilitat-del-consell-insular\/\",\"name\":\"El PSOE exigeix a Vicent Mar\u00ed l\u2019inici en 2020 de la reforma de l\u2019E-10, ja que \u201c\u00e9s responsabilitat del Consell Insular\u201d - Federaci\u00f3 Socialista d&#039;Eivissa\",\"isPartOf\":{\"@id\":\"https:\/\/www.psib-psoe.org\/eivissa\/#website\"},\"primaryImageOfPage\":{\"@id\":\"https:\/\/www.psib-psoe.org\/eivissa\/el-psoe-exigeix-a-vicent-mari-linici-en-2020-de-la-reforma-de-le-10-ja-que-es-responsabilitat-del-consell-insular\/#primaryimage\"},\"image\":{\"@id\":\"https:\/\/www.psib-psoe.org\/eivissa\/el-psoe-exigeix-a-vicent-mari-linici-en-2020-de-la-reforma-de-le-10-ja-que-es-responsabilitat-del-consell-insular\/#primaryimage\"},\"thumbnailUrl\":\"\",\"datePublished\":\"2019-12-13T12:48:05+00:00\",\"dateModified\":\"2020-04-14T11:14:22+00:00\",\"breadcrumb\":{\"@id\":\"https:\/\/www.psib-psoe.org\/eivissa\/el-psoe-exigeix-a-vicent-mari-linici-en-2020-de-la-reforma-de-le-10-ja-que-es-responsabilitat-del-consell-insular\/#breadcrumb\"},\"inLanguage\":\"ca\",\"potentialAction\":[{\"@type\":\"ReadAction\",\"target\":[\"https:\/\/www.psib-psoe.org\/eivissa\/el-psoe-exigeix-a-vicent-mari-linici-en-2020-de-la-reforma-de-le-10-ja-que-es-responsabilitat-del-consell-insular\/\"]}]},{\"@type\":\"ImageObject\",\"inLanguage\":\"ca\",\"@id\":\"https:\/\/www.psib-psoe.org\/eivissa\/el-psoe-exigeix-a-vicent-mari-linici-en-2020-de-la-reforma-de-le-10-ja-que-es-responsabilitat-del-consell-insular\/#primaryimage\",\"url\":\"\",\"contentUrl\":\"\"},{\"@type\":\"BreadcrumbList\",\"@id\":\"https:\/\/www.psib-psoe.org\/eivissa\/el-psoe-exigeix-a-vicent-mari-linici-en-2020-de-la-reforma-de-le-10-ja-que-es-responsabilitat-del-consell-insular\/#breadcrumb\",\"itemListElement\":[{\"@type\":\"ListItem\",\"position\":1,\"name\":\"Inici\",\"item\":\"https:\/\/www.psib-psoe.org\/eivissa\/\"},{\"@type\":\"ListItem\",\"position\":2,\"name\":\"El PSOE exigeix a Vicent Mar\u00ed l\u2019inici en 2020 de la reforma de l\u2019E-10, ja que \u201c\u00e9s responsabilitat del Consell Insular\u201d\"}]},{\"@type\":\"WebSite\",\"@id\":\"https:\/\/www.psib-psoe.org\/eivissa\/#website\",\"url\":\"https:\/\/www.psib-psoe.org\/eivissa\/\",\"name\":\"Federaci\u00f3 Socialista d'Eivissa\",\"description\":\"Socialistes d&#039;Eivissa\",\"publisher\":{\"@id\":\"https:\/\/www.psib-psoe.org\/eivissa\/#organization\"},\"potentialAction\":[{\"@type\":\"SearchAction\",\"target\":{\"@type\":\"EntryPoint\",\"urlTemplate\":\"https:\/\/www.psib-psoe.org\/eivissa\/?s={search_term_string}\"},\"query-input\":{\"@type\":\"PropertyValueSpecification\",\"valueRequired\":true,\"valueName\":\"search_term_string\"}}],\"inLanguage\":\"ca\"},{\"@type\":\"Organization\",\"@id\":\"https:\/\/www.psib-psoe.org\/eivissa\/#organization\",\"name\":\"Federaci\u00f3 Socialista d'Eivissa\",\"url\":\"https:\/\/www.psib-psoe.org\/eivissa\/\",\"logo\":{\"@type\":\"ImageObject\",\"inLanguage\":\"ca\",\"@id\":\"https:\/\/www.psib-psoe.org\/eivissa\/#\/schema\/logo\/image\/\",\"url\":\"https:\/\/www.psib-psoe.org\/eivissa\/wp-content\/uploads\/LOGO-FSE-SOCIALISTA-DEIVISSA-HORI.png\",\"contentUrl\":\"https:\/\/www.psib-psoe.org\/eivissa\/wp-content\/uploads\/LOGO-FSE-SOCIALISTA-DEIVISSA-HORI.png\",\"width\":6000,\"height\":3104,\"caption\":\"Federaci\u00f3 Socialista d'Eivissa\"},\"image\":{\"@id\":\"https:\/\/www.psib-psoe.org\/eivissa\/#\/schema\/logo\/image\/\"}},{\"@type\":\"Person\",\"@id\":\"https:\/\/www.psib-psoe.org\/eivissa\/#\/schema\/person\/7a9d2841fb36f32e34fc0e9b245e8117\",\"name\":\"Josep Ripoll\",\"sameAs\":[\"http:\/\/www.psib-psoe.org\/eivissa\/wp-login.php\"],\"url\":\"https:\/\/www.psib-psoe.org\/eivissa\/author\/josep\/\"}]}<\/script>\n<!-- \/ Yoast SEO plugin. -->","yoast_head_json":{"title":"El PSOE exigeix a Vicent Mar\u00ed l\u2019inici en 2020 de la reforma de l\u2019E-10, ja que \u201c\u00e9s responsabilitat del Consell Insular\u201d - Federaci\u00f3 Socialista d&#039;Eivissa","robots":{"index":"index","follow":"follow","max-snippet":"max-snippet:-1","max-image-preview":"max-image-preview:large","max-video-preview":"max-video-preview:-1"},"canonical":"https:\/\/www.psib-psoe.org\/eivissa\/el-psoe-exigeix-a-vicent-mari-linici-en-2020-de-la-reforma-de-le-10-ja-que-es-responsabilitat-del-consell-insular\/","og_locale":"ca_ES","og_type":"article","og_title":"El PSOE exigeix a Vicent Mar\u00ed l\u2019inici en 2020 de la reforma de l\u2019E-10, ja que \u201c\u00e9s responsabilitat del Consell Insular\u201d - Federaci\u00f3 Socialista d&#039;Eivissa","og_description":"El Grup PSOE del Consell Insular exigeix a Vicent Mar\u00ed que inici\u00ef en 2020 la reforma del primer cintur\u00f3 d\u2019Eivissa, la carretera E-10, una vegada estigui acabat el projecte que l\u2019anterior govern progressista va deixar en fase de redacci\u00f3. La reforma de les carreteres insulars \u00e9s \u201cresponsabilitat i compet\u00e8ncia exclusiva del Consell\u201d, de manera que&hellip;","og_url":"https:\/\/www.psib-psoe.org\/eivissa\/el-psoe-exigeix-a-vicent-mari-linici-en-2020-de-la-reforma-de-le-10-ja-que-es-responsabilitat-del-consell-insular\/","og_site_name":"Federaci\u00f3 Socialista d&#039;Eivissa","article_published_time":"2019-12-13T12:48:05+00:00","article_modified_time":"2020-04-14T11:14:22+00:00","author":"Josep Ripoll","twitter_card":"summary_large_image","twitter_misc":{"Escrit per":"Josep Ripoll","Temps estimat de lectura":"2 minuts"},"schema":{"@context":"https:\/\/schema.org","@graph":[{"@type":["Article","BlogPosting"],"@id":"https:\/\/www.psib-psoe.org\/eivissa\/el-psoe-exigeix-a-vicent-mari-linici-en-2020-de-la-reforma-de-le-10-ja-que-es-responsabilitat-del-consell-insular\/#article","isPartOf":{"@id":"https:\/\/www.psib-psoe.org\/eivissa\/el-psoe-exigeix-a-vicent-mari-linici-en-2020-de-la-reforma-de-le-10-ja-que-es-responsabilitat-del-consell-insular\/"},"author":{"name":"Josep Ripoll","@id":"https:\/\/www.psib-psoe.org\/eivissa\/#\/schema\/person\/7a9d2841fb36f32e34fc0e9b245e8117"},"headline":"El PSOE exigeix a Vicent Mar\u00ed l\u2019inici en 2020 de la reforma de l\u2019E-10, ja que \u201c\u00e9s responsabilitat del Consell Insular\u201d","datePublished":"2019-12-13T12:48:05+00:00","dateModified":"2020-04-14T11:14:22+00:00","mainEntityOfPage":{"@id":"https:\/\/www.psib-psoe.org\/eivissa\/el-psoe-exigeix-a-vicent-mari-linici-en-2020-de-la-reforma-de-le-10-ja-que-es-responsabilitat-del-consell-insular\/"},"wordCount":323,"publisher":{"@id":"https:\/\/www.psib-psoe.org\/eivissa\/#organization"},"image":{"@id":"https:\/\/www.psib-psoe.org\/eivissa\/el-psoe-exigeix-a-vicent-mari-linici-en-2020-de-la-reforma-de-le-10-ja-que-es-responsabilitat-del-consell-insular\/#primaryimage"},"thumbnailUrl":"","articleSection":["Ciutat d'Eivissa","Consell d'Eivissa","Federaci\u00f3 d'Eivissa - Portada","Municipis"],"inLanguage":"ca"},{"@type":"WebPage","@id":"https:\/\/www.psib-psoe.org\/eivissa\/el-psoe-exigeix-a-vicent-mari-linici-en-2020-de-la-reforma-de-le-10-ja-que-es-responsabilitat-del-consell-insular\/","url":"https:\/\/www.psib-psoe.org\/eivissa\/el-psoe-exigeix-a-vicent-mari-linici-en-2020-de-la-reforma-de-le-10-ja-que-es-responsabilitat-del-consell-insular\/","name":"El PSOE exigeix a Vicent Mar\u00ed l\u2019inici en 2020 de la reforma de l\u2019E-10, ja que \u201c\u00e9s responsabilitat del Consell Insular\u201d - Federaci\u00f3 Socialista d&#039;Eivissa","isPartOf":{"@id":"https:\/\/www.psib-psoe.org\/eivissa\/#website"},"primaryImageOfPage":{"@id":"https:\/\/www.psib-psoe.org\/eivissa\/el-psoe-exigeix-a-vicent-mari-linici-en-2020-de-la-reforma-de-le-10-ja-que-es-responsabilitat-del-consell-insular\/#primaryimage"},"image":{"@id":"https:\/\/www.psib-psoe.org\/eivissa\/el-psoe-exigeix-a-vicent-mari-linici-en-2020-de-la-reforma-de-le-10-ja-que-es-responsabilitat-del-consell-insular\/#primaryimage"},"thumbnailUrl":"","datePublished":"2019-12-13T12:48:05+00:00","dateModified":"2020-04-14T11:14:22+00:00","breadcrumb":{"@id":"https:\/\/www.psib-psoe.org\/eivissa\/el-psoe-exigeix-a-vicent-mari-linici-en-2020-de-la-reforma-de-le-10-ja-que-es-responsabilitat-del-consell-insular\/#breadcrumb"},"inLanguage":"ca","potentialAction":[{"@type":"ReadAction","target":["https:\/\/www.psib-psoe.org\/eivissa\/el-psoe-exigeix-a-vicent-mari-linici-en-2020-de-la-reforma-de-le-10-ja-que-es-responsabilitat-del-consell-insular\/"]}]},{"@type":"ImageObject","inLanguage":"ca","@id":"https:\/\/www.psib-psoe.org\/eivissa\/el-psoe-exigeix-a-vicent-mari-linici-en-2020-de-la-reforma-de-le-10-ja-que-es-responsabilitat-del-consell-insular\/#primaryimage","url":"","contentUrl":""},{"@type":"BreadcrumbList","@id":"https:\/\/www.psib-psoe.org\/eivissa\/el-psoe-exigeix-a-vicent-mari-linici-en-2020-de-la-reforma-de-le-10-ja-que-es-responsabilitat-del-consell-insular\/#breadcrumb","itemListElement":[{"@type":"ListItem","position":1,"name":"Inici","item":"https:\/\/www.psib-psoe.org\/eivissa\/"},{"@type":"ListItem","position":2,"name":"El PSOE exigeix a Vicent Mar\u00ed l\u2019inici en 2020 de la reforma de l\u2019E-10, ja que \u201c\u00e9s responsabilitat del Consell Insular\u201d"}]},{"@type":"WebSite","@id":"https:\/\/www.psib-psoe.org\/eivissa\/#website","url":"https:\/\/www.psib-psoe.org\/eivissa\/","name":"Federaci\u00f3 Socialista d'Eivissa","description":"Socialistes d&#039;Eivissa","publisher":{"@id":"https:\/\/www.psib-psoe.org\/eivissa\/#organization"},"potentialAction":[{"@type":"SearchAction","target":{"@type":"EntryPoint","urlTemplate":"https:\/\/www.psib-psoe.org\/eivissa\/?s={search_term_string}"},"query-input":{"@type":"PropertyValueSpecification","valueRequired":true,"valueName":"search_term_string"}}],"inLanguage":"ca"},{"@type":"Organization","@id":"https:\/\/www.psib-psoe.org\/eivissa\/#organization","name":"Federaci\u00f3 Socialista d'Eivissa","url":"https:\/\/www.psib-psoe.org\/eivissa\/","logo":{"@type":"ImageObject","inLanguage":"ca","@id":"https:\/\/www.psib-psoe.org\/eivissa\/#\/schema\/logo\/image\/","url":"https:\/\/www.psib-psoe.org\/eivissa\/wp-content\/uploads\/LOGO-FSE-SOCIALISTA-DEIVISSA-HORI.png","contentUrl":"https:\/\/www.psib-psoe.org\/eivissa\/wp-content\/uploads\/LOGO-FSE-SOCIALISTA-DEIVISSA-HORI.png","width":6000,"height":3104,"caption":"Federaci\u00f3 Socialista d'Eivissa"},"image":{"@id":"https:\/\/www.psib-psoe.org\/eivissa\/#\/schema\/logo\/image\/"}},{"@type":"Person","@id":"https:\/\/www.psib-psoe.org\/eivissa\/#\/schema\/person\/7a9d2841fb36f32e34fc0e9b245e8117","name":"Josep Ripoll","sameAs":["http:\/\/www.psib-psoe.org\/eivissa\/wp-login.php"],"url":"https:\/\/www.psib-psoe.org\/eivissa\/author\/josep\/"}]}},"_links":{"self":[{"href":"https:\/\/www.psib-psoe.org\/eivissa\/wp-json\/wp\/v2\/posts\/14844","targetHints":{"allow":["GET"]}}],"collection":[{"href":"https:\/\/www.psib-psoe.org\/eivissa\/wp-json\/wp\/v2\/posts"}],"about":[{"href":"https:\/\/www.psib-psoe.org\/eivissa\/wp-json\/wp\/v2\/types\/post"}],"author":[{"embeddable":true,"href":"https:\/\/www.psib-psoe.org\/eivissa\/wp-json\/wp\/v2\/users\/7"}],"replies":[{"embeddable":true,"href":"https:\/\/www.psib-psoe.org\/eivissa\/wp-json\/wp\/v2\/comments?post=14844"}],"version-history":[{"count":1,"href":"https:\/\/www.psib-psoe.org\/eivissa\/wp-json\/wp\/v2\/posts\/14844\/revisions"}],"predecessor-version":[{"id":26698,"href":"https:\/\/www.psib-psoe.org\/eivissa\/wp-json\/wp\/v2\/posts\/14844\/revisions\/26698"}],"wp:featuredmedia":[{"embeddable":true,"href":"https:\/\/www.psib-psoe.org\/eivissa\/wp-json\/"}],"wp:attachment":[{"href":"https:\/\/www.psib-psoe.org\/eivissa\/wp-json\/wp\/v2\/media?parent=14844"}],"wp:term":[{"taxonomy":"category","embeddable":true,"href":"https:\/\/www.psib-psoe.org\/eivissa\/wp-json\/wp\/v2\/categories?post=14844"},{"taxonomy":"post_tag","embeddable":true,"href":"https:\/\/www.psib-psoe.org\/eivissa\/wp-json\/wp\/v2\/tags?post=14844"}],"curies":[{"name":"wp","href":"https:\/\/api.w.org\/{rel}","templated":true}]}}