{"id":14855,"date":"2019-12-13T15:24:34","date_gmt":"2019-12-13T15:24:34","guid":{"rendered":"https:\/\/www.psoeeivissa.es\/?p=14855"},"modified":"2020-04-12T21:22:30","modified_gmt":"2020-04-12T19:22:30","slug":"patricia-abascal-recorda-a-vicent-mari-que-el-descompte-de-resident-esta-blindat-en-el-nou-regim-especial-per-a-balears","status":"publish","type":"post","link":"https:\/\/www.psib-psoe.org\/eivissa\/patricia-abascal-recorda-a-vicent-mari-que-el-descompte-de-resident-esta-blindat-en-el-nou-regim-especial-per-a-balears\/","title":{"rendered":"Patricia Abascal recorda a Vicent Mar\u00ed que el descompte de resident est\u00e0 blindat en el nou R\u00e8gim Especial per a Balears"},"content":{"rendered":"<p>La senadora d&#8217;Eivissa i Formentera, Patricia Abascal, ha estat rebuda aquest mat\u00ed per Vicent Mar\u00ed en una visita institucional al Consell Insular. Durant la trobada, la senadora li ha exposat el seu comprom\u00eds i oferiment a treballar de forma conjunta en favor dels interessos del conjunt de la ciutadania, defensant pol\u00edtiques en favor de la igualtat, la sostenibilitat, el progr\u00e9s econ\u00f2mic i les inversions de l&#8217;Estat a les illes d&#8217;Eivissa i Formentera.<\/p>\n<p>Durant la trobada, Abascal ha recordat a Mar\u00ed que el descompte de resident est\u00e0 blindat en el nou R\u00e8gim Especial per a Balears ja en vigor, que va ser acordat pels governs de Pedro S\u00e1nchez i Francina Armengol, responent aix\u00ed als dubtes que s&#8217;havien llen\u00e7at setmanes endarrere.<\/p>\n<p>Justament, entre els objectius de la nova legislatura, que la senadora confia pugui arrencar definitivament amb la investidura de Pedro S\u00e1nchez, hi ha el de desenvolupar les mesures fiscals del nou REIB, per tal de compensar els costos de la insularitat i fomentar els sectors productius i l&#8217;activitat de les empreses i aut\u00f2noms de la Comunitat.<\/p>\n","protected":false},"excerpt":{"rendered":"<p>La senadora d&#8217;Eivissa i Formentera, Patricia Abascal, ha estat rebuda aquest mat\u00ed per Vicent Mar\u00ed en una visita institucional al Consell Insular. Durant la trobada, la senadora li ha exposat el seu comprom\u00eds i oferiment a treballar de forma conjunta en favor dels interessos del conjunt de la ciutadania, defensant pol\u00edtiques en favor de la&hellip;<\/p>\n","protected":false},"author":7,"featured_media":14853,"comment_status":"closed","ping_status":"closed","sticky":false,"template":"","format":"standard","meta":{"footnotes":""},"categories":[1,190],"tags":[],"class_list":["post-14855","post","type-post","status-publish","format-standard","has-post-thumbnail","hentry","category-federacio-de-eivissa-portada","category-govern-despanya-congres-senat"],"yoast_head":"<!-- This site is optimized with the Yoast SEO plugin v26.9 - https:\/\/yoast.com\/product\/yoast-seo-wordpress\/ -->\n<title>Patricia Abascal recorda a Vicent Mar\u00ed que el descompte de resident est\u00e0 blindat en el nou R\u00e8gim Especial per a Balears - Federaci\u00f3 Socialista d&#039;Eivissa<\/title>\n<meta name=\"robots\" content=\"index, follow, max-snippet:-1, max-image-preview:large, max-video-preview:-1\" \/>\n<link rel=\"canonical\" href=\"https:\/\/www.psib-psoe.org\/eivissa\/patricia-abascal-recorda-a-vicent-mari-que-el-descompte-de-resident-esta-blindat-en-el-nou-regim-especial-per-a-balears\/\" \/>\n<meta property=\"og:locale\" content=\"ca_ES\" \/>\n<meta property=\"og:type\" content=\"article\" \/>\n<meta property=\"og:title\" content=\"Patricia Abascal recorda a Vicent Mar\u00ed que el descompte de resident est\u00e0 blindat en el nou R\u00e8gim Especial per a Balears - Federaci\u00f3 Socialista d&#039;Eivissa\" \/>\n<meta property=\"og:description\" content=\"La senadora d&#8217;Eivissa i Formentera, Patricia Abascal, ha estat rebuda aquest mat\u00ed per Vicent Mar\u00ed en una visita institucional al Consell Insular. Durant la trobada, la senadora li ha exposat el seu comprom\u00eds i oferiment a treballar de forma conjunta en favor dels interessos del conjunt de la ciutadania, defensant pol\u00edtiques en favor de la&hellip;\" \/>\n<meta property=\"og:url\" content=\"https:\/\/www.psib-psoe.org\/eivissa\/patricia-abascal-recorda-a-vicent-mari-que-el-descompte-de-resident-esta-blindat-en-el-nou-regim-especial-per-a-balears\/\" \/>\n<meta property=\"og:site_name\" content=\"Federaci\u00f3 Socialista d&#039;Eivissa\" \/>\n<meta property=\"article:published_time\" content=\"2019-12-13T15:24:34+00:00\" \/>\n<meta property=\"article:modified_time\" content=\"2020-04-12T19:22:30+00:00\" \/>\n<meta name=\"author\" content=\"Josep Ripoll\" \/>\n<meta name=\"twitter:card\" content=\"summary_large_image\" \/>\n<meta name=\"twitter:label1\" content=\"Escrit per\" \/>\n\t<meta name=\"twitter:data1\" content=\"Josep Ripoll\" \/>\n\t<meta name=\"twitter:label2\" content=\"Temps estimat de lectura\" \/>\n\t<meta name=\"twitter:data2\" content=\"1 minut\" \/>\n<script type=\"application\/ld+json\" class=\"yoast-schema-graph\">{\"@context\":\"https:\/\/schema.org\",\"@graph\":[{\"@type\":[\"Article\",\"BlogPosting\"],\"@id\":\"https:\/\/www.psib-psoe.org\/eivissa\/patricia-abascal-recorda-a-vicent-mari-que-el-descompte-de-resident-esta-blindat-en-el-nou-regim-especial-per-a-balears\/#article\",\"isPartOf\":{\"@id\":\"https:\/\/www.psib-psoe.org\/eivissa\/patricia-abascal-recorda-a-vicent-mari-que-el-descompte-de-resident-esta-blindat-en-el-nou-regim-especial-per-a-balears\/\"},\"author\":{\"name\":\"Josep Ripoll\",\"@id\":\"https:\/\/www.psib-psoe.org\/eivissa\/#\/schema\/person\/7a9d2841fb36f32e34fc0e9b245e8117\"},\"headline\":\"Patricia Abascal recorda a Vicent Mar\u00ed que el descompte de resident est\u00e0 blindat en el nou R\u00e8gim Especial per a Balears\",\"datePublished\":\"2019-12-13T15:24:34+00:00\",\"dateModified\":\"2020-04-12T19:22:30+00:00\",\"mainEntityOfPage\":{\"@id\":\"https:\/\/www.psib-psoe.org\/eivissa\/patricia-abascal-recorda-a-vicent-mari-que-el-descompte-de-resident-esta-blindat-en-el-nou-regim-especial-per-a-balears\/\"},\"wordCount\":206,\"publisher\":{\"@id\":\"https:\/\/www.psib-psoe.org\/eivissa\/#organization\"},\"image\":{\"@id\":\"https:\/\/www.psib-psoe.org\/eivissa\/patricia-abascal-recorda-a-vicent-mari-que-el-descompte-de-resident-esta-blindat-en-el-nou-regim-especial-per-a-balears\/#primaryimage\"},\"thumbnailUrl\":\"\",\"articleSection\":[\"Federaci\u00f3 d'Eivissa - Portada\",\"Govern d'Espanya - Congr\u00e9s - Senat - PSOE Federal\"],\"inLanguage\":\"ca\"},{\"@type\":\"WebPage\",\"@id\":\"https:\/\/www.psib-psoe.org\/eivissa\/patricia-abascal-recorda-a-vicent-mari-que-el-descompte-de-resident-esta-blindat-en-el-nou-regim-especial-per-a-balears\/\",\"url\":\"https:\/\/www.psib-psoe.org\/eivissa\/patricia-abascal-recorda-a-vicent-mari-que-el-descompte-de-resident-esta-blindat-en-el-nou-regim-especial-per-a-balears\/\",\"name\":\"Patricia Abascal recorda a Vicent Mar\u00ed que el descompte de resident est\u00e0 blindat en el nou R\u00e8gim Especial per a Balears - Federaci\u00f3 Socialista d&#039;Eivissa\",\"isPartOf\":{\"@id\":\"https:\/\/www.psib-psoe.org\/eivissa\/#website\"},\"primaryImageOfPage\":{\"@id\":\"https:\/\/www.psib-psoe.org\/eivissa\/patricia-abascal-recorda-a-vicent-mari-que-el-descompte-de-resident-esta-blindat-en-el-nou-regim-especial-per-a-balears\/#primaryimage\"},\"image\":{\"@id\":\"https:\/\/www.psib-psoe.org\/eivissa\/patricia-abascal-recorda-a-vicent-mari-que-el-descompte-de-resident-esta-blindat-en-el-nou-regim-especial-per-a-balears\/#primaryimage\"},\"thumbnailUrl\":\"\",\"datePublished\":\"2019-12-13T15:24:34+00:00\",\"dateModified\":\"2020-04-12T19:22:30+00:00\",\"breadcrumb\":{\"@id\":\"https:\/\/www.psib-psoe.org\/eivissa\/patricia-abascal-recorda-a-vicent-mari-que-el-descompte-de-resident-esta-blindat-en-el-nou-regim-especial-per-a-balears\/#breadcrumb\"},\"inLanguage\":\"ca\",\"potentialAction\":[{\"@type\":\"ReadAction\",\"target\":[\"https:\/\/www.psib-psoe.org\/eivissa\/patricia-abascal-recorda-a-vicent-mari-que-el-descompte-de-resident-esta-blindat-en-el-nou-regim-especial-per-a-balears\/\"]}]},{\"@type\":\"ImageObject\",\"inLanguage\":\"ca\",\"@id\":\"https:\/\/www.psib-psoe.org\/eivissa\/patricia-abascal-recorda-a-vicent-mari-que-el-descompte-de-resident-esta-blindat-en-el-nou-regim-especial-per-a-balears\/#primaryimage\",\"url\":\"\",\"contentUrl\":\"\"},{\"@type\":\"BreadcrumbList\",\"@id\":\"https:\/\/www.psib-psoe.org\/eivissa\/patricia-abascal-recorda-a-vicent-mari-que-el-descompte-de-resident-esta-blindat-en-el-nou-regim-especial-per-a-balears\/#breadcrumb\",\"itemListElement\":[{\"@type\":\"ListItem\",\"position\":1,\"name\":\"Inici\",\"item\":\"https:\/\/www.psib-psoe.org\/eivissa\/\"},{\"@type\":\"ListItem\",\"position\":2,\"name\":\"Patricia Abascal recorda a Vicent Mar\u00ed que el descompte de resident est\u00e0 blindat en el nou R\u00e8gim Especial per a Balears\"}]},{\"@type\":\"WebSite\",\"@id\":\"https:\/\/www.psib-psoe.org\/eivissa\/#website\",\"url\":\"https:\/\/www.psib-psoe.org\/eivissa\/\",\"name\":\"Federaci\u00f3 Socialista d'Eivissa\",\"description\":\"Socialistes d&#039;Eivissa\",\"publisher\":{\"@id\":\"https:\/\/www.psib-psoe.org\/eivissa\/#organization\"},\"potentialAction\":[{\"@type\":\"SearchAction\",\"target\":{\"@type\":\"EntryPoint\",\"urlTemplate\":\"https:\/\/www.psib-psoe.org\/eivissa\/?s={search_term_string}\"},\"query-input\":{\"@type\":\"PropertyValueSpecification\",\"valueRequired\":true,\"valueName\":\"search_term_string\"}}],\"inLanguage\":\"ca\"},{\"@type\":\"Organization\",\"@id\":\"https:\/\/www.psib-psoe.org\/eivissa\/#organization\",\"name\":\"Federaci\u00f3 Socialista d'Eivissa\",\"url\":\"https:\/\/www.psib-psoe.org\/eivissa\/\",\"logo\":{\"@type\":\"ImageObject\",\"inLanguage\":\"ca\",\"@id\":\"https:\/\/www.psib-psoe.org\/eivissa\/#\/schema\/logo\/image\/\",\"url\":\"https:\/\/www.psib-psoe.org\/eivissa\/wp-content\/uploads\/LOGO-FSE-SOCIALISTA-DEIVISSA-HORI.png\",\"contentUrl\":\"https:\/\/www.psib-psoe.org\/eivissa\/wp-content\/uploads\/LOGO-FSE-SOCIALISTA-DEIVISSA-HORI.png\",\"width\":6000,\"height\":3104,\"caption\":\"Federaci\u00f3 Socialista d'Eivissa\"},\"image\":{\"@id\":\"https:\/\/www.psib-psoe.org\/eivissa\/#\/schema\/logo\/image\/\"}},{\"@type\":\"Person\",\"@id\":\"https:\/\/www.psib-psoe.org\/eivissa\/#\/schema\/person\/7a9d2841fb36f32e34fc0e9b245e8117\",\"name\":\"Josep Ripoll\",\"sameAs\":[\"http:\/\/www.psib-psoe.org\/eivissa\/wp-login.php\"],\"url\":\"https:\/\/www.psib-psoe.org\/eivissa\/author\/josep\/\"}]}<\/script>\n<!-- \/ Yoast SEO plugin. -->","yoast_head_json":{"title":"Patricia Abascal recorda a Vicent Mar\u00ed que el descompte de resident est\u00e0 blindat en el nou R\u00e8gim Especial per a Balears - Federaci\u00f3 Socialista d&#039;Eivissa","robots":{"index":"index","follow":"follow","max-snippet":"max-snippet:-1","max-image-preview":"max-image-preview:large","max-video-preview":"max-video-preview:-1"},"canonical":"https:\/\/www.psib-psoe.org\/eivissa\/patricia-abascal-recorda-a-vicent-mari-que-el-descompte-de-resident-esta-blindat-en-el-nou-regim-especial-per-a-balears\/","og_locale":"ca_ES","og_type":"article","og_title":"Patricia Abascal recorda a Vicent Mar\u00ed que el descompte de resident est\u00e0 blindat en el nou R\u00e8gim Especial per a Balears - Federaci\u00f3 Socialista d&#039;Eivissa","og_description":"La senadora d&#8217;Eivissa i Formentera, Patricia Abascal, ha estat rebuda aquest mat\u00ed per Vicent Mar\u00ed en una visita institucional al Consell Insular. Durant la trobada, la senadora li ha exposat el seu comprom\u00eds i oferiment a treballar de forma conjunta en favor dels interessos del conjunt de la ciutadania, defensant pol\u00edtiques en favor de la&hellip;","og_url":"https:\/\/www.psib-psoe.org\/eivissa\/patricia-abascal-recorda-a-vicent-mari-que-el-descompte-de-resident-esta-blindat-en-el-nou-regim-especial-per-a-balears\/","og_site_name":"Federaci\u00f3 Socialista d&#039;Eivissa","article_published_time":"2019-12-13T15:24:34+00:00","article_modified_time":"2020-04-12T19:22:30+00:00","author":"Josep Ripoll","twitter_card":"summary_large_image","twitter_misc":{"Escrit per":"Josep Ripoll","Temps estimat de lectura":"1 minut"},"schema":{"@context":"https:\/\/schema.org","@graph":[{"@type":["Article","BlogPosting"],"@id":"https:\/\/www.psib-psoe.org\/eivissa\/patricia-abascal-recorda-a-vicent-mari-que-el-descompte-de-resident-esta-blindat-en-el-nou-regim-especial-per-a-balears\/#article","isPartOf":{"@id":"https:\/\/www.psib-psoe.org\/eivissa\/patricia-abascal-recorda-a-vicent-mari-que-el-descompte-de-resident-esta-blindat-en-el-nou-regim-especial-per-a-balears\/"},"author":{"name":"Josep Ripoll","@id":"https:\/\/www.psib-psoe.org\/eivissa\/#\/schema\/person\/7a9d2841fb36f32e34fc0e9b245e8117"},"headline":"Patricia Abascal recorda a Vicent Mar\u00ed que el descompte de resident est\u00e0 blindat en el nou R\u00e8gim Especial per a Balears","datePublished":"2019-12-13T15:24:34+00:00","dateModified":"2020-04-12T19:22:30+00:00","mainEntityOfPage":{"@id":"https:\/\/www.psib-psoe.org\/eivissa\/patricia-abascal-recorda-a-vicent-mari-que-el-descompte-de-resident-esta-blindat-en-el-nou-regim-especial-per-a-balears\/"},"wordCount":206,"publisher":{"@id":"https:\/\/www.psib-psoe.org\/eivissa\/#organization"},"image":{"@id":"https:\/\/www.psib-psoe.org\/eivissa\/patricia-abascal-recorda-a-vicent-mari-que-el-descompte-de-resident-esta-blindat-en-el-nou-regim-especial-per-a-balears\/#primaryimage"},"thumbnailUrl":"","articleSection":["Federaci\u00f3 d'Eivissa - Portada","Govern d'Espanya - Congr\u00e9s - Senat - PSOE Federal"],"inLanguage":"ca"},{"@type":"WebPage","@id":"https:\/\/www.psib-psoe.org\/eivissa\/patricia-abascal-recorda-a-vicent-mari-que-el-descompte-de-resident-esta-blindat-en-el-nou-regim-especial-per-a-balears\/","url":"https:\/\/www.psib-psoe.org\/eivissa\/patricia-abascal-recorda-a-vicent-mari-que-el-descompte-de-resident-esta-blindat-en-el-nou-regim-especial-per-a-balears\/","name":"Patricia Abascal recorda a Vicent Mar\u00ed que el descompte de resident est\u00e0 blindat en el nou R\u00e8gim Especial per a Balears - Federaci\u00f3 Socialista d&#039;Eivissa","isPartOf":{"@id":"https:\/\/www.psib-psoe.org\/eivissa\/#website"},"primaryImageOfPage":{"@id":"https:\/\/www.psib-psoe.org\/eivissa\/patricia-abascal-recorda-a-vicent-mari-que-el-descompte-de-resident-esta-blindat-en-el-nou-regim-especial-per-a-balears\/#primaryimage"},"image":{"@id":"https:\/\/www.psib-psoe.org\/eivissa\/patricia-abascal-recorda-a-vicent-mari-que-el-descompte-de-resident-esta-blindat-en-el-nou-regim-especial-per-a-balears\/#primaryimage"},"thumbnailUrl":"","datePublished":"2019-12-13T15:24:34+00:00","dateModified":"2020-04-12T19:22:30+00:00","breadcrumb":{"@id":"https:\/\/www.psib-psoe.org\/eivissa\/patricia-abascal-recorda-a-vicent-mari-que-el-descompte-de-resident-esta-blindat-en-el-nou-regim-especial-per-a-balears\/#breadcrumb"},"inLanguage":"ca","potentialAction":[{"@type":"ReadAction","target":["https:\/\/www.psib-psoe.org\/eivissa\/patricia-abascal-recorda-a-vicent-mari-que-el-descompte-de-resident-esta-blindat-en-el-nou-regim-especial-per-a-balears\/"]}]},{"@type":"ImageObject","inLanguage":"ca","@id":"https:\/\/www.psib-psoe.org\/eivissa\/patricia-abascal-recorda-a-vicent-mari-que-el-descompte-de-resident-esta-blindat-en-el-nou-regim-especial-per-a-balears\/#primaryimage","url":"","contentUrl":""},{"@type":"BreadcrumbList","@id":"https:\/\/www.psib-psoe.org\/eivissa\/patricia-abascal-recorda-a-vicent-mari-que-el-descompte-de-resident-esta-blindat-en-el-nou-regim-especial-per-a-balears\/#breadcrumb","itemListElement":[{"@type":"ListItem","position":1,"name":"Inici","item":"https:\/\/www.psib-psoe.org\/eivissa\/"},{"@type":"ListItem","position":2,"name":"Patricia Abascal recorda a Vicent Mar\u00ed que el descompte de resident est\u00e0 blindat en el nou R\u00e8gim Especial per a Balears"}]},{"@type":"WebSite","@id":"https:\/\/www.psib-psoe.org\/eivissa\/#website","url":"https:\/\/www.psib-psoe.org\/eivissa\/","name":"Federaci\u00f3 Socialista d'Eivissa","description":"Socialistes d&#039;Eivissa","publisher":{"@id":"https:\/\/www.psib-psoe.org\/eivissa\/#organization"},"potentialAction":[{"@type":"SearchAction","target":{"@type":"EntryPoint","urlTemplate":"https:\/\/www.psib-psoe.org\/eivissa\/?s={search_term_string}"},"query-input":{"@type":"PropertyValueSpecification","valueRequired":true,"valueName":"search_term_string"}}],"inLanguage":"ca"},{"@type":"Organization","@id":"https:\/\/www.psib-psoe.org\/eivissa\/#organization","name":"Federaci\u00f3 Socialista d'Eivissa","url":"https:\/\/www.psib-psoe.org\/eivissa\/","logo":{"@type":"ImageObject","inLanguage":"ca","@id":"https:\/\/www.psib-psoe.org\/eivissa\/#\/schema\/logo\/image\/","url":"https:\/\/www.psib-psoe.org\/eivissa\/wp-content\/uploads\/LOGO-FSE-SOCIALISTA-DEIVISSA-HORI.png","contentUrl":"https:\/\/www.psib-psoe.org\/eivissa\/wp-content\/uploads\/LOGO-FSE-SOCIALISTA-DEIVISSA-HORI.png","width":6000,"height":3104,"caption":"Federaci\u00f3 Socialista d'Eivissa"},"image":{"@id":"https:\/\/www.psib-psoe.org\/eivissa\/#\/schema\/logo\/image\/"}},{"@type":"Person","@id":"https:\/\/www.psib-psoe.org\/eivissa\/#\/schema\/person\/7a9d2841fb36f32e34fc0e9b245e8117","name":"Josep Ripoll","sameAs":["http:\/\/www.psib-psoe.org\/eivissa\/wp-login.php"],"url":"https:\/\/www.psib-psoe.org\/eivissa\/author\/josep\/"}]}},"_links":{"self":[{"href":"https:\/\/www.psib-psoe.org\/eivissa\/wp-json\/wp\/v2\/posts\/14855","targetHints":{"allow":["GET"]}}],"collection":[{"href":"https:\/\/www.psib-psoe.org\/eivissa\/wp-json\/wp\/v2\/posts"}],"about":[{"href":"https:\/\/www.psib-psoe.org\/eivissa\/wp-json\/wp\/v2\/types\/post"}],"author":[{"embeddable":true,"href":"https:\/\/www.psib-psoe.org\/eivissa\/wp-json\/wp\/v2\/users\/7"}],"replies":[{"embeddable":true,"href":"https:\/\/www.psib-psoe.org\/eivissa\/wp-json\/wp\/v2\/comments?post=14855"}],"version-history":[{"count":1,"href":"https:\/\/www.psib-psoe.org\/eivissa\/wp-json\/wp\/v2\/posts\/14855\/revisions"}],"predecessor-version":[{"id":26697,"href":"https:\/\/www.psib-psoe.org\/eivissa\/wp-json\/wp\/v2\/posts\/14855\/revisions\/26697"}],"wp:featuredmedia":[{"embeddable":true,"href":"https:\/\/www.psib-psoe.org\/eivissa\/wp-json\/"}],"wp:attachment":[{"href":"https:\/\/www.psib-psoe.org\/eivissa\/wp-json\/wp\/v2\/media?parent=14855"}],"wp:term":[{"taxonomy":"category","embeddable":true,"href":"https:\/\/www.psib-psoe.org\/eivissa\/wp-json\/wp\/v2\/categories?post=14855"},{"taxonomy":"post_tag","embeddable":true,"href":"https:\/\/www.psib-psoe.org\/eivissa\/wp-json\/wp\/v2\/tags?post=14855"}],"curies":[{"name":"wp","href":"https:\/\/api.w.org\/{rel}","templated":true}]}}