{"id":14904,"date":"2020-01-07T17:29:19","date_gmt":"2020-01-07T17:29:19","guid":{"rendered":"https:\/\/www.psoeeivissa.es\/?p=14904&#038;lang=es"},"modified":"2020-04-10T19:46:30","modified_gmt":"2020-04-10T17:46:30","slug":"la-fse-psoe-manifiesta-su-alegria-inmensa-para-la-investidura-de-pedro-sanchez-y-la-puesta-en-marcha-de-un-gobierno-progresista-para-espana","status":"publish","type":"post","link":"https:\/\/www.psib-psoe.org\/eivissa\/la-fse-psoe-manifiesta-su-alegria-inmensa-para-la-investidura-de-pedro-sanchez-y-la-puesta-en-marcha-de-un-gobierno-progresista-para-espana\/","title":{"rendered":"La FSE-PSOE manifiesta su &#8220;alegr\u00eda inmensa&#8221; para la investidura de Pedro S\u00e1nchez y la puesta en marcha de un gobierno progresista para Espa\u00f1a"},"content":{"rendered":"<p>La Federaci\u00f3n Socialista de Eivissa (FSE-PSOE) quiere manifestar su &#8220;alegr\u00eda inmensa&#8221; por la investidura de Pedro S\u00e1nchez, que permite la puesta en marcha de un gobierno progresista para Espa\u00f1a. El presidente de la Comisi\u00f3n Gestora de la FSE-PSOE y alcalde de Sant Josep de sa Talaia, Josep Mar\u00ed Ribas, ha reconocido las dificultades para hacer posible el acuerdo, que es in\u00e9dito desde la recuperaci\u00f3n de la democracia, pero ha destacado &#8221; las experiencias que hemos tenido en las Balears, el Consell o en ayuntamientos de la isla&#8221;. &#8220;Un gobierno de coalici\u00f3n une sensibilidades, es bueno para el conjunto de la ciudadan\u00eda, y un gobierno progresista que piense en las personas, en las cosas que son vitales para la gente, har\u00e1 que este pa\u00eds vaya adelante&#8221;.<\/p>\n<p>Militantes y simpatizantes del PSOE ha seguido desde la sede del partido en la ciudad de Eivissa la votaci\u00f3n celebrada en el Congreso, en la que ha participado la diputada ibicenca y secretaria segunda de la Mesa, Sof\u00eda Hernanz.<\/p>\n<p>Tambi\u00e9n ha manifestado su satisfacci\u00f3n la consellera ibicenca y portavoz del Gobierno de Illes Balears, Pilar Costa, quien ha destacado que &#8220;se abre una nueva etapa ilusionante y sobre todo con mucha responsabilidad, con mucho trabajo por hacer&#8221;. Como ha dicho Pilar Costa, &#8220;es un orgullo que Pedro S\u00e1nchez vuelva a ser el presidente del Gobierno, con esta sinton\u00eda que seguiremos manteniendo con el Gobierno de Balears&#8221;, destacando cuestiones como las leyes pioneras de lucha contra el cambio clim\u00e1tico y la contaminaci\u00f3n o contra la violencia machista.<\/p>\n<p>El alcalde de Eivissa, Rafa Ruiz, ha destacado que &#8220;hoy es un d\u00eda de alegr\u00eda para los Socialistas de Eivissa&#8221;. La investidura de Pedro S\u00e1nchez permite poner en marcha una coalici\u00f3n progresista para Espa\u00f1a con PSOE y Podemos que es &#8220;exactamente igual que la nuestra&#8221; en la ciudad y que &#8220;estamos seguros de que funcionar\u00e1 muy bien&#8221;. Rafa Ruiz ha recordado que &#8220;tenemos mucha experiencia en Eivissa y en Balears con gobiernos progresistas, que han hecho mucho y lo han hecho muy bien para nuestra gente&#8221;.<\/p>\n<p>&#8220;Despu\u00e9s de tanto tiempo de bloqueo, estamos esperanzados que salgan proyectos millonarios para esta ciudad&#8221;, ha dicho el alcalde socialista, destacando la puesta en marcha de la finalizaci\u00f3n del Parador de Turismo, la estaci\u00f3n mar\u00edtima del puerto y otros proyectos como son los referidos a depuraci\u00f3n de aguas y a vivienda p\u00fablica. Rafa Ruiz se ha mostrado convencido de que desde Eivissa &#8220;tendremos muy buenos interlocutores en Madrid y que estaremos a la altura de lo que la ciudadan\u00eda espera&#8221;<\/p>\n<p>Patricia Abascal, senadora por Eivissa y Formentera, ha seguido desde el mismo Congreso la sesi\u00f3n de investidura: &#8220;Hoy es un d\u00eda muy importante para el pa\u00eds, por fin se lleva a cabo el desbloqueo&#8221;, gracias a &#8220;167 valientes que han sido capaces de superar todo lo que ha intentado la derecha para impedir que salga un gobierno progresista&#8221;. La senadora calific\u00f3 como &#8220;d\u00eda hist\u00f3rico&#8221; la jornada de hoy, en que comienza una etapa de &#8220;lucha por el inter\u00e9s general y para la mejora de la vida de la ciudadan\u00eda de este pa\u00eds&#8221;.<\/p>\n","protected":false},"excerpt":{"rendered":"<p>La Federaci\u00f3n Socialista de Eivissa (FSE-PSOE) quiere manifestar su &#8220;alegr\u00eda inmensa&#8221; por la investidura de Pedro S\u00e1nchez, que permite la puesta en marcha de un gobierno progresista para Espa\u00f1a. El presidente de la Comisi\u00f3n Gestora de la FSE-PSOE y alcalde de Sant Josep de sa Talaia, Josep Mar\u00ed Ribas, ha reconocido las dificultades para hacer&hellip;<\/p>\n","protected":false},"author":7,"featured_media":14902,"comment_status":"closed","ping_status":"closed","sticky":false,"template":"","format":"standard","meta":{"footnotes":""},"categories":[212],"tags":[],"class_list":["post-14904","post","type-post","status-publish","format-standard","has-post-thumbnail","hentry","category-fse-psoe"],"yoast_head":"<!-- This site is optimized with the Yoast SEO plugin v26.9 - https:\/\/yoast.com\/product\/yoast-seo-wordpress\/ -->\n<title>La FSE-PSOE manifiesta su &quot;alegr\u00eda inmensa&quot; para la investidura de Pedro S\u00e1nchez y la puesta en marcha de un gobierno progresista para Espa\u00f1a - Federaci\u00f3 Socialista d&#039;Eivissa<\/title>\n<meta name=\"robots\" content=\"index, follow, max-snippet:-1, max-image-preview:large, max-video-preview:-1\" \/>\n<link rel=\"canonical\" href=\"https:\/\/www.psib-psoe.org\/eivissa\/la-fse-psoe-manifiesta-su-alegria-inmensa-para-la-investidura-de-pedro-sanchez-y-la-puesta-en-marcha-de-un-gobierno-progresista-para-espana\/\" \/>\n<meta property=\"og:locale\" content=\"ca_ES\" \/>\n<meta property=\"og:type\" content=\"article\" \/>\n<meta property=\"og:title\" content=\"La FSE-PSOE manifiesta su &quot;alegr\u00eda inmensa&quot; para la investidura de Pedro S\u00e1nchez y la puesta en marcha de un gobierno progresista para Espa\u00f1a - Federaci\u00f3 Socialista d&#039;Eivissa\" \/>\n<meta property=\"og:description\" content=\"La Federaci\u00f3n Socialista de Eivissa (FSE-PSOE) quiere manifestar su &#8220;alegr\u00eda inmensa&#8221; por la investidura de Pedro S\u00e1nchez, que permite la puesta en marcha de un gobierno progresista para Espa\u00f1a. El presidente de la Comisi\u00f3n Gestora de la FSE-PSOE y alcalde de Sant Josep de sa Talaia, Josep Mar\u00ed Ribas, ha reconocido las dificultades para hacer&hellip;\" \/>\n<meta property=\"og:url\" content=\"https:\/\/www.psib-psoe.org\/eivissa\/la-fse-psoe-manifiesta-su-alegria-inmensa-para-la-investidura-de-pedro-sanchez-y-la-puesta-en-marcha-de-un-gobierno-progresista-para-espana\/\" \/>\n<meta property=\"og:site_name\" content=\"Federaci\u00f3 Socialista d&#039;Eivissa\" \/>\n<meta property=\"article:published_time\" content=\"2020-01-07T17:29:19+00:00\" \/>\n<meta property=\"article:modified_time\" content=\"2020-04-10T17:46:30+00:00\" \/>\n<meta name=\"author\" content=\"Josep Ripoll\" \/>\n<meta name=\"twitter:card\" content=\"summary_large_image\" \/>\n<meta name=\"twitter:label1\" content=\"Escrit per\" \/>\n\t<meta name=\"twitter:data1\" content=\"Josep Ripoll\" \/>\n\t<meta name=\"twitter:label2\" content=\"Temps estimat de lectura\" \/>\n\t<meta name=\"twitter:data2\" content=\"3 minuts\" \/>\n<script type=\"application\/ld+json\" class=\"yoast-schema-graph\">{\"@context\":\"https:\/\/schema.org\",\"@graph\":[{\"@type\":[\"Article\",\"BlogPosting\"],\"@id\":\"https:\/\/www.psib-psoe.org\/eivissa\/la-fse-psoe-manifiesta-su-alegria-inmensa-para-la-investidura-de-pedro-sanchez-y-la-puesta-en-marcha-de-un-gobierno-progresista-para-espana\/#article\",\"isPartOf\":{\"@id\":\"https:\/\/www.psib-psoe.org\/eivissa\/la-fse-psoe-manifiesta-su-alegria-inmensa-para-la-investidura-de-pedro-sanchez-y-la-puesta-en-marcha-de-un-gobierno-progresista-para-espana\/\"},\"author\":{\"name\":\"Josep Ripoll\",\"@id\":\"https:\/\/www.psib-psoe.org\/eivissa\/#\/schema\/person\/7a9d2841fb36f32e34fc0e9b245e8117\"},\"headline\":\"La FSE-PSOE manifiesta su &#8220;alegr\u00eda inmensa&#8221; para la investidura de Pedro S\u00e1nchez y la puesta en marcha de un gobierno progresista para Espa\u00f1a\",\"datePublished\":\"2020-01-07T17:29:19+00:00\",\"dateModified\":\"2020-04-10T17:46:30+00:00\",\"mainEntityOfPage\":{\"@id\":\"https:\/\/www.psib-psoe.org\/eivissa\/la-fse-psoe-manifiesta-su-alegria-inmensa-para-la-investidura-de-pedro-sanchez-y-la-puesta-en-marcha-de-un-gobierno-progresista-para-espana\/\"},\"wordCount\":571,\"publisher\":{\"@id\":\"https:\/\/www.psib-psoe.org\/eivissa\/#organization\"},\"image\":{\"@id\":\"https:\/\/www.psib-psoe.org\/eivissa\/la-fse-psoe-manifiesta-su-alegria-inmensa-para-la-investidura-de-pedro-sanchez-y-la-puesta-en-marcha-de-un-gobierno-progresista-para-espana\/#primaryimage\"},\"thumbnailUrl\":\"\",\"articleSection\":[\"FSE-PSOE\"],\"inLanguage\":\"ca\"},{\"@type\":\"WebPage\",\"@id\":\"https:\/\/www.psib-psoe.org\/eivissa\/la-fse-psoe-manifiesta-su-alegria-inmensa-para-la-investidura-de-pedro-sanchez-y-la-puesta-en-marcha-de-un-gobierno-progresista-para-espana\/\",\"url\":\"https:\/\/www.psib-psoe.org\/eivissa\/la-fse-psoe-manifiesta-su-alegria-inmensa-para-la-investidura-de-pedro-sanchez-y-la-puesta-en-marcha-de-un-gobierno-progresista-para-espana\/\",\"name\":\"La FSE-PSOE manifiesta su \\\"alegr\u00eda inmensa\\\" para la investidura de Pedro S\u00e1nchez y la puesta en marcha de un gobierno progresista para Espa\u00f1a - Federaci\u00f3 Socialista d&#039;Eivissa\",\"isPartOf\":{\"@id\":\"https:\/\/www.psib-psoe.org\/eivissa\/#website\"},\"primaryImageOfPage\":{\"@id\":\"https:\/\/www.psib-psoe.org\/eivissa\/la-fse-psoe-manifiesta-su-alegria-inmensa-para-la-investidura-de-pedro-sanchez-y-la-puesta-en-marcha-de-un-gobierno-progresista-para-espana\/#primaryimage\"},\"image\":{\"@id\":\"https:\/\/www.psib-psoe.org\/eivissa\/la-fse-psoe-manifiesta-su-alegria-inmensa-para-la-investidura-de-pedro-sanchez-y-la-puesta-en-marcha-de-un-gobierno-progresista-para-espana\/#primaryimage\"},\"thumbnailUrl\":\"\",\"datePublished\":\"2020-01-07T17:29:19+00:00\",\"dateModified\":\"2020-04-10T17:46:30+00:00\",\"breadcrumb\":{\"@id\":\"https:\/\/www.psib-psoe.org\/eivissa\/la-fse-psoe-manifiesta-su-alegria-inmensa-para-la-investidura-de-pedro-sanchez-y-la-puesta-en-marcha-de-un-gobierno-progresista-para-espana\/#breadcrumb\"},\"inLanguage\":\"ca\",\"potentialAction\":[{\"@type\":\"ReadAction\",\"target\":[\"https:\/\/www.psib-psoe.org\/eivissa\/la-fse-psoe-manifiesta-su-alegria-inmensa-para-la-investidura-de-pedro-sanchez-y-la-puesta-en-marcha-de-un-gobierno-progresista-para-espana\/\"]}]},{\"@type\":\"ImageObject\",\"inLanguage\":\"ca\",\"@id\":\"https:\/\/www.psib-psoe.org\/eivissa\/la-fse-psoe-manifiesta-su-alegria-inmensa-para-la-investidura-de-pedro-sanchez-y-la-puesta-en-marcha-de-un-gobierno-progresista-para-espana\/#primaryimage\",\"url\":\"\",\"contentUrl\":\"\"},{\"@type\":\"BreadcrumbList\",\"@id\":\"https:\/\/www.psib-psoe.org\/eivissa\/la-fse-psoe-manifiesta-su-alegria-inmensa-para-la-investidura-de-pedro-sanchez-y-la-puesta-en-marcha-de-un-gobierno-progresista-para-espana\/#breadcrumb\",\"itemListElement\":[{\"@type\":\"ListItem\",\"position\":1,\"name\":\"Inici\",\"item\":\"https:\/\/www.psib-psoe.org\/eivissa\/\"},{\"@type\":\"ListItem\",\"position\":2,\"name\":\"La FSE-PSOE manifiesta su &#8220;alegr\u00eda inmensa&#8221; para la investidura de Pedro S\u00e1nchez y la puesta en marcha de un gobierno progresista para Espa\u00f1a\"}]},{\"@type\":\"WebSite\",\"@id\":\"https:\/\/www.psib-psoe.org\/eivissa\/#website\",\"url\":\"https:\/\/www.psib-psoe.org\/eivissa\/\",\"name\":\"Federaci\u00f3 Socialista d'Eivissa\",\"description\":\"Socialistes d&#039;Eivissa\",\"publisher\":{\"@id\":\"https:\/\/www.psib-psoe.org\/eivissa\/#organization\"},\"potentialAction\":[{\"@type\":\"SearchAction\",\"target\":{\"@type\":\"EntryPoint\",\"urlTemplate\":\"https:\/\/www.psib-psoe.org\/eivissa\/?s={search_term_string}\"},\"query-input\":{\"@type\":\"PropertyValueSpecification\",\"valueRequired\":true,\"valueName\":\"search_term_string\"}}],\"inLanguage\":\"ca\"},{\"@type\":\"Organization\",\"@id\":\"https:\/\/www.psib-psoe.org\/eivissa\/#organization\",\"name\":\"Federaci\u00f3 Socialista d'Eivissa\",\"url\":\"https:\/\/www.psib-psoe.org\/eivissa\/\",\"logo\":{\"@type\":\"ImageObject\",\"inLanguage\":\"ca\",\"@id\":\"https:\/\/www.psib-psoe.org\/eivissa\/#\/schema\/logo\/image\/\",\"url\":\"https:\/\/www.psib-psoe.org\/eivissa\/wp-content\/uploads\/LOGO-FSE-SOCIALISTA-DEIVISSA-HORI.png\",\"contentUrl\":\"https:\/\/www.psib-psoe.org\/eivissa\/wp-content\/uploads\/LOGO-FSE-SOCIALISTA-DEIVISSA-HORI.png\",\"width\":6000,\"height\":3104,\"caption\":\"Federaci\u00f3 Socialista d'Eivissa\"},\"image\":{\"@id\":\"https:\/\/www.psib-psoe.org\/eivissa\/#\/schema\/logo\/image\/\"}},{\"@type\":\"Person\",\"@id\":\"https:\/\/www.psib-psoe.org\/eivissa\/#\/schema\/person\/7a9d2841fb36f32e34fc0e9b245e8117\",\"name\":\"Josep Ripoll\",\"sameAs\":[\"http:\/\/www.psib-psoe.org\/eivissa\/wp-login.php\"],\"url\":\"https:\/\/www.psib-psoe.org\/eivissa\/author\/josep\/\"}]}<\/script>\n<!-- \/ Yoast SEO plugin. -->","yoast_head_json":{"title":"La FSE-PSOE manifiesta su \"alegr\u00eda inmensa\" para la investidura de Pedro S\u00e1nchez y la puesta en marcha de un gobierno progresista para Espa\u00f1a - Federaci\u00f3 Socialista d&#039;Eivissa","robots":{"index":"index","follow":"follow","max-snippet":"max-snippet:-1","max-image-preview":"max-image-preview:large","max-video-preview":"max-video-preview:-1"},"canonical":"https:\/\/www.psib-psoe.org\/eivissa\/la-fse-psoe-manifiesta-su-alegria-inmensa-para-la-investidura-de-pedro-sanchez-y-la-puesta-en-marcha-de-un-gobierno-progresista-para-espana\/","og_locale":"ca_ES","og_type":"article","og_title":"La FSE-PSOE manifiesta su \"alegr\u00eda inmensa\" para la investidura de Pedro S\u00e1nchez y la puesta en marcha de un gobierno progresista para Espa\u00f1a - Federaci\u00f3 Socialista d&#039;Eivissa","og_description":"La Federaci\u00f3n Socialista de Eivissa (FSE-PSOE) quiere manifestar su &#8220;alegr\u00eda inmensa&#8221; por la investidura de Pedro S\u00e1nchez, que permite la puesta en marcha de un gobierno progresista para Espa\u00f1a. El presidente de la Comisi\u00f3n Gestora de la FSE-PSOE y alcalde de Sant Josep de sa Talaia, Josep Mar\u00ed Ribas, ha reconocido las dificultades para hacer&hellip;","og_url":"https:\/\/www.psib-psoe.org\/eivissa\/la-fse-psoe-manifiesta-su-alegria-inmensa-para-la-investidura-de-pedro-sanchez-y-la-puesta-en-marcha-de-un-gobierno-progresista-para-espana\/","og_site_name":"Federaci\u00f3 Socialista d&#039;Eivissa","article_published_time":"2020-01-07T17:29:19+00:00","article_modified_time":"2020-04-10T17:46:30+00:00","author":"Josep Ripoll","twitter_card":"summary_large_image","twitter_misc":{"Escrit per":"Josep Ripoll","Temps estimat de lectura":"3 minuts"},"schema":{"@context":"https:\/\/schema.org","@graph":[{"@type":["Article","BlogPosting"],"@id":"https:\/\/www.psib-psoe.org\/eivissa\/la-fse-psoe-manifiesta-su-alegria-inmensa-para-la-investidura-de-pedro-sanchez-y-la-puesta-en-marcha-de-un-gobierno-progresista-para-espana\/#article","isPartOf":{"@id":"https:\/\/www.psib-psoe.org\/eivissa\/la-fse-psoe-manifiesta-su-alegria-inmensa-para-la-investidura-de-pedro-sanchez-y-la-puesta-en-marcha-de-un-gobierno-progresista-para-espana\/"},"author":{"name":"Josep Ripoll","@id":"https:\/\/www.psib-psoe.org\/eivissa\/#\/schema\/person\/7a9d2841fb36f32e34fc0e9b245e8117"},"headline":"La FSE-PSOE manifiesta su &#8220;alegr\u00eda inmensa&#8221; para la investidura de Pedro S\u00e1nchez y la puesta en marcha de un gobierno progresista para Espa\u00f1a","datePublished":"2020-01-07T17:29:19+00:00","dateModified":"2020-04-10T17:46:30+00:00","mainEntityOfPage":{"@id":"https:\/\/www.psib-psoe.org\/eivissa\/la-fse-psoe-manifiesta-su-alegria-inmensa-para-la-investidura-de-pedro-sanchez-y-la-puesta-en-marcha-de-un-gobierno-progresista-para-espana\/"},"wordCount":571,"publisher":{"@id":"https:\/\/www.psib-psoe.org\/eivissa\/#organization"},"image":{"@id":"https:\/\/www.psib-psoe.org\/eivissa\/la-fse-psoe-manifiesta-su-alegria-inmensa-para-la-investidura-de-pedro-sanchez-y-la-puesta-en-marcha-de-un-gobierno-progresista-para-espana\/#primaryimage"},"thumbnailUrl":"","articleSection":["FSE-PSOE"],"inLanguage":"ca"},{"@type":"WebPage","@id":"https:\/\/www.psib-psoe.org\/eivissa\/la-fse-psoe-manifiesta-su-alegria-inmensa-para-la-investidura-de-pedro-sanchez-y-la-puesta-en-marcha-de-un-gobierno-progresista-para-espana\/","url":"https:\/\/www.psib-psoe.org\/eivissa\/la-fse-psoe-manifiesta-su-alegria-inmensa-para-la-investidura-de-pedro-sanchez-y-la-puesta-en-marcha-de-un-gobierno-progresista-para-espana\/","name":"La FSE-PSOE manifiesta su \"alegr\u00eda inmensa\" para la investidura de Pedro S\u00e1nchez y la puesta en marcha de un gobierno progresista para Espa\u00f1a - Federaci\u00f3 Socialista d&#039;Eivissa","isPartOf":{"@id":"https:\/\/www.psib-psoe.org\/eivissa\/#website"},"primaryImageOfPage":{"@id":"https:\/\/www.psib-psoe.org\/eivissa\/la-fse-psoe-manifiesta-su-alegria-inmensa-para-la-investidura-de-pedro-sanchez-y-la-puesta-en-marcha-de-un-gobierno-progresista-para-espana\/#primaryimage"},"image":{"@id":"https:\/\/www.psib-psoe.org\/eivissa\/la-fse-psoe-manifiesta-su-alegria-inmensa-para-la-investidura-de-pedro-sanchez-y-la-puesta-en-marcha-de-un-gobierno-progresista-para-espana\/#primaryimage"},"thumbnailUrl":"","datePublished":"2020-01-07T17:29:19+00:00","dateModified":"2020-04-10T17:46:30+00:00","breadcrumb":{"@id":"https:\/\/www.psib-psoe.org\/eivissa\/la-fse-psoe-manifiesta-su-alegria-inmensa-para-la-investidura-de-pedro-sanchez-y-la-puesta-en-marcha-de-un-gobierno-progresista-para-espana\/#breadcrumb"},"inLanguage":"ca","potentialAction":[{"@type":"ReadAction","target":["https:\/\/www.psib-psoe.org\/eivissa\/la-fse-psoe-manifiesta-su-alegria-inmensa-para-la-investidura-de-pedro-sanchez-y-la-puesta-en-marcha-de-un-gobierno-progresista-para-espana\/"]}]},{"@type":"ImageObject","inLanguage":"ca","@id":"https:\/\/www.psib-psoe.org\/eivissa\/la-fse-psoe-manifiesta-su-alegria-inmensa-para-la-investidura-de-pedro-sanchez-y-la-puesta-en-marcha-de-un-gobierno-progresista-para-espana\/#primaryimage","url":"","contentUrl":""},{"@type":"BreadcrumbList","@id":"https:\/\/www.psib-psoe.org\/eivissa\/la-fse-psoe-manifiesta-su-alegria-inmensa-para-la-investidura-de-pedro-sanchez-y-la-puesta-en-marcha-de-un-gobierno-progresista-para-espana\/#breadcrumb","itemListElement":[{"@type":"ListItem","position":1,"name":"Inici","item":"https:\/\/www.psib-psoe.org\/eivissa\/"},{"@type":"ListItem","position":2,"name":"La FSE-PSOE manifiesta su &#8220;alegr\u00eda inmensa&#8221; para la investidura de Pedro S\u00e1nchez y la puesta en marcha de un gobierno progresista para Espa\u00f1a"}]},{"@type":"WebSite","@id":"https:\/\/www.psib-psoe.org\/eivissa\/#website","url":"https:\/\/www.psib-psoe.org\/eivissa\/","name":"Federaci\u00f3 Socialista d'Eivissa","description":"Socialistes d&#039;Eivissa","publisher":{"@id":"https:\/\/www.psib-psoe.org\/eivissa\/#organization"},"potentialAction":[{"@type":"SearchAction","target":{"@type":"EntryPoint","urlTemplate":"https:\/\/www.psib-psoe.org\/eivissa\/?s={search_term_string}"},"query-input":{"@type":"PropertyValueSpecification","valueRequired":true,"valueName":"search_term_string"}}],"inLanguage":"ca"},{"@type":"Organization","@id":"https:\/\/www.psib-psoe.org\/eivissa\/#organization","name":"Federaci\u00f3 Socialista d'Eivissa","url":"https:\/\/www.psib-psoe.org\/eivissa\/","logo":{"@type":"ImageObject","inLanguage":"ca","@id":"https:\/\/www.psib-psoe.org\/eivissa\/#\/schema\/logo\/image\/","url":"https:\/\/www.psib-psoe.org\/eivissa\/wp-content\/uploads\/LOGO-FSE-SOCIALISTA-DEIVISSA-HORI.png","contentUrl":"https:\/\/www.psib-psoe.org\/eivissa\/wp-content\/uploads\/LOGO-FSE-SOCIALISTA-DEIVISSA-HORI.png","width":6000,"height":3104,"caption":"Federaci\u00f3 Socialista d'Eivissa"},"image":{"@id":"https:\/\/www.psib-psoe.org\/eivissa\/#\/schema\/logo\/image\/"}},{"@type":"Person","@id":"https:\/\/www.psib-psoe.org\/eivissa\/#\/schema\/person\/7a9d2841fb36f32e34fc0e9b245e8117","name":"Josep Ripoll","sameAs":["http:\/\/www.psib-psoe.org\/eivissa\/wp-login.php"],"url":"https:\/\/www.psib-psoe.org\/eivissa\/author\/josep\/"}]}},"_links":{"self":[{"href":"https:\/\/www.psib-psoe.org\/eivissa\/wp-json\/wp\/v2\/posts\/14904","targetHints":{"allow":["GET"]}}],"collection":[{"href":"https:\/\/www.psib-psoe.org\/eivissa\/wp-json\/wp\/v2\/posts"}],"about":[{"href":"https:\/\/www.psib-psoe.org\/eivissa\/wp-json\/wp\/v2\/types\/post"}],"author":[{"embeddable":true,"href":"https:\/\/www.psib-psoe.org\/eivissa\/wp-json\/wp\/v2\/users\/7"}],"replies":[{"embeddable":true,"href":"https:\/\/www.psib-psoe.org\/eivissa\/wp-json\/wp\/v2\/comments?post=14904"}],"version-history":[{"count":1,"href":"https:\/\/www.psib-psoe.org\/eivissa\/wp-json\/wp\/v2\/posts\/14904\/revisions"}],"predecessor-version":[{"id":26582,"href":"https:\/\/www.psib-psoe.org\/eivissa\/wp-json\/wp\/v2\/posts\/14904\/revisions\/26582"}],"wp:featuredmedia":[{"embeddable":true,"href":"https:\/\/www.psib-psoe.org\/eivissa\/wp-json\/"}],"wp:attachment":[{"href":"https:\/\/www.psib-psoe.org\/eivissa\/wp-json\/wp\/v2\/media?parent=14904"}],"wp:term":[{"taxonomy":"category","embeddable":true,"href":"https:\/\/www.psib-psoe.org\/eivissa\/wp-json\/wp\/v2\/categories?post=14904"},{"taxonomy":"post_tag","embeddable":true,"href":"https:\/\/www.psib-psoe.org\/eivissa\/wp-json\/wp\/v2\/tags?post=14904"}],"curies":[{"name":"wp","href":"https:\/\/api.w.org\/{rel}","templated":true}]}}