{"id":14919,"date":"2020-01-11T12:30:51","date_gmt":"2020-01-11T12:30:51","guid":{"rendered":"https:\/\/www.psoeeivissa.es\/?p=14919&#038;lang=es"},"modified":"2020-04-14T14:08:30","modified_gmt":"2020-04-14T12:08:30","slug":"la-fse-psoe-exige-a-vicent-mari-un-reparto-justo-de-las-subvenciones-a-los-municipios-y-critica-que-castigue-a-la-ciudad-de-eivissa","status":"publish","type":"post","link":"https:\/\/www.psib-psoe.org\/eivissa\/la-fse-psoe-exige-a-vicent-mari-un-reparto-justo-de-las-subvenciones-a-los-municipios-y-critica-que-castigue-a-la-ciudad-de-eivissa\/","title":{"rendered":"La FSE-PSOE exige a Vicent Mar\u00ed un reparto justo de las subvenciones a los municipios y critica que castigue a la ciudad de Eivissa"},"content":{"rendered":"<p>La Federaci\u00f3n Socialista de Eivissa (FSE-PSOE) exige a Vicent Mar\u00ed un reparto &#8220;coherente y justo&#8221; de las subvenciones del Consell Insular para inversiones municipales. En una comparecencia que ha tenido lugar esta ma\u00f1ana, el presidente de la Comisi\u00f3n Gestora y alcalde de Sant Josep de sa Talaia, Josep Mar\u00ed Ribas, el alcalde de Eivissa, Rafa Ruiz, y el portavoz del PSOE en el Consell y anterior presidente, Vicent Torres, han denunciado el trato &#8220;exageradamente injusto&#8221; hacia la ciudad de Eivissa en la propuesta de reparto de las subvenciones para inversiones de cooperaci\u00f3n municipal.<\/p>\n<p>Josep Mar\u00ed Ribas explic\u00f3 que la propuesta presentada al Consell de Alcaldes para el reparto de la subvenci\u00f3n de 2.475.000 euros establece una media de 0,96 \u20ac por habitante en la ciudad de Eivissa, y de 82,21 \u20ac para Sant Joan, el otro extremo, al atender exclusivamente a criterios de extensi\u00f3n territorial. Adem\u00e1s, propone una compensaci\u00f3n de 400.000 euros a Sant Antoni y Santa Eul\u00e0ria para situarlos en la media de Sant Josep. Una propuesta que, como ha denunciado el PSOE, &#8220;castiga a los habitantes de Vila&#8221;.<\/p>\n<p>Josep Mar\u00ed Ribas ha exigido a Vicent Mar\u00ed que &#8220;repiense esta propuesta&#8221; y que establezca un criterio de distribuci\u00f3n &#8220;coherente y justo con la ciudadan\u00eda&#8221;. La FSE-PSOE considera que hay otras f\u00f3rmulas posibles y que &#8220;corresponde al Consell hacer una propuesta&#8221;.<\/p>\n<p>Mar\u00ed Ribas tambi\u00e9n ha puesto en duda la propuesta del Consell de subvencionar inversiones municipales para devolver a los ayuntamientos la cofinanciaci\u00f3n que les corresponde del servicio insular de Bomberos: &#8220;Nunca se hab\u00eda planteado que se tuviera que incorporar como PIOS el importe que nos costar\u00eda te\u00f3ricamente los Bomberos &#8220;, advirti\u00f3 el presidente de la FSE.<\/p>\n<p>Respecto a las inversiones de la Ley de Capitalidad, Mar\u00ed Ribas ha dejado claro que el PSOE exigir\u00e1 su cumplimiento sin que \u00e9ste interfiera en las asignaciones del plan de inversiones municipales. &#8220;No podemos aceptar de ninguna manera que se pongan los 1,5 millones de euros de la Ley de Capitalidad como PIOS&#8221;, advirti\u00f3 Mar\u00ed Ribas.<\/p>\n<p>El alcalde de Eivissa, Rafa Ruiz, ha mostrado su indignaci\u00f3n con la propuesta de Vicent Mar\u00ed, que ha calificado de &#8220;exageradamente injusta&#8221;. &#8220;Los presupuestos se tienen que hacer pensando en las personas&#8221;, ha insistido Rafa Ruiz, lamentando que se destine menos de un euro por habitante en la capital de la isla: &#8220;Le comuniqu\u00e9 -a Vicent Mar\u00ed, en el Consell de alcaldes- que ser\u00eda dif\u00edcil de explicar a la ciudadan\u00eda de Eivissa este reparto, y que su presidente es el mismo para todos&#8221;. El alcalde ha sido muy contundente a la hora de afirmar que &#8220;la Ley de Capitalidad se debe cumplir&#8221; y que &#8220;debe salir de este reparto&#8221;.<\/p>\n<p>Rafa Ruiz tambi\u00e9n ha puesto en duda el argumento del Consell de que la distribuci\u00f3n da respuesta a las necesidades por la extensi\u00f3n territorial de los municipios y a la dispersi\u00f3n de la poblaci\u00f3n: &#8220;El 80% de la inversi\u00f3n est\u00e1 destinada a los n\u00facleos urbanos, no en el caso de Sant Josep. Si realmente tienen una dificultad por la dispersi\u00f3n, la inversi\u00f3n tambi\u00e9n deber\u00eda ir dispersa en todo el municipio&#8221;.<\/p>\n<p>Finalmente, el alcalde de Eivissa tambi\u00e9n ha criticado el silencio del portavoz del PP en el ayuntamiento, Jos\u00e9 Vicente Mar\u00ed Bos\u00f3, quien no ha salido a defender a su municipio frente a la propuesta de reparto de los PIOS que margina a la capital la isla presentada por el Consell de Vicent Mar\u00ed.<\/p>\n<p><strong>Moci\u00f3n del PSOE en el Consell Insular<\/strong><br \/>\nEl portavoz del PSOE en el Consell y anterior presidente, Vicent Torres, record\u00f3 que &#8220;en los cuatro a\u00f1os anteriores siempre trabajamos para que todos los ayuntamientos de Eivissa se sintieran apoyados por el Consell Insular&#8221;. Ha afirmado que &#8220;nunca o\u00edmos ninguna queja, en todo momento se atendieron las necesidades de los municipios por igual, sin ninguna diferencia en funci\u00f3n del color pol\u00edtico del ayuntamiento. Por el contrario, vemos que el nuevo gobierno de derechas intenta utilizar el Consell de forma totalmente partidista&#8221;, ha denunciado.<\/p>\n<p>Vicent Torres ha criticado que &#8220;utilizan el Consell de Eivissa para hacer oposici\u00f3n al Gobierno Balear, para atacar a la presidenta Francina Armengol, y ahora vemos que tambi\u00e9n intentan ir en contra de los ayuntamientos de la isla que no son de su color pol\u00edtico&#8221;.<\/p>\n<p>Vicent Torres ha recordado que el presupuesto del Consell Insular para el 2020 s\u00f3lo prev\u00e9 2,5 millones por los ayuntamientos, a pesar de que han anunciado 7,4 millones de euros. &#8220;Que no intenten enga\u00f1ar, porque no es verdad que destinan m\u00e1s nunca&#8221;, dijo Torres.<\/p>\n<p>El grupo del PSOE presentar\u00e1 al pr\u00f3ximo Pleno del Consell una moci\u00f3n para pedir un reparto &#8220;justo&#8221; de las inversiones municipales: &#8220;La ciudadan\u00eda de Eivissa, de Santa Eul\u00e0ria, de Sant Josep, de Sant Antoni y de Sant Joan merece un Consell Insular que trabaje para todos por igual, y no que trabaje m\u00e1s por unos que por otros, en funci\u00f3n de si son de color azul o de color rojo&#8221;, concluy\u00f3 Vicent Torres.<\/p>\n","protected":false},"excerpt":{"rendered":"<p>La Federaci\u00f3n Socialista de Eivissa (FSE-PSOE) exige a Vicent Mar\u00ed un reparto &#8220;coherente y justo&#8221; de las subvenciones del Consell Insular para inversiones municipales. En una comparecencia que ha tenido lugar esta ma\u00f1ana, el presidente de la Comisi\u00f3n Gestora y alcalde de Sant Josep de sa Talaia, Josep Mar\u00ed Ribas, el alcalde de Eivissa, Rafa&hellip;<\/p>\n","protected":false},"author":7,"featured_media":14921,"comment_status":"closed","ping_status":"closed","sticky":false,"template":"","format":"standard","meta":{"footnotes":""},"categories":[212],"tags":[],"class_list":["post-14919","post","type-post","status-publish","format-standard","has-post-thumbnail","hentry","category-fse-psoe"],"yoast_head":"<!-- This site is optimized with the Yoast SEO plugin v26.9 - https:\/\/yoast.com\/product\/yoast-seo-wordpress\/ -->\n<title>La FSE-PSOE exige a Vicent Mar\u00ed un reparto justo de las subvenciones a los municipios y critica que castigue a la ciudad de Eivissa - Federaci\u00f3 Socialista d&#039;Eivissa<\/title>\n<meta name=\"robots\" content=\"index, follow, max-snippet:-1, max-image-preview:large, max-video-preview:-1\" \/>\n<link rel=\"canonical\" href=\"https:\/\/www.psib-psoe.org\/eivissa\/la-fse-psoe-exige-a-vicent-mari-un-reparto-justo-de-las-subvenciones-a-los-municipios-y-critica-que-castigue-a-la-ciudad-de-eivissa\/\" \/>\n<meta property=\"og:locale\" content=\"ca_ES\" \/>\n<meta property=\"og:type\" content=\"article\" \/>\n<meta property=\"og:title\" content=\"La FSE-PSOE exige a Vicent Mar\u00ed un reparto justo de las subvenciones a los municipios y critica que castigue a la ciudad de Eivissa - Federaci\u00f3 Socialista d&#039;Eivissa\" \/>\n<meta property=\"og:description\" content=\"La Federaci\u00f3n Socialista de Eivissa (FSE-PSOE) exige a Vicent Mar\u00ed un reparto &#8220;coherente y justo&#8221; de las subvenciones del Consell Insular para inversiones municipales. En una comparecencia que ha tenido lugar esta ma\u00f1ana, el presidente de la Comisi\u00f3n Gestora y alcalde de Sant Josep de sa Talaia, Josep Mar\u00ed Ribas, el alcalde de Eivissa, Rafa&hellip;\" \/>\n<meta property=\"og:url\" content=\"https:\/\/www.psib-psoe.org\/eivissa\/la-fse-psoe-exige-a-vicent-mari-un-reparto-justo-de-las-subvenciones-a-los-municipios-y-critica-que-castigue-a-la-ciudad-de-eivissa\/\" \/>\n<meta property=\"og:site_name\" content=\"Federaci\u00f3 Socialista d&#039;Eivissa\" \/>\n<meta property=\"article:published_time\" content=\"2020-01-11T12:30:51+00:00\" \/>\n<meta property=\"article:modified_time\" content=\"2020-04-14T12:08:30+00:00\" \/>\n<meta name=\"author\" content=\"Josep Ripoll\" \/>\n<meta name=\"twitter:card\" content=\"summary_large_image\" \/>\n<meta name=\"twitter:label1\" content=\"Escrit per\" \/>\n\t<meta name=\"twitter:data1\" content=\"Josep Ripoll\" \/>\n\t<meta name=\"twitter:label2\" content=\"Temps estimat de lectura\" \/>\n\t<meta name=\"twitter:data2\" content=\"4 minuts\" \/>\n<script type=\"application\/ld+json\" class=\"yoast-schema-graph\">{\"@context\":\"https:\/\/schema.org\",\"@graph\":[{\"@type\":[\"Article\",\"BlogPosting\"],\"@id\":\"https:\/\/www.psib-psoe.org\/eivissa\/la-fse-psoe-exige-a-vicent-mari-un-reparto-justo-de-las-subvenciones-a-los-municipios-y-critica-que-castigue-a-la-ciudad-de-eivissa\/#article\",\"isPartOf\":{\"@id\":\"https:\/\/www.psib-psoe.org\/eivissa\/la-fse-psoe-exige-a-vicent-mari-un-reparto-justo-de-las-subvenciones-a-los-municipios-y-critica-que-castigue-a-la-ciudad-de-eivissa\/\"},\"author\":{\"name\":\"Josep Ripoll\",\"@id\":\"https:\/\/www.psib-psoe.org\/eivissa\/#\/schema\/person\/7a9d2841fb36f32e34fc0e9b245e8117\"},\"headline\":\"La FSE-PSOE exige a Vicent Mar\u00ed un reparto justo de las subvenciones a los municipios y critica que castigue a la ciudad de Eivissa\",\"datePublished\":\"2020-01-11T12:30:51+00:00\",\"dateModified\":\"2020-04-14T12:08:30+00:00\",\"mainEntityOfPage\":{\"@id\":\"https:\/\/www.psib-psoe.org\/eivissa\/la-fse-psoe-exige-a-vicent-mari-un-reparto-justo-de-las-subvenciones-a-los-municipios-y-critica-que-castigue-a-la-ciudad-de-eivissa\/\"},\"wordCount\":880,\"publisher\":{\"@id\":\"https:\/\/www.psib-psoe.org\/eivissa\/#organization\"},\"image\":{\"@id\":\"https:\/\/www.psib-psoe.org\/eivissa\/la-fse-psoe-exige-a-vicent-mari-un-reparto-justo-de-las-subvenciones-a-los-municipios-y-critica-que-castigue-a-la-ciudad-de-eivissa\/#primaryimage\"},\"thumbnailUrl\":\"\",\"articleSection\":[\"FSE-PSOE\"],\"inLanguage\":\"ca\"},{\"@type\":\"WebPage\",\"@id\":\"https:\/\/www.psib-psoe.org\/eivissa\/la-fse-psoe-exige-a-vicent-mari-un-reparto-justo-de-las-subvenciones-a-los-municipios-y-critica-que-castigue-a-la-ciudad-de-eivissa\/\",\"url\":\"https:\/\/www.psib-psoe.org\/eivissa\/la-fse-psoe-exige-a-vicent-mari-un-reparto-justo-de-las-subvenciones-a-los-municipios-y-critica-que-castigue-a-la-ciudad-de-eivissa\/\",\"name\":\"La FSE-PSOE exige a Vicent Mar\u00ed un reparto justo de las subvenciones a los municipios y critica que castigue a la ciudad de Eivissa - Federaci\u00f3 Socialista d&#039;Eivissa\",\"isPartOf\":{\"@id\":\"https:\/\/www.psib-psoe.org\/eivissa\/#website\"},\"primaryImageOfPage\":{\"@id\":\"https:\/\/www.psib-psoe.org\/eivissa\/la-fse-psoe-exige-a-vicent-mari-un-reparto-justo-de-las-subvenciones-a-los-municipios-y-critica-que-castigue-a-la-ciudad-de-eivissa\/#primaryimage\"},\"image\":{\"@id\":\"https:\/\/www.psib-psoe.org\/eivissa\/la-fse-psoe-exige-a-vicent-mari-un-reparto-justo-de-las-subvenciones-a-los-municipios-y-critica-que-castigue-a-la-ciudad-de-eivissa\/#primaryimage\"},\"thumbnailUrl\":\"\",\"datePublished\":\"2020-01-11T12:30:51+00:00\",\"dateModified\":\"2020-04-14T12:08:30+00:00\",\"breadcrumb\":{\"@id\":\"https:\/\/www.psib-psoe.org\/eivissa\/la-fse-psoe-exige-a-vicent-mari-un-reparto-justo-de-las-subvenciones-a-los-municipios-y-critica-que-castigue-a-la-ciudad-de-eivissa\/#breadcrumb\"},\"inLanguage\":\"ca\",\"potentialAction\":[{\"@type\":\"ReadAction\",\"target\":[\"https:\/\/www.psib-psoe.org\/eivissa\/la-fse-psoe-exige-a-vicent-mari-un-reparto-justo-de-las-subvenciones-a-los-municipios-y-critica-que-castigue-a-la-ciudad-de-eivissa\/\"]}]},{\"@type\":\"ImageObject\",\"inLanguage\":\"ca\",\"@id\":\"https:\/\/www.psib-psoe.org\/eivissa\/la-fse-psoe-exige-a-vicent-mari-un-reparto-justo-de-las-subvenciones-a-los-municipios-y-critica-que-castigue-a-la-ciudad-de-eivissa\/#primaryimage\",\"url\":\"\",\"contentUrl\":\"\"},{\"@type\":\"BreadcrumbList\",\"@id\":\"https:\/\/www.psib-psoe.org\/eivissa\/la-fse-psoe-exige-a-vicent-mari-un-reparto-justo-de-las-subvenciones-a-los-municipios-y-critica-que-castigue-a-la-ciudad-de-eivissa\/#breadcrumb\",\"itemListElement\":[{\"@type\":\"ListItem\",\"position\":1,\"name\":\"Inici\",\"item\":\"https:\/\/www.psib-psoe.org\/eivissa\/\"},{\"@type\":\"ListItem\",\"position\":2,\"name\":\"La FSE-PSOE exige a Vicent Mar\u00ed un reparto justo de las subvenciones a los municipios y critica que castigue a la ciudad de Eivissa\"}]},{\"@type\":\"WebSite\",\"@id\":\"https:\/\/www.psib-psoe.org\/eivissa\/#website\",\"url\":\"https:\/\/www.psib-psoe.org\/eivissa\/\",\"name\":\"Federaci\u00f3 Socialista d'Eivissa\",\"description\":\"Socialistes d&#039;Eivissa\",\"publisher\":{\"@id\":\"https:\/\/www.psib-psoe.org\/eivissa\/#organization\"},\"potentialAction\":[{\"@type\":\"SearchAction\",\"target\":{\"@type\":\"EntryPoint\",\"urlTemplate\":\"https:\/\/www.psib-psoe.org\/eivissa\/?s={search_term_string}\"},\"query-input\":{\"@type\":\"PropertyValueSpecification\",\"valueRequired\":true,\"valueName\":\"search_term_string\"}}],\"inLanguage\":\"ca\"},{\"@type\":\"Organization\",\"@id\":\"https:\/\/www.psib-psoe.org\/eivissa\/#organization\",\"name\":\"Federaci\u00f3 Socialista d'Eivissa\",\"url\":\"https:\/\/www.psib-psoe.org\/eivissa\/\",\"logo\":{\"@type\":\"ImageObject\",\"inLanguage\":\"ca\",\"@id\":\"https:\/\/www.psib-psoe.org\/eivissa\/#\/schema\/logo\/image\/\",\"url\":\"https:\/\/www.psib-psoe.org\/eivissa\/wp-content\/uploads\/LOGO-FSE-SOCIALISTA-DEIVISSA-HORI.png\",\"contentUrl\":\"https:\/\/www.psib-psoe.org\/eivissa\/wp-content\/uploads\/LOGO-FSE-SOCIALISTA-DEIVISSA-HORI.png\",\"width\":6000,\"height\":3104,\"caption\":\"Federaci\u00f3 Socialista d'Eivissa\"},\"image\":{\"@id\":\"https:\/\/www.psib-psoe.org\/eivissa\/#\/schema\/logo\/image\/\"}},{\"@type\":\"Person\",\"@id\":\"https:\/\/www.psib-psoe.org\/eivissa\/#\/schema\/person\/7a9d2841fb36f32e34fc0e9b245e8117\",\"name\":\"Josep Ripoll\",\"sameAs\":[\"http:\/\/www.psib-psoe.org\/eivissa\/wp-login.php\"],\"url\":\"https:\/\/www.psib-psoe.org\/eivissa\/author\/josep\/\"}]}<\/script>\n<!-- \/ Yoast SEO plugin. -->","yoast_head_json":{"title":"La FSE-PSOE exige a Vicent Mar\u00ed un reparto justo de las subvenciones a los municipios y critica que castigue a la ciudad de Eivissa - Federaci\u00f3 Socialista d&#039;Eivissa","robots":{"index":"index","follow":"follow","max-snippet":"max-snippet:-1","max-image-preview":"max-image-preview:large","max-video-preview":"max-video-preview:-1"},"canonical":"https:\/\/www.psib-psoe.org\/eivissa\/la-fse-psoe-exige-a-vicent-mari-un-reparto-justo-de-las-subvenciones-a-los-municipios-y-critica-que-castigue-a-la-ciudad-de-eivissa\/","og_locale":"ca_ES","og_type":"article","og_title":"La FSE-PSOE exige a Vicent Mar\u00ed un reparto justo de las subvenciones a los municipios y critica que castigue a la ciudad de Eivissa - Federaci\u00f3 Socialista d&#039;Eivissa","og_description":"La Federaci\u00f3n Socialista de Eivissa (FSE-PSOE) exige a Vicent Mar\u00ed un reparto &#8220;coherente y justo&#8221; de las subvenciones del Consell Insular para inversiones municipales. En una comparecencia que ha tenido lugar esta ma\u00f1ana, el presidente de la Comisi\u00f3n Gestora y alcalde de Sant Josep de sa Talaia, Josep Mar\u00ed Ribas, el alcalde de Eivissa, Rafa&hellip;","og_url":"https:\/\/www.psib-psoe.org\/eivissa\/la-fse-psoe-exige-a-vicent-mari-un-reparto-justo-de-las-subvenciones-a-los-municipios-y-critica-que-castigue-a-la-ciudad-de-eivissa\/","og_site_name":"Federaci\u00f3 Socialista d&#039;Eivissa","article_published_time":"2020-01-11T12:30:51+00:00","article_modified_time":"2020-04-14T12:08:30+00:00","author":"Josep Ripoll","twitter_card":"summary_large_image","twitter_misc":{"Escrit per":"Josep Ripoll","Temps estimat de lectura":"4 minuts"},"schema":{"@context":"https:\/\/schema.org","@graph":[{"@type":["Article","BlogPosting"],"@id":"https:\/\/www.psib-psoe.org\/eivissa\/la-fse-psoe-exige-a-vicent-mari-un-reparto-justo-de-las-subvenciones-a-los-municipios-y-critica-que-castigue-a-la-ciudad-de-eivissa\/#article","isPartOf":{"@id":"https:\/\/www.psib-psoe.org\/eivissa\/la-fse-psoe-exige-a-vicent-mari-un-reparto-justo-de-las-subvenciones-a-los-municipios-y-critica-que-castigue-a-la-ciudad-de-eivissa\/"},"author":{"name":"Josep Ripoll","@id":"https:\/\/www.psib-psoe.org\/eivissa\/#\/schema\/person\/7a9d2841fb36f32e34fc0e9b245e8117"},"headline":"La FSE-PSOE exige a Vicent Mar\u00ed un reparto justo de las subvenciones a los municipios y critica que castigue a la ciudad de Eivissa","datePublished":"2020-01-11T12:30:51+00:00","dateModified":"2020-04-14T12:08:30+00:00","mainEntityOfPage":{"@id":"https:\/\/www.psib-psoe.org\/eivissa\/la-fse-psoe-exige-a-vicent-mari-un-reparto-justo-de-las-subvenciones-a-los-municipios-y-critica-que-castigue-a-la-ciudad-de-eivissa\/"},"wordCount":880,"publisher":{"@id":"https:\/\/www.psib-psoe.org\/eivissa\/#organization"},"image":{"@id":"https:\/\/www.psib-psoe.org\/eivissa\/la-fse-psoe-exige-a-vicent-mari-un-reparto-justo-de-las-subvenciones-a-los-municipios-y-critica-que-castigue-a-la-ciudad-de-eivissa\/#primaryimage"},"thumbnailUrl":"","articleSection":["FSE-PSOE"],"inLanguage":"ca"},{"@type":"WebPage","@id":"https:\/\/www.psib-psoe.org\/eivissa\/la-fse-psoe-exige-a-vicent-mari-un-reparto-justo-de-las-subvenciones-a-los-municipios-y-critica-que-castigue-a-la-ciudad-de-eivissa\/","url":"https:\/\/www.psib-psoe.org\/eivissa\/la-fse-psoe-exige-a-vicent-mari-un-reparto-justo-de-las-subvenciones-a-los-municipios-y-critica-que-castigue-a-la-ciudad-de-eivissa\/","name":"La FSE-PSOE exige a Vicent Mar\u00ed un reparto justo de las subvenciones a los municipios y critica que castigue a la ciudad de Eivissa - Federaci\u00f3 Socialista d&#039;Eivissa","isPartOf":{"@id":"https:\/\/www.psib-psoe.org\/eivissa\/#website"},"primaryImageOfPage":{"@id":"https:\/\/www.psib-psoe.org\/eivissa\/la-fse-psoe-exige-a-vicent-mari-un-reparto-justo-de-las-subvenciones-a-los-municipios-y-critica-que-castigue-a-la-ciudad-de-eivissa\/#primaryimage"},"image":{"@id":"https:\/\/www.psib-psoe.org\/eivissa\/la-fse-psoe-exige-a-vicent-mari-un-reparto-justo-de-las-subvenciones-a-los-municipios-y-critica-que-castigue-a-la-ciudad-de-eivissa\/#primaryimage"},"thumbnailUrl":"","datePublished":"2020-01-11T12:30:51+00:00","dateModified":"2020-04-14T12:08:30+00:00","breadcrumb":{"@id":"https:\/\/www.psib-psoe.org\/eivissa\/la-fse-psoe-exige-a-vicent-mari-un-reparto-justo-de-las-subvenciones-a-los-municipios-y-critica-que-castigue-a-la-ciudad-de-eivissa\/#breadcrumb"},"inLanguage":"ca","potentialAction":[{"@type":"ReadAction","target":["https:\/\/www.psib-psoe.org\/eivissa\/la-fse-psoe-exige-a-vicent-mari-un-reparto-justo-de-las-subvenciones-a-los-municipios-y-critica-que-castigue-a-la-ciudad-de-eivissa\/"]}]},{"@type":"ImageObject","inLanguage":"ca","@id":"https:\/\/www.psib-psoe.org\/eivissa\/la-fse-psoe-exige-a-vicent-mari-un-reparto-justo-de-las-subvenciones-a-los-municipios-y-critica-que-castigue-a-la-ciudad-de-eivissa\/#primaryimage","url":"","contentUrl":""},{"@type":"BreadcrumbList","@id":"https:\/\/www.psib-psoe.org\/eivissa\/la-fse-psoe-exige-a-vicent-mari-un-reparto-justo-de-las-subvenciones-a-los-municipios-y-critica-que-castigue-a-la-ciudad-de-eivissa\/#breadcrumb","itemListElement":[{"@type":"ListItem","position":1,"name":"Inici","item":"https:\/\/www.psib-psoe.org\/eivissa\/"},{"@type":"ListItem","position":2,"name":"La FSE-PSOE exige a Vicent Mar\u00ed un reparto justo de las subvenciones a los municipios y critica que castigue a la ciudad de Eivissa"}]},{"@type":"WebSite","@id":"https:\/\/www.psib-psoe.org\/eivissa\/#website","url":"https:\/\/www.psib-psoe.org\/eivissa\/","name":"Federaci\u00f3 Socialista d'Eivissa","description":"Socialistes d&#039;Eivissa","publisher":{"@id":"https:\/\/www.psib-psoe.org\/eivissa\/#organization"},"potentialAction":[{"@type":"SearchAction","target":{"@type":"EntryPoint","urlTemplate":"https:\/\/www.psib-psoe.org\/eivissa\/?s={search_term_string}"},"query-input":{"@type":"PropertyValueSpecification","valueRequired":true,"valueName":"search_term_string"}}],"inLanguage":"ca"},{"@type":"Organization","@id":"https:\/\/www.psib-psoe.org\/eivissa\/#organization","name":"Federaci\u00f3 Socialista d'Eivissa","url":"https:\/\/www.psib-psoe.org\/eivissa\/","logo":{"@type":"ImageObject","inLanguage":"ca","@id":"https:\/\/www.psib-psoe.org\/eivissa\/#\/schema\/logo\/image\/","url":"https:\/\/www.psib-psoe.org\/eivissa\/wp-content\/uploads\/LOGO-FSE-SOCIALISTA-DEIVISSA-HORI.png","contentUrl":"https:\/\/www.psib-psoe.org\/eivissa\/wp-content\/uploads\/LOGO-FSE-SOCIALISTA-DEIVISSA-HORI.png","width":6000,"height":3104,"caption":"Federaci\u00f3 Socialista d'Eivissa"},"image":{"@id":"https:\/\/www.psib-psoe.org\/eivissa\/#\/schema\/logo\/image\/"}},{"@type":"Person","@id":"https:\/\/www.psib-psoe.org\/eivissa\/#\/schema\/person\/7a9d2841fb36f32e34fc0e9b245e8117","name":"Josep Ripoll","sameAs":["http:\/\/www.psib-psoe.org\/eivissa\/wp-login.php"],"url":"https:\/\/www.psib-psoe.org\/eivissa\/author\/josep\/"}]}},"_links":{"self":[{"href":"https:\/\/www.psib-psoe.org\/eivissa\/wp-json\/wp\/v2\/posts\/14919","targetHints":{"allow":["GET"]}}],"collection":[{"href":"https:\/\/www.psib-psoe.org\/eivissa\/wp-json\/wp\/v2\/posts"}],"about":[{"href":"https:\/\/www.psib-psoe.org\/eivissa\/wp-json\/wp\/v2\/types\/post"}],"author":[{"embeddable":true,"href":"https:\/\/www.psib-psoe.org\/eivissa\/wp-json\/wp\/v2\/users\/7"}],"replies":[{"embeddable":true,"href":"https:\/\/www.psib-psoe.org\/eivissa\/wp-json\/wp\/v2\/comments?post=14919"}],"version-history":[{"count":1,"href":"https:\/\/www.psib-psoe.org\/eivissa\/wp-json\/wp\/v2\/posts\/14919\/revisions"}],"predecessor-version":[{"id":26580,"href":"https:\/\/www.psib-psoe.org\/eivissa\/wp-json\/wp\/v2\/posts\/14919\/revisions\/26580"}],"wp:featuredmedia":[{"embeddable":true,"href":"https:\/\/www.psib-psoe.org\/eivissa\/wp-json\/"}],"wp:attachment":[{"href":"https:\/\/www.psib-psoe.org\/eivissa\/wp-json\/wp\/v2\/media?parent=14919"}],"wp:term":[{"taxonomy":"category","embeddable":true,"href":"https:\/\/www.psib-psoe.org\/eivissa\/wp-json\/wp\/v2\/categories?post=14919"},{"taxonomy":"post_tag","embeddable":true,"href":"https:\/\/www.psib-psoe.org\/eivissa\/wp-json\/wp\/v2\/tags?post=14919"}],"curies":[{"name":"wp","href":"https:\/\/api.w.org\/{rel}","templated":true}]}}