{"id":14957,"date":"2020-01-26T09:30:30","date_gmt":"2020-01-26T09:30:30","guid":{"rendered":"https:\/\/www.psoeeivissa.es\/?p=14957&#038;lang=es"},"modified":"2020-04-10T19:46:29","modified_gmt":"2020-04-10T17:46:29","slug":"la-fse-psoe-inicia-nueva-etapa-con-josep-mari-ribas-como-secretario-general-en-favor-una-eivissa-de-oportunidades","status":"publish","type":"post","link":"https:\/\/www.psib-psoe.org\/eivissa\/la-fse-psoe-inicia-nueva-etapa-con-josep-mari-ribas-como-secretario-general-en-favor-una-eivissa-de-oportunidades\/","title":{"rendered":"El 4\u00ba Congreso de la FSE-PSOE escoge nueva Comisi\u00f3n Ejecutiva, con Josep Mar\u00ed Ribas como secretario general"},"content":{"rendered":"<p>La Federaci\u00f3n Socialista de Eivissa (FSE-PSOE) ha iniciado una nueva etapa con Josep Mar\u00ed Ribas como secretario general en favor de &#8220;una Eivissa de oportunidades para el conjunto de la ciudadan\u00eda&#8221;. El 4\u00ba Congreso de la FSE-PSOE, celebrado en el Recinto Ferial, ha elegido nueva Comisi\u00f3n Ejecutiva, los representantes de la FSE en el Consell Pol\u00edtic del PSIB-PSOE y ha aprobado la ponencia pol\u00edtica.<\/p>\n<p>Josep Mar\u00ed Ribas afirm\u00f3 que la FSE-PSOE &#8220;abre una nueva etapa con compromisos claros, con ideas claras, y con personas comprometidas. Con personas j\u00f3venes, preparadas y con mucha ilusi\u00f3n, y personas que creo que podemos aportar experiencia, compromiso y la m\u00e1xima motivaci\u00f3n&#8221;.<\/p>\n<p>El congreso, presidido por la diputada Sof\u00eda Hernanz, ha contado con la asistencia de la presidenta de Illes Balears y secretaria general del PSIB-PSOE, Francina Armengol, quien ha hecho el discurso de clausura, y del secretario ejecutivo de Coordinaci\u00f3n Territorial del PSOE, Santos Cerd\u00e1n, quien ha sido el encargado de la intervenci\u00f3n inaugural.<\/p>\n<p>El 4\u00ba Congreso ha elegido la nueva Comisi\u00f3n Ejecutiva, que queda conformada por las siguientes personas adem\u00e1s del secretario general: Joan Mar\u00ed, presidente; Irantzu Fern\u00e1ndez, secretaria de Organizaci\u00f3n; Elena L\u00f3pez, secretaria de Pol\u00edtica Municipal y Formaci\u00f3n; Azahara Pe\u00f1a, secretaria de Acci\u00f3n Electoral y Relaciones con las Agrupaciones; Beatriz Fern\u00e1ndez, secretaria de Participaci\u00f3n Ciudadana; V\u00edctor Torres, secretario de Comunicaci\u00f3n y Relaciones Institucionales; \u00c1ngel Luis Guerrero, secretario de Territorio y Medio Ambiente; Milena Herrera, secretaria de Igualdad y Movimientos Sociales; y Carmen Roig, secretaria de Acci\u00f3n Social.<\/p>\n<p>Tambi\u00e9n se ha elegido a los representantes de la FSE en el Consell Pol\u00edtic del PSIB-PSOE: Joan Mar\u00ed, Mari Carmen Vidal, Jos\u00e9 Mar\u00eda Costa, Irantzu Fern\u00e1ndez y Pep Torres.<\/p>\n<p>Respecto a la ponencia pol\u00edtica, el congreso finaliza con tres ejes fundamentales, como ha destacado Mar\u00ed Ribas en su discurso. El primero es la &#8220;defensa de la educaci\u00f3n p\u00fablica, de la sanidad p\u00fablica, y de los servicios y derechos sociales&#8221;, para hacer frente a una etapa con &#8220;los peores ataques ideol\u00f3gicos contra los fundamentos de la igualdad y de los derechos de las personas&#8221;.<\/p>\n<p>Un segundo eje es &#8220;una econom\u00eda y un turismo de calidad en favor del bienestar de la ciudadan\u00eda&#8221;, para &#8220;seguir mejorando las condiciones laborales y los salarios de los trabajadores y de las trabajadoras&#8221; y para &#8220;poner soluciones a un problema grav\u00edsimo que tenemos en nuestra isla, como es el acceso a la vivienda&#8221;.<\/p>\n<p>Finalmente, Mar\u00ed Ribas destac\u00f3 el eje de la sostenibilidad: &#8220;Seguiremos apostando por un modelo territorial de sostenibilidad y de protecci\u00f3n para nuestra isla&#8221;, afirm\u00f3 el secretario general.<\/p>\n<p>La ponencia pol\u00edtica incluye acuerdos como estudiar la implantaci\u00f3n del transporte p\u00fablico gratuito para el conjunto de la isla y la reclamaci\u00f3n de un diputado auton\u00f3mico m\u00e1s para Eivissa, para tener los mismos 13 representantes en el Parlament balear que tiene la isla de Menorca. Tambi\u00e9n se han aprobado compromisos pol\u00edticos como el impulso a la construcci\u00f3n de viviendas p\u00fablicas en r\u00e9gimen de alquiler para j\u00f3venes, familias y mayores, la creaci\u00f3n de un Consejo de participaci\u00f3n y un servicio de atenci\u00f3n integral LGTBI, un servicio de atenci\u00f3n a los mayores en su domicilio, impulso a las actividades relacionadas con la ciencia y acciones para acercarla a los centros escolares, red de carriles bici para unir n\u00facleos urbanos de forma sostenible y segura, protecci\u00f3n de la posidonia y conseguir unas playas sostenibles en toda la isla o promover autoconsumo de energ\u00eda.<\/p>\n<p>El congreso lo ha cerrado la secretaria general del PSIB-PSOE, Francina Armengol, quien ha destacado la figura de Mar\u00ed Ribas como persona con &#8220;una gran experiencia, que entiende perfectamente lo que es hacer pol\u00edtica en Eivissa y que se preocupa intensamente por servir a la gente&#8221;. La FSE abre &#8220;una nueva etapa brillante e ilusionante&#8221; con &#8220;gente que se entregar\u00e1 para hacer que llegue en 2023 en condiciones de gobernar, no s\u00f3lo en Vila y Sant Josep, sino tambi\u00e9n a Sant Joan, en Santa Eul\u00e0ria, a Sant Antoni y en el Consell&#8221;, afirm\u00f3 Francina Armengol.<\/p>\n<p>En el discurso inaugural del 4\u00ba Congreso de la FSE, Santos Cerd\u00e1n hab\u00eda alertado que &#8220;tenemos que hacer frente a las derechas&#8221;, que &#8220;ahora se inventan problemas como el pin parental&#8221;. Como record\u00f3 el secretario de Coordinaci\u00f3n Territorial del PSOE, &#8220;ahora, como en 1999 en Eivissa, la derecha utiliza la falsedad, la mentira y la amenaza&#8221;, y ha hecho un llamamiento a hacerle frente desde el PSOE.<\/p>\n","protected":false},"excerpt":{"rendered":"<p>La Federaci\u00f3n Socialista de Eivissa (FSE-PSOE) ha iniciado una nueva etapa con Josep Mar\u00ed Ribas como secretario general en favor de &#8220;una Eivissa de oportunidades para el conjunto de la ciudadan\u00eda&#8221;. El 4\u00ba Congreso de la FSE-PSOE, celebrado en el Recinto Ferial, ha elegido nueva Comisi\u00f3n Ejecutiva, los representantes de la FSE en el Consell&hellip;<\/p>\n","protected":false},"author":7,"featured_media":14955,"comment_status":"closed","ping_status":"closed","sticky":false,"template":"","format":"standard","meta":{"footnotes":""},"categories":[212],"tags":[],"class_list":["post-14957","post","type-post","status-publish","format-standard","has-post-thumbnail","hentry","category-fse-psoe"],"yoast_head":"<!-- This site is optimized with the Yoast SEO plugin v26.9 - https:\/\/yoast.com\/product\/yoast-seo-wordpress\/ -->\n<title>El 4\u00ba Congreso de la FSE-PSOE escoge nueva Comisi\u00f3n Ejecutiva, con Josep Mar\u00ed Ribas como secretario general - Federaci\u00f3 Socialista d&#039;Eivissa<\/title>\n<meta name=\"robots\" content=\"index, follow, max-snippet:-1, max-image-preview:large, max-video-preview:-1\" \/>\n<link rel=\"canonical\" href=\"https:\/\/www.psib-psoe.org\/eivissa\/la-fse-psoe-inicia-nueva-etapa-con-josep-mari-ribas-como-secretario-general-en-favor-una-eivissa-de-oportunidades\/\" \/>\n<meta property=\"og:locale\" content=\"ca_ES\" \/>\n<meta property=\"og:type\" content=\"article\" \/>\n<meta property=\"og:title\" content=\"El 4\u00ba Congreso de la FSE-PSOE escoge nueva Comisi\u00f3n Ejecutiva, con Josep Mar\u00ed Ribas como secretario general - Federaci\u00f3 Socialista d&#039;Eivissa\" \/>\n<meta property=\"og:description\" content=\"La Federaci\u00f3n Socialista de Eivissa (FSE-PSOE) ha iniciado una nueva etapa con Josep Mar\u00ed Ribas como secretario general en favor de &#8220;una Eivissa de oportunidades para el conjunto de la ciudadan\u00eda&#8221;. El 4\u00ba Congreso de la FSE-PSOE, celebrado en el Recinto Ferial, ha elegido nueva Comisi\u00f3n Ejecutiva, los representantes de la FSE en el Consell&hellip;\" \/>\n<meta property=\"og:url\" content=\"https:\/\/www.psib-psoe.org\/eivissa\/la-fse-psoe-inicia-nueva-etapa-con-josep-mari-ribas-como-secretario-general-en-favor-una-eivissa-de-oportunidades\/\" \/>\n<meta property=\"og:site_name\" content=\"Federaci\u00f3 Socialista d&#039;Eivissa\" \/>\n<meta property=\"article:published_time\" content=\"2020-01-26T09:30:30+00:00\" \/>\n<meta property=\"article:modified_time\" content=\"2020-04-10T17:46:29+00:00\" \/>\n<meta name=\"author\" content=\"Josep Ripoll\" \/>\n<meta name=\"twitter:card\" content=\"summary_large_image\" \/>\n<meta name=\"twitter:label1\" content=\"Escrit per\" \/>\n\t<meta name=\"twitter:data1\" content=\"Josep Ripoll\" \/>\n\t<meta name=\"twitter:label2\" content=\"Temps estimat de lectura\" \/>\n\t<meta name=\"twitter:data2\" content=\"4 minuts\" \/>\n<script type=\"application\/ld+json\" class=\"yoast-schema-graph\">{\"@context\":\"https:\/\/schema.org\",\"@graph\":[{\"@type\":[\"Article\",\"BlogPosting\"],\"@id\":\"https:\/\/www.psib-psoe.org\/eivissa\/la-fse-psoe-inicia-nueva-etapa-con-josep-mari-ribas-como-secretario-general-en-favor-una-eivissa-de-oportunidades\/#article\",\"isPartOf\":{\"@id\":\"https:\/\/www.psib-psoe.org\/eivissa\/la-fse-psoe-inicia-nueva-etapa-con-josep-mari-ribas-como-secretario-general-en-favor-una-eivissa-de-oportunidades\/\"},\"author\":{\"name\":\"Josep Ripoll\",\"@id\":\"https:\/\/www.psib-psoe.org\/eivissa\/#\/schema\/person\/7a9d2841fb36f32e34fc0e9b245e8117\"},\"headline\":\"El 4\u00ba Congreso de la FSE-PSOE escoge nueva Comisi\u00f3n Ejecutiva, con Josep Mar\u00ed Ribas como secretario general\",\"datePublished\":\"2020-01-26T09:30:30+00:00\",\"dateModified\":\"2020-04-10T17:46:29+00:00\",\"mainEntityOfPage\":{\"@id\":\"https:\/\/www.psib-psoe.org\/eivissa\/la-fse-psoe-inicia-nueva-etapa-con-josep-mari-ribas-como-secretario-general-en-favor-una-eivissa-de-oportunidades\/\"},\"wordCount\":797,\"publisher\":{\"@id\":\"https:\/\/www.psib-psoe.org\/eivissa\/#organization\"},\"image\":{\"@id\":\"https:\/\/www.psib-psoe.org\/eivissa\/la-fse-psoe-inicia-nueva-etapa-con-josep-mari-ribas-como-secretario-general-en-favor-una-eivissa-de-oportunidades\/#primaryimage\"},\"thumbnailUrl\":\"\",\"articleSection\":[\"FSE-PSOE\"],\"inLanguage\":\"ca\"},{\"@type\":\"WebPage\",\"@id\":\"https:\/\/www.psib-psoe.org\/eivissa\/la-fse-psoe-inicia-nueva-etapa-con-josep-mari-ribas-como-secretario-general-en-favor-una-eivissa-de-oportunidades\/\",\"url\":\"https:\/\/www.psib-psoe.org\/eivissa\/la-fse-psoe-inicia-nueva-etapa-con-josep-mari-ribas-como-secretario-general-en-favor-una-eivissa-de-oportunidades\/\",\"name\":\"El 4\u00ba Congreso de la FSE-PSOE escoge nueva Comisi\u00f3n Ejecutiva, con Josep Mar\u00ed Ribas como secretario general - Federaci\u00f3 Socialista d&#039;Eivissa\",\"isPartOf\":{\"@id\":\"https:\/\/www.psib-psoe.org\/eivissa\/#website\"},\"primaryImageOfPage\":{\"@id\":\"https:\/\/www.psib-psoe.org\/eivissa\/la-fse-psoe-inicia-nueva-etapa-con-josep-mari-ribas-como-secretario-general-en-favor-una-eivissa-de-oportunidades\/#primaryimage\"},\"image\":{\"@id\":\"https:\/\/www.psib-psoe.org\/eivissa\/la-fse-psoe-inicia-nueva-etapa-con-josep-mari-ribas-como-secretario-general-en-favor-una-eivissa-de-oportunidades\/#primaryimage\"},\"thumbnailUrl\":\"\",\"datePublished\":\"2020-01-26T09:30:30+00:00\",\"dateModified\":\"2020-04-10T17:46:29+00:00\",\"breadcrumb\":{\"@id\":\"https:\/\/www.psib-psoe.org\/eivissa\/la-fse-psoe-inicia-nueva-etapa-con-josep-mari-ribas-como-secretario-general-en-favor-una-eivissa-de-oportunidades\/#breadcrumb\"},\"inLanguage\":\"ca\",\"potentialAction\":[{\"@type\":\"ReadAction\",\"target\":[\"https:\/\/www.psib-psoe.org\/eivissa\/la-fse-psoe-inicia-nueva-etapa-con-josep-mari-ribas-como-secretario-general-en-favor-una-eivissa-de-oportunidades\/\"]}]},{\"@type\":\"ImageObject\",\"inLanguage\":\"ca\",\"@id\":\"https:\/\/www.psib-psoe.org\/eivissa\/la-fse-psoe-inicia-nueva-etapa-con-josep-mari-ribas-como-secretario-general-en-favor-una-eivissa-de-oportunidades\/#primaryimage\",\"url\":\"\",\"contentUrl\":\"\"},{\"@type\":\"BreadcrumbList\",\"@id\":\"https:\/\/www.psib-psoe.org\/eivissa\/la-fse-psoe-inicia-nueva-etapa-con-josep-mari-ribas-como-secretario-general-en-favor-una-eivissa-de-oportunidades\/#breadcrumb\",\"itemListElement\":[{\"@type\":\"ListItem\",\"position\":1,\"name\":\"Inici\",\"item\":\"https:\/\/www.psib-psoe.org\/eivissa\/\"},{\"@type\":\"ListItem\",\"position\":2,\"name\":\"El 4\u00ba Congreso de la FSE-PSOE escoge nueva Comisi\u00f3n Ejecutiva, con Josep Mar\u00ed Ribas como secretario general\"}]},{\"@type\":\"WebSite\",\"@id\":\"https:\/\/www.psib-psoe.org\/eivissa\/#website\",\"url\":\"https:\/\/www.psib-psoe.org\/eivissa\/\",\"name\":\"Federaci\u00f3 Socialista d'Eivissa\",\"description\":\"Socialistes d&#039;Eivissa\",\"publisher\":{\"@id\":\"https:\/\/www.psib-psoe.org\/eivissa\/#organization\"},\"potentialAction\":[{\"@type\":\"SearchAction\",\"target\":{\"@type\":\"EntryPoint\",\"urlTemplate\":\"https:\/\/www.psib-psoe.org\/eivissa\/?s={search_term_string}\"},\"query-input\":{\"@type\":\"PropertyValueSpecification\",\"valueRequired\":true,\"valueName\":\"search_term_string\"}}],\"inLanguage\":\"ca\"},{\"@type\":\"Organization\",\"@id\":\"https:\/\/www.psib-psoe.org\/eivissa\/#organization\",\"name\":\"Federaci\u00f3 Socialista d'Eivissa\",\"url\":\"https:\/\/www.psib-psoe.org\/eivissa\/\",\"logo\":{\"@type\":\"ImageObject\",\"inLanguage\":\"ca\",\"@id\":\"https:\/\/www.psib-psoe.org\/eivissa\/#\/schema\/logo\/image\/\",\"url\":\"https:\/\/www.psib-psoe.org\/eivissa\/wp-content\/uploads\/LOGO-FSE-SOCIALISTA-DEIVISSA-HORI.png\",\"contentUrl\":\"https:\/\/www.psib-psoe.org\/eivissa\/wp-content\/uploads\/LOGO-FSE-SOCIALISTA-DEIVISSA-HORI.png\",\"width\":6000,\"height\":3104,\"caption\":\"Federaci\u00f3 Socialista d'Eivissa\"},\"image\":{\"@id\":\"https:\/\/www.psib-psoe.org\/eivissa\/#\/schema\/logo\/image\/\"}},{\"@type\":\"Person\",\"@id\":\"https:\/\/www.psib-psoe.org\/eivissa\/#\/schema\/person\/7a9d2841fb36f32e34fc0e9b245e8117\",\"name\":\"Josep Ripoll\",\"sameAs\":[\"http:\/\/www.psib-psoe.org\/eivissa\/wp-login.php\"],\"url\":\"https:\/\/www.psib-psoe.org\/eivissa\/author\/josep\/\"}]}<\/script>\n<!-- \/ Yoast SEO plugin. -->","yoast_head_json":{"title":"El 4\u00ba Congreso de la FSE-PSOE escoge nueva Comisi\u00f3n Ejecutiva, con Josep Mar\u00ed Ribas como secretario general - Federaci\u00f3 Socialista d&#039;Eivissa","robots":{"index":"index","follow":"follow","max-snippet":"max-snippet:-1","max-image-preview":"max-image-preview:large","max-video-preview":"max-video-preview:-1"},"canonical":"https:\/\/www.psib-psoe.org\/eivissa\/la-fse-psoe-inicia-nueva-etapa-con-josep-mari-ribas-como-secretario-general-en-favor-una-eivissa-de-oportunidades\/","og_locale":"ca_ES","og_type":"article","og_title":"El 4\u00ba Congreso de la FSE-PSOE escoge nueva Comisi\u00f3n Ejecutiva, con Josep Mar\u00ed Ribas como secretario general - Federaci\u00f3 Socialista d&#039;Eivissa","og_description":"La Federaci\u00f3n Socialista de Eivissa (FSE-PSOE) ha iniciado una nueva etapa con Josep Mar\u00ed Ribas como secretario general en favor de &#8220;una Eivissa de oportunidades para el conjunto de la ciudadan\u00eda&#8221;. El 4\u00ba Congreso de la FSE-PSOE, celebrado en el Recinto Ferial, ha elegido nueva Comisi\u00f3n Ejecutiva, los representantes de la FSE en el Consell&hellip;","og_url":"https:\/\/www.psib-psoe.org\/eivissa\/la-fse-psoe-inicia-nueva-etapa-con-josep-mari-ribas-como-secretario-general-en-favor-una-eivissa-de-oportunidades\/","og_site_name":"Federaci\u00f3 Socialista d&#039;Eivissa","article_published_time":"2020-01-26T09:30:30+00:00","article_modified_time":"2020-04-10T17:46:29+00:00","author":"Josep Ripoll","twitter_card":"summary_large_image","twitter_misc":{"Escrit per":"Josep Ripoll","Temps estimat de lectura":"4 minuts"},"schema":{"@context":"https:\/\/schema.org","@graph":[{"@type":["Article","BlogPosting"],"@id":"https:\/\/www.psib-psoe.org\/eivissa\/la-fse-psoe-inicia-nueva-etapa-con-josep-mari-ribas-como-secretario-general-en-favor-una-eivissa-de-oportunidades\/#article","isPartOf":{"@id":"https:\/\/www.psib-psoe.org\/eivissa\/la-fse-psoe-inicia-nueva-etapa-con-josep-mari-ribas-como-secretario-general-en-favor-una-eivissa-de-oportunidades\/"},"author":{"name":"Josep Ripoll","@id":"https:\/\/www.psib-psoe.org\/eivissa\/#\/schema\/person\/7a9d2841fb36f32e34fc0e9b245e8117"},"headline":"El 4\u00ba Congreso de la FSE-PSOE escoge nueva Comisi\u00f3n Ejecutiva, con Josep Mar\u00ed Ribas como secretario general","datePublished":"2020-01-26T09:30:30+00:00","dateModified":"2020-04-10T17:46:29+00:00","mainEntityOfPage":{"@id":"https:\/\/www.psib-psoe.org\/eivissa\/la-fse-psoe-inicia-nueva-etapa-con-josep-mari-ribas-como-secretario-general-en-favor-una-eivissa-de-oportunidades\/"},"wordCount":797,"publisher":{"@id":"https:\/\/www.psib-psoe.org\/eivissa\/#organization"},"image":{"@id":"https:\/\/www.psib-psoe.org\/eivissa\/la-fse-psoe-inicia-nueva-etapa-con-josep-mari-ribas-como-secretario-general-en-favor-una-eivissa-de-oportunidades\/#primaryimage"},"thumbnailUrl":"","articleSection":["FSE-PSOE"],"inLanguage":"ca"},{"@type":"WebPage","@id":"https:\/\/www.psib-psoe.org\/eivissa\/la-fse-psoe-inicia-nueva-etapa-con-josep-mari-ribas-como-secretario-general-en-favor-una-eivissa-de-oportunidades\/","url":"https:\/\/www.psib-psoe.org\/eivissa\/la-fse-psoe-inicia-nueva-etapa-con-josep-mari-ribas-como-secretario-general-en-favor-una-eivissa-de-oportunidades\/","name":"El 4\u00ba Congreso de la FSE-PSOE escoge nueva Comisi\u00f3n Ejecutiva, con Josep Mar\u00ed Ribas como secretario general - Federaci\u00f3 Socialista d&#039;Eivissa","isPartOf":{"@id":"https:\/\/www.psib-psoe.org\/eivissa\/#website"},"primaryImageOfPage":{"@id":"https:\/\/www.psib-psoe.org\/eivissa\/la-fse-psoe-inicia-nueva-etapa-con-josep-mari-ribas-como-secretario-general-en-favor-una-eivissa-de-oportunidades\/#primaryimage"},"image":{"@id":"https:\/\/www.psib-psoe.org\/eivissa\/la-fse-psoe-inicia-nueva-etapa-con-josep-mari-ribas-como-secretario-general-en-favor-una-eivissa-de-oportunidades\/#primaryimage"},"thumbnailUrl":"","datePublished":"2020-01-26T09:30:30+00:00","dateModified":"2020-04-10T17:46:29+00:00","breadcrumb":{"@id":"https:\/\/www.psib-psoe.org\/eivissa\/la-fse-psoe-inicia-nueva-etapa-con-josep-mari-ribas-como-secretario-general-en-favor-una-eivissa-de-oportunidades\/#breadcrumb"},"inLanguage":"ca","potentialAction":[{"@type":"ReadAction","target":["https:\/\/www.psib-psoe.org\/eivissa\/la-fse-psoe-inicia-nueva-etapa-con-josep-mari-ribas-como-secretario-general-en-favor-una-eivissa-de-oportunidades\/"]}]},{"@type":"ImageObject","inLanguage":"ca","@id":"https:\/\/www.psib-psoe.org\/eivissa\/la-fse-psoe-inicia-nueva-etapa-con-josep-mari-ribas-como-secretario-general-en-favor-una-eivissa-de-oportunidades\/#primaryimage","url":"","contentUrl":""},{"@type":"BreadcrumbList","@id":"https:\/\/www.psib-psoe.org\/eivissa\/la-fse-psoe-inicia-nueva-etapa-con-josep-mari-ribas-como-secretario-general-en-favor-una-eivissa-de-oportunidades\/#breadcrumb","itemListElement":[{"@type":"ListItem","position":1,"name":"Inici","item":"https:\/\/www.psib-psoe.org\/eivissa\/"},{"@type":"ListItem","position":2,"name":"El 4\u00ba Congreso de la FSE-PSOE escoge nueva Comisi\u00f3n Ejecutiva, con Josep Mar\u00ed Ribas como secretario general"}]},{"@type":"WebSite","@id":"https:\/\/www.psib-psoe.org\/eivissa\/#website","url":"https:\/\/www.psib-psoe.org\/eivissa\/","name":"Federaci\u00f3 Socialista d'Eivissa","description":"Socialistes d&#039;Eivissa","publisher":{"@id":"https:\/\/www.psib-psoe.org\/eivissa\/#organization"},"potentialAction":[{"@type":"SearchAction","target":{"@type":"EntryPoint","urlTemplate":"https:\/\/www.psib-psoe.org\/eivissa\/?s={search_term_string}"},"query-input":{"@type":"PropertyValueSpecification","valueRequired":true,"valueName":"search_term_string"}}],"inLanguage":"ca"},{"@type":"Organization","@id":"https:\/\/www.psib-psoe.org\/eivissa\/#organization","name":"Federaci\u00f3 Socialista d'Eivissa","url":"https:\/\/www.psib-psoe.org\/eivissa\/","logo":{"@type":"ImageObject","inLanguage":"ca","@id":"https:\/\/www.psib-psoe.org\/eivissa\/#\/schema\/logo\/image\/","url":"https:\/\/www.psib-psoe.org\/eivissa\/wp-content\/uploads\/LOGO-FSE-SOCIALISTA-DEIVISSA-HORI.png","contentUrl":"https:\/\/www.psib-psoe.org\/eivissa\/wp-content\/uploads\/LOGO-FSE-SOCIALISTA-DEIVISSA-HORI.png","width":6000,"height":3104,"caption":"Federaci\u00f3 Socialista d'Eivissa"},"image":{"@id":"https:\/\/www.psib-psoe.org\/eivissa\/#\/schema\/logo\/image\/"}},{"@type":"Person","@id":"https:\/\/www.psib-psoe.org\/eivissa\/#\/schema\/person\/7a9d2841fb36f32e34fc0e9b245e8117","name":"Josep Ripoll","sameAs":["http:\/\/www.psib-psoe.org\/eivissa\/wp-login.php"],"url":"https:\/\/www.psib-psoe.org\/eivissa\/author\/josep\/"}]}},"_links":{"self":[{"href":"https:\/\/www.psib-psoe.org\/eivissa\/wp-json\/wp\/v2\/posts\/14957","targetHints":{"allow":["GET"]}}],"collection":[{"href":"https:\/\/www.psib-psoe.org\/eivissa\/wp-json\/wp\/v2\/posts"}],"about":[{"href":"https:\/\/www.psib-psoe.org\/eivissa\/wp-json\/wp\/v2\/types\/post"}],"author":[{"embeddable":true,"href":"https:\/\/www.psib-psoe.org\/eivissa\/wp-json\/wp\/v2\/users\/7"}],"replies":[{"embeddable":true,"href":"https:\/\/www.psib-psoe.org\/eivissa\/wp-json\/wp\/v2\/comments?post=14957"}],"version-history":[{"count":1,"href":"https:\/\/www.psib-psoe.org\/eivissa\/wp-json\/wp\/v2\/posts\/14957\/revisions"}],"predecessor-version":[{"id":26576,"href":"https:\/\/www.psib-psoe.org\/eivissa\/wp-json\/wp\/v2\/posts\/14957\/revisions\/26576"}],"wp:featuredmedia":[{"embeddable":true,"href":"https:\/\/www.psib-psoe.org\/eivissa\/wp-json\/"}],"wp:attachment":[{"href":"https:\/\/www.psib-psoe.org\/eivissa\/wp-json\/wp\/v2\/media?parent=14957"}],"wp:term":[{"taxonomy":"category","embeddable":true,"href":"https:\/\/www.psib-psoe.org\/eivissa\/wp-json\/wp\/v2\/categories?post=14957"},{"taxonomy":"post_tag","embeddable":true,"href":"https:\/\/www.psib-psoe.org\/eivissa\/wp-json\/wp\/v2\/tags?post=14957"}],"curies":[{"name":"wp","href":"https:\/\/api.w.org\/{rel}","templated":true}]}}