{"id":15073,"date":"2020-02-18T17:31:01","date_gmt":"2020-02-18T17:31:01","guid":{"rendered":"https:\/\/www.psoeeivissa.es\/?p=15073&#038;lang=es"},"modified":"2020-04-10T19:46:27","modified_gmt":"2020-04-10T17:46:27","slug":"ramon-roca-nuevo-secretario-general-de-la-agrupacion-socialista-de-santa-eularia-des-riu","status":"publish","type":"post","link":"https:\/\/www.psib-psoe.org\/eivissa\/ramon-roca-nuevo-secretario-general-de-la-agrupacion-socialista-de-santa-eularia-des-riu\/","title":{"rendered":"Ram\u00f3n Roca, nuevo secretario general de la Agrupaci\u00f3n Socialista de Santa Eul\u00e0ria des Riu"},"content":{"rendered":"<p>Ram\u00f3n Roca M\u00e9rida ha sido elegido secretario general de la Agrupaci\u00f3n Socialista de Santa Eul\u00e0ria des Riu, en la asamblea celebrada esta tarde. Acompa\u00f1an Ram\u00f3n Roca en la nueva Ejecutiva Mar\u00eda Antonia Navarro, secretaria de Organizaci\u00f3n, Jos\u00e9 Luis L\u00f3pez, secretario de Pol\u00edtica Municipal y Medio Ambiente, Mar\u00eda Antonia Mart\u00ednez, secretaria de Igualdad y Educaci\u00f3n, Jos\u00e9 Cardona &#8216;Masaueta&#8217;, secretario de Territorio, y Ana Bradescu, secretaria de Servicios Sociales.<\/p>\n<p>Ram\u00f3n Roca fue concejal de Santa Eul\u00e0ria en la legislatura 2015-2019 y director insular de la Administraci\u00f3n del Estado en Eivissa y Formentera de 2018 a 2019. Fue elegido diputado en el Parlamento de les Illes Balears en 2019, cargo que dej\u00f3 para ocupar la direcci\u00f3n general de Modernizaci\u00f3n y Administraci\u00f3n Digital del Govern de les Illes Balears.<\/p>\n<p>Al finalizar la asamblea, el secretario general de la Federaci\u00f3n Socialista de Eivissa, Josep Mar\u00ed Ribas, felicit\u00f3 a los miembros de la nueva Ejecutiva de la agrupaci\u00f3n y les manifest\u00f3 todo el apoyo de la FSE-PSOE en la nueva etapa. Mar\u00ed Ribas tambi\u00e9n ha agradecido el trabajo de la Ejecutiva saliente, a los miembros de la otra candidatura que se ha presentado, que estaba encabezada por Alan Ripoll, y al conjunto de la militancia que ha participado en el proceso de elecci\u00f3n de la nueva direcci\u00f3n del PSOE en la Agrupaci\u00f3n Local de Santa Eul\u00e0ria.<\/p>\n","protected":false},"excerpt":{"rendered":"<p>Ram\u00f3n Roca M\u00e9rida ha sido elegido secretario general de la Agrupaci\u00f3n Socialista de Santa Eul\u00e0ria des Riu, en la asamblea celebrada esta tarde. Acompa\u00f1an Ram\u00f3n Roca en la nueva Ejecutiva Mar\u00eda Antonia Navarro, secretaria de Organizaci\u00f3n, Jos\u00e9 Luis L\u00f3pez, secretario de Pol\u00edtica Municipal y Medio Ambiente, Mar\u00eda Antonia Mart\u00ednez, secretaria de Igualdad y Educaci\u00f3n, Jos\u00e9&hellip;<\/p>\n","protected":false},"author":7,"featured_media":15071,"comment_status":"closed","ping_status":"closed","sticky":false,"template":"","format":"standard","meta":{"footnotes":""},"categories":[212],"tags":[],"class_list":["post-15073","post","type-post","status-publish","format-standard","has-post-thumbnail","hentry","category-fse-psoe"],"yoast_head":"<!-- This site is optimized with the Yoast SEO plugin v26.9 - https:\/\/yoast.com\/product\/yoast-seo-wordpress\/ -->\n<title>Ram\u00f3n Roca, nuevo secretario general de la Agrupaci\u00f3n Socialista de Santa Eul\u00e0ria des Riu - Federaci\u00f3 Socialista d&#039;Eivissa<\/title>\n<meta name=\"robots\" content=\"index, follow, max-snippet:-1, max-image-preview:large, max-video-preview:-1\" \/>\n<link rel=\"canonical\" href=\"https:\/\/www.psib-psoe.org\/eivissa\/ramon-roca-nuevo-secretario-general-de-la-agrupacion-socialista-de-santa-eularia-des-riu\/\" \/>\n<meta property=\"og:locale\" content=\"ca_ES\" \/>\n<meta property=\"og:type\" content=\"article\" \/>\n<meta property=\"og:title\" content=\"Ram\u00f3n Roca, nuevo secretario general de la Agrupaci\u00f3n Socialista de Santa Eul\u00e0ria des Riu - Federaci\u00f3 Socialista d&#039;Eivissa\" \/>\n<meta property=\"og:description\" content=\"Ram\u00f3n Roca M\u00e9rida ha sido elegido secretario general de la Agrupaci\u00f3n Socialista de Santa Eul\u00e0ria des Riu, en la asamblea celebrada esta tarde. Acompa\u00f1an Ram\u00f3n Roca en la nueva Ejecutiva Mar\u00eda Antonia Navarro, secretaria de Organizaci\u00f3n, Jos\u00e9 Luis L\u00f3pez, secretario de Pol\u00edtica Municipal y Medio Ambiente, Mar\u00eda Antonia Mart\u00ednez, secretaria de Igualdad y Educaci\u00f3n, Jos\u00e9&hellip;\" \/>\n<meta property=\"og:url\" content=\"https:\/\/www.psib-psoe.org\/eivissa\/ramon-roca-nuevo-secretario-general-de-la-agrupacion-socialista-de-santa-eularia-des-riu\/\" \/>\n<meta property=\"og:site_name\" content=\"Federaci\u00f3 Socialista d&#039;Eivissa\" \/>\n<meta property=\"article:published_time\" content=\"2020-02-18T17:31:01+00:00\" \/>\n<meta property=\"article:modified_time\" content=\"2020-04-10T17:46:27+00:00\" \/>\n<meta name=\"author\" content=\"Josep Ripoll\" \/>\n<meta name=\"twitter:card\" content=\"summary_large_image\" \/>\n<meta name=\"twitter:label1\" content=\"Escrit per\" \/>\n\t<meta name=\"twitter:data1\" content=\"Josep Ripoll\" \/>\n\t<meta name=\"twitter:label2\" content=\"Temps estimat de lectura\" \/>\n\t<meta name=\"twitter:data2\" content=\"1 minut\" \/>\n<script type=\"application\/ld+json\" class=\"yoast-schema-graph\">{\"@context\":\"https:\/\/schema.org\",\"@graph\":[{\"@type\":[\"Article\",\"BlogPosting\"],\"@id\":\"https:\/\/www.psib-psoe.org\/eivissa\/ramon-roca-nuevo-secretario-general-de-la-agrupacion-socialista-de-santa-eularia-des-riu\/#article\",\"isPartOf\":{\"@id\":\"https:\/\/www.psib-psoe.org\/eivissa\/ramon-roca-nuevo-secretario-general-de-la-agrupacion-socialista-de-santa-eularia-des-riu\/\"},\"author\":{\"name\":\"Josep Ripoll\",\"@id\":\"https:\/\/www.psib-psoe.org\/eivissa\/#\/schema\/person\/7a9d2841fb36f32e34fc0e9b245e8117\"},\"headline\":\"Ram\u00f3n Roca, nuevo secretario general de la Agrupaci\u00f3n Socialista de Santa Eul\u00e0ria des Riu\",\"datePublished\":\"2020-02-18T17:31:01+00:00\",\"dateModified\":\"2020-04-10T17:46:27+00:00\",\"mainEntityOfPage\":{\"@id\":\"https:\/\/www.psib-psoe.org\/eivissa\/ramon-roca-nuevo-secretario-general-de-la-agrupacion-socialista-de-santa-eularia-des-riu\/\"},\"wordCount\":260,\"publisher\":{\"@id\":\"https:\/\/www.psib-psoe.org\/eivissa\/#organization\"},\"image\":{\"@id\":\"https:\/\/www.psib-psoe.org\/eivissa\/ramon-roca-nuevo-secretario-general-de-la-agrupacion-socialista-de-santa-eularia-des-riu\/#primaryimage\"},\"thumbnailUrl\":\"\",\"articleSection\":[\"FSE-PSOE\"],\"inLanguage\":\"ca\"},{\"@type\":\"WebPage\",\"@id\":\"https:\/\/www.psib-psoe.org\/eivissa\/ramon-roca-nuevo-secretario-general-de-la-agrupacion-socialista-de-santa-eularia-des-riu\/\",\"url\":\"https:\/\/www.psib-psoe.org\/eivissa\/ramon-roca-nuevo-secretario-general-de-la-agrupacion-socialista-de-santa-eularia-des-riu\/\",\"name\":\"Ram\u00f3n Roca, nuevo secretario general de la Agrupaci\u00f3n Socialista de Santa Eul\u00e0ria des Riu - Federaci\u00f3 Socialista d&#039;Eivissa\",\"isPartOf\":{\"@id\":\"https:\/\/www.psib-psoe.org\/eivissa\/#website\"},\"primaryImageOfPage\":{\"@id\":\"https:\/\/www.psib-psoe.org\/eivissa\/ramon-roca-nuevo-secretario-general-de-la-agrupacion-socialista-de-santa-eularia-des-riu\/#primaryimage\"},\"image\":{\"@id\":\"https:\/\/www.psib-psoe.org\/eivissa\/ramon-roca-nuevo-secretario-general-de-la-agrupacion-socialista-de-santa-eularia-des-riu\/#primaryimage\"},\"thumbnailUrl\":\"\",\"datePublished\":\"2020-02-18T17:31:01+00:00\",\"dateModified\":\"2020-04-10T17:46:27+00:00\",\"breadcrumb\":{\"@id\":\"https:\/\/www.psib-psoe.org\/eivissa\/ramon-roca-nuevo-secretario-general-de-la-agrupacion-socialista-de-santa-eularia-des-riu\/#breadcrumb\"},\"inLanguage\":\"ca\",\"potentialAction\":[{\"@type\":\"ReadAction\",\"target\":[\"https:\/\/www.psib-psoe.org\/eivissa\/ramon-roca-nuevo-secretario-general-de-la-agrupacion-socialista-de-santa-eularia-des-riu\/\"]}]},{\"@type\":\"ImageObject\",\"inLanguage\":\"ca\",\"@id\":\"https:\/\/www.psib-psoe.org\/eivissa\/ramon-roca-nuevo-secretario-general-de-la-agrupacion-socialista-de-santa-eularia-des-riu\/#primaryimage\",\"url\":\"\",\"contentUrl\":\"\"},{\"@type\":\"BreadcrumbList\",\"@id\":\"https:\/\/www.psib-psoe.org\/eivissa\/ramon-roca-nuevo-secretario-general-de-la-agrupacion-socialista-de-santa-eularia-des-riu\/#breadcrumb\",\"itemListElement\":[{\"@type\":\"ListItem\",\"position\":1,\"name\":\"Inici\",\"item\":\"https:\/\/www.psib-psoe.org\/eivissa\/\"},{\"@type\":\"ListItem\",\"position\":2,\"name\":\"Ram\u00f3n Roca, nuevo secretario general de la Agrupaci\u00f3n Socialista de Santa Eul\u00e0ria des Riu\"}]},{\"@type\":\"WebSite\",\"@id\":\"https:\/\/www.psib-psoe.org\/eivissa\/#website\",\"url\":\"https:\/\/www.psib-psoe.org\/eivissa\/\",\"name\":\"Federaci\u00f3 Socialista d'Eivissa\",\"description\":\"Socialistes d&#039;Eivissa\",\"publisher\":{\"@id\":\"https:\/\/www.psib-psoe.org\/eivissa\/#organization\"},\"potentialAction\":[{\"@type\":\"SearchAction\",\"target\":{\"@type\":\"EntryPoint\",\"urlTemplate\":\"https:\/\/www.psib-psoe.org\/eivissa\/?s={search_term_string}\"},\"query-input\":{\"@type\":\"PropertyValueSpecification\",\"valueRequired\":true,\"valueName\":\"search_term_string\"}}],\"inLanguage\":\"ca\"},{\"@type\":\"Organization\",\"@id\":\"https:\/\/www.psib-psoe.org\/eivissa\/#organization\",\"name\":\"Federaci\u00f3 Socialista d'Eivissa\",\"url\":\"https:\/\/www.psib-psoe.org\/eivissa\/\",\"logo\":{\"@type\":\"ImageObject\",\"inLanguage\":\"ca\",\"@id\":\"https:\/\/www.psib-psoe.org\/eivissa\/#\/schema\/logo\/image\/\",\"url\":\"https:\/\/www.psib-psoe.org\/eivissa\/wp-content\/uploads\/LOGO-FSE-SOCIALISTA-DEIVISSA-HORI.png\",\"contentUrl\":\"https:\/\/www.psib-psoe.org\/eivissa\/wp-content\/uploads\/LOGO-FSE-SOCIALISTA-DEIVISSA-HORI.png\",\"width\":6000,\"height\":3104,\"caption\":\"Federaci\u00f3 Socialista d'Eivissa\"},\"image\":{\"@id\":\"https:\/\/www.psib-psoe.org\/eivissa\/#\/schema\/logo\/image\/\"}},{\"@type\":\"Person\",\"@id\":\"https:\/\/www.psib-psoe.org\/eivissa\/#\/schema\/person\/7a9d2841fb36f32e34fc0e9b245e8117\",\"name\":\"Josep Ripoll\",\"sameAs\":[\"http:\/\/www.psib-psoe.org\/eivissa\/wp-login.php\"],\"url\":\"https:\/\/www.psib-psoe.org\/eivissa\/author\/josep\/\"}]}<\/script>\n<!-- \/ Yoast SEO plugin. -->","yoast_head_json":{"title":"Ram\u00f3n Roca, nuevo secretario general de la Agrupaci\u00f3n Socialista de Santa Eul\u00e0ria des Riu - Federaci\u00f3 Socialista d&#039;Eivissa","robots":{"index":"index","follow":"follow","max-snippet":"max-snippet:-1","max-image-preview":"max-image-preview:large","max-video-preview":"max-video-preview:-1"},"canonical":"https:\/\/www.psib-psoe.org\/eivissa\/ramon-roca-nuevo-secretario-general-de-la-agrupacion-socialista-de-santa-eularia-des-riu\/","og_locale":"ca_ES","og_type":"article","og_title":"Ram\u00f3n Roca, nuevo secretario general de la Agrupaci\u00f3n Socialista de Santa Eul\u00e0ria des Riu - Federaci\u00f3 Socialista d&#039;Eivissa","og_description":"Ram\u00f3n Roca M\u00e9rida ha sido elegido secretario general de la Agrupaci\u00f3n Socialista de Santa Eul\u00e0ria des Riu, en la asamblea celebrada esta tarde. Acompa\u00f1an Ram\u00f3n Roca en la nueva Ejecutiva Mar\u00eda Antonia Navarro, secretaria de Organizaci\u00f3n, Jos\u00e9 Luis L\u00f3pez, secretario de Pol\u00edtica Municipal y Medio Ambiente, Mar\u00eda Antonia Mart\u00ednez, secretaria de Igualdad y Educaci\u00f3n, Jos\u00e9&hellip;","og_url":"https:\/\/www.psib-psoe.org\/eivissa\/ramon-roca-nuevo-secretario-general-de-la-agrupacion-socialista-de-santa-eularia-des-riu\/","og_site_name":"Federaci\u00f3 Socialista d&#039;Eivissa","article_published_time":"2020-02-18T17:31:01+00:00","article_modified_time":"2020-04-10T17:46:27+00:00","author":"Josep Ripoll","twitter_card":"summary_large_image","twitter_misc":{"Escrit per":"Josep Ripoll","Temps estimat de lectura":"1 minut"},"schema":{"@context":"https:\/\/schema.org","@graph":[{"@type":["Article","BlogPosting"],"@id":"https:\/\/www.psib-psoe.org\/eivissa\/ramon-roca-nuevo-secretario-general-de-la-agrupacion-socialista-de-santa-eularia-des-riu\/#article","isPartOf":{"@id":"https:\/\/www.psib-psoe.org\/eivissa\/ramon-roca-nuevo-secretario-general-de-la-agrupacion-socialista-de-santa-eularia-des-riu\/"},"author":{"name":"Josep Ripoll","@id":"https:\/\/www.psib-psoe.org\/eivissa\/#\/schema\/person\/7a9d2841fb36f32e34fc0e9b245e8117"},"headline":"Ram\u00f3n Roca, nuevo secretario general de la Agrupaci\u00f3n Socialista de Santa Eul\u00e0ria des Riu","datePublished":"2020-02-18T17:31:01+00:00","dateModified":"2020-04-10T17:46:27+00:00","mainEntityOfPage":{"@id":"https:\/\/www.psib-psoe.org\/eivissa\/ramon-roca-nuevo-secretario-general-de-la-agrupacion-socialista-de-santa-eularia-des-riu\/"},"wordCount":260,"publisher":{"@id":"https:\/\/www.psib-psoe.org\/eivissa\/#organization"},"image":{"@id":"https:\/\/www.psib-psoe.org\/eivissa\/ramon-roca-nuevo-secretario-general-de-la-agrupacion-socialista-de-santa-eularia-des-riu\/#primaryimage"},"thumbnailUrl":"","articleSection":["FSE-PSOE"],"inLanguage":"ca"},{"@type":"WebPage","@id":"https:\/\/www.psib-psoe.org\/eivissa\/ramon-roca-nuevo-secretario-general-de-la-agrupacion-socialista-de-santa-eularia-des-riu\/","url":"https:\/\/www.psib-psoe.org\/eivissa\/ramon-roca-nuevo-secretario-general-de-la-agrupacion-socialista-de-santa-eularia-des-riu\/","name":"Ram\u00f3n Roca, nuevo secretario general de la Agrupaci\u00f3n Socialista de Santa Eul\u00e0ria des Riu - Federaci\u00f3 Socialista d&#039;Eivissa","isPartOf":{"@id":"https:\/\/www.psib-psoe.org\/eivissa\/#website"},"primaryImageOfPage":{"@id":"https:\/\/www.psib-psoe.org\/eivissa\/ramon-roca-nuevo-secretario-general-de-la-agrupacion-socialista-de-santa-eularia-des-riu\/#primaryimage"},"image":{"@id":"https:\/\/www.psib-psoe.org\/eivissa\/ramon-roca-nuevo-secretario-general-de-la-agrupacion-socialista-de-santa-eularia-des-riu\/#primaryimage"},"thumbnailUrl":"","datePublished":"2020-02-18T17:31:01+00:00","dateModified":"2020-04-10T17:46:27+00:00","breadcrumb":{"@id":"https:\/\/www.psib-psoe.org\/eivissa\/ramon-roca-nuevo-secretario-general-de-la-agrupacion-socialista-de-santa-eularia-des-riu\/#breadcrumb"},"inLanguage":"ca","potentialAction":[{"@type":"ReadAction","target":["https:\/\/www.psib-psoe.org\/eivissa\/ramon-roca-nuevo-secretario-general-de-la-agrupacion-socialista-de-santa-eularia-des-riu\/"]}]},{"@type":"ImageObject","inLanguage":"ca","@id":"https:\/\/www.psib-psoe.org\/eivissa\/ramon-roca-nuevo-secretario-general-de-la-agrupacion-socialista-de-santa-eularia-des-riu\/#primaryimage","url":"","contentUrl":""},{"@type":"BreadcrumbList","@id":"https:\/\/www.psib-psoe.org\/eivissa\/ramon-roca-nuevo-secretario-general-de-la-agrupacion-socialista-de-santa-eularia-des-riu\/#breadcrumb","itemListElement":[{"@type":"ListItem","position":1,"name":"Inici","item":"https:\/\/www.psib-psoe.org\/eivissa\/"},{"@type":"ListItem","position":2,"name":"Ram\u00f3n Roca, nuevo secretario general de la Agrupaci\u00f3n Socialista de Santa Eul\u00e0ria des Riu"}]},{"@type":"WebSite","@id":"https:\/\/www.psib-psoe.org\/eivissa\/#website","url":"https:\/\/www.psib-psoe.org\/eivissa\/","name":"Federaci\u00f3 Socialista d'Eivissa","description":"Socialistes d&#039;Eivissa","publisher":{"@id":"https:\/\/www.psib-psoe.org\/eivissa\/#organization"},"potentialAction":[{"@type":"SearchAction","target":{"@type":"EntryPoint","urlTemplate":"https:\/\/www.psib-psoe.org\/eivissa\/?s={search_term_string}"},"query-input":{"@type":"PropertyValueSpecification","valueRequired":true,"valueName":"search_term_string"}}],"inLanguage":"ca"},{"@type":"Organization","@id":"https:\/\/www.psib-psoe.org\/eivissa\/#organization","name":"Federaci\u00f3 Socialista d'Eivissa","url":"https:\/\/www.psib-psoe.org\/eivissa\/","logo":{"@type":"ImageObject","inLanguage":"ca","@id":"https:\/\/www.psib-psoe.org\/eivissa\/#\/schema\/logo\/image\/","url":"https:\/\/www.psib-psoe.org\/eivissa\/wp-content\/uploads\/LOGO-FSE-SOCIALISTA-DEIVISSA-HORI.png","contentUrl":"https:\/\/www.psib-psoe.org\/eivissa\/wp-content\/uploads\/LOGO-FSE-SOCIALISTA-DEIVISSA-HORI.png","width":6000,"height":3104,"caption":"Federaci\u00f3 Socialista d'Eivissa"},"image":{"@id":"https:\/\/www.psib-psoe.org\/eivissa\/#\/schema\/logo\/image\/"}},{"@type":"Person","@id":"https:\/\/www.psib-psoe.org\/eivissa\/#\/schema\/person\/7a9d2841fb36f32e34fc0e9b245e8117","name":"Josep Ripoll","sameAs":["http:\/\/www.psib-psoe.org\/eivissa\/wp-login.php"],"url":"https:\/\/www.psib-psoe.org\/eivissa\/author\/josep\/"}]}},"_links":{"self":[{"href":"https:\/\/www.psib-psoe.org\/eivissa\/wp-json\/wp\/v2\/posts\/15073","targetHints":{"allow":["GET"]}}],"collection":[{"href":"https:\/\/www.psib-psoe.org\/eivissa\/wp-json\/wp\/v2\/posts"}],"about":[{"href":"https:\/\/www.psib-psoe.org\/eivissa\/wp-json\/wp\/v2\/types\/post"}],"author":[{"embeddable":true,"href":"https:\/\/www.psib-psoe.org\/eivissa\/wp-json\/wp\/v2\/users\/7"}],"replies":[{"embeddable":true,"href":"https:\/\/www.psib-psoe.org\/eivissa\/wp-json\/wp\/v2\/comments?post=15073"}],"version-history":[{"count":1,"href":"https:\/\/www.psib-psoe.org\/eivissa\/wp-json\/wp\/v2\/posts\/15073\/revisions"}],"predecessor-version":[{"id":26568,"href":"https:\/\/www.psib-psoe.org\/eivissa\/wp-json\/wp\/v2\/posts\/15073\/revisions\/26568"}],"wp:featuredmedia":[{"embeddable":true,"href":"https:\/\/www.psib-psoe.org\/eivissa\/wp-json\/"}],"wp:attachment":[{"href":"https:\/\/www.psib-psoe.org\/eivissa\/wp-json\/wp\/v2\/media?parent=15073"}],"wp:term":[{"taxonomy":"category","embeddable":true,"href":"https:\/\/www.psib-psoe.org\/eivissa\/wp-json\/wp\/v2\/categories?post=15073"},{"taxonomy":"post_tag","embeddable":true,"href":"https:\/\/www.psib-psoe.org\/eivissa\/wp-json\/wp\/v2\/tags?post=15073"}],"curies":[{"name":"wp","href":"https:\/\/api.w.org\/{rel}","templated":true}]}}