{"id":15094,"date":"2020-02-22T13:38:36","date_gmt":"2020-02-22T13:38:36","guid":{"rendered":"https:\/\/www.psoeeivissa.es\/?p=15094&#038;lang=es"},"modified":"2020-04-14T14:08:26","modified_gmt":"2020-04-14T12:08:26","slug":"la-fse-psoe-denuncia-las-maniobras-de-vicent-mari-contra-el-grupo-socialista-con-su-decision-de-mantener-las-retribuciones-a-la-consellera-no-adscrita","status":"publish","type":"post","link":"https:\/\/www.psib-psoe.org\/eivissa\/la-fse-psoe-denuncia-las-maniobras-de-vicent-mari-contra-el-grupo-socialista-con-su-decision-de-mantener-las-retribuciones-a-la-consellera-no-adscrita\/","title":{"rendered":"La FSE-PSOE denuncia las maniobras de Vicent Mar\u00ed contra el grupo socialista, con su decisi\u00f3n de mantener las retribuciones a la consellera no adscrita"},"content":{"rendered":"<p>La Federaci\u00f3n Socialista de Eivissa (FSE-PSOE) quiere manifestar su indignaci\u00f3n con Vicent Mar\u00ed por utilizar el Consell Insular contra el principal grupo de la oposici\u00f3n, manteniendo la retribuci\u00f3n econ\u00f3mica a la consellera no adscrita y neg\u00e1ndose a devolverla al grupo Socialista. Vicent Mar\u00ed es el \u00fanico responsable de la decisi\u00f3n, empezando por encargar al secretario general accidental del Consell Insular el informe que publica Diario de Ibiza, sabedor de que a este funcionario le une una \u00edntima amistad con la consellera no adscrita.<\/p>\n<p>La FSE-PSOE considera que, una vez m\u00e1s, Vicent Mar\u00ed pone al Consell Insular al servicio del PP, para restar medios y recursos al principal grupo de la oposici\u00f3n, que actualmente s\u00f3lo cuenta con dos reg\u00edmenes de dedicaci\u00f3n, a pesar de que desde el mes de octubre el grupo Socialista viene reclamando que se le devuelva la tercera dedicaci\u00f3n que se acord\u00f3 en el primer Pleno de la legislatura.<\/p>\n<p>Es evidente que a Vicent Mar\u00ed le interesa mantener a la consellera no adscrita en el plenario y con el r\u00e9gimen de dedicaci\u00f3n que le corresponde al grupo Socialista, como lo demuestra que esta consellera no ha registrado ni una sola iniciativa en todos estos meses, ni ha hecho una sola cr\u00edtica a la gesti\u00f3n del PP y Ciudadanos.<\/p>\n<p>La FSE-PSOE seguir\u00e1 exigiendo a Vicent Mar\u00ed que le devuelva al grupo Socialista la tercera dedicaci\u00f3n para poder ejercer el trabajo en las condiciones que se acord\u00f3 en el inicio de legislatura.<\/p>\n","protected":false},"excerpt":{"rendered":"<p>La Federaci\u00f3n Socialista de Eivissa (FSE-PSOE) quiere manifestar su indignaci\u00f3n con Vicent Mar\u00ed por utilizar el Consell Insular contra el principal grupo de la oposici\u00f3n, manteniendo la retribuci\u00f3n econ\u00f3mica a la consellera no adscrita y neg\u00e1ndose a devolverla al grupo Socialista. Vicent Mar\u00ed es el \u00fanico responsable de la decisi\u00f3n, empezando por encargar al secretario&hellip;<\/p>\n","protected":false},"author":7,"featured_media":9130,"comment_status":"closed","ping_status":"closed","sticky":false,"template":"","format":"standard","meta":{"footnotes":""},"categories":[212],"tags":[],"class_list":["post-15094","post","type-post","status-publish","format-standard","has-post-thumbnail","hentry","category-fse-psoe"],"yoast_head":"<!-- This site is optimized with the Yoast SEO plugin v26.9 - https:\/\/yoast.com\/product\/yoast-seo-wordpress\/ -->\n<title>La FSE-PSOE denuncia las maniobras de Vicent Mar\u00ed contra el grupo socialista, con su decisi\u00f3n de mantener las retribuciones a la consellera no adscrita - Federaci\u00f3 Socialista d&#039;Eivissa<\/title>\n<meta name=\"robots\" content=\"index, follow, max-snippet:-1, max-image-preview:large, max-video-preview:-1\" \/>\n<link rel=\"canonical\" href=\"https:\/\/www.psib-psoe.org\/eivissa\/la-fse-psoe-denuncia-las-maniobras-de-vicent-mari-contra-el-grupo-socialista-con-su-decision-de-mantener-las-retribuciones-a-la-consellera-no-adscrita\/\" \/>\n<meta property=\"og:locale\" content=\"ca_ES\" \/>\n<meta property=\"og:type\" content=\"article\" \/>\n<meta property=\"og:title\" content=\"La FSE-PSOE denuncia las maniobras de Vicent Mar\u00ed contra el grupo socialista, con su decisi\u00f3n de mantener las retribuciones a la consellera no adscrita - Federaci\u00f3 Socialista d&#039;Eivissa\" \/>\n<meta property=\"og:description\" content=\"La Federaci\u00f3n Socialista de Eivissa (FSE-PSOE) quiere manifestar su indignaci\u00f3n con Vicent Mar\u00ed por utilizar el Consell Insular contra el principal grupo de la oposici\u00f3n, manteniendo la retribuci\u00f3n econ\u00f3mica a la consellera no adscrita y neg\u00e1ndose a devolverla al grupo Socialista. Vicent Mar\u00ed es el \u00fanico responsable de la decisi\u00f3n, empezando por encargar al secretario&hellip;\" \/>\n<meta property=\"og:url\" content=\"https:\/\/www.psib-psoe.org\/eivissa\/la-fse-psoe-denuncia-las-maniobras-de-vicent-mari-contra-el-grupo-socialista-con-su-decision-de-mantener-las-retribuciones-a-la-consellera-no-adscrita\/\" \/>\n<meta property=\"og:site_name\" content=\"Federaci\u00f3 Socialista d&#039;Eivissa\" \/>\n<meta property=\"article:published_time\" content=\"2020-02-22T13:38:36+00:00\" \/>\n<meta property=\"article:modified_time\" content=\"2020-04-14T12:08:26+00:00\" \/>\n<meta name=\"author\" content=\"Josep Ripoll\" \/>\n<meta name=\"twitter:card\" content=\"summary_large_image\" \/>\n<meta name=\"twitter:label1\" content=\"Escrit per\" \/>\n\t<meta name=\"twitter:data1\" content=\"Josep Ripoll\" \/>\n\t<meta name=\"twitter:label2\" content=\"Temps estimat de lectura\" \/>\n\t<meta name=\"twitter:data2\" content=\"1 minut\" \/>\n<script type=\"application\/ld+json\" class=\"yoast-schema-graph\">{\"@context\":\"https:\/\/schema.org\",\"@graph\":[{\"@type\":[\"Article\",\"BlogPosting\"],\"@id\":\"https:\/\/www.psib-psoe.org\/eivissa\/la-fse-psoe-denuncia-las-maniobras-de-vicent-mari-contra-el-grupo-socialista-con-su-decision-de-mantener-las-retribuciones-a-la-consellera-no-adscrita\/#article\",\"isPartOf\":{\"@id\":\"https:\/\/www.psib-psoe.org\/eivissa\/la-fse-psoe-denuncia-las-maniobras-de-vicent-mari-contra-el-grupo-socialista-con-su-decision-de-mantener-las-retribuciones-a-la-consellera-no-adscrita\/\"},\"author\":{\"name\":\"Josep Ripoll\",\"@id\":\"https:\/\/www.psib-psoe.org\/eivissa\/#\/schema\/person\/7a9d2841fb36f32e34fc0e9b245e8117\"},\"headline\":\"La FSE-PSOE denuncia las maniobras de Vicent Mar\u00ed contra el grupo socialista, con su decisi\u00f3n de mantener las retribuciones a la consellera no adscrita\",\"datePublished\":\"2020-02-22T13:38:36+00:00\",\"dateModified\":\"2020-04-14T12:08:26+00:00\",\"mainEntityOfPage\":{\"@id\":\"https:\/\/www.psib-psoe.org\/eivissa\/la-fse-psoe-denuncia-las-maniobras-de-vicent-mari-contra-el-grupo-socialista-con-su-decision-de-mantener-las-retribuciones-a-la-consellera-no-adscrita\/\"},\"wordCount\":285,\"publisher\":{\"@id\":\"https:\/\/www.psib-psoe.org\/eivissa\/#organization\"},\"image\":{\"@id\":\"https:\/\/www.psib-psoe.org\/eivissa\/la-fse-psoe-denuncia-las-maniobras-de-vicent-mari-contra-el-grupo-socialista-con-su-decision-de-mantener-las-retribuciones-a-la-consellera-no-adscrita\/#primaryimage\"},\"thumbnailUrl\":\"\",\"articleSection\":[\"FSE-PSOE\"],\"inLanguage\":\"ca\"},{\"@type\":\"WebPage\",\"@id\":\"https:\/\/www.psib-psoe.org\/eivissa\/la-fse-psoe-denuncia-las-maniobras-de-vicent-mari-contra-el-grupo-socialista-con-su-decision-de-mantener-las-retribuciones-a-la-consellera-no-adscrita\/\",\"url\":\"https:\/\/www.psib-psoe.org\/eivissa\/la-fse-psoe-denuncia-las-maniobras-de-vicent-mari-contra-el-grupo-socialista-con-su-decision-de-mantener-las-retribuciones-a-la-consellera-no-adscrita\/\",\"name\":\"La FSE-PSOE denuncia las maniobras de Vicent Mar\u00ed contra el grupo socialista, con su decisi\u00f3n de mantener las retribuciones a la consellera no adscrita - Federaci\u00f3 Socialista d&#039;Eivissa\",\"isPartOf\":{\"@id\":\"https:\/\/www.psib-psoe.org\/eivissa\/#website\"},\"primaryImageOfPage\":{\"@id\":\"https:\/\/www.psib-psoe.org\/eivissa\/la-fse-psoe-denuncia-las-maniobras-de-vicent-mari-contra-el-grupo-socialista-con-su-decision-de-mantener-las-retribuciones-a-la-consellera-no-adscrita\/#primaryimage\"},\"image\":{\"@id\":\"https:\/\/www.psib-psoe.org\/eivissa\/la-fse-psoe-denuncia-las-maniobras-de-vicent-mari-contra-el-grupo-socialista-con-su-decision-de-mantener-las-retribuciones-a-la-consellera-no-adscrita\/#primaryimage\"},\"thumbnailUrl\":\"\",\"datePublished\":\"2020-02-22T13:38:36+00:00\",\"dateModified\":\"2020-04-14T12:08:26+00:00\",\"breadcrumb\":{\"@id\":\"https:\/\/www.psib-psoe.org\/eivissa\/la-fse-psoe-denuncia-las-maniobras-de-vicent-mari-contra-el-grupo-socialista-con-su-decision-de-mantener-las-retribuciones-a-la-consellera-no-adscrita\/#breadcrumb\"},\"inLanguage\":\"ca\",\"potentialAction\":[{\"@type\":\"ReadAction\",\"target\":[\"https:\/\/www.psib-psoe.org\/eivissa\/la-fse-psoe-denuncia-las-maniobras-de-vicent-mari-contra-el-grupo-socialista-con-su-decision-de-mantener-las-retribuciones-a-la-consellera-no-adscrita\/\"]}]},{\"@type\":\"ImageObject\",\"inLanguage\":\"ca\",\"@id\":\"https:\/\/www.psib-psoe.org\/eivissa\/la-fse-psoe-denuncia-las-maniobras-de-vicent-mari-contra-el-grupo-socialista-con-su-decision-de-mantener-las-retribuciones-a-la-consellera-no-adscrita\/#primaryimage\",\"url\":\"\",\"contentUrl\":\"\"},{\"@type\":\"BreadcrumbList\",\"@id\":\"https:\/\/www.psib-psoe.org\/eivissa\/la-fse-psoe-denuncia-las-maniobras-de-vicent-mari-contra-el-grupo-socialista-con-su-decision-de-mantener-las-retribuciones-a-la-consellera-no-adscrita\/#breadcrumb\",\"itemListElement\":[{\"@type\":\"ListItem\",\"position\":1,\"name\":\"Inici\",\"item\":\"https:\/\/www.psib-psoe.org\/eivissa\/\"},{\"@type\":\"ListItem\",\"position\":2,\"name\":\"La FSE-PSOE denuncia las maniobras de Vicent Mar\u00ed contra el grupo socialista, con su decisi\u00f3n de mantener las retribuciones a la consellera no adscrita\"}]},{\"@type\":\"WebSite\",\"@id\":\"https:\/\/www.psib-psoe.org\/eivissa\/#website\",\"url\":\"https:\/\/www.psib-psoe.org\/eivissa\/\",\"name\":\"Federaci\u00f3 Socialista d'Eivissa\",\"description\":\"Socialistes d&#039;Eivissa\",\"publisher\":{\"@id\":\"https:\/\/www.psib-psoe.org\/eivissa\/#organization\"},\"potentialAction\":[{\"@type\":\"SearchAction\",\"target\":{\"@type\":\"EntryPoint\",\"urlTemplate\":\"https:\/\/www.psib-psoe.org\/eivissa\/?s={search_term_string}\"},\"query-input\":{\"@type\":\"PropertyValueSpecification\",\"valueRequired\":true,\"valueName\":\"search_term_string\"}}],\"inLanguage\":\"ca\"},{\"@type\":\"Organization\",\"@id\":\"https:\/\/www.psib-psoe.org\/eivissa\/#organization\",\"name\":\"Federaci\u00f3 Socialista d'Eivissa\",\"url\":\"https:\/\/www.psib-psoe.org\/eivissa\/\",\"logo\":{\"@type\":\"ImageObject\",\"inLanguage\":\"ca\",\"@id\":\"https:\/\/www.psib-psoe.org\/eivissa\/#\/schema\/logo\/image\/\",\"url\":\"https:\/\/www.psib-psoe.org\/eivissa\/wp-content\/uploads\/LOGO-FSE-SOCIALISTA-DEIVISSA-HORI.png\",\"contentUrl\":\"https:\/\/www.psib-psoe.org\/eivissa\/wp-content\/uploads\/LOGO-FSE-SOCIALISTA-DEIVISSA-HORI.png\",\"width\":6000,\"height\":3104,\"caption\":\"Federaci\u00f3 Socialista d'Eivissa\"},\"image\":{\"@id\":\"https:\/\/www.psib-psoe.org\/eivissa\/#\/schema\/logo\/image\/\"}},{\"@type\":\"Person\",\"@id\":\"https:\/\/www.psib-psoe.org\/eivissa\/#\/schema\/person\/7a9d2841fb36f32e34fc0e9b245e8117\",\"name\":\"Josep Ripoll\",\"sameAs\":[\"http:\/\/www.psib-psoe.org\/eivissa\/wp-login.php\"],\"url\":\"https:\/\/www.psib-psoe.org\/eivissa\/author\/josep\/\"}]}<\/script>\n<!-- \/ Yoast SEO plugin. -->","yoast_head_json":{"title":"La FSE-PSOE denuncia las maniobras de Vicent Mar\u00ed contra el grupo socialista, con su decisi\u00f3n de mantener las retribuciones a la consellera no adscrita - Federaci\u00f3 Socialista d&#039;Eivissa","robots":{"index":"index","follow":"follow","max-snippet":"max-snippet:-1","max-image-preview":"max-image-preview:large","max-video-preview":"max-video-preview:-1"},"canonical":"https:\/\/www.psib-psoe.org\/eivissa\/la-fse-psoe-denuncia-las-maniobras-de-vicent-mari-contra-el-grupo-socialista-con-su-decision-de-mantener-las-retribuciones-a-la-consellera-no-adscrita\/","og_locale":"ca_ES","og_type":"article","og_title":"La FSE-PSOE denuncia las maniobras de Vicent Mar\u00ed contra el grupo socialista, con su decisi\u00f3n de mantener las retribuciones a la consellera no adscrita - Federaci\u00f3 Socialista d&#039;Eivissa","og_description":"La Federaci\u00f3n Socialista de Eivissa (FSE-PSOE) quiere manifestar su indignaci\u00f3n con Vicent Mar\u00ed por utilizar el Consell Insular contra el principal grupo de la oposici\u00f3n, manteniendo la retribuci\u00f3n econ\u00f3mica a la consellera no adscrita y neg\u00e1ndose a devolverla al grupo Socialista. Vicent Mar\u00ed es el \u00fanico responsable de la decisi\u00f3n, empezando por encargar al secretario&hellip;","og_url":"https:\/\/www.psib-psoe.org\/eivissa\/la-fse-psoe-denuncia-las-maniobras-de-vicent-mari-contra-el-grupo-socialista-con-su-decision-de-mantener-las-retribuciones-a-la-consellera-no-adscrita\/","og_site_name":"Federaci\u00f3 Socialista d&#039;Eivissa","article_published_time":"2020-02-22T13:38:36+00:00","article_modified_time":"2020-04-14T12:08:26+00:00","author":"Josep Ripoll","twitter_card":"summary_large_image","twitter_misc":{"Escrit per":"Josep Ripoll","Temps estimat de lectura":"1 minut"},"schema":{"@context":"https:\/\/schema.org","@graph":[{"@type":["Article","BlogPosting"],"@id":"https:\/\/www.psib-psoe.org\/eivissa\/la-fse-psoe-denuncia-las-maniobras-de-vicent-mari-contra-el-grupo-socialista-con-su-decision-de-mantener-las-retribuciones-a-la-consellera-no-adscrita\/#article","isPartOf":{"@id":"https:\/\/www.psib-psoe.org\/eivissa\/la-fse-psoe-denuncia-las-maniobras-de-vicent-mari-contra-el-grupo-socialista-con-su-decision-de-mantener-las-retribuciones-a-la-consellera-no-adscrita\/"},"author":{"name":"Josep Ripoll","@id":"https:\/\/www.psib-psoe.org\/eivissa\/#\/schema\/person\/7a9d2841fb36f32e34fc0e9b245e8117"},"headline":"La FSE-PSOE denuncia las maniobras de Vicent Mar\u00ed contra el grupo socialista, con su decisi\u00f3n de mantener las retribuciones a la consellera no adscrita","datePublished":"2020-02-22T13:38:36+00:00","dateModified":"2020-04-14T12:08:26+00:00","mainEntityOfPage":{"@id":"https:\/\/www.psib-psoe.org\/eivissa\/la-fse-psoe-denuncia-las-maniobras-de-vicent-mari-contra-el-grupo-socialista-con-su-decision-de-mantener-las-retribuciones-a-la-consellera-no-adscrita\/"},"wordCount":285,"publisher":{"@id":"https:\/\/www.psib-psoe.org\/eivissa\/#organization"},"image":{"@id":"https:\/\/www.psib-psoe.org\/eivissa\/la-fse-psoe-denuncia-las-maniobras-de-vicent-mari-contra-el-grupo-socialista-con-su-decision-de-mantener-las-retribuciones-a-la-consellera-no-adscrita\/#primaryimage"},"thumbnailUrl":"","articleSection":["FSE-PSOE"],"inLanguage":"ca"},{"@type":"WebPage","@id":"https:\/\/www.psib-psoe.org\/eivissa\/la-fse-psoe-denuncia-las-maniobras-de-vicent-mari-contra-el-grupo-socialista-con-su-decision-de-mantener-las-retribuciones-a-la-consellera-no-adscrita\/","url":"https:\/\/www.psib-psoe.org\/eivissa\/la-fse-psoe-denuncia-las-maniobras-de-vicent-mari-contra-el-grupo-socialista-con-su-decision-de-mantener-las-retribuciones-a-la-consellera-no-adscrita\/","name":"La FSE-PSOE denuncia las maniobras de Vicent Mar\u00ed contra el grupo socialista, con su decisi\u00f3n de mantener las retribuciones a la consellera no adscrita - Federaci\u00f3 Socialista d&#039;Eivissa","isPartOf":{"@id":"https:\/\/www.psib-psoe.org\/eivissa\/#website"},"primaryImageOfPage":{"@id":"https:\/\/www.psib-psoe.org\/eivissa\/la-fse-psoe-denuncia-las-maniobras-de-vicent-mari-contra-el-grupo-socialista-con-su-decision-de-mantener-las-retribuciones-a-la-consellera-no-adscrita\/#primaryimage"},"image":{"@id":"https:\/\/www.psib-psoe.org\/eivissa\/la-fse-psoe-denuncia-las-maniobras-de-vicent-mari-contra-el-grupo-socialista-con-su-decision-de-mantener-las-retribuciones-a-la-consellera-no-adscrita\/#primaryimage"},"thumbnailUrl":"","datePublished":"2020-02-22T13:38:36+00:00","dateModified":"2020-04-14T12:08:26+00:00","breadcrumb":{"@id":"https:\/\/www.psib-psoe.org\/eivissa\/la-fse-psoe-denuncia-las-maniobras-de-vicent-mari-contra-el-grupo-socialista-con-su-decision-de-mantener-las-retribuciones-a-la-consellera-no-adscrita\/#breadcrumb"},"inLanguage":"ca","potentialAction":[{"@type":"ReadAction","target":["https:\/\/www.psib-psoe.org\/eivissa\/la-fse-psoe-denuncia-las-maniobras-de-vicent-mari-contra-el-grupo-socialista-con-su-decision-de-mantener-las-retribuciones-a-la-consellera-no-adscrita\/"]}]},{"@type":"ImageObject","inLanguage":"ca","@id":"https:\/\/www.psib-psoe.org\/eivissa\/la-fse-psoe-denuncia-las-maniobras-de-vicent-mari-contra-el-grupo-socialista-con-su-decision-de-mantener-las-retribuciones-a-la-consellera-no-adscrita\/#primaryimage","url":"","contentUrl":""},{"@type":"BreadcrumbList","@id":"https:\/\/www.psib-psoe.org\/eivissa\/la-fse-psoe-denuncia-las-maniobras-de-vicent-mari-contra-el-grupo-socialista-con-su-decision-de-mantener-las-retribuciones-a-la-consellera-no-adscrita\/#breadcrumb","itemListElement":[{"@type":"ListItem","position":1,"name":"Inici","item":"https:\/\/www.psib-psoe.org\/eivissa\/"},{"@type":"ListItem","position":2,"name":"La FSE-PSOE denuncia las maniobras de Vicent Mar\u00ed contra el grupo socialista, con su decisi\u00f3n de mantener las retribuciones a la consellera no adscrita"}]},{"@type":"WebSite","@id":"https:\/\/www.psib-psoe.org\/eivissa\/#website","url":"https:\/\/www.psib-psoe.org\/eivissa\/","name":"Federaci\u00f3 Socialista d'Eivissa","description":"Socialistes d&#039;Eivissa","publisher":{"@id":"https:\/\/www.psib-psoe.org\/eivissa\/#organization"},"potentialAction":[{"@type":"SearchAction","target":{"@type":"EntryPoint","urlTemplate":"https:\/\/www.psib-psoe.org\/eivissa\/?s={search_term_string}"},"query-input":{"@type":"PropertyValueSpecification","valueRequired":true,"valueName":"search_term_string"}}],"inLanguage":"ca"},{"@type":"Organization","@id":"https:\/\/www.psib-psoe.org\/eivissa\/#organization","name":"Federaci\u00f3 Socialista d'Eivissa","url":"https:\/\/www.psib-psoe.org\/eivissa\/","logo":{"@type":"ImageObject","inLanguage":"ca","@id":"https:\/\/www.psib-psoe.org\/eivissa\/#\/schema\/logo\/image\/","url":"https:\/\/www.psib-psoe.org\/eivissa\/wp-content\/uploads\/LOGO-FSE-SOCIALISTA-DEIVISSA-HORI.png","contentUrl":"https:\/\/www.psib-psoe.org\/eivissa\/wp-content\/uploads\/LOGO-FSE-SOCIALISTA-DEIVISSA-HORI.png","width":6000,"height":3104,"caption":"Federaci\u00f3 Socialista d'Eivissa"},"image":{"@id":"https:\/\/www.psib-psoe.org\/eivissa\/#\/schema\/logo\/image\/"}},{"@type":"Person","@id":"https:\/\/www.psib-psoe.org\/eivissa\/#\/schema\/person\/7a9d2841fb36f32e34fc0e9b245e8117","name":"Josep Ripoll","sameAs":["http:\/\/www.psib-psoe.org\/eivissa\/wp-login.php"],"url":"https:\/\/www.psib-psoe.org\/eivissa\/author\/josep\/"}]}},"_links":{"self":[{"href":"https:\/\/www.psib-psoe.org\/eivissa\/wp-json\/wp\/v2\/posts\/15094","targetHints":{"allow":["GET"]}}],"collection":[{"href":"https:\/\/www.psib-psoe.org\/eivissa\/wp-json\/wp\/v2\/posts"}],"about":[{"href":"https:\/\/www.psib-psoe.org\/eivissa\/wp-json\/wp\/v2\/types\/post"}],"author":[{"embeddable":true,"href":"https:\/\/www.psib-psoe.org\/eivissa\/wp-json\/wp\/v2\/users\/7"}],"replies":[{"embeddable":true,"href":"https:\/\/www.psib-psoe.org\/eivissa\/wp-json\/wp\/v2\/comments?post=15094"}],"version-history":[{"count":1,"href":"https:\/\/www.psib-psoe.org\/eivissa\/wp-json\/wp\/v2\/posts\/15094\/revisions"}],"predecessor-version":[{"id":26564,"href":"https:\/\/www.psib-psoe.org\/eivissa\/wp-json\/wp\/v2\/posts\/15094\/revisions\/26564"}],"wp:featuredmedia":[{"embeddable":true,"href":"https:\/\/www.psib-psoe.org\/eivissa\/wp-json\/"}],"wp:attachment":[{"href":"https:\/\/www.psib-psoe.org\/eivissa\/wp-json\/wp\/v2\/media?parent=15094"}],"wp:term":[{"taxonomy":"category","embeddable":true,"href":"https:\/\/www.psib-psoe.org\/eivissa\/wp-json\/wp\/v2\/categories?post=15094"},{"taxonomy":"post_tag","embeddable":true,"href":"https:\/\/www.psib-psoe.org\/eivissa\/wp-json\/wp\/v2\/tags?post=15094"}],"curies":[{"name":"wp","href":"https:\/\/api.w.org\/{rel}","templated":true}]}}