{"id":15106,"date":"2020-02-24T12:45:35","date_gmt":"2020-02-24T12:45:35","guid":{"rendered":"https:\/\/www.psoeeivissa.es\/?p=15106"},"modified":"2020-04-14T13:21:12","modified_gmt":"2020-04-14T11:21:12","slug":"el-psoe-de-sant-joan-demana-a-lajuntament-un-consell-de-gent-gran-per-facilitar-la-participacio-i-latencio-a-les-necessitats-daquestes-persones","status":"publish","type":"post","link":"https:\/\/www.psib-psoe.org\/eivissa\/el-psoe-de-sant-joan-demana-a-lajuntament-un-consell-de-gent-gran-per-facilitar-la-participacio-i-latencio-a-les-necessitats-daquestes-persones\/","title":{"rendered":"El PSOE de Sant Joan demana a l\u2019ajuntament un Consell de Gent Gran per facilitar la participaci\u00f3 i l\u2019atenci\u00f3 a les necessitats d\u2019aquestes persones\u00a0"},"content":{"rendered":"<p>El grup municipal PSOE de Sant Joan de Labritja ha presentat una moci\u00f3 a l\u2019ajuntament per a la creaci\u00f3 de Consell de Gent Gran, \u201cper poder participar en les decisions que afectin assumptes directament relacionats amb aquest grup social\u201d.\u00a0<\/p>\n<p>El portaveu socialista, Pep Torres \u2018Peret\u2019, ha explicat que tamb\u00e9 demana \u201cun comprom\u00eds de facilitar i assegurar la participaci\u00f3 efectiva de majors i jubilats en la instituci\u00f3 i als espais de participaci\u00f3 ciutadana\u201d. Tot aix\u00f2 \u201cseguint els principis d\u2019accessibilitat, no discriminaci\u00f3 tecnol\u00f2gica i adaptaci\u00f3 de mitjans i llenguatges, de manera que els canals i mitjans habilitats per a la participaci\u00f3 no constitueixin un factor d&#8217;exclusi\u00f3 per a aquests sectors de la ciutadania\u201d.<\/p>\n<p>El grup PSOE tamb\u00e9 demana a l\u2019Ajuntament de Sant Joan la creaci\u00f3 de rutes saludables on la gent gran pugui gaudir i contribuir a la seva salut, coordinats amb la Conselleria de Salut.<\/p>\n<p>Com explica Pep \u2018Peret\u2019, en l\u2019actual situaci\u00f3 d\u2019envelliment general de la poblaci\u00f3, l\u2019augment de l\u2019esperan\u00e7a de vida i els canvis socials i tecnol\u00f2gics que s\u2019estan donant al nostre voltant, aquestes persones tenen \u201cunes necessitats espec\u00edfiques i molt concretes que s\u2019han de tenir en compte\u201d.<\/p>\n<p>En municipis com Sant Joan de Labritja, el PSOE aposta per \u201crefor\u00e7ar la cohesi\u00f3 social de les persones majors\u201d, amb una \u201cparticipaci\u00f3 activa\u201d i \u201cque la societat l\u2019escolti cada vegada m\u00e9s i de manera m\u00e9s atenta\u201d.\u00a0<\/p>\n","protected":false},"excerpt":{"rendered":"<p>El grup municipal PSOE de Sant Joan de Labritja ha presentat una moci\u00f3 a l\u2019ajuntament per a la creaci\u00f3 de Consell de Gent Gran, \u201cper poder participar en les decisions que afectin assumptes directament relacionats amb aquest grup social\u201d.\u00a0 El portaveu socialista, Pep Torres \u2018Peret\u2019, ha explicat que tamb\u00e9 demana \u201cun comprom\u00eds de facilitar i&hellip;<\/p>\n","protected":false},"author":7,"featured_media":13544,"comment_status":"closed","ping_status":"closed","sticky":false,"template":"","format":"standard","meta":{"footnotes":""},"categories":[192,1,234,189],"tags":[],"class_list":["post-15106","post","type-post","status-publish","format-standard","has-post-thumbnail","hentry","category-consell-deivissa","category-federacio-de-eivissa-portada","category-municipis","category-sant-joan-de-labritja"],"yoast_head":"<!-- This site is optimized with the Yoast SEO plugin v26.9 - https:\/\/yoast.com\/product\/yoast-seo-wordpress\/ -->\n<title>El PSOE de Sant Joan demana a l\u2019ajuntament un Consell de Gent Gran per facilitar la participaci\u00f3 i l\u2019atenci\u00f3 a les necessitats d\u2019aquestes persones\u00a0 - Federaci\u00f3 Socialista d&#039;Eivissa<\/title>\n<meta name=\"robots\" content=\"index, follow, max-snippet:-1, max-image-preview:large, max-video-preview:-1\" \/>\n<link rel=\"canonical\" href=\"https:\/\/www.psib-psoe.org\/eivissa\/el-psoe-de-sant-joan-demana-a-lajuntament-un-consell-de-gent-gran-per-facilitar-la-participacio-i-latencio-a-les-necessitats-daquestes-persones\/\" \/>\n<meta property=\"og:locale\" content=\"ca_ES\" \/>\n<meta property=\"og:type\" content=\"article\" \/>\n<meta property=\"og:title\" content=\"El PSOE de Sant Joan demana a l\u2019ajuntament un Consell de Gent Gran per facilitar la participaci\u00f3 i l\u2019atenci\u00f3 a les necessitats d\u2019aquestes persones\u00a0 - Federaci\u00f3 Socialista d&#039;Eivissa\" \/>\n<meta property=\"og:description\" content=\"El grup municipal PSOE de Sant Joan de Labritja ha presentat una moci\u00f3 a l\u2019ajuntament per a la creaci\u00f3 de Consell de Gent Gran, \u201cper poder participar en les decisions que afectin assumptes directament relacionats amb aquest grup social\u201d.\u00a0 El portaveu socialista, Pep Torres \u2018Peret\u2019, ha explicat que tamb\u00e9 demana \u201cun comprom\u00eds de facilitar i&hellip;\" \/>\n<meta property=\"og:url\" content=\"https:\/\/www.psib-psoe.org\/eivissa\/el-psoe-de-sant-joan-demana-a-lajuntament-un-consell-de-gent-gran-per-facilitar-la-participacio-i-latencio-a-les-necessitats-daquestes-persones\/\" \/>\n<meta property=\"og:site_name\" content=\"Federaci\u00f3 Socialista d&#039;Eivissa\" \/>\n<meta property=\"article:published_time\" content=\"2020-02-24T12:45:35+00:00\" \/>\n<meta property=\"article:modified_time\" content=\"2020-04-14T11:21:12+00:00\" \/>\n<meta name=\"author\" content=\"Josep Ripoll\" \/>\n<meta name=\"twitter:card\" content=\"summary_large_image\" \/>\n<meta name=\"twitter:label1\" content=\"Escrit per\" \/>\n\t<meta name=\"twitter:data1\" content=\"Josep Ripoll\" \/>\n\t<meta name=\"twitter:label2\" content=\"Temps estimat de lectura\" \/>\n\t<meta name=\"twitter:data2\" content=\"1 minut\" \/>\n<script type=\"application\/ld+json\" class=\"yoast-schema-graph\">{\"@context\":\"https:\/\/schema.org\",\"@graph\":[{\"@type\":[\"Article\",\"BlogPosting\"],\"@id\":\"https:\/\/www.psib-psoe.org\/eivissa\/el-psoe-de-sant-joan-demana-a-lajuntament-un-consell-de-gent-gran-per-facilitar-la-participacio-i-latencio-a-les-necessitats-daquestes-persones\/#article\",\"isPartOf\":{\"@id\":\"https:\/\/www.psib-psoe.org\/eivissa\/el-psoe-de-sant-joan-demana-a-lajuntament-un-consell-de-gent-gran-per-facilitar-la-participacio-i-latencio-a-les-necessitats-daquestes-persones\/\"},\"author\":{\"name\":\"Josep Ripoll\",\"@id\":\"https:\/\/www.psib-psoe.org\/eivissa\/#\/schema\/person\/7a9d2841fb36f32e34fc0e9b245e8117\"},\"headline\":\"El PSOE de Sant Joan demana a l\u2019ajuntament un Consell de Gent Gran per facilitar la participaci\u00f3 i l\u2019atenci\u00f3 a les necessitats d\u2019aquestes persones\u00a0\",\"datePublished\":\"2020-02-24T12:45:35+00:00\",\"dateModified\":\"2020-04-14T11:21:12+00:00\",\"mainEntityOfPage\":{\"@id\":\"https:\/\/www.psib-psoe.org\/eivissa\/el-psoe-de-sant-joan-demana-a-lajuntament-un-consell-de-gent-gran-per-facilitar-la-participacio-i-latencio-a-les-necessitats-daquestes-persones\/\"},\"wordCount\":269,\"publisher\":{\"@id\":\"https:\/\/www.psib-psoe.org\/eivissa\/#organization\"},\"image\":{\"@id\":\"https:\/\/www.psib-psoe.org\/eivissa\/el-psoe-de-sant-joan-demana-a-lajuntament-un-consell-de-gent-gran-per-facilitar-la-participacio-i-latencio-a-les-necessitats-daquestes-persones\/#primaryimage\"},\"thumbnailUrl\":\"\",\"articleSection\":[\"Consell d'Eivissa\",\"Federaci\u00f3 d'Eivissa - Portada\",\"Municipis\",\"Sant Joan de Labritja\"],\"inLanguage\":\"ca\"},{\"@type\":\"WebPage\",\"@id\":\"https:\/\/www.psib-psoe.org\/eivissa\/el-psoe-de-sant-joan-demana-a-lajuntament-un-consell-de-gent-gran-per-facilitar-la-participacio-i-latencio-a-les-necessitats-daquestes-persones\/\",\"url\":\"https:\/\/www.psib-psoe.org\/eivissa\/el-psoe-de-sant-joan-demana-a-lajuntament-un-consell-de-gent-gran-per-facilitar-la-participacio-i-latencio-a-les-necessitats-daquestes-persones\/\",\"name\":\"El PSOE de Sant Joan demana a l\u2019ajuntament un Consell de Gent Gran per facilitar la participaci\u00f3 i l\u2019atenci\u00f3 a les necessitats d\u2019aquestes persones\u00a0 - Federaci\u00f3 Socialista d&#039;Eivissa\",\"isPartOf\":{\"@id\":\"https:\/\/www.psib-psoe.org\/eivissa\/#website\"},\"primaryImageOfPage\":{\"@id\":\"https:\/\/www.psib-psoe.org\/eivissa\/el-psoe-de-sant-joan-demana-a-lajuntament-un-consell-de-gent-gran-per-facilitar-la-participacio-i-latencio-a-les-necessitats-daquestes-persones\/#primaryimage\"},\"image\":{\"@id\":\"https:\/\/www.psib-psoe.org\/eivissa\/el-psoe-de-sant-joan-demana-a-lajuntament-un-consell-de-gent-gran-per-facilitar-la-participacio-i-latencio-a-les-necessitats-daquestes-persones\/#primaryimage\"},\"thumbnailUrl\":\"\",\"datePublished\":\"2020-02-24T12:45:35+00:00\",\"dateModified\":\"2020-04-14T11:21:12+00:00\",\"breadcrumb\":{\"@id\":\"https:\/\/www.psib-psoe.org\/eivissa\/el-psoe-de-sant-joan-demana-a-lajuntament-un-consell-de-gent-gran-per-facilitar-la-participacio-i-latencio-a-les-necessitats-daquestes-persones\/#breadcrumb\"},\"inLanguage\":\"ca\",\"potentialAction\":[{\"@type\":\"ReadAction\",\"target\":[\"https:\/\/www.psib-psoe.org\/eivissa\/el-psoe-de-sant-joan-demana-a-lajuntament-un-consell-de-gent-gran-per-facilitar-la-participacio-i-latencio-a-les-necessitats-daquestes-persones\/\"]}]},{\"@type\":\"ImageObject\",\"inLanguage\":\"ca\",\"@id\":\"https:\/\/www.psib-psoe.org\/eivissa\/el-psoe-de-sant-joan-demana-a-lajuntament-un-consell-de-gent-gran-per-facilitar-la-participacio-i-latencio-a-les-necessitats-daquestes-persones\/#primaryimage\",\"url\":\"\",\"contentUrl\":\"\"},{\"@type\":\"BreadcrumbList\",\"@id\":\"https:\/\/www.psib-psoe.org\/eivissa\/el-psoe-de-sant-joan-demana-a-lajuntament-un-consell-de-gent-gran-per-facilitar-la-participacio-i-latencio-a-les-necessitats-daquestes-persones\/#breadcrumb\",\"itemListElement\":[{\"@type\":\"ListItem\",\"position\":1,\"name\":\"Inici\",\"item\":\"https:\/\/www.psib-psoe.org\/eivissa\/\"},{\"@type\":\"ListItem\",\"position\":2,\"name\":\"El PSOE de Sant Joan demana a l\u2019ajuntament un Consell de Gent Gran per facilitar la participaci\u00f3 i l\u2019atenci\u00f3 a les necessitats d\u2019aquestes persones\u00a0\"}]},{\"@type\":\"WebSite\",\"@id\":\"https:\/\/www.psib-psoe.org\/eivissa\/#website\",\"url\":\"https:\/\/www.psib-psoe.org\/eivissa\/\",\"name\":\"Federaci\u00f3 Socialista d'Eivissa\",\"description\":\"Socialistes d&#039;Eivissa\",\"publisher\":{\"@id\":\"https:\/\/www.psib-psoe.org\/eivissa\/#organization\"},\"potentialAction\":[{\"@type\":\"SearchAction\",\"target\":{\"@type\":\"EntryPoint\",\"urlTemplate\":\"https:\/\/www.psib-psoe.org\/eivissa\/?s={search_term_string}\"},\"query-input\":{\"@type\":\"PropertyValueSpecification\",\"valueRequired\":true,\"valueName\":\"search_term_string\"}}],\"inLanguage\":\"ca\"},{\"@type\":\"Organization\",\"@id\":\"https:\/\/www.psib-psoe.org\/eivissa\/#organization\",\"name\":\"Federaci\u00f3 Socialista d'Eivissa\",\"url\":\"https:\/\/www.psib-psoe.org\/eivissa\/\",\"logo\":{\"@type\":\"ImageObject\",\"inLanguage\":\"ca\",\"@id\":\"https:\/\/www.psib-psoe.org\/eivissa\/#\/schema\/logo\/image\/\",\"url\":\"https:\/\/www.psib-psoe.org\/eivissa\/wp-content\/uploads\/LOGO-FSE-SOCIALISTA-DEIVISSA-HORI.png\",\"contentUrl\":\"https:\/\/www.psib-psoe.org\/eivissa\/wp-content\/uploads\/LOGO-FSE-SOCIALISTA-DEIVISSA-HORI.png\",\"width\":6000,\"height\":3104,\"caption\":\"Federaci\u00f3 Socialista d'Eivissa\"},\"image\":{\"@id\":\"https:\/\/www.psib-psoe.org\/eivissa\/#\/schema\/logo\/image\/\"}},{\"@type\":\"Person\",\"@id\":\"https:\/\/www.psib-psoe.org\/eivissa\/#\/schema\/person\/7a9d2841fb36f32e34fc0e9b245e8117\",\"name\":\"Josep Ripoll\",\"sameAs\":[\"http:\/\/www.psib-psoe.org\/eivissa\/wp-login.php\"],\"url\":\"https:\/\/www.psib-psoe.org\/eivissa\/author\/josep\/\"}]}<\/script>\n<!-- \/ Yoast SEO plugin. -->","yoast_head_json":{"title":"El PSOE de Sant Joan demana a l\u2019ajuntament un Consell de Gent Gran per facilitar la participaci\u00f3 i l\u2019atenci\u00f3 a les necessitats d\u2019aquestes persones\u00a0 - Federaci\u00f3 Socialista d&#039;Eivissa","robots":{"index":"index","follow":"follow","max-snippet":"max-snippet:-1","max-image-preview":"max-image-preview:large","max-video-preview":"max-video-preview:-1"},"canonical":"https:\/\/www.psib-psoe.org\/eivissa\/el-psoe-de-sant-joan-demana-a-lajuntament-un-consell-de-gent-gran-per-facilitar-la-participacio-i-latencio-a-les-necessitats-daquestes-persones\/","og_locale":"ca_ES","og_type":"article","og_title":"El PSOE de Sant Joan demana a l\u2019ajuntament un Consell de Gent Gran per facilitar la participaci\u00f3 i l\u2019atenci\u00f3 a les necessitats d\u2019aquestes persones\u00a0 - Federaci\u00f3 Socialista d&#039;Eivissa","og_description":"El grup municipal PSOE de Sant Joan de Labritja ha presentat una moci\u00f3 a l\u2019ajuntament per a la creaci\u00f3 de Consell de Gent Gran, \u201cper poder participar en les decisions que afectin assumptes directament relacionats amb aquest grup social\u201d.\u00a0 El portaveu socialista, Pep Torres \u2018Peret\u2019, ha explicat que tamb\u00e9 demana \u201cun comprom\u00eds de facilitar i&hellip;","og_url":"https:\/\/www.psib-psoe.org\/eivissa\/el-psoe-de-sant-joan-demana-a-lajuntament-un-consell-de-gent-gran-per-facilitar-la-participacio-i-latencio-a-les-necessitats-daquestes-persones\/","og_site_name":"Federaci\u00f3 Socialista d&#039;Eivissa","article_published_time":"2020-02-24T12:45:35+00:00","article_modified_time":"2020-04-14T11:21:12+00:00","author":"Josep Ripoll","twitter_card":"summary_large_image","twitter_misc":{"Escrit per":"Josep Ripoll","Temps estimat de lectura":"1 minut"},"schema":{"@context":"https:\/\/schema.org","@graph":[{"@type":["Article","BlogPosting"],"@id":"https:\/\/www.psib-psoe.org\/eivissa\/el-psoe-de-sant-joan-demana-a-lajuntament-un-consell-de-gent-gran-per-facilitar-la-participacio-i-latencio-a-les-necessitats-daquestes-persones\/#article","isPartOf":{"@id":"https:\/\/www.psib-psoe.org\/eivissa\/el-psoe-de-sant-joan-demana-a-lajuntament-un-consell-de-gent-gran-per-facilitar-la-participacio-i-latencio-a-les-necessitats-daquestes-persones\/"},"author":{"name":"Josep Ripoll","@id":"https:\/\/www.psib-psoe.org\/eivissa\/#\/schema\/person\/7a9d2841fb36f32e34fc0e9b245e8117"},"headline":"El PSOE de Sant Joan demana a l\u2019ajuntament un Consell de Gent Gran per facilitar la participaci\u00f3 i l\u2019atenci\u00f3 a les necessitats d\u2019aquestes persones\u00a0","datePublished":"2020-02-24T12:45:35+00:00","dateModified":"2020-04-14T11:21:12+00:00","mainEntityOfPage":{"@id":"https:\/\/www.psib-psoe.org\/eivissa\/el-psoe-de-sant-joan-demana-a-lajuntament-un-consell-de-gent-gran-per-facilitar-la-participacio-i-latencio-a-les-necessitats-daquestes-persones\/"},"wordCount":269,"publisher":{"@id":"https:\/\/www.psib-psoe.org\/eivissa\/#organization"},"image":{"@id":"https:\/\/www.psib-psoe.org\/eivissa\/el-psoe-de-sant-joan-demana-a-lajuntament-un-consell-de-gent-gran-per-facilitar-la-participacio-i-latencio-a-les-necessitats-daquestes-persones\/#primaryimage"},"thumbnailUrl":"","articleSection":["Consell d'Eivissa","Federaci\u00f3 d'Eivissa - Portada","Municipis","Sant Joan de Labritja"],"inLanguage":"ca"},{"@type":"WebPage","@id":"https:\/\/www.psib-psoe.org\/eivissa\/el-psoe-de-sant-joan-demana-a-lajuntament-un-consell-de-gent-gran-per-facilitar-la-participacio-i-latencio-a-les-necessitats-daquestes-persones\/","url":"https:\/\/www.psib-psoe.org\/eivissa\/el-psoe-de-sant-joan-demana-a-lajuntament-un-consell-de-gent-gran-per-facilitar-la-participacio-i-latencio-a-les-necessitats-daquestes-persones\/","name":"El PSOE de Sant Joan demana a l\u2019ajuntament un Consell de Gent Gran per facilitar la participaci\u00f3 i l\u2019atenci\u00f3 a les necessitats d\u2019aquestes persones\u00a0 - Federaci\u00f3 Socialista d&#039;Eivissa","isPartOf":{"@id":"https:\/\/www.psib-psoe.org\/eivissa\/#website"},"primaryImageOfPage":{"@id":"https:\/\/www.psib-psoe.org\/eivissa\/el-psoe-de-sant-joan-demana-a-lajuntament-un-consell-de-gent-gran-per-facilitar-la-participacio-i-latencio-a-les-necessitats-daquestes-persones\/#primaryimage"},"image":{"@id":"https:\/\/www.psib-psoe.org\/eivissa\/el-psoe-de-sant-joan-demana-a-lajuntament-un-consell-de-gent-gran-per-facilitar-la-participacio-i-latencio-a-les-necessitats-daquestes-persones\/#primaryimage"},"thumbnailUrl":"","datePublished":"2020-02-24T12:45:35+00:00","dateModified":"2020-04-14T11:21:12+00:00","breadcrumb":{"@id":"https:\/\/www.psib-psoe.org\/eivissa\/el-psoe-de-sant-joan-demana-a-lajuntament-un-consell-de-gent-gran-per-facilitar-la-participacio-i-latencio-a-les-necessitats-daquestes-persones\/#breadcrumb"},"inLanguage":"ca","potentialAction":[{"@type":"ReadAction","target":["https:\/\/www.psib-psoe.org\/eivissa\/el-psoe-de-sant-joan-demana-a-lajuntament-un-consell-de-gent-gran-per-facilitar-la-participacio-i-latencio-a-les-necessitats-daquestes-persones\/"]}]},{"@type":"ImageObject","inLanguage":"ca","@id":"https:\/\/www.psib-psoe.org\/eivissa\/el-psoe-de-sant-joan-demana-a-lajuntament-un-consell-de-gent-gran-per-facilitar-la-participacio-i-latencio-a-les-necessitats-daquestes-persones\/#primaryimage","url":"","contentUrl":""},{"@type":"BreadcrumbList","@id":"https:\/\/www.psib-psoe.org\/eivissa\/el-psoe-de-sant-joan-demana-a-lajuntament-un-consell-de-gent-gran-per-facilitar-la-participacio-i-latencio-a-les-necessitats-daquestes-persones\/#breadcrumb","itemListElement":[{"@type":"ListItem","position":1,"name":"Inici","item":"https:\/\/www.psib-psoe.org\/eivissa\/"},{"@type":"ListItem","position":2,"name":"El PSOE de Sant Joan demana a l\u2019ajuntament un Consell de Gent Gran per facilitar la participaci\u00f3 i l\u2019atenci\u00f3 a les necessitats d\u2019aquestes persones\u00a0"}]},{"@type":"WebSite","@id":"https:\/\/www.psib-psoe.org\/eivissa\/#website","url":"https:\/\/www.psib-psoe.org\/eivissa\/","name":"Federaci\u00f3 Socialista d'Eivissa","description":"Socialistes d&#039;Eivissa","publisher":{"@id":"https:\/\/www.psib-psoe.org\/eivissa\/#organization"},"potentialAction":[{"@type":"SearchAction","target":{"@type":"EntryPoint","urlTemplate":"https:\/\/www.psib-psoe.org\/eivissa\/?s={search_term_string}"},"query-input":{"@type":"PropertyValueSpecification","valueRequired":true,"valueName":"search_term_string"}}],"inLanguage":"ca"},{"@type":"Organization","@id":"https:\/\/www.psib-psoe.org\/eivissa\/#organization","name":"Federaci\u00f3 Socialista d'Eivissa","url":"https:\/\/www.psib-psoe.org\/eivissa\/","logo":{"@type":"ImageObject","inLanguage":"ca","@id":"https:\/\/www.psib-psoe.org\/eivissa\/#\/schema\/logo\/image\/","url":"https:\/\/www.psib-psoe.org\/eivissa\/wp-content\/uploads\/LOGO-FSE-SOCIALISTA-DEIVISSA-HORI.png","contentUrl":"https:\/\/www.psib-psoe.org\/eivissa\/wp-content\/uploads\/LOGO-FSE-SOCIALISTA-DEIVISSA-HORI.png","width":6000,"height":3104,"caption":"Federaci\u00f3 Socialista d'Eivissa"},"image":{"@id":"https:\/\/www.psib-psoe.org\/eivissa\/#\/schema\/logo\/image\/"}},{"@type":"Person","@id":"https:\/\/www.psib-psoe.org\/eivissa\/#\/schema\/person\/7a9d2841fb36f32e34fc0e9b245e8117","name":"Josep Ripoll","sameAs":["http:\/\/www.psib-psoe.org\/eivissa\/wp-login.php"],"url":"https:\/\/www.psib-psoe.org\/eivissa\/author\/josep\/"}]}},"_links":{"self":[{"href":"https:\/\/www.psib-psoe.org\/eivissa\/wp-json\/wp\/v2\/posts\/15106","targetHints":{"allow":["GET"]}}],"collection":[{"href":"https:\/\/www.psib-psoe.org\/eivissa\/wp-json\/wp\/v2\/posts"}],"about":[{"href":"https:\/\/www.psib-psoe.org\/eivissa\/wp-json\/wp\/v2\/types\/post"}],"author":[{"embeddable":true,"href":"https:\/\/www.psib-psoe.org\/eivissa\/wp-json\/wp\/v2\/users\/7"}],"replies":[{"embeddable":true,"href":"https:\/\/www.psib-psoe.org\/eivissa\/wp-json\/wp\/v2\/comments?post=15106"}],"version-history":[{"count":1,"href":"https:\/\/www.psib-psoe.org\/eivissa\/wp-json\/wp\/v2\/posts\/15106\/revisions"}],"predecessor-version":[{"id":26665,"href":"https:\/\/www.psib-psoe.org\/eivissa\/wp-json\/wp\/v2\/posts\/15106\/revisions\/26665"}],"wp:featuredmedia":[{"embeddable":true,"href":"https:\/\/www.psib-psoe.org\/eivissa\/wp-json\/"}],"wp:attachment":[{"href":"https:\/\/www.psib-psoe.org\/eivissa\/wp-json\/wp\/v2\/media?parent=15106"}],"wp:term":[{"taxonomy":"category","embeddable":true,"href":"https:\/\/www.psib-psoe.org\/eivissa\/wp-json\/wp\/v2\/categories?post=15106"},{"taxonomy":"post_tag","embeddable":true,"href":"https:\/\/www.psib-psoe.org\/eivissa\/wp-json\/wp\/v2\/tags?post=15106"}],"curies":[{"name":"wp","href":"https:\/\/api.w.org\/{rel}","templated":true}]}}