{"id":26152,"date":"2020-04-07T13:56:35","date_gmt":"2020-04-07T11:56:35","guid":{"rendered":"http:\/\/www.psib-psoe.org\/eivissa\/el-consell-de-ministres-aprova-mesures-complementaries-perque-ningu-es-quedi-endarrere-%ef%bb%bf\/"},"modified":"2020-04-12T21:22:29","modified_gmt":"2020-04-12T19:22:29","slug":"el-consell-de-ministres-aprova-mesures-complementaries-perque-ningu-es-quedi-endarrere-%ef%bb%bf","status":"publish","type":"post","link":"https:\/\/www.psib-psoe.org\/eivissa\/el-consell-de-ministres-aprova-mesures-complementaries-perque-ningu-es-quedi-endarrere-%ef%bb%bf\/","title":{"rendered":"El Consell de Ministres aprova mesures complement\u00e0ries &#8220;perqu\u00e8 ning\u00fa es quedi endarrere&#8221; \ufeff"},"content":{"rendered":"\n<p>El Consell de Ministres ha aprovat aquest dimarts un nou &#8220;paquet de mesures&#8221; complement\u00e0ries a totes les que ha anat adoptant des que va comen\u00e7ar la crisi pel coronavirus. Unes mesures que, com ha explicat en roda de premsa la portaveu de l\u2019executiu, Mar\u00eda Jes\u00fas Montero, demostren que &#8220;el Govern continua amb el seu comprom\u00eds perqu\u00e8 cap persona es quedi enrere, les empreses tenguin una resposta adequada i els treballadors seguretat que ens ocupem de la seva protecci\u00f3, els seus drets o prestacions &#8220;.<br><\/p>\n\n\n\n<p><a href=\"https:\/\/www.psoe.es\/actualidad\/noticias-actualidad\/el-gobierno-aprueba-un-paquete-de-medidas-complementarias-para-que-nadie-se-quede-atras\/\"><strong>Si vols con\u00e8ixer el detall de les \u00faltimes mesures aprovades pel Govern d&#8217;Espanya, CLICK AQU\u00cd.<\/strong><\/a><br><\/p>\n","protected":false},"excerpt":{"rendered":"<p>El Consell de Ministres ha aprovat aquest dimarts un nou &#8220;paquet de mesures&#8221; complement\u00e0ries a totes les que ha anat adoptant des que va comen\u00e7ar la crisi pel coronavirus. Unes mesures que, com ha explicat en roda de premsa la portaveu de l\u2019executiu, Mar\u00eda Jes\u00fas Montero, demostren que &#8220;el Govern continua amb el seu comprom\u00eds&hellip;<\/p>\n","protected":false},"author":7,"featured_media":0,"comment_status":"open","ping_status":"open","sticky":false,"template":"","format":"standard","meta":{"footnotes":""},"categories":[1,190],"tags":[],"class_list":["post-26152","post","type-post","status-publish","format-standard","hentry","category-federacio-de-eivissa-portada","category-govern-despanya-congres-senat"],"yoast_head":"<!-- This site is optimized with the Yoast SEO plugin v26.9 - https:\/\/yoast.com\/product\/yoast-seo-wordpress\/ -->\n<title>El Consell de Ministres aprova mesures complement\u00e0ries &quot;perqu\u00e8 ning\u00fa es quedi endarrere&quot; \ufeff - Federaci\u00f3 Socialista d&#039;Eivissa<\/title>\n<meta name=\"robots\" content=\"index, follow, max-snippet:-1, max-image-preview:large, max-video-preview:-1\" \/>\n<link rel=\"canonical\" href=\"https:\/\/www.psib-psoe.org\/eivissa\/el-consell-de-ministres-aprova-mesures-complementaries-perque-ningu-es-quedi-endarrere-\ufeff\/\" \/>\n<meta property=\"og:locale\" content=\"ca_ES\" \/>\n<meta property=\"og:type\" content=\"article\" \/>\n<meta property=\"og:title\" content=\"El Consell de Ministres aprova mesures complement\u00e0ries &quot;perqu\u00e8 ning\u00fa es quedi endarrere&quot; \ufeff - Federaci\u00f3 Socialista d&#039;Eivissa\" \/>\n<meta property=\"og:description\" content=\"El Consell de Ministres ha aprovat aquest dimarts un nou &#8220;paquet de mesures&#8221; complement\u00e0ries a totes les que ha anat adoptant des que va comen\u00e7ar la crisi pel coronavirus. Unes mesures que, com ha explicat en roda de premsa la portaveu de l\u2019executiu, Mar\u00eda Jes\u00fas Montero, demostren que &#8220;el Govern continua amb el seu comprom\u00eds&hellip;\" \/>\n<meta property=\"og:url\" content=\"https:\/\/www.psib-psoe.org\/eivissa\/el-consell-de-ministres-aprova-mesures-complementaries-perque-ningu-es-quedi-endarrere-\ufeff\/\" \/>\n<meta property=\"og:site_name\" content=\"Federaci\u00f3 Socialista d&#039;Eivissa\" \/>\n<meta property=\"article:published_time\" content=\"2020-04-07T11:56:35+00:00\" \/>\n<meta property=\"article:modified_time\" content=\"2020-04-12T19:22:29+00:00\" \/>\n<meta name=\"author\" content=\"Josep Ripoll\" \/>\n<meta name=\"twitter:card\" content=\"summary_large_image\" \/>\n<meta name=\"twitter:label1\" content=\"Escrit per\" \/>\n\t<meta name=\"twitter:data1\" content=\"Josep Ripoll\" \/>\n\t<meta name=\"twitter:label2\" content=\"Temps estimat de lectura\" \/>\n\t<meta name=\"twitter:data2\" content=\"1 minut\" \/>\n<script type=\"application\/ld+json\" class=\"yoast-schema-graph\">{\"@context\":\"https:\/\/schema.org\",\"@graph\":[{\"@type\":[\"Article\",\"BlogPosting\"],\"@id\":\"https:\/\/www.psib-psoe.org\/eivissa\/el-consell-de-ministres-aprova-mesures-complementaries-perque-ningu-es-quedi-endarrere-%ef%bb%bf\/#article\",\"isPartOf\":{\"@id\":\"https:\/\/www.psib-psoe.org\/eivissa\/el-consell-de-ministres-aprova-mesures-complementaries-perque-ningu-es-quedi-endarrere-%ef%bb%bf\/\"},\"author\":{\"name\":\"Josep Ripoll\",\"@id\":\"https:\/\/www.psib-psoe.org\/eivissa\/#\/schema\/person\/7a9d2841fb36f32e34fc0e9b245e8117\"},\"headline\":\"El Consell de Ministres aprova mesures complement\u00e0ries &#8220;perqu\u00e8 ning\u00fa es quedi endarrere&#8221; \ufeff\",\"datePublished\":\"2020-04-07T11:56:35+00:00\",\"dateModified\":\"2020-04-12T19:22:29+00:00\",\"mainEntityOfPage\":{\"@id\":\"https:\/\/www.psib-psoe.org\/eivissa\/el-consell-de-ministres-aprova-mesures-complementaries-perque-ningu-es-quedi-endarrere-%ef%bb%bf\/\"},\"wordCount\":118,\"commentCount\":0,\"publisher\":{\"@id\":\"https:\/\/www.psib-psoe.org\/eivissa\/#organization\"},\"articleSection\":[\"Federaci\u00f3 d'Eivissa - Portada\",\"Govern d'Espanya - Congr\u00e9s - Senat - PSOE Federal\"],\"inLanguage\":\"ca\",\"potentialAction\":[{\"@type\":\"CommentAction\",\"name\":\"Comment\",\"target\":[\"https:\/\/www.psib-psoe.org\/eivissa\/el-consell-de-ministres-aprova-mesures-complementaries-perque-ningu-es-quedi-endarrere-%ef%bb%bf\/#respond\"]}]},{\"@type\":\"WebPage\",\"@id\":\"https:\/\/www.psib-psoe.org\/eivissa\/el-consell-de-ministres-aprova-mesures-complementaries-perque-ningu-es-quedi-endarrere-%ef%bb%bf\/\",\"url\":\"https:\/\/www.psib-psoe.org\/eivissa\/el-consell-de-ministres-aprova-mesures-complementaries-perque-ningu-es-quedi-endarrere-%ef%bb%bf\/\",\"name\":\"El Consell de Ministres aprova mesures complement\u00e0ries \\\"perqu\u00e8 ning\u00fa es quedi endarrere\\\" \ufeff - Federaci\u00f3 Socialista d&#039;Eivissa\",\"isPartOf\":{\"@id\":\"https:\/\/www.psib-psoe.org\/eivissa\/#website\"},\"datePublished\":\"2020-04-07T11:56:35+00:00\",\"dateModified\":\"2020-04-12T19:22:29+00:00\",\"breadcrumb\":{\"@id\":\"https:\/\/www.psib-psoe.org\/eivissa\/el-consell-de-ministres-aprova-mesures-complementaries-perque-ningu-es-quedi-endarrere-%ef%bb%bf\/#breadcrumb\"},\"inLanguage\":\"ca\",\"potentialAction\":[{\"@type\":\"ReadAction\",\"target\":[\"https:\/\/www.psib-psoe.org\/eivissa\/el-consell-de-ministres-aprova-mesures-complementaries-perque-ningu-es-quedi-endarrere-%ef%bb%bf\/\"]}]},{\"@type\":\"BreadcrumbList\",\"@id\":\"https:\/\/www.psib-psoe.org\/eivissa\/el-consell-de-ministres-aprova-mesures-complementaries-perque-ningu-es-quedi-endarrere-%ef%bb%bf\/#breadcrumb\",\"itemListElement\":[{\"@type\":\"ListItem\",\"position\":1,\"name\":\"Inici\",\"item\":\"https:\/\/www.psib-psoe.org\/eivissa\/\"},{\"@type\":\"ListItem\",\"position\":2,\"name\":\"El Consell de Ministres aprova mesures complement\u00e0ries &#8220;perqu\u00e8 ning\u00fa es quedi endarrere&#8221; \ufeff\"}]},{\"@type\":\"WebSite\",\"@id\":\"https:\/\/www.psib-psoe.org\/eivissa\/#website\",\"url\":\"https:\/\/www.psib-psoe.org\/eivissa\/\",\"name\":\"Federaci\u00f3 Socialista d'Eivissa\",\"description\":\"Socialistes d&#039;Eivissa\",\"publisher\":{\"@id\":\"https:\/\/www.psib-psoe.org\/eivissa\/#organization\"},\"potentialAction\":[{\"@type\":\"SearchAction\",\"target\":{\"@type\":\"EntryPoint\",\"urlTemplate\":\"https:\/\/www.psib-psoe.org\/eivissa\/?s={search_term_string}\"},\"query-input\":{\"@type\":\"PropertyValueSpecification\",\"valueRequired\":true,\"valueName\":\"search_term_string\"}}],\"inLanguage\":\"ca\"},{\"@type\":\"Organization\",\"@id\":\"https:\/\/www.psib-psoe.org\/eivissa\/#organization\",\"name\":\"Federaci\u00f3 Socialista d'Eivissa\",\"url\":\"https:\/\/www.psib-psoe.org\/eivissa\/\",\"logo\":{\"@type\":\"ImageObject\",\"inLanguage\":\"ca\",\"@id\":\"https:\/\/www.psib-psoe.org\/eivissa\/#\/schema\/logo\/image\/\",\"url\":\"https:\/\/www.psib-psoe.org\/eivissa\/wp-content\/uploads\/LOGO-FSE-SOCIALISTA-DEIVISSA-HORI.png\",\"contentUrl\":\"https:\/\/www.psib-psoe.org\/eivissa\/wp-content\/uploads\/LOGO-FSE-SOCIALISTA-DEIVISSA-HORI.png\",\"width\":6000,\"height\":3104,\"caption\":\"Federaci\u00f3 Socialista d'Eivissa\"},\"image\":{\"@id\":\"https:\/\/www.psib-psoe.org\/eivissa\/#\/schema\/logo\/image\/\"}},{\"@type\":\"Person\",\"@id\":\"https:\/\/www.psib-psoe.org\/eivissa\/#\/schema\/person\/7a9d2841fb36f32e34fc0e9b245e8117\",\"name\":\"Josep Ripoll\",\"sameAs\":[\"http:\/\/www.psib-psoe.org\/eivissa\/wp-login.php\"],\"url\":\"https:\/\/www.psib-psoe.org\/eivissa\/author\/josep\/\"}]}<\/script>\n<!-- \/ Yoast SEO plugin. -->","yoast_head_json":{"title":"El Consell de Ministres aprova mesures complement\u00e0ries \"perqu\u00e8 ning\u00fa es quedi endarrere\" \ufeff - Federaci\u00f3 Socialista d&#039;Eivissa","robots":{"index":"index","follow":"follow","max-snippet":"max-snippet:-1","max-image-preview":"max-image-preview:large","max-video-preview":"max-video-preview:-1"},"canonical":"https:\/\/www.psib-psoe.org\/eivissa\/el-consell-de-ministres-aprova-mesures-complementaries-perque-ningu-es-quedi-endarrere-\ufeff\/","og_locale":"ca_ES","og_type":"article","og_title":"El Consell de Ministres aprova mesures complement\u00e0ries \"perqu\u00e8 ning\u00fa es quedi endarrere\" \ufeff - Federaci\u00f3 Socialista d&#039;Eivissa","og_description":"El Consell de Ministres ha aprovat aquest dimarts un nou &#8220;paquet de mesures&#8221; complement\u00e0ries a totes les que ha anat adoptant des que va comen\u00e7ar la crisi pel coronavirus. Unes mesures que, com ha explicat en roda de premsa la portaveu de l\u2019executiu, Mar\u00eda Jes\u00fas Montero, demostren que &#8220;el Govern continua amb el seu comprom\u00eds&hellip;","og_url":"https:\/\/www.psib-psoe.org\/eivissa\/el-consell-de-ministres-aprova-mesures-complementaries-perque-ningu-es-quedi-endarrere-\ufeff\/","og_site_name":"Federaci\u00f3 Socialista d&#039;Eivissa","article_published_time":"2020-04-07T11:56:35+00:00","article_modified_time":"2020-04-12T19:22:29+00:00","author":"Josep Ripoll","twitter_card":"summary_large_image","twitter_misc":{"Escrit per":"Josep Ripoll","Temps estimat de lectura":"1 minut"},"schema":{"@context":"https:\/\/schema.org","@graph":[{"@type":["Article","BlogPosting"],"@id":"https:\/\/www.psib-psoe.org\/eivissa\/el-consell-de-ministres-aprova-mesures-complementaries-perque-ningu-es-quedi-endarrere-%ef%bb%bf\/#article","isPartOf":{"@id":"https:\/\/www.psib-psoe.org\/eivissa\/el-consell-de-ministres-aprova-mesures-complementaries-perque-ningu-es-quedi-endarrere-%ef%bb%bf\/"},"author":{"name":"Josep Ripoll","@id":"https:\/\/www.psib-psoe.org\/eivissa\/#\/schema\/person\/7a9d2841fb36f32e34fc0e9b245e8117"},"headline":"El Consell de Ministres aprova mesures complement\u00e0ries &#8220;perqu\u00e8 ning\u00fa es quedi endarrere&#8221; \ufeff","datePublished":"2020-04-07T11:56:35+00:00","dateModified":"2020-04-12T19:22:29+00:00","mainEntityOfPage":{"@id":"https:\/\/www.psib-psoe.org\/eivissa\/el-consell-de-ministres-aprova-mesures-complementaries-perque-ningu-es-quedi-endarrere-%ef%bb%bf\/"},"wordCount":118,"commentCount":0,"publisher":{"@id":"https:\/\/www.psib-psoe.org\/eivissa\/#organization"},"articleSection":["Federaci\u00f3 d'Eivissa - Portada","Govern d'Espanya - Congr\u00e9s - Senat - PSOE Federal"],"inLanguage":"ca","potentialAction":[{"@type":"CommentAction","name":"Comment","target":["https:\/\/www.psib-psoe.org\/eivissa\/el-consell-de-ministres-aprova-mesures-complementaries-perque-ningu-es-quedi-endarrere-%ef%bb%bf\/#respond"]}]},{"@type":"WebPage","@id":"https:\/\/www.psib-psoe.org\/eivissa\/el-consell-de-ministres-aprova-mesures-complementaries-perque-ningu-es-quedi-endarrere-%ef%bb%bf\/","url":"https:\/\/www.psib-psoe.org\/eivissa\/el-consell-de-ministres-aprova-mesures-complementaries-perque-ningu-es-quedi-endarrere-%ef%bb%bf\/","name":"El Consell de Ministres aprova mesures complement\u00e0ries \"perqu\u00e8 ning\u00fa es quedi endarrere\" \ufeff - Federaci\u00f3 Socialista d&#039;Eivissa","isPartOf":{"@id":"https:\/\/www.psib-psoe.org\/eivissa\/#website"},"datePublished":"2020-04-07T11:56:35+00:00","dateModified":"2020-04-12T19:22:29+00:00","breadcrumb":{"@id":"https:\/\/www.psib-psoe.org\/eivissa\/el-consell-de-ministres-aprova-mesures-complementaries-perque-ningu-es-quedi-endarrere-%ef%bb%bf\/#breadcrumb"},"inLanguage":"ca","potentialAction":[{"@type":"ReadAction","target":["https:\/\/www.psib-psoe.org\/eivissa\/el-consell-de-ministres-aprova-mesures-complementaries-perque-ningu-es-quedi-endarrere-%ef%bb%bf\/"]}]},{"@type":"BreadcrumbList","@id":"https:\/\/www.psib-psoe.org\/eivissa\/el-consell-de-ministres-aprova-mesures-complementaries-perque-ningu-es-quedi-endarrere-%ef%bb%bf\/#breadcrumb","itemListElement":[{"@type":"ListItem","position":1,"name":"Inici","item":"https:\/\/www.psib-psoe.org\/eivissa\/"},{"@type":"ListItem","position":2,"name":"El Consell de Ministres aprova mesures complement\u00e0ries &#8220;perqu\u00e8 ning\u00fa es quedi endarrere&#8221; \ufeff"}]},{"@type":"WebSite","@id":"https:\/\/www.psib-psoe.org\/eivissa\/#website","url":"https:\/\/www.psib-psoe.org\/eivissa\/","name":"Federaci\u00f3 Socialista d'Eivissa","description":"Socialistes d&#039;Eivissa","publisher":{"@id":"https:\/\/www.psib-psoe.org\/eivissa\/#organization"},"potentialAction":[{"@type":"SearchAction","target":{"@type":"EntryPoint","urlTemplate":"https:\/\/www.psib-psoe.org\/eivissa\/?s={search_term_string}"},"query-input":{"@type":"PropertyValueSpecification","valueRequired":true,"valueName":"search_term_string"}}],"inLanguage":"ca"},{"@type":"Organization","@id":"https:\/\/www.psib-psoe.org\/eivissa\/#organization","name":"Federaci\u00f3 Socialista d'Eivissa","url":"https:\/\/www.psib-psoe.org\/eivissa\/","logo":{"@type":"ImageObject","inLanguage":"ca","@id":"https:\/\/www.psib-psoe.org\/eivissa\/#\/schema\/logo\/image\/","url":"https:\/\/www.psib-psoe.org\/eivissa\/wp-content\/uploads\/LOGO-FSE-SOCIALISTA-DEIVISSA-HORI.png","contentUrl":"https:\/\/www.psib-psoe.org\/eivissa\/wp-content\/uploads\/LOGO-FSE-SOCIALISTA-DEIVISSA-HORI.png","width":6000,"height":3104,"caption":"Federaci\u00f3 Socialista d'Eivissa"},"image":{"@id":"https:\/\/www.psib-psoe.org\/eivissa\/#\/schema\/logo\/image\/"}},{"@type":"Person","@id":"https:\/\/www.psib-psoe.org\/eivissa\/#\/schema\/person\/7a9d2841fb36f32e34fc0e9b245e8117","name":"Josep Ripoll","sameAs":["http:\/\/www.psib-psoe.org\/eivissa\/wp-login.php"],"url":"https:\/\/www.psib-psoe.org\/eivissa\/author\/josep\/"}]}},"_links":{"self":[{"href":"https:\/\/www.psib-psoe.org\/eivissa\/wp-json\/wp\/v2\/posts\/26152","targetHints":{"allow":["GET"]}}],"collection":[{"href":"https:\/\/www.psib-psoe.org\/eivissa\/wp-json\/wp\/v2\/posts"}],"about":[{"href":"https:\/\/www.psib-psoe.org\/eivissa\/wp-json\/wp\/v2\/types\/post"}],"author":[{"embeddable":true,"href":"https:\/\/www.psib-psoe.org\/eivissa\/wp-json\/wp\/v2\/users\/7"}],"replies":[{"embeddable":true,"href":"https:\/\/www.psib-psoe.org\/eivissa\/wp-json\/wp\/v2\/comments?post=26152"}],"version-history":[{"count":1,"href":"https:\/\/www.psib-psoe.org\/eivissa\/wp-json\/wp\/v2\/posts\/26152\/revisions"}],"predecessor-version":[{"id":26338,"href":"https:\/\/www.psib-psoe.org\/eivissa\/wp-json\/wp\/v2\/posts\/26152\/revisions\/26338"}],"wp:attachment":[{"href":"https:\/\/www.psib-psoe.org\/eivissa\/wp-json\/wp\/v2\/media?parent=26152"}],"wp:term":[{"taxonomy":"category","embeddable":true,"href":"https:\/\/www.psib-psoe.org\/eivissa\/wp-json\/wp\/v2\/categories?post=26152"},{"taxonomy":"post_tag","embeddable":true,"href":"https:\/\/www.psib-psoe.org\/eivissa\/wp-json\/wp\/v2\/tags?post=26152"}],"curies":[{"name":"wp","href":"https:\/\/api.w.org\/{rel}","templated":true}]}}