{"id":26157,"date":"2020-04-07T13:56:35","date_gmt":"2020-04-07T11:56:35","guid":{"rendered":"http:\/\/www.psib-psoe.org\/eivissa\/el-grup-psoe-al-consell-insular-demana-la-convocatoria-formal-de-la-junta-de-portaveus\/"},"modified":"2020-04-22T19:05:51","modified_gmt":"2020-04-22T17:05:51","slug":"el-grup-psoe-al-consell-insular-demana-la-convocatoria-formal-de-la-junta-de-portaveus","status":"publish","type":"post","link":"https:\/\/www.psib-psoe.org\/eivissa\/el-grup-psoe-al-consell-insular-demana-la-convocatoria-formal-de-la-junta-de-portaveus\/","title":{"rendered":"El grup PSOE al Consell Insular demana la convocat\u00f2ria formal de la Junta de Portaveus"},"content":{"rendered":"El grup PSOE del Consell Insular ha sol\u00b7licitat la convocat\u00f2ria de la Junta de Portaveus, per tal que s&#8217;informi &#8220;de la situaci\u00f3 respecte a mesures de seguretat i higiene, a l\u2019afectaci\u00f3 sobre els serveis que presta a la ciutadania i en general tots els seus \u00e0mbits competencials del Consell Insular, l\u2019organitzaci\u00f3 i protecci\u00f3 del personal de l\u2019administraci\u00f3, la situaci\u00f3 dels contractes p\u00fablics en tramitaci\u00f3 i en execuci\u00f3, tant d\u2019obra com de serveis, i\/o qualsevol altra q\u00fcesti\u00f3 que sigui d\u2019inter\u00e8s amb relaci\u00f3 al funcionament de la instituci\u00f3 en la lluita contra la pand\u00e8mia&#8221;.\n\n<!-- \/wp:post-content -->\n\n<!-- wp:paragraph -->\n\nFins al moment, el govern de Vicent Mar\u00ed nom\u00e9s ha convocat una reuni\u00f3 no formal amb els altres grups, despr\u00e9s que el grup PSOE deman\u00e0s m\u00e9s informaci\u00f3. La reuni\u00f3 telem\u00e0tica va tenir lloc divendres passat, 27 de mar\u00e7. Per part del PSOE consideram que la convocat\u00f2ria de Junta de Portaveus ha de ser formal per donar m\u00e9s informaci\u00f3 als grups de les mesures que es prenen a terme.","protected":false},"excerpt":{"rendered":"<p>El grup PSOE del Consell Insular ha sol\u00b7licitat la convocat\u00f2ria de la Junta de Portaveus, per tal que s&#8217;informi &#8220;de la situaci\u00f3 respecte a mesures de seguretat i higiene, a l\u2019afectaci\u00f3 sobre els serveis que presta a la ciutadania i en general tots els seus \u00e0mbits competencials del Consell Insular, l\u2019organitzaci\u00f3 i protecci\u00f3 del personal&hellip;<\/p>\n","protected":false},"author":7,"featured_media":0,"comment_status":"open","ping_status":"open","sticky":false,"template":"","format":"standard","meta":{"footnotes":""},"categories":[192,254,1],"tags":[],"class_list":["post-26157","post","type-post","status-publish","format-standard","hentry","category-consell-deivissa","category-covid-19","category-federacio-de-eivissa-portada"],"yoast_head":"<!-- This site is optimized with the Yoast SEO plugin v26.9 - https:\/\/yoast.com\/product\/yoast-seo-wordpress\/ -->\n<title>El grup PSOE al Consell Insular demana la convocat\u00f2ria formal de la Junta de Portaveus - Federaci\u00f3 Socialista d&#039;Eivissa<\/title>\n<meta name=\"robots\" content=\"index, follow, max-snippet:-1, max-image-preview:large, max-video-preview:-1\" \/>\n<link rel=\"canonical\" href=\"https:\/\/www.psib-psoe.org\/eivissa\/el-grup-psoe-al-consell-insular-demana-la-convocatoria-formal-de-la-junta-de-portaveus\/\" \/>\n<meta property=\"og:locale\" content=\"ca_ES\" \/>\n<meta property=\"og:type\" content=\"article\" \/>\n<meta property=\"og:title\" content=\"El grup PSOE al Consell Insular demana la convocat\u00f2ria formal de la Junta de Portaveus - Federaci\u00f3 Socialista d&#039;Eivissa\" \/>\n<meta property=\"og:description\" content=\"El grup PSOE del Consell Insular ha sol\u00b7licitat la convocat\u00f2ria de la Junta de Portaveus, per tal que s&#8217;informi &#8220;de la situaci\u00f3 respecte a mesures de seguretat i higiene, a l\u2019afectaci\u00f3 sobre els serveis que presta a la ciutadania i en general tots els seus \u00e0mbits competencials del Consell Insular, l\u2019organitzaci\u00f3 i protecci\u00f3 del personal&hellip;\" \/>\n<meta property=\"og:url\" content=\"https:\/\/www.psib-psoe.org\/eivissa\/el-grup-psoe-al-consell-insular-demana-la-convocatoria-formal-de-la-junta-de-portaveus\/\" \/>\n<meta property=\"og:site_name\" content=\"Federaci\u00f3 Socialista d&#039;Eivissa\" \/>\n<meta property=\"article:published_time\" content=\"2020-04-07T11:56:35+00:00\" \/>\n<meta property=\"article:modified_time\" content=\"2020-04-22T17:05:51+00:00\" \/>\n<meta name=\"author\" content=\"Josep Ripoll\" \/>\n<meta name=\"twitter:card\" content=\"summary_large_image\" \/>\n<meta name=\"twitter:label1\" content=\"Escrit per\" \/>\n\t<meta name=\"twitter:data1\" content=\"Josep Ripoll\" \/>\n\t<meta name=\"twitter:label2\" content=\"Temps estimat de lectura\" \/>\n\t<meta name=\"twitter:data2\" content=\"1 minut\" \/>\n<script type=\"application\/ld+json\" class=\"yoast-schema-graph\">{\"@context\":\"https:\/\/schema.org\",\"@graph\":[{\"@type\":[\"Article\",\"BlogPosting\"],\"@id\":\"https:\/\/www.psib-psoe.org\/eivissa\/el-grup-psoe-al-consell-insular-demana-la-convocatoria-formal-de-la-junta-de-portaveus\/#article\",\"isPartOf\":{\"@id\":\"https:\/\/www.psib-psoe.org\/eivissa\/el-grup-psoe-al-consell-insular-demana-la-convocatoria-formal-de-la-junta-de-portaveus\/\"},\"author\":{\"name\":\"Josep Ripoll\",\"@id\":\"https:\/\/www.psib-psoe.org\/eivissa\/#\/schema\/person\/7a9d2841fb36f32e34fc0e9b245e8117\"},\"headline\":\"El grup PSOE al Consell Insular demana la convocat\u00f2ria formal de la Junta de Portaveus\",\"datePublished\":\"2020-04-07T11:56:35+00:00\",\"dateModified\":\"2020-04-22T17:05:51+00:00\",\"mainEntityOfPage\":{\"@id\":\"https:\/\/www.psib-psoe.org\/eivissa\/el-grup-psoe-al-consell-insular-demana-la-convocatoria-formal-de-la-junta-de-portaveus\/\"},\"wordCount\":194,\"commentCount\":0,\"publisher\":{\"@id\":\"https:\/\/www.psib-psoe.org\/eivissa\/#organization\"},\"articleSection\":[\"Consell d'Eivissa\",\"Covid-19\",\"Federaci\u00f3 d'Eivissa - Portada\"],\"inLanguage\":\"ca\",\"potentialAction\":[{\"@type\":\"CommentAction\",\"name\":\"Comment\",\"target\":[\"https:\/\/www.psib-psoe.org\/eivissa\/el-grup-psoe-al-consell-insular-demana-la-convocatoria-formal-de-la-junta-de-portaveus\/#respond\"]}]},{\"@type\":\"WebPage\",\"@id\":\"https:\/\/www.psib-psoe.org\/eivissa\/el-grup-psoe-al-consell-insular-demana-la-convocatoria-formal-de-la-junta-de-portaveus\/\",\"url\":\"https:\/\/www.psib-psoe.org\/eivissa\/el-grup-psoe-al-consell-insular-demana-la-convocatoria-formal-de-la-junta-de-portaveus\/\",\"name\":\"El grup PSOE al Consell Insular demana la convocat\u00f2ria formal de la Junta de Portaveus - Federaci\u00f3 Socialista d&#039;Eivissa\",\"isPartOf\":{\"@id\":\"https:\/\/www.psib-psoe.org\/eivissa\/#website\"},\"datePublished\":\"2020-04-07T11:56:35+00:00\",\"dateModified\":\"2020-04-22T17:05:51+00:00\",\"breadcrumb\":{\"@id\":\"https:\/\/www.psib-psoe.org\/eivissa\/el-grup-psoe-al-consell-insular-demana-la-convocatoria-formal-de-la-junta-de-portaveus\/#breadcrumb\"},\"inLanguage\":\"ca\",\"potentialAction\":[{\"@type\":\"ReadAction\",\"target\":[\"https:\/\/www.psib-psoe.org\/eivissa\/el-grup-psoe-al-consell-insular-demana-la-convocatoria-formal-de-la-junta-de-portaveus\/\"]}]},{\"@type\":\"BreadcrumbList\",\"@id\":\"https:\/\/www.psib-psoe.org\/eivissa\/el-grup-psoe-al-consell-insular-demana-la-convocatoria-formal-de-la-junta-de-portaveus\/#breadcrumb\",\"itemListElement\":[{\"@type\":\"ListItem\",\"position\":1,\"name\":\"Inici\",\"item\":\"https:\/\/www.psib-psoe.org\/eivissa\/\"},{\"@type\":\"ListItem\",\"position\":2,\"name\":\"El grup PSOE al Consell Insular demana la convocat\u00f2ria formal de la Junta de Portaveus\"}]},{\"@type\":\"WebSite\",\"@id\":\"https:\/\/www.psib-psoe.org\/eivissa\/#website\",\"url\":\"https:\/\/www.psib-psoe.org\/eivissa\/\",\"name\":\"Federaci\u00f3 Socialista d'Eivissa\",\"description\":\"Socialistes d&#039;Eivissa\",\"publisher\":{\"@id\":\"https:\/\/www.psib-psoe.org\/eivissa\/#organization\"},\"potentialAction\":[{\"@type\":\"SearchAction\",\"target\":{\"@type\":\"EntryPoint\",\"urlTemplate\":\"https:\/\/www.psib-psoe.org\/eivissa\/?s={search_term_string}\"},\"query-input\":{\"@type\":\"PropertyValueSpecification\",\"valueRequired\":true,\"valueName\":\"search_term_string\"}}],\"inLanguage\":\"ca\"},{\"@type\":\"Organization\",\"@id\":\"https:\/\/www.psib-psoe.org\/eivissa\/#organization\",\"name\":\"Federaci\u00f3 Socialista d'Eivissa\",\"url\":\"https:\/\/www.psib-psoe.org\/eivissa\/\",\"logo\":{\"@type\":\"ImageObject\",\"inLanguage\":\"ca\",\"@id\":\"https:\/\/www.psib-psoe.org\/eivissa\/#\/schema\/logo\/image\/\",\"url\":\"https:\/\/www.psib-psoe.org\/eivissa\/wp-content\/uploads\/LOGO-FSE-SOCIALISTA-DEIVISSA-HORI.png\",\"contentUrl\":\"https:\/\/www.psib-psoe.org\/eivissa\/wp-content\/uploads\/LOGO-FSE-SOCIALISTA-DEIVISSA-HORI.png\",\"width\":6000,\"height\":3104,\"caption\":\"Federaci\u00f3 Socialista d'Eivissa\"},\"image\":{\"@id\":\"https:\/\/www.psib-psoe.org\/eivissa\/#\/schema\/logo\/image\/\"}},{\"@type\":\"Person\",\"@id\":\"https:\/\/www.psib-psoe.org\/eivissa\/#\/schema\/person\/7a9d2841fb36f32e34fc0e9b245e8117\",\"name\":\"Josep Ripoll\",\"sameAs\":[\"http:\/\/www.psib-psoe.org\/eivissa\/wp-login.php\"],\"url\":\"https:\/\/www.psib-psoe.org\/eivissa\/author\/josep\/\"}]}<\/script>\n<!-- \/ Yoast SEO plugin. -->","yoast_head_json":{"title":"El grup PSOE al Consell Insular demana la convocat\u00f2ria formal de la Junta de Portaveus - Federaci\u00f3 Socialista d&#039;Eivissa","robots":{"index":"index","follow":"follow","max-snippet":"max-snippet:-1","max-image-preview":"max-image-preview:large","max-video-preview":"max-video-preview:-1"},"canonical":"https:\/\/www.psib-psoe.org\/eivissa\/el-grup-psoe-al-consell-insular-demana-la-convocatoria-formal-de-la-junta-de-portaveus\/","og_locale":"ca_ES","og_type":"article","og_title":"El grup PSOE al Consell Insular demana la convocat\u00f2ria formal de la Junta de Portaveus - Federaci\u00f3 Socialista d&#039;Eivissa","og_description":"El grup PSOE del Consell Insular ha sol\u00b7licitat la convocat\u00f2ria de la Junta de Portaveus, per tal que s&#8217;informi &#8220;de la situaci\u00f3 respecte a mesures de seguretat i higiene, a l\u2019afectaci\u00f3 sobre els serveis que presta a la ciutadania i en general tots els seus \u00e0mbits competencials del Consell Insular, l\u2019organitzaci\u00f3 i protecci\u00f3 del personal&hellip;","og_url":"https:\/\/www.psib-psoe.org\/eivissa\/el-grup-psoe-al-consell-insular-demana-la-convocatoria-formal-de-la-junta-de-portaveus\/","og_site_name":"Federaci\u00f3 Socialista d&#039;Eivissa","article_published_time":"2020-04-07T11:56:35+00:00","article_modified_time":"2020-04-22T17:05:51+00:00","author":"Josep Ripoll","twitter_card":"summary_large_image","twitter_misc":{"Escrit per":"Josep Ripoll","Temps estimat de lectura":"1 minut"},"schema":{"@context":"https:\/\/schema.org","@graph":[{"@type":["Article","BlogPosting"],"@id":"https:\/\/www.psib-psoe.org\/eivissa\/el-grup-psoe-al-consell-insular-demana-la-convocatoria-formal-de-la-junta-de-portaveus\/#article","isPartOf":{"@id":"https:\/\/www.psib-psoe.org\/eivissa\/el-grup-psoe-al-consell-insular-demana-la-convocatoria-formal-de-la-junta-de-portaveus\/"},"author":{"name":"Josep Ripoll","@id":"https:\/\/www.psib-psoe.org\/eivissa\/#\/schema\/person\/7a9d2841fb36f32e34fc0e9b245e8117"},"headline":"El grup PSOE al Consell Insular demana la convocat\u00f2ria formal de la Junta de Portaveus","datePublished":"2020-04-07T11:56:35+00:00","dateModified":"2020-04-22T17:05:51+00:00","mainEntityOfPage":{"@id":"https:\/\/www.psib-psoe.org\/eivissa\/el-grup-psoe-al-consell-insular-demana-la-convocatoria-formal-de-la-junta-de-portaveus\/"},"wordCount":194,"commentCount":0,"publisher":{"@id":"https:\/\/www.psib-psoe.org\/eivissa\/#organization"},"articleSection":["Consell d'Eivissa","Covid-19","Federaci\u00f3 d'Eivissa - Portada"],"inLanguage":"ca","potentialAction":[{"@type":"CommentAction","name":"Comment","target":["https:\/\/www.psib-psoe.org\/eivissa\/el-grup-psoe-al-consell-insular-demana-la-convocatoria-formal-de-la-junta-de-portaveus\/#respond"]}]},{"@type":"WebPage","@id":"https:\/\/www.psib-psoe.org\/eivissa\/el-grup-psoe-al-consell-insular-demana-la-convocatoria-formal-de-la-junta-de-portaveus\/","url":"https:\/\/www.psib-psoe.org\/eivissa\/el-grup-psoe-al-consell-insular-demana-la-convocatoria-formal-de-la-junta-de-portaveus\/","name":"El grup PSOE al Consell Insular demana la convocat\u00f2ria formal de la Junta de Portaveus - Federaci\u00f3 Socialista d&#039;Eivissa","isPartOf":{"@id":"https:\/\/www.psib-psoe.org\/eivissa\/#website"},"datePublished":"2020-04-07T11:56:35+00:00","dateModified":"2020-04-22T17:05:51+00:00","breadcrumb":{"@id":"https:\/\/www.psib-psoe.org\/eivissa\/el-grup-psoe-al-consell-insular-demana-la-convocatoria-formal-de-la-junta-de-portaveus\/#breadcrumb"},"inLanguage":"ca","potentialAction":[{"@type":"ReadAction","target":["https:\/\/www.psib-psoe.org\/eivissa\/el-grup-psoe-al-consell-insular-demana-la-convocatoria-formal-de-la-junta-de-portaveus\/"]}]},{"@type":"BreadcrumbList","@id":"https:\/\/www.psib-psoe.org\/eivissa\/el-grup-psoe-al-consell-insular-demana-la-convocatoria-formal-de-la-junta-de-portaveus\/#breadcrumb","itemListElement":[{"@type":"ListItem","position":1,"name":"Inici","item":"https:\/\/www.psib-psoe.org\/eivissa\/"},{"@type":"ListItem","position":2,"name":"El grup PSOE al Consell Insular demana la convocat\u00f2ria formal de la Junta de Portaveus"}]},{"@type":"WebSite","@id":"https:\/\/www.psib-psoe.org\/eivissa\/#website","url":"https:\/\/www.psib-psoe.org\/eivissa\/","name":"Federaci\u00f3 Socialista d'Eivissa","description":"Socialistes d&#039;Eivissa","publisher":{"@id":"https:\/\/www.psib-psoe.org\/eivissa\/#organization"},"potentialAction":[{"@type":"SearchAction","target":{"@type":"EntryPoint","urlTemplate":"https:\/\/www.psib-psoe.org\/eivissa\/?s={search_term_string}"},"query-input":{"@type":"PropertyValueSpecification","valueRequired":true,"valueName":"search_term_string"}}],"inLanguage":"ca"},{"@type":"Organization","@id":"https:\/\/www.psib-psoe.org\/eivissa\/#organization","name":"Federaci\u00f3 Socialista d'Eivissa","url":"https:\/\/www.psib-psoe.org\/eivissa\/","logo":{"@type":"ImageObject","inLanguage":"ca","@id":"https:\/\/www.psib-psoe.org\/eivissa\/#\/schema\/logo\/image\/","url":"https:\/\/www.psib-psoe.org\/eivissa\/wp-content\/uploads\/LOGO-FSE-SOCIALISTA-DEIVISSA-HORI.png","contentUrl":"https:\/\/www.psib-psoe.org\/eivissa\/wp-content\/uploads\/LOGO-FSE-SOCIALISTA-DEIVISSA-HORI.png","width":6000,"height":3104,"caption":"Federaci\u00f3 Socialista d'Eivissa"},"image":{"@id":"https:\/\/www.psib-psoe.org\/eivissa\/#\/schema\/logo\/image\/"}},{"@type":"Person","@id":"https:\/\/www.psib-psoe.org\/eivissa\/#\/schema\/person\/7a9d2841fb36f32e34fc0e9b245e8117","name":"Josep Ripoll","sameAs":["http:\/\/www.psib-psoe.org\/eivissa\/wp-login.php"],"url":"https:\/\/www.psib-psoe.org\/eivissa\/author\/josep\/"}]}},"_links":{"self":[{"href":"https:\/\/www.psib-psoe.org\/eivissa\/wp-json\/wp\/v2\/posts\/26157","targetHints":{"allow":["GET"]}}],"collection":[{"href":"https:\/\/www.psib-psoe.org\/eivissa\/wp-json\/wp\/v2\/posts"}],"about":[{"href":"https:\/\/www.psib-psoe.org\/eivissa\/wp-json\/wp\/v2\/types\/post"}],"author":[{"embeddable":true,"href":"https:\/\/www.psib-psoe.org\/eivissa\/wp-json\/wp\/v2\/users\/7"}],"replies":[{"embeddable":true,"href":"https:\/\/www.psib-psoe.org\/eivissa\/wp-json\/wp\/v2\/comments?post=26157"}],"version-history":[{"count":1,"href":"https:\/\/www.psib-psoe.org\/eivissa\/wp-json\/wp\/v2\/posts\/26157\/revisions"}],"predecessor-version":[{"id":26333,"href":"https:\/\/www.psib-psoe.org\/eivissa\/wp-json\/wp\/v2\/posts\/26157\/revisions\/26333"}],"wp:attachment":[{"href":"https:\/\/www.psib-psoe.org\/eivissa\/wp-json\/wp\/v2\/media?parent=26157"}],"wp:term":[{"taxonomy":"category","embeddable":true,"href":"https:\/\/www.psib-psoe.org\/eivissa\/wp-json\/wp\/v2\/categories?post=26157"},{"taxonomy":"post_tag","embeddable":true,"href":"https:\/\/www.psib-psoe.org\/eivissa\/wp-json\/wp\/v2\/tags?post=26157"}],"curies":[{"name":"wp","href":"https:\/\/api.w.org\/{rel}","templated":true}]}}