{"id":26165,"date":"2020-03-04T13:56:41","date_gmt":"2020-03-04T11:56:41","guid":{"rendered":"http:\/\/www.psib-psoe.org\/eivissa\/la-ministra-de-turisme-anuncia-linici-de-les-obres-del-parador-deivissa-que-estaran-acabades-en-2022\/"},"modified":"2020-04-14T13:14:22","modified_gmt":"2020-04-14T11:14:22","slug":"la-ministra-de-turisme-anuncia-linici-de-les-obres-del-parador-deivissa-que-estaran-acabades-en-2022","status":"publish","type":"post","link":"https:\/\/www.psib-psoe.org\/eivissa\/la-ministra-de-turisme-anuncia-linici-de-les-obres-del-parador-deivissa-que-estaran-acabades-en-2022\/","title":{"rendered":"La ministra de Turisme anuncia l&#8217;inici de les obres del Parador d&#8217;Eivissa, que estaran acabades en 2022"},"content":{"rendered":"\n<p>Les obres de finalitzaci\u00f3 del\u00a0Parador\u00a0de Turisme d&#8217;Eivissa ja s&#8217;han iniciat i finalitzaran a l&#8217;estiu de 2022, despr\u00e9s d&#8217;una inversi\u00f3 de 21 milions d&#8217;euros. Aix\u00ed ho ha anunciat en el Ple del Senat celebrat aquesta tarda la ministra de Turisme, Reyes Maroto, a pregunta de la senadora d\u2019Eivissa i Formentera, Patricia Abascal.<\/p>\n\n\n\n<p>La ministra de Turisme ha recordat que \u201cel&nbsp;Parador&nbsp;portava aturat m\u00e9s de 8 anys, amb la conseg\u00fcent deterioraci\u00f3 de l&#8217;edifici, per\u00f2 tamb\u00e9 de l&#8217;entorn, perqu\u00e8 com saben es troba dins del conjunt patrimonial protegit per la Unesco en 1999\u201d.<\/p>\n\n\n\n<p>La ministra ha anunciat que el \u201c20 de febrer, fa a penes uns dies, s&#8217;ha enviat el pla d&#8217;obra. Han comen\u00e7at els treballs de la constructora sobre el terreny, per a 2020 est\u00e0 prevista una inversi\u00f3 en el&nbsp;Parador&nbsp;de 6 milions d&#8217;euros i, segons el pla d&#8217;obra, esperem que finalitzin les obres a l&#8217;estiu de 2022, tret que sorgeixin algunes incid\u00e8ncies que obliguin a retardar-lo,  la cual cosa que esperem que no ocorri\u201d.<\/p>\n\n\n\n<p>Com ha explicat la ministra, \u201cuna vegada que&nbsp;Turespa\u00f1a&nbsp;finalitzi les obres, com dic a l&#8217;estiu de 2022, es lliurar\u00e0 a la societat&nbsp;Paradores&nbsp;per a la seva posada en funcionament\u201d. Un&nbsp;Parador&nbsp;\u201cmolt esperat\u201d, ha remarcat la ministra, ja que \u201cla ciutat porta 15 anys esperant la seva finalitzaci\u00f3\u201d.<\/p>\n\n\n\n<p>A m\u00e9s del seu \u201cgran valor\u201d ser\u00e0 \u201cgenerador d&#8217;ocupaci\u00f3, d&#8217;impacte econ\u00f2mic per a l&#8217;illa i tamb\u00e9 de dinamitzaci\u00f3 social i cultural de la ciutat\u201d.<\/p>\n\n\n\n<p>La ministra ha realitzat l&#8217;anunci a pregunta de la senadora d&#8217;Eivissa i Formentera, Patricia Abascal. En la seva intervenci\u00f3, la senadora ha recordat els antecedents d&#8217;un projecte aprovat en 2004 i que va estar paralitzat durant les legislatures del Partit Popular: \u201cEl m\u00e9s greu \u00e9s que el PP, a m\u00e9s de retallar tot el que va poder i m\u00e9s, carregant sobre l&#8217;esquena de la societat el pitjor de la crisi, ens va estar enganyant i mentint tot el temps comen\u00e7ant pel senador Mar\u00ed&nbsp;Bos\u00f3, qui per cert avui no \u00e9s aqu\u00ed, i tots els seus\u201d.<\/p>\n\n\n\n<p>Abascal s&#8217;ha referit a la \u201cpitjor secret\u00e0ria de Turisme que ha sofert la nostra illa amb la complicitat del senyor Mar\u00ed&nbsp;Bos\u00f3, Isabel&nbsp;Borrego\u201d, que \u201cens va dir al juny de 2012, paraules textuals, que el projecte del&nbsp;Parador&nbsp;\u201ccontinua\u201d i que no estaria afectat per la situaci\u00f3 en qu\u00e8 es trobava&nbsp;Paradores\u201d.<\/p>\n\n\n\n<p>La senadora ha continuat explicant que \u201cun any despr\u00e9s, al juliol del 2013, la senyora&nbsp;Borrego&nbsp;va tornar a mentir, es va atrevir a dir que acabarien el&nbsp;Parador&nbsp;de&nbsp;Dalt&nbsp;Vila. Van passar 6 llargs anys i el&nbsp;Parador&nbsp;va estar parat i abandonat, amb les obres a mitj\u00e0 fer, no es va tocar ni una pedra, fins que va arribar el 2018 i la moci\u00f3 de censura del president Pedro S\u00e1nchez que ens va permetre llevar-nos de damunt un govern de Rajoy i un partit, el PP, voltat ja sense escapat\u00f2ria per tots els seus esc\u00e0ndols de corrupci\u00f3\u201d.<\/p>\n\n\n\n<p>\u201cEl&nbsp;Parador&nbsp;ho impulsem en la primera legislatura de Zapatero, i ara torna a ser amb un altre govern socialista, el de Pedro S\u00e1nchez, que s&#8217;ha desbloquejat\u201d, ha concl\u00f2s Patricia Abascal avui en el ple del Senat.\n\n<\/p>\n\n\n\n[wdps id=&#8221;1&#8243;]\n\n\n\n<ul class=\"wp-block-list\"><li><\/li><\/ul>\n","protected":false},"excerpt":{"rendered":"<p>Les obres de finalitzaci\u00f3 del\u00a0Parador\u00a0de Turisme d&#8217;Eivissa ja s&#8217;han iniciat i finalitzaran a l&#8217;estiu de 2022, despr\u00e9s d&#8217;una inversi\u00f3 de 21 milions d&#8217;euros. Aix\u00ed ho ha anunciat en el Ple del Senat celebrat aquesta tarda la ministra de Turisme, Reyes Maroto, a pregunta de la senadora d\u2019Eivissa i Formentera, Patricia Abascal. La ministra de Turisme&hellip;<\/p>\n","protected":false},"author":7,"featured_media":0,"comment_status":"open","ping_status":"open","sticky":false,"template":"","format":"standard","meta":{"footnotes":""},"categories":[183,1,190,234],"tags":[],"class_list":["post-26165","post","type-post","status-publish","format-standard","hentry","category-ciutat-deivissa","category-federacio-de-eivissa-portada","category-govern-despanya-congres-senat","category-municipis"],"yoast_head":"<!-- This site is optimized with the Yoast SEO plugin v26.9 - https:\/\/yoast.com\/product\/yoast-seo-wordpress\/ -->\n<title>La ministra de Turisme anuncia l&#039;inici de les obres del Parador d&#039;Eivissa, que estaran acabades en 2022 - Federaci\u00f3 Socialista d&#039;Eivissa<\/title>\n<meta name=\"robots\" content=\"index, follow, max-snippet:-1, max-image-preview:large, max-video-preview:-1\" \/>\n<link rel=\"canonical\" href=\"https:\/\/www.psib-psoe.org\/eivissa\/la-ministra-de-turisme-anuncia-linici-de-les-obres-del-parador-deivissa-que-estaran-acabades-en-2022\/\" \/>\n<meta property=\"og:locale\" content=\"ca_ES\" \/>\n<meta property=\"og:type\" content=\"article\" \/>\n<meta property=\"og:title\" content=\"La ministra de Turisme anuncia l&#039;inici de les obres del Parador d&#039;Eivissa, que estaran acabades en 2022 - Federaci\u00f3 Socialista d&#039;Eivissa\" \/>\n<meta property=\"og:description\" content=\"Les obres de finalitzaci\u00f3 del\u00a0Parador\u00a0de Turisme d&#8217;Eivissa ja s&#8217;han iniciat i finalitzaran a l&#8217;estiu de 2022, despr\u00e9s d&#8217;una inversi\u00f3 de 21 milions d&#8217;euros. Aix\u00ed ho ha anunciat en el Ple del Senat celebrat aquesta tarda la ministra de Turisme, Reyes Maroto, a pregunta de la senadora d\u2019Eivissa i Formentera, Patricia Abascal. La ministra de Turisme&hellip;\" \/>\n<meta property=\"og:url\" content=\"https:\/\/www.psib-psoe.org\/eivissa\/la-ministra-de-turisme-anuncia-linici-de-les-obres-del-parador-deivissa-que-estaran-acabades-en-2022\/\" \/>\n<meta property=\"og:site_name\" content=\"Federaci\u00f3 Socialista d&#039;Eivissa\" \/>\n<meta property=\"article:published_time\" content=\"2020-03-04T11:56:41+00:00\" \/>\n<meta property=\"article:modified_time\" content=\"2020-04-14T11:14:22+00:00\" \/>\n<meta name=\"author\" content=\"Josep Ripoll\" \/>\n<meta name=\"twitter:card\" content=\"summary_large_image\" \/>\n<meta name=\"twitter:label1\" content=\"Escrit per\" \/>\n\t<meta name=\"twitter:data1\" content=\"Josep Ripoll\" \/>\n\t<meta name=\"twitter:label2\" content=\"Temps estimat de lectura\" \/>\n\t<meta name=\"twitter:data2\" content=\"3 minuts\" \/>\n<script type=\"application\/ld+json\" class=\"yoast-schema-graph\">{\"@context\":\"https:\/\/schema.org\",\"@graph\":[{\"@type\":[\"Article\",\"BlogPosting\"],\"@id\":\"https:\/\/www.psib-psoe.org\/eivissa\/la-ministra-de-turisme-anuncia-linici-de-les-obres-del-parador-deivissa-que-estaran-acabades-en-2022\/#article\",\"isPartOf\":{\"@id\":\"https:\/\/www.psib-psoe.org\/eivissa\/la-ministra-de-turisme-anuncia-linici-de-les-obres-del-parador-deivissa-que-estaran-acabades-en-2022\/\"},\"author\":{\"name\":\"Josep Ripoll\",\"@id\":\"https:\/\/www.psib-psoe.org\/eivissa\/#\/schema\/person\/7a9d2841fb36f32e34fc0e9b245e8117\"},\"headline\":\"La ministra de Turisme anuncia l&#8217;inici de les obres del Parador d&#8217;Eivissa, que estaran acabades en 2022\",\"datePublished\":\"2020-03-04T11:56:41+00:00\",\"dateModified\":\"2020-04-14T11:14:22+00:00\",\"mainEntityOfPage\":{\"@id\":\"https:\/\/www.psib-psoe.org\/eivissa\/la-ministra-de-turisme-anuncia-linici-de-les-obres-del-parador-deivissa-que-estaran-acabades-en-2022\/\"},\"wordCount\":575,\"commentCount\":0,\"publisher\":{\"@id\":\"https:\/\/www.psib-psoe.org\/eivissa\/#organization\"},\"articleSection\":[\"Ciutat d'Eivissa\",\"Federaci\u00f3 d'Eivissa - Portada\",\"Govern d'Espanya - Congr\u00e9s - Senat - PSOE Federal\",\"Municipis\"],\"inLanguage\":\"ca\",\"potentialAction\":[{\"@type\":\"CommentAction\",\"name\":\"Comment\",\"target\":[\"https:\/\/www.psib-psoe.org\/eivissa\/la-ministra-de-turisme-anuncia-linici-de-les-obres-del-parador-deivissa-que-estaran-acabades-en-2022\/#respond\"]}]},{\"@type\":\"WebPage\",\"@id\":\"https:\/\/www.psib-psoe.org\/eivissa\/la-ministra-de-turisme-anuncia-linici-de-les-obres-del-parador-deivissa-que-estaran-acabades-en-2022\/\",\"url\":\"https:\/\/www.psib-psoe.org\/eivissa\/la-ministra-de-turisme-anuncia-linici-de-les-obres-del-parador-deivissa-que-estaran-acabades-en-2022\/\",\"name\":\"La ministra de Turisme anuncia l'inici de les obres del Parador d'Eivissa, que estaran acabades en 2022 - Federaci\u00f3 Socialista d&#039;Eivissa\",\"isPartOf\":{\"@id\":\"https:\/\/www.psib-psoe.org\/eivissa\/#website\"},\"datePublished\":\"2020-03-04T11:56:41+00:00\",\"dateModified\":\"2020-04-14T11:14:22+00:00\",\"breadcrumb\":{\"@id\":\"https:\/\/www.psib-psoe.org\/eivissa\/la-ministra-de-turisme-anuncia-linici-de-les-obres-del-parador-deivissa-que-estaran-acabades-en-2022\/#breadcrumb\"},\"inLanguage\":\"ca\",\"potentialAction\":[{\"@type\":\"ReadAction\",\"target\":[\"https:\/\/www.psib-psoe.org\/eivissa\/la-ministra-de-turisme-anuncia-linici-de-les-obres-del-parador-deivissa-que-estaran-acabades-en-2022\/\"]}]},{\"@type\":\"BreadcrumbList\",\"@id\":\"https:\/\/www.psib-psoe.org\/eivissa\/la-ministra-de-turisme-anuncia-linici-de-les-obres-del-parador-deivissa-que-estaran-acabades-en-2022\/#breadcrumb\",\"itemListElement\":[{\"@type\":\"ListItem\",\"position\":1,\"name\":\"Inici\",\"item\":\"https:\/\/www.psib-psoe.org\/eivissa\/\"},{\"@type\":\"ListItem\",\"position\":2,\"name\":\"La ministra de Turisme anuncia l&#8217;inici de les obres del Parador d&#8217;Eivissa, que estaran acabades en 2022\"}]},{\"@type\":\"WebSite\",\"@id\":\"https:\/\/www.psib-psoe.org\/eivissa\/#website\",\"url\":\"https:\/\/www.psib-psoe.org\/eivissa\/\",\"name\":\"Federaci\u00f3 Socialista d'Eivissa\",\"description\":\"Socialistes d&#039;Eivissa\",\"publisher\":{\"@id\":\"https:\/\/www.psib-psoe.org\/eivissa\/#organization\"},\"potentialAction\":[{\"@type\":\"SearchAction\",\"target\":{\"@type\":\"EntryPoint\",\"urlTemplate\":\"https:\/\/www.psib-psoe.org\/eivissa\/?s={search_term_string}\"},\"query-input\":{\"@type\":\"PropertyValueSpecification\",\"valueRequired\":true,\"valueName\":\"search_term_string\"}}],\"inLanguage\":\"ca\"},{\"@type\":\"Organization\",\"@id\":\"https:\/\/www.psib-psoe.org\/eivissa\/#organization\",\"name\":\"Federaci\u00f3 Socialista d'Eivissa\",\"url\":\"https:\/\/www.psib-psoe.org\/eivissa\/\",\"logo\":{\"@type\":\"ImageObject\",\"inLanguage\":\"ca\",\"@id\":\"https:\/\/www.psib-psoe.org\/eivissa\/#\/schema\/logo\/image\/\",\"url\":\"https:\/\/www.psib-psoe.org\/eivissa\/wp-content\/uploads\/LOGO-FSE-SOCIALISTA-DEIVISSA-HORI.png\",\"contentUrl\":\"https:\/\/www.psib-psoe.org\/eivissa\/wp-content\/uploads\/LOGO-FSE-SOCIALISTA-DEIVISSA-HORI.png\",\"width\":6000,\"height\":3104,\"caption\":\"Federaci\u00f3 Socialista d'Eivissa\"},\"image\":{\"@id\":\"https:\/\/www.psib-psoe.org\/eivissa\/#\/schema\/logo\/image\/\"}},{\"@type\":\"Person\",\"@id\":\"https:\/\/www.psib-psoe.org\/eivissa\/#\/schema\/person\/7a9d2841fb36f32e34fc0e9b245e8117\",\"name\":\"Josep Ripoll\",\"sameAs\":[\"http:\/\/www.psib-psoe.org\/eivissa\/wp-login.php\"],\"url\":\"https:\/\/www.psib-psoe.org\/eivissa\/author\/josep\/\"}]}<\/script>\n<!-- \/ Yoast SEO plugin. -->","yoast_head_json":{"title":"La ministra de Turisme anuncia l'inici de les obres del Parador d'Eivissa, que estaran acabades en 2022 - Federaci\u00f3 Socialista d&#039;Eivissa","robots":{"index":"index","follow":"follow","max-snippet":"max-snippet:-1","max-image-preview":"max-image-preview:large","max-video-preview":"max-video-preview:-1"},"canonical":"https:\/\/www.psib-psoe.org\/eivissa\/la-ministra-de-turisme-anuncia-linici-de-les-obres-del-parador-deivissa-que-estaran-acabades-en-2022\/","og_locale":"ca_ES","og_type":"article","og_title":"La ministra de Turisme anuncia l'inici de les obres del Parador d'Eivissa, que estaran acabades en 2022 - Federaci\u00f3 Socialista d&#039;Eivissa","og_description":"Les obres de finalitzaci\u00f3 del\u00a0Parador\u00a0de Turisme d&#8217;Eivissa ja s&#8217;han iniciat i finalitzaran a l&#8217;estiu de 2022, despr\u00e9s d&#8217;una inversi\u00f3 de 21 milions d&#8217;euros. Aix\u00ed ho ha anunciat en el Ple del Senat celebrat aquesta tarda la ministra de Turisme, Reyes Maroto, a pregunta de la senadora d\u2019Eivissa i Formentera, Patricia Abascal. La ministra de Turisme&hellip;","og_url":"https:\/\/www.psib-psoe.org\/eivissa\/la-ministra-de-turisme-anuncia-linici-de-les-obres-del-parador-deivissa-que-estaran-acabades-en-2022\/","og_site_name":"Federaci\u00f3 Socialista d&#039;Eivissa","article_published_time":"2020-03-04T11:56:41+00:00","article_modified_time":"2020-04-14T11:14:22+00:00","author":"Josep Ripoll","twitter_card":"summary_large_image","twitter_misc":{"Escrit per":"Josep Ripoll","Temps estimat de lectura":"3 minuts"},"schema":{"@context":"https:\/\/schema.org","@graph":[{"@type":["Article","BlogPosting"],"@id":"https:\/\/www.psib-psoe.org\/eivissa\/la-ministra-de-turisme-anuncia-linici-de-les-obres-del-parador-deivissa-que-estaran-acabades-en-2022\/#article","isPartOf":{"@id":"https:\/\/www.psib-psoe.org\/eivissa\/la-ministra-de-turisme-anuncia-linici-de-les-obres-del-parador-deivissa-que-estaran-acabades-en-2022\/"},"author":{"name":"Josep Ripoll","@id":"https:\/\/www.psib-psoe.org\/eivissa\/#\/schema\/person\/7a9d2841fb36f32e34fc0e9b245e8117"},"headline":"La ministra de Turisme anuncia l&#8217;inici de les obres del Parador d&#8217;Eivissa, que estaran acabades en 2022","datePublished":"2020-03-04T11:56:41+00:00","dateModified":"2020-04-14T11:14:22+00:00","mainEntityOfPage":{"@id":"https:\/\/www.psib-psoe.org\/eivissa\/la-ministra-de-turisme-anuncia-linici-de-les-obres-del-parador-deivissa-que-estaran-acabades-en-2022\/"},"wordCount":575,"commentCount":0,"publisher":{"@id":"https:\/\/www.psib-psoe.org\/eivissa\/#organization"},"articleSection":["Ciutat d'Eivissa","Federaci\u00f3 d'Eivissa - Portada","Govern d'Espanya - Congr\u00e9s - Senat - PSOE Federal","Municipis"],"inLanguage":"ca","potentialAction":[{"@type":"CommentAction","name":"Comment","target":["https:\/\/www.psib-psoe.org\/eivissa\/la-ministra-de-turisme-anuncia-linici-de-les-obres-del-parador-deivissa-que-estaran-acabades-en-2022\/#respond"]}]},{"@type":"WebPage","@id":"https:\/\/www.psib-psoe.org\/eivissa\/la-ministra-de-turisme-anuncia-linici-de-les-obres-del-parador-deivissa-que-estaran-acabades-en-2022\/","url":"https:\/\/www.psib-psoe.org\/eivissa\/la-ministra-de-turisme-anuncia-linici-de-les-obres-del-parador-deivissa-que-estaran-acabades-en-2022\/","name":"La ministra de Turisme anuncia l'inici de les obres del Parador d'Eivissa, que estaran acabades en 2022 - Federaci\u00f3 Socialista d&#039;Eivissa","isPartOf":{"@id":"https:\/\/www.psib-psoe.org\/eivissa\/#website"},"datePublished":"2020-03-04T11:56:41+00:00","dateModified":"2020-04-14T11:14:22+00:00","breadcrumb":{"@id":"https:\/\/www.psib-psoe.org\/eivissa\/la-ministra-de-turisme-anuncia-linici-de-les-obres-del-parador-deivissa-que-estaran-acabades-en-2022\/#breadcrumb"},"inLanguage":"ca","potentialAction":[{"@type":"ReadAction","target":["https:\/\/www.psib-psoe.org\/eivissa\/la-ministra-de-turisme-anuncia-linici-de-les-obres-del-parador-deivissa-que-estaran-acabades-en-2022\/"]}]},{"@type":"BreadcrumbList","@id":"https:\/\/www.psib-psoe.org\/eivissa\/la-ministra-de-turisme-anuncia-linici-de-les-obres-del-parador-deivissa-que-estaran-acabades-en-2022\/#breadcrumb","itemListElement":[{"@type":"ListItem","position":1,"name":"Inici","item":"https:\/\/www.psib-psoe.org\/eivissa\/"},{"@type":"ListItem","position":2,"name":"La ministra de Turisme anuncia l&#8217;inici de les obres del Parador d&#8217;Eivissa, que estaran acabades en 2022"}]},{"@type":"WebSite","@id":"https:\/\/www.psib-psoe.org\/eivissa\/#website","url":"https:\/\/www.psib-psoe.org\/eivissa\/","name":"Federaci\u00f3 Socialista d'Eivissa","description":"Socialistes d&#039;Eivissa","publisher":{"@id":"https:\/\/www.psib-psoe.org\/eivissa\/#organization"},"potentialAction":[{"@type":"SearchAction","target":{"@type":"EntryPoint","urlTemplate":"https:\/\/www.psib-psoe.org\/eivissa\/?s={search_term_string}"},"query-input":{"@type":"PropertyValueSpecification","valueRequired":true,"valueName":"search_term_string"}}],"inLanguage":"ca"},{"@type":"Organization","@id":"https:\/\/www.psib-psoe.org\/eivissa\/#organization","name":"Federaci\u00f3 Socialista d'Eivissa","url":"https:\/\/www.psib-psoe.org\/eivissa\/","logo":{"@type":"ImageObject","inLanguage":"ca","@id":"https:\/\/www.psib-psoe.org\/eivissa\/#\/schema\/logo\/image\/","url":"https:\/\/www.psib-psoe.org\/eivissa\/wp-content\/uploads\/LOGO-FSE-SOCIALISTA-DEIVISSA-HORI.png","contentUrl":"https:\/\/www.psib-psoe.org\/eivissa\/wp-content\/uploads\/LOGO-FSE-SOCIALISTA-DEIVISSA-HORI.png","width":6000,"height":3104,"caption":"Federaci\u00f3 Socialista d'Eivissa"},"image":{"@id":"https:\/\/www.psib-psoe.org\/eivissa\/#\/schema\/logo\/image\/"}},{"@type":"Person","@id":"https:\/\/www.psib-psoe.org\/eivissa\/#\/schema\/person\/7a9d2841fb36f32e34fc0e9b245e8117","name":"Josep Ripoll","sameAs":["http:\/\/www.psib-psoe.org\/eivissa\/wp-login.php"],"url":"https:\/\/www.psib-psoe.org\/eivissa\/author\/josep\/"}]}},"_links":{"self":[{"href":"https:\/\/www.psib-psoe.org\/eivissa\/wp-json\/wp\/v2\/posts\/26165","targetHints":{"allow":["GET"]}}],"collection":[{"href":"https:\/\/www.psib-psoe.org\/eivissa\/wp-json\/wp\/v2\/posts"}],"about":[{"href":"https:\/\/www.psib-psoe.org\/eivissa\/wp-json\/wp\/v2\/types\/post"}],"author":[{"embeddable":true,"href":"https:\/\/www.psib-psoe.org\/eivissa\/wp-json\/wp\/v2\/users\/7"}],"replies":[{"embeddable":true,"href":"https:\/\/www.psib-psoe.org\/eivissa\/wp-json\/wp\/v2\/comments?post=26165"}],"version-history":[{"count":1,"href":"https:\/\/www.psib-psoe.org\/eivissa\/wp-json\/wp\/v2\/posts\/26165\/revisions"}],"predecessor-version":[{"id":26328,"href":"https:\/\/www.psib-psoe.org\/eivissa\/wp-json\/wp\/v2\/posts\/26165\/revisions\/26328"}],"wp:attachment":[{"href":"https:\/\/www.psib-psoe.org\/eivissa\/wp-json\/wp\/v2\/media?parent=26165"}],"wp:term":[{"taxonomy":"category","embeddable":true,"href":"https:\/\/www.psib-psoe.org\/eivissa\/wp-json\/wp\/v2\/categories?post=26165"},{"taxonomy":"post_tag","embeddable":true,"href":"https:\/\/www.psib-psoe.org\/eivissa\/wp-json\/wp\/v2\/tags?post=26165"}],"curies":[{"name":"wp","href":"https:\/\/api.w.org\/{rel}","templated":true}]}}