{"id":26289,"date":"2020-04-07T13:56:35","date_gmt":"2020-04-07T11:56:35","guid":{"rendered":"http:\/\/www.psib-psoe.org\/eivissa\/protegernos-para-proteger-a-eivissa\/"},"modified":"2020-04-10T19:46:23","modified_gmt":"2020-04-10T17:46:23","slug":"protegernos-para-proteger-a-eivissa","status":"publish","type":"post","link":"https:\/\/www.psib-psoe.org\/eivissa\/protegernos-para-proteger-a-eivissa\/","title":{"rendered":"Protegernos para proteger a Eivissa"},"content":{"rendered":"\n<p><em>Art\u00edculo publicado en Diario de Ibiza el 31 de marzo de 2020 <\/em><\/p>\n\n\n\n<p><strong>Josep Mar\u00ed Ribas, secretario general de la Federaci\u00f3n Socialista de Ibiza (FSE-PSOE) y alcalde de Sant Josep de sa Talaia <\/strong><\/p>\n\n\n\n<p>Pasan los d\u00edas y las noticias que nos llegan todav\u00eda son cada vez m\u00e1s duras. Se agrava la crisis sanitaria en todo el pa\u00eds, en todo el mundo, con m\u00e1s afectados, con m\u00e1s personas que pierden la vida y con m\u00e1s colapso de hospitales, sin que nadie pueda aventurar a ciencia cierta cu\u00e1ndo podr\u00eda terminar esta situaci\u00f3n tan dram\u00e1tica e inesperada. Desde nuestra isla lo vivimos con la misma preocupaci\u00f3n que otros sitios: preocupaci\u00f3n para que podamos dar respuesta sanitaria, preocupaci\u00f3n por los m\u00e1s vulnerables, y preocupaci\u00f3n por el futuro de los trabajadores, aut\u00f3nomos y empresas de un territorio dedicado casi en exclusiva al turismo y al sector servicios, que son los \u00e1mbitos econ\u00f3micos m\u00e1s afectados por las restricciones.<\/p>\n\n\n\n<p>Ante esta situaci\u00f3n, quisiera insistir en el mensaje de la protecci\u00f3n. En estos momentos, lo \u00fanico que se nos reclama por parte de las autoridades es protegernos para proteger a los dem\u00e1s. Es decir, quedarnos en casa y no relacionarnos, salir a la calle s\u00f3lo por aquellas cosas absolutamente imprescindibles, como ir a comprar comida, y redoblar esta protecci\u00f3n respecto a los m\u00e1s vulnerables como son las personas mayores y las de los grupos de riesgo . Protej\u00e1monos, para proteger a Eivissa.<\/p>\n\n\n\n<p>Os pido que hagamos caso estricto a las autoridades, a todas las obligaciones y las recomendaciones que nos hacen. Necesitamos ser muy disciplinados y muy responsables en los d\u00edas m\u00e1s delicados de la crisis, cuando todav\u00eda aumentan los casos de contagio, hasta que podamos llegar a ese momento tan deseado de invertir la curva de las gr\u00e1ficas de expansi\u00f3n de la pandemia.<\/p>\n\n\n\n<p>El objetivo es, ahora mismo, detener la expansi\u00f3n del virus, asegurando al mismo tiempo la respuesta sanitaria, los suministros b\u00e1sicos a la poblaci\u00f3n y la atenci\u00f3n a colectivos vulnerables. Es en este punto que quisiera reiterar el agradecimiento inmenso a todas las personas que salen cada d\u00eda de sus casas para ir a hacer su trabajo, en condiciones muy duras y de mucha tensi\u00f3n: hospital y centros sanitarios, residencias, polic\u00edas, servicios de emergencia, servicios sociales, funcionarios de muchos \u00e1mbitos, pero tambi\u00e9n a los transportistas, supermercados, limpieza y muchos otros trabajadores y empresas que d\u00eda a d\u00eda aseguran que no nos falte de nada.<\/p>\n\n\n\n<p>Esta enfermedad es muy dura, por su alcance y afectaci\u00f3n m\u00e9dica, pero tambi\u00e9n desde el punto de vista emocional, porque impone condiciones de aislamiento muy estrictas a las personas afectadas, a las que quiero dar un mensaje de mucho \u00e1nimos y solidaridad. El Covid-19 est\u00e1 trastocando al conjunto del planeta y todav\u00eda no sabemos muy bien c\u00f3mo saldremos. Pero a pesar de todos los miedos y las incertidumbres, creo que podemos estar orgullosos de la sociedad ibicenca, que es solidaria y que ha entendido perfectamente qu\u00e9 nos estamos jugando.<\/p>\n\n\n\n<p>Desde Eivissa seguimos como hemos hecho todos estos d\u00edas, demostramos que somos capaces de estar unidos en la lucha contra la pandemia. Desde las instituciones, trabajando conjuntamente entre el Govern de les Illes Balears, el Consell Insular y todos los ayuntamientos, de acuerdo con las instrucciones y las decisiones del Gobierno de Espa\u00f1a. Tomando decisiones para atender las urgencias sanitarias, sociales y econ\u00f3micas de esta crisis, con unidad, lealtad institucional y responsabilidad.<\/p>\n\n\n\n<p>Y por parte de la ciudadan\u00eda de Eivissa, manteniendo el \u00e1nimo alto y la confianza en que podremos superarlo. No ser\u00e1 f\u00e1cil, ni ser\u00e1 de un d\u00eda para otro, pero tengamos claro que cuanto m\u00e1s nos protegemos, m\u00e1s protegeremos a los dem\u00e1s, a nuestra isla, y m\u00e1s pronto saldremos de esta crisis tan extraordinaria que nos ha tocado vivir.<\/p>\n","protected":false},"excerpt":{"rendered":"<p>Art\u00edculo publicado en Diario de Ibiza el 31 de marzo de 2020 Josep Mar\u00ed Ribas, secretario general de la Federaci\u00f3n Socialista de Ibiza (FSE-PSOE) y alcalde de Sant Josep de sa Talaia Pasan los d\u00edas y las noticias que nos llegan todav\u00eda son cada vez m\u00e1s duras. Se agrava la crisis sanitaria en todo el&hellip;<\/p>\n","protected":false},"author":7,"featured_media":0,"comment_status":"open","ping_status":"open","sticky":false,"template":"","format":"standard","meta":{"footnotes":""},"categories":[212],"tags":[],"class_list":["post-26289","post","type-post","status-publish","format-standard","hentry","category-fse-psoe"],"yoast_head":"<!-- This site is optimized with the Yoast SEO plugin v26.9 - https:\/\/yoast.com\/product\/yoast-seo-wordpress\/ -->\n<title>Protegernos para proteger a Eivissa - Federaci\u00f3 Socialista d&#039;Eivissa<\/title>\n<meta name=\"robots\" content=\"index, follow, max-snippet:-1, max-image-preview:large, max-video-preview:-1\" \/>\n<link rel=\"canonical\" href=\"https:\/\/www.psib-psoe.org\/eivissa\/protegernos-para-proteger-a-eivissa\/\" \/>\n<meta property=\"og:locale\" content=\"ca_ES\" \/>\n<meta property=\"og:type\" content=\"article\" \/>\n<meta property=\"og:title\" content=\"Protegernos para proteger a Eivissa - Federaci\u00f3 Socialista d&#039;Eivissa\" \/>\n<meta property=\"og:description\" content=\"Art\u00edculo publicado en Diario de Ibiza el 31 de marzo de 2020 Josep Mar\u00ed Ribas, secretario general de la Federaci\u00f3n Socialista de Ibiza (FSE-PSOE) y alcalde de Sant Josep de sa Talaia Pasan los d\u00edas y las noticias que nos llegan todav\u00eda son cada vez m\u00e1s duras. Se agrava la crisis sanitaria en todo el&hellip;\" \/>\n<meta property=\"og:url\" content=\"https:\/\/www.psib-psoe.org\/eivissa\/protegernos-para-proteger-a-eivissa\/\" \/>\n<meta property=\"og:site_name\" content=\"Federaci\u00f3 Socialista d&#039;Eivissa\" \/>\n<meta property=\"article:published_time\" content=\"2020-04-07T11:56:35+00:00\" \/>\n<meta property=\"article:modified_time\" content=\"2020-04-10T17:46:23+00:00\" \/>\n<meta name=\"author\" content=\"Josep Ripoll\" \/>\n<meta name=\"twitter:card\" content=\"summary_large_image\" \/>\n<meta name=\"twitter:label1\" content=\"Escrit per\" \/>\n\t<meta name=\"twitter:data1\" content=\"Josep Ripoll\" \/>\n\t<meta name=\"twitter:label2\" content=\"Temps estimat de lectura\" \/>\n\t<meta name=\"twitter:data2\" content=\"3 minuts\" \/>\n<script type=\"application\/ld+json\" class=\"yoast-schema-graph\">{\"@context\":\"https:\/\/schema.org\",\"@graph\":[{\"@type\":[\"Article\",\"BlogPosting\"],\"@id\":\"https:\/\/www.psib-psoe.org\/eivissa\/protegernos-para-proteger-a-eivissa\/#article\",\"isPartOf\":{\"@id\":\"https:\/\/www.psib-psoe.org\/eivissa\/protegernos-para-proteger-a-eivissa\/\"},\"author\":{\"name\":\"Josep Ripoll\",\"@id\":\"https:\/\/www.psib-psoe.org\/eivissa\/#\/schema\/person\/7a9d2841fb36f32e34fc0e9b245e8117\"},\"headline\":\"Protegernos para proteger a Eivissa\",\"datePublished\":\"2020-04-07T11:56:35+00:00\",\"dateModified\":\"2020-04-10T17:46:23+00:00\",\"mainEntityOfPage\":{\"@id\":\"https:\/\/www.psib-psoe.org\/eivissa\/protegernos-para-proteger-a-eivissa\/\"},\"wordCount\":678,\"commentCount\":0,\"publisher\":{\"@id\":\"https:\/\/www.psib-psoe.org\/eivissa\/#organization\"},\"articleSection\":[\"FSE-PSOE\"],\"inLanguage\":\"ca\",\"potentialAction\":[{\"@type\":\"CommentAction\",\"name\":\"Comment\",\"target\":[\"https:\/\/www.psib-psoe.org\/eivissa\/protegernos-para-proteger-a-eivissa\/#respond\"]}]},{\"@type\":\"WebPage\",\"@id\":\"https:\/\/www.psib-psoe.org\/eivissa\/protegernos-para-proteger-a-eivissa\/\",\"url\":\"https:\/\/www.psib-psoe.org\/eivissa\/protegernos-para-proteger-a-eivissa\/\",\"name\":\"Protegernos para proteger a Eivissa - Federaci\u00f3 Socialista d&#039;Eivissa\",\"isPartOf\":{\"@id\":\"https:\/\/www.psib-psoe.org\/eivissa\/#website\"},\"datePublished\":\"2020-04-07T11:56:35+00:00\",\"dateModified\":\"2020-04-10T17:46:23+00:00\",\"breadcrumb\":{\"@id\":\"https:\/\/www.psib-psoe.org\/eivissa\/protegernos-para-proteger-a-eivissa\/#breadcrumb\"},\"inLanguage\":\"ca\",\"potentialAction\":[{\"@type\":\"ReadAction\",\"target\":[\"https:\/\/www.psib-psoe.org\/eivissa\/protegernos-para-proteger-a-eivissa\/\"]}]},{\"@type\":\"BreadcrumbList\",\"@id\":\"https:\/\/www.psib-psoe.org\/eivissa\/protegernos-para-proteger-a-eivissa\/#breadcrumb\",\"itemListElement\":[{\"@type\":\"ListItem\",\"position\":1,\"name\":\"Inici\",\"item\":\"https:\/\/www.psib-psoe.org\/eivissa\/\"},{\"@type\":\"ListItem\",\"position\":2,\"name\":\"Protegernos para proteger a Eivissa\"}]},{\"@type\":\"WebSite\",\"@id\":\"https:\/\/www.psib-psoe.org\/eivissa\/#website\",\"url\":\"https:\/\/www.psib-psoe.org\/eivissa\/\",\"name\":\"Federaci\u00f3 Socialista d'Eivissa\",\"description\":\"Socialistes d&#039;Eivissa\",\"publisher\":{\"@id\":\"https:\/\/www.psib-psoe.org\/eivissa\/#organization\"},\"potentialAction\":[{\"@type\":\"SearchAction\",\"target\":{\"@type\":\"EntryPoint\",\"urlTemplate\":\"https:\/\/www.psib-psoe.org\/eivissa\/?s={search_term_string}\"},\"query-input\":{\"@type\":\"PropertyValueSpecification\",\"valueRequired\":true,\"valueName\":\"search_term_string\"}}],\"inLanguage\":\"ca\"},{\"@type\":\"Organization\",\"@id\":\"https:\/\/www.psib-psoe.org\/eivissa\/#organization\",\"name\":\"Federaci\u00f3 Socialista d'Eivissa\",\"url\":\"https:\/\/www.psib-psoe.org\/eivissa\/\",\"logo\":{\"@type\":\"ImageObject\",\"inLanguage\":\"ca\",\"@id\":\"https:\/\/www.psib-psoe.org\/eivissa\/#\/schema\/logo\/image\/\",\"url\":\"https:\/\/www.psib-psoe.org\/eivissa\/wp-content\/uploads\/LOGO-FSE-SOCIALISTA-DEIVISSA-HORI.png\",\"contentUrl\":\"https:\/\/www.psib-psoe.org\/eivissa\/wp-content\/uploads\/LOGO-FSE-SOCIALISTA-DEIVISSA-HORI.png\",\"width\":6000,\"height\":3104,\"caption\":\"Federaci\u00f3 Socialista d'Eivissa\"},\"image\":{\"@id\":\"https:\/\/www.psib-psoe.org\/eivissa\/#\/schema\/logo\/image\/\"}},{\"@type\":\"Person\",\"@id\":\"https:\/\/www.psib-psoe.org\/eivissa\/#\/schema\/person\/7a9d2841fb36f32e34fc0e9b245e8117\",\"name\":\"Josep Ripoll\",\"sameAs\":[\"http:\/\/www.psib-psoe.org\/eivissa\/wp-login.php\"],\"url\":\"https:\/\/www.psib-psoe.org\/eivissa\/author\/josep\/\"}]}<\/script>\n<!-- \/ Yoast SEO plugin. -->","yoast_head_json":{"title":"Protegernos para proteger a Eivissa - Federaci\u00f3 Socialista d&#039;Eivissa","robots":{"index":"index","follow":"follow","max-snippet":"max-snippet:-1","max-image-preview":"max-image-preview:large","max-video-preview":"max-video-preview:-1"},"canonical":"https:\/\/www.psib-psoe.org\/eivissa\/protegernos-para-proteger-a-eivissa\/","og_locale":"ca_ES","og_type":"article","og_title":"Protegernos para proteger a Eivissa - Federaci\u00f3 Socialista d&#039;Eivissa","og_description":"Art\u00edculo publicado en Diario de Ibiza el 31 de marzo de 2020 Josep Mar\u00ed Ribas, secretario general de la Federaci\u00f3n Socialista de Ibiza (FSE-PSOE) y alcalde de Sant Josep de sa Talaia Pasan los d\u00edas y las noticias que nos llegan todav\u00eda son cada vez m\u00e1s duras. Se agrava la crisis sanitaria en todo el&hellip;","og_url":"https:\/\/www.psib-psoe.org\/eivissa\/protegernos-para-proteger-a-eivissa\/","og_site_name":"Federaci\u00f3 Socialista d&#039;Eivissa","article_published_time":"2020-04-07T11:56:35+00:00","article_modified_time":"2020-04-10T17:46:23+00:00","author":"Josep Ripoll","twitter_card":"summary_large_image","twitter_misc":{"Escrit per":"Josep Ripoll","Temps estimat de lectura":"3 minuts"},"schema":{"@context":"https:\/\/schema.org","@graph":[{"@type":["Article","BlogPosting"],"@id":"https:\/\/www.psib-psoe.org\/eivissa\/protegernos-para-proteger-a-eivissa\/#article","isPartOf":{"@id":"https:\/\/www.psib-psoe.org\/eivissa\/protegernos-para-proteger-a-eivissa\/"},"author":{"name":"Josep Ripoll","@id":"https:\/\/www.psib-psoe.org\/eivissa\/#\/schema\/person\/7a9d2841fb36f32e34fc0e9b245e8117"},"headline":"Protegernos para proteger a Eivissa","datePublished":"2020-04-07T11:56:35+00:00","dateModified":"2020-04-10T17:46:23+00:00","mainEntityOfPage":{"@id":"https:\/\/www.psib-psoe.org\/eivissa\/protegernos-para-proteger-a-eivissa\/"},"wordCount":678,"commentCount":0,"publisher":{"@id":"https:\/\/www.psib-psoe.org\/eivissa\/#organization"},"articleSection":["FSE-PSOE"],"inLanguage":"ca","potentialAction":[{"@type":"CommentAction","name":"Comment","target":["https:\/\/www.psib-psoe.org\/eivissa\/protegernos-para-proteger-a-eivissa\/#respond"]}]},{"@type":"WebPage","@id":"https:\/\/www.psib-psoe.org\/eivissa\/protegernos-para-proteger-a-eivissa\/","url":"https:\/\/www.psib-psoe.org\/eivissa\/protegernos-para-proteger-a-eivissa\/","name":"Protegernos para proteger a Eivissa - Federaci\u00f3 Socialista d&#039;Eivissa","isPartOf":{"@id":"https:\/\/www.psib-psoe.org\/eivissa\/#website"},"datePublished":"2020-04-07T11:56:35+00:00","dateModified":"2020-04-10T17:46:23+00:00","breadcrumb":{"@id":"https:\/\/www.psib-psoe.org\/eivissa\/protegernos-para-proteger-a-eivissa\/#breadcrumb"},"inLanguage":"ca","potentialAction":[{"@type":"ReadAction","target":["https:\/\/www.psib-psoe.org\/eivissa\/protegernos-para-proteger-a-eivissa\/"]}]},{"@type":"BreadcrumbList","@id":"https:\/\/www.psib-psoe.org\/eivissa\/protegernos-para-proteger-a-eivissa\/#breadcrumb","itemListElement":[{"@type":"ListItem","position":1,"name":"Inici","item":"https:\/\/www.psib-psoe.org\/eivissa\/"},{"@type":"ListItem","position":2,"name":"Protegernos para proteger a Eivissa"}]},{"@type":"WebSite","@id":"https:\/\/www.psib-psoe.org\/eivissa\/#website","url":"https:\/\/www.psib-psoe.org\/eivissa\/","name":"Federaci\u00f3 Socialista d'Eivissa","description":"Socialistes d&#039;Eivissa","publisher":{"@id":"https:\/\/www.psib-psoe.org\/eivissa\/#organization"},"potentialAction":[{"@type":"SearchAction","target":{"@type":"EntryPoint","urlTemplate":"https:\/\/www.psib-psoe.org\/eivissa\/?s={search_term_string}"},"query-input":{"@type":"PropertyValueSpecification","valueRequired":true,"valueName":"search_term_string"}}],"inLanguage":"ca"},{"@type":"Organization","@id":"https:\/\/www.psib-psoe.org\/eivissa\/#organization","name":"Federaci\u00f3 Socialista d'Eivissa","url":"https:\/\/www.psib-psoe.org\/eivissa\/","logo":{"@type":"ImageObject","inLanguage":"ca","@id":"https:\/\/www.psib-psoe.org\/eivissa\/#\/schema\/logo\/image\/","url":"https:\/\/www.psib-psoe.org\/eivissa\/wp-content\/uploads\/LOGO-FSE-SOCIALISTA-DEIVISSA-HORI.png","contentUrl":"https:\/\/www.psib-psoe.org\/eivissa\/wp-content\/uploads\/LOGO-FSE-SOCIALISTA-DEIVISSA-HORI.png","width":6000,"height":3104,"caption":"Federaci\u00f3 Socialista d'Eivissa"},"image":{"@id":"https:\/\/www.psib-psoe.org\/eivissa\/#\/schema\/logo\/image\/"}},{"@type":"Person","@id":"https:\/\/www.psib-psoe.org\/eivissa\/#\/schema\/person\/7a9d2841fb36f32e34fc0e9b245e8117","name":"Josep Ripoll","sameAs":["http:\/\/www.psib-psoe.org\/eivissa\/wp-login.php"],"url":"https:\/\/www.psib-psoe.org\/eivissa\/author\/josep\/"}]}},"_links":{"self":[{"href":"https:\/\/www.psib-psoe.org\/eivissa\/wp-json\/wp\/v2\/posts\/26289","targetHints":{"allow":["GET"]}}],"collection":[{"href":"https:\/\/www.psib-psoe.org\/eivissa\/wp-json\/wp\/v2\/posts"}],"about":[{"href":"https:\/\/www.psib-psoe.org\/eivissa\/wp-json\/wp\/v2\/types\/post"}],"author":[{"embeddable":true,"href":"https:\/\/www.psib-psoe.org\/eivissa\/wp-json\/wp\/v2\/users\/7"}],"replies":[{"embeddable":true,"href":"https:\/\/www.psib-psoe.org\/eivissa\/wp-json\/wp\/v2\/comments?post=26289"}],"version-history":[{"count":1,"href":"https:\/\/www.psib-psoe.org\/eivissa\/wp-json\/wp\/v2\/posts\/26289\/revisions"}],"predecessor-version":[{"id":26556,"href":"https:\/\/www.psib-psoe.org\/eivissa\/wp-json\/wp\/v2\/posts\/26289\/revisions\/26556"}],"wp:attachment":[{"href":"https:\/\/www.psib-psoe.org\/eivissa\/wp-json\/wp\/v2\/media?parent=26289"}],"wp:term":[{"taxonomy":"category","embeddable":true,"href":"https:\/\/www.psib-psoe.org\/eivissa\/wp-json\/wp\/v2\/categories?post=26289"},{"taxonomy":"post_tag","embeddable":true,"href":"https:\/\/www.psib-psoe.org\/eivissa\/wp-json\/wp\/v2\/tags?post=26289"}],"curies":[{"name":"wp","href":"https:\/\/api.w.org\/{rel}","templated":true}]}}