{"id":27907,"date":"2020-04-17T12:21:10","date_gmt":"2020-04-17T10:21:10","guid":{"rendered":"http:\/\/www.psib-psoe.org\/eivissa\/?p=27907"},"modified":"2020-04-18T11:34:05","modified_gmt":"2020-04-18T09:34:05","slug":"nueva-web-de-la-fse-psoe","status":"publish","type":"post","link":"https:\/\/www.psib-psoe.org\/eivissa\/nueva-web-de-la-fse-psoe\/","title":{"rendered":"Nueva web de la FSE-PSOE"},"content":{"rendered":"<div class=\"wpb-content-wrapper\">[vc_row][vc_column][vc_single_image image=&#8221;27904&#8243; img_size=&#8221;full&#8221;][\/vc_column][\/vc_row][vc_row][vc_column][vc_column_text]La Federaci\u00f3n Socialista de Eivissa (FSE-PSOE) presenta hoy una nueva p\u00e1gina web (<a href=\"http:\/\/www.psib-psoe.org\/eivissa\">www.psoeeivissa.es<\/a>), totalmente renovada, con m\u00e1s contenidos y de acuerdo con el nuevo dise\u00f1o del PSIB-PSOE. Se trata de un instrumento &#8220;al servicio de la militancia y del conjunto de la ciudadan\u00eda de Eivissa&#8221;, donde se puede &#8220;seguir la tarea de los y de las Socialistas de Eivissa&#8221;, como ha explicado el secretario general de la FSE, Josep Mar\u00ed Ribas.<\/p>\n<p>&#8220;Justamente en momentos como el actual, nos toca redoblar esfuerzos como organizaci\u00f3n para ayudar a hacer frente a la situaci\u00f3n que padecemos, y en este sentido las tecnolog\u00edas de la informaci\u00f3n juegan un papel fundamental&#8221;, ha dicho el secretario general.<\/p>\n<p>La web est\u00e1 dividida en secciones: puedes encontrar la p\u00e1gina de la FSE, de las agrupaciones locales y de nuestros representantes en todas las instituciones, as\u00ed como un apartado de noticias de actualidad. Tambi\u00e9n figuran los datos de contacto del partido, de las agrupaciones y de todos nuestros representantes, a fin de facilitar el acceso a todas las personas interesadas. Adem\u00e1s, incluye un enlace a una p\u00e1gina especial de informaci\u00f3n sobre la Covid-19,\u00a0 al Portal de Transparencia del PSIB-PSOE, una p\u00e1gina de contacto y un formulario de afiliaci\u00f3n, adem\u00e1s de enlace en las redes sociales de la Federaci\u00f3n, entre otros contenidos.<\/p>\n<p>La nueva p\u00e1gina es completamente biling\u00fce catal\u00e1n-castellano y est\u00e1 adaptada a todos los dispositivos y pantallas, por lo que se puede navegar por ella con total comodidad tanto desde un ordenador, como de una tableta o un dispositivo m\u00f3vil.[\/vc_column_text][\/vc_column][\/vc_row]\n<\/div>","protected":false},"excerpt":{"rendered":"<p>[vc_row][vc_column][vc_single_image image=&#8221;27904&#8243; img_size=&#8221;full&#8221;][\/vc_column][\/vc_row][vc_row][vc_column][vc_column_text]La Federaci\u00f3n Socialista de Eivissa (FSE-PSOE) presenta hoy una nueva p\u00e1gina web (www.psoeeivissa.es), totalmente renovada, con m\u00e1s contenidos y de acuerdo con el nuevo dise\u00f1o del PSIB-PSOE. Se trata de un instrumento &#8220;al servicio de la militancia y del conjunto de la ciudadan\u00eda de Eivissa&#8221;, donde se puede &#8220;seguir la tarea de los&hellip;<\/p>\n","protected":false},"author":7,"featured_media":27904,"comment_status":"open","ping_status":"open","sticky":false,"template":"","format":"standard","meta":{"footnotes":""},"categories":[212],"tags":[],"class_list":["post-27907","post","type-post","status-publish","format-standard","has-post-thumbnail","hentry","category-fse-psoe"],"yoast_head":"<!-- This site is optimized with the Yoast SEO plugin v26.9 - https:\/\/yoast.com\/product\/yoast-seo-wordpress\/ -->\n<title>Nueva web de la FSE-PSOE - Federaci\u00f3 Socialista d&#039;Eivissa<\/title>\n<meta name=\"robots\" content=\"index, follow, max-snippet:-1, max-image-preview:large, max-video-preview:-1\" \/>\n<link rel=\"canonical\" href=\"https:\/\/www.psib-psoe.org\/eivissa\/nueva-web-de-la-fse-psoe\/\" \/>\n<meta property=\"og:locale\" content=\"ca_ES\" \/>\n<meta property=\"og:type\" content=\"article\" \/>\n<meta property=\"og:title\" content=\"Nueva web de la FSE-PSOE - Federaci\u00f3 Socialista d&#039;Eivissa\" \/>\n<meta property=\"og:description\" content=\"[vc_row][vc_column][vc_single_image image=&#8221;27904&#8243; img_size=&#8221;full&#8221;][\/vc_column][\/vc_row][vc_row][vc_column][vc_column_text]La Federaci\u00f3n Socialista de Eivissa (FSE-PSOE) presenta hoy una nueva p\u00e1gina web (www.psoeeivissa.es), totalmente renovada, con m\u00e1s contenidos y de acuerdo con el nuevo dise\u00f1o del PSIB-PSOE. Se trata de un instrumento &#8220;al servicio de la militancia y del conjunto de la ciudadan\u00eda de Eivissa&#8221;, donde se puede &#8220;seguir la tarea de los&hellip;\" \/>\n<meta property=\"og:url\" content=\"https:\/\/www.psib-psoe.org\/eivissa\/nueva-web-de-la-fse-psoe\/\" \/>\n<meta property=\"og:site_name\" content=\"Federaci\u00f3 Socialista d&#039;Eivissa\" \/>\n<meta property=\"article:published_time\" content=\"2020-04-17T10:21:10+00:00\" \/>\n<meta property=\"article:modified_time\" content=\"2020-04-18T09:34:05+00:00\" \/>\n<meta property=\"og:image\" content=\"https:\/\/www.psib-psoe.org\/eivissa\/wp-content\/uploads\/nou-web-fse-psoe.jpg\" \/>\n\t<meta property=\"og:image:width\" content=\"2540\" \/>\n\t<meta property=\"og:image:height\" content=\"1318\" \/>\n\t<meta property=\"og:image:type\" content=\"image\/jpeg\" \/>\n<meta name=\"author\" content=\"Josep Ripoll\" \/>\n<meta name=\"twitter:card\" content=\"summary_large_image\" \/>\n<meta name=\"twitter:label1\" content=\"Escrit per\" \/>\n\t<meta name=\"twitter:data1\" content=\"Josep Ripoll\" \/>\n\t<meta name=\"twitter:label2\" content=\"Temps estimat de lectura\" \/>\n\t<meta name=\"twitter:data2\" content=\"2 minuts\" \/>\n<script type=\"application\/ld+json\" class=\"yoast-schema-graph\">{\"@context\":\"https:\/\/schema.org\",\"@graph\":[{\"@type\":[\"Article\",\"BlogPosting\"],\"@id\":\"https:\/\/www.psib-psoe.org\/eivissa\/nueva-web-de-la-fse-psoe\/#article\",\"isPartOf\":{\"@id\":\"https:\/\/www.psib-psoe.org\/eivissa\/nueva-web-de-la-fse-psoe\/\"},\"author\":{\"name\":\"Josep Ripoll\",\"@id\":\"https:\/\/www.psib-psoe.org\/eivissa\/#\/schema\/person\/7a9d2841fb36f32e34fc0e9b245e8117\"},\"headline\":\"Nueva web de la FSE-PSOE\",\"datePublished\":\"2020-04-17T10:21:10+00:00\",\"dateModified\":\"2020-04-18T09:34:05+00:00\",\"mainEntityOfPage\":{\"@id\":\"https:\/\/www.psib-psoe.org\/eivissa\/nueva-web-de-la-fse-psoe\/\"},\"wordCount\":309,\"commentCount\":0,\"publisher\":{\"@id\":\"https:\/\/www.psib-psoe.org\/eivissa\/#organization\"},\"image\":{\"@id\":\"https:\/\/www.psib-psoe.org\/eivissa\/nueva-web-de-la-fse-psoe\/#primaryimage\"},\"thumbnailUrl\":\"https:\/\/www.psib-psoe.org\/eivissa\/wp-content\/uploads\/nou-web-fse-psoe.jpg\",\"articleSection\":[\"FSE-PSOE\"],\"inLanguage\":\"ca\",\"potentialAction\":[{\"@type\":\"CommentAction\",\"name\":\"Comment\",\"target\":[\"https:\/\/www.psib-psoe.org\/eivissa\/nueva-web-de-la-fse-psoe\/#respond\"]}]},{\"@type\":\"WebPage\",\"@id\":\"https:\/\/www.psib-psoe.org\/eivissa\/nueva-web-de-la-fse-psoe\/\",\"url\":\"https:\/\/www.psib-psoe.org\/eivissa\/nueva-web-de-la-fse-psoe\/\",\"name\":\"Nueva web de la FSE-PSOE - Federaci\u00f3 Socialista d&#039;Eivissa\",\"isPartOf\":{\"@id\":\"https:\/\/www.psib-psoe.org\/eivissa\/#website\"},\"primaryImageOfPage\":{\"@id\":\"https:\/\/www.psib-psoe.org\/eivissa\/nueva-web-de-la-fse-psoe\/#primaryimage\"},\"image\":{\"@id\":\"https:\/\/www.psib-psoe.org\/eivissa\/nueva-web-de-la-fse-psoe\/#primaryimage\"},\"thumbnailUrl\":\"https:\/\/www.psib-psoe.org\/eivissa\/wp-content\/uploads\/nou-web-fse-psoe.jpg\",\"datePublished\":\"2020-04-17T10:21:10+00:00\",\"dateModified\":\"2020-04-18T09:34:05+00:00\",\"breadcrumb\":{\"@id\":\"https:\/\/www.psib-psoe.org\/eivissa\/nueva-web-de-la-fse-psoe\/#breadcrumb\"},\"inLanguage\":\"ca\",\"potentialAction\":[{\"@type\":\"ReadAction\",\"target\":[\"https:\/\/www.psib-psoe.org\/eivissa\/nueva-web-de-la-fse-psoe\/\"]}]},{\"@type\":\"ImageObject\",\"inLanguage\":\"ca\",\"@id\":\"https:\/\/www.psib-psoe.org\/eivissa\/nueva-web-de-la-fse-psoe\/#primaryimage\",\"url\":\"https:\/\/www.psib-psoe.org\/eivissa\/wp-content\/uploads\/nou-web-fse-psoe.jpg\",\"contentUrl\":\"https:\/\/www.psib-psoe.org\/eivissa\/wp-content\/uploads\/nou-web-fse-psoe.jpg\",\"width\":2540,\"height\":1318},{\"@type\":\"BreadcrumbList\",\"@id\":\"https:\/\/www.psib-psoe.org\/eivissa\/nueva-web-de-la-fse-psoe\/#breadcrumb\",\"itemListElement\":[{\"@type\":\"ListItem\",\"position\":1,\"name\":\"Inici\",\"item\":\"https:\/\/www.psib-psoe.org\/eivissa\/\"},{\"@type\":\"ListItem\",\"position\":2,\"name\":\"Nueva web de la FSE-PSOE\"}]},{\"@type\":\"WebSite\",\"@id\":\"https:\/\/www.psib-psoe.org\/eivissa\/#website\",\"url\":\"https:\/\/www.psib-psoe.org\/eivissa\/\",\"name\":\"Federaci\u00f3 Socialista d'Eivissa\",\"description\":\"Socialistes d&#039;Eivissa\",\"publisher\":{\"@id\":\"https:\/\/www.psib-psoe.org\/eivissa\/#organization\"},\"potentialAction\":[{\"@type\":\"SearchAction\",\"target\":{\"@type\":\"EntryPoint\",\"urlTemplate\":\"https:\/\/www.psib-psoe.org\/eivissa\/?s={search_term_string}\"},\"query-input\":{\"@type\":\"PropertyValueSpecification\",\"valueRequired\":true,\"valueName\":\"search_term_string\"}}],\"inLanguage\":\"ca\"},{\"@type\":\"Organization\",\"@id\":\"https:\/\/www.psib-psoe.org\/eivissa\/#organization\",\"name\":\"Federaci\u00f3 Socialista d'Eivissa\",\"url\":\"https:\/\/www.psib-psoe.org\/eivissa\/\",\"logo\":{\"@type\":\"ImageObject\",\"inLanguage\":\"ca\",\"@id\":\"https:\/\/www.psib-psoe.org\/eivissa\/#\/schema\/logo\/image\/\",\"url\":\"https:\/\/www.psib-psoe.org\/eivissa\/wp-content\/uploads\/LOGO-FSE-SOCIALISTA-DEIVISSA-HORI.png\",\"contentUrl\":\"https:\/\/www.psib-psoe.org\/eivissa\/wp-content\/uploads\/LOGO-FSE-SOCIALISTA-DEIVISSA-HORI.png\",\"width\":6000,\"height\":3104,\"caption\":\"Federaci\u00f3 Socialista d'Eivissa\"},\"image\":{\"@id\":\"https:\/\/www.psib-psoe.org\/eivissa\/#\/schema\/logo\/image\/\"}},{\"@type\":\"Person\",\"@id\":\"https:\/\/www.psib-psoe.org\/eivissa\/#\/schema\/person\/7a9d2841fb36f32e34fc0e9b245e8117\",\"name\":\"Josep Ripoll\",\"sameAs\":[\"http:\/\/www.psib-psoe.org\/eivissa\/wp-login.php\"],\"url\":\"https:\/\/www.psib-psoe.org\/eivissa\/author\/josep\/\"}]}<\/script>\n<!-- \/ Yoast SEO plugin. -->","yoast_head_json":{"title":"Nueva web de la FSE-PSOE - Federaci\u00f3 Socialista d&#039;Eivissa","robots":{"index":"index","follow":"follow","max-snippet":"max-snippet:-1","max-image-preview":"max-image-preview:large","max-video-preview":"max-video-preview:-1"},"canonical":"https:\/\/www.psib-psoe.org\/eivissa\/nueva-web-de-la-fse-psoe\/","og_locale":"ca_ES","og_type":"article","og_title":"Nueva web de la FSE-PSOE - Federaci\u00f3 Socialista d&#039;Eivissa","og_description":"[vc_row][vc_column][vc_single_image image=&#8221;27904&#8243; img_size=&#8221;full&#8221;][\/vc_column][\/vc_row][vc_row][vc_column][vc_column_text]La Federaci\u00f3n Socialista de Eivissa (FSE-PSOE) presenta hoy una nueva p\u00e1gina web (www.psoeeivissa.es), totalmente renovada, con m\u00e1s contenidos y de acuerdo con el nuevo dise\u00f1o del PSIB-PSOE. Se trata de un instrumento &#8220;al servicio de la militancia y del conjunto de la ciudadan\u00eda de Eivissa&#8221;, donde se puede &#8220;seguir la tarea de los&hellip;","og_url":"https:\/\/www.psib-psoe.org\/eivissa\/nueva-web-de-la-fse-psoe\/","og_site_name":"Federaci\u00f3 Socialista d&#039;Eivissa","article_published_time":"2020-04-17T10:21:10+00:00","article_modified_time":"2020-04-18T09:34:05+00:00","og_image":[{"width":2540,"height":1318,"url":"https:\/\/www.psib-psoe.org\/eivissa\/wp-content\/uploads\/nou-web-fse-psoe.jpg","type":"image\/jpeg"}],"author":"Josep Ripoll","twitter_card":"summary_large_image","twitter_misc":{"Escrit per":"Josep Ripoll","Temps estimat de lectura":"2 minuts"},"schema":{"@context":"https:\/\/schema.org","@graph":[{"@type":["Article","BlogPosting"],"@id":"https:\/\/www.psib-psoe.org\/eivissa\/nueva-web-de-la-fse-psoe\/#article","isPartOf":{"@id":"https:\/\/www.psib-psoe.org\/eivissa\/nueva-web-de-la-fse-psoe\/"},"author":{"name":"Josep Ripoll","@id":"https:\/\/www.psib-psoe.org\/eivissa\/#\/schema\/person\/7a9d2841fb36f32e34fc0e9b245e8117"},"headline":"Nueva web de la FSE-PSOE","datePublished":"2020-04-17T10:21:10+00:00","dateModified":"2020-04-18T09:34:05+00:00","mainEntityOfPage":{"@id":"https:\/\/www.psib-psoe.org\/eivissa\/nueva-web-de-la-fse-psoe\/"},"wordCount":309,"commentCount":0,"publisher":{"@id":"https:\/\/www.psib-psoe.org\/eivissa\/#organization"},"image":{"@id":"https:\/\/www.psib-psoe.org\/eivissa\/nueva-web-de-la-fse-psoe\/#primaryimage"},"thumbnailUrl":"https:\/\/www.psib-psoe.org\/eivissa\/wp-content\/uploads\/nou-web-fse-psoe.jpg","articleSection":["FSE-PSOE"],"inLanguage":"ca","potentialAction":[{"@type":"CommentAction","name":"Comment","target":["https:\/\/www.psib-psoe.org\/eivissa\/nueva-web-de-la-fse-psoe\/#respond"]}]},{"@type":"WebPage","@id":"https:\/\/www.psib-psoe.org\/eivissa\/nueva-web-de-la-fse-psoe\/","url":"https:\/\/www.psib-psoe.org\/eivissa\/nueva-web-de-la-fse-psoe\/","name":"Nueva web de la FSE-PSOE - Federaci\u00f3 Socialista d&#039;Eivissa","isPartOf":{"@id":"https:\/\/www.psib-psoe.org\/eivissa\/#website"},"primaryImageOfPage":{"@id":"https:\/\/www.psib-psoe.org\/eivissa\/nueva-web-de-la-fse-psoe\/#primaryimage"},"image":{"@id":"https:\/\/www.psib-psoe.org\/eivissa\/nueva-web-de-la-fse-psoe\/#primaryimage"},"thumbnailUrl":"https:\/\/www.psib-psoe.org\/eivissa\/wp-content\/uploads\/nou-web-fse-psoe.jpg","datePublished":"2020-04-17T10:21:10+00:00","dateModified":"2020-04-18T09:34:05+00:00","breadcrumb":{"@id":"https:\/\/www.psib-psoe.org\/eivissa\/nueva-web-de-la-fse-psoe\/#breadcrumb"},"inLanguage":"ca","potentialAction":[{"@type":"ReadAction","target":["https:\/\/www.psib-psoe.org\/eivissa\/nueva-web-de-la-fse-psoe\/"]}]},{"@type":"ImageObject","inLanguage":"ca","@id":"https:\/\/www.psib-psoe.org\/eivissa\/nueva-web-de-la-fse-psoe\/#primaryimage","url":"https:\/\/www.psib-psoe.org\/eivissa\/wp-content\/uploads\/nou-web-fse-psoe.jpg","contentUrl":"https:\/\/www.psib-psoe.org\/eivissa\/wp-content\/uploads\/nou-web-fse-psoe.jpg","width":2540,"height":1318},{"@type":"BreadcrumbList","@id":"https:\/\/www.psib-psoe.org\/eivissa\/nueva-web-de-la-fse-psoe\/#breadcrumb","itemListElement":[{"@type":"ListItem","position":1,"name":"Inici","item":"https:\/\/www.psib-psoe.org\/eivissa\/"},{"@type":"ListItem","position":2,"name":"Nueva web de la FSE-PSOE"}]},{"@type":"WebSite","@id":"https:\/\/www.psib-psoe.org\/eivissa\/#website","url":"https:\/\/www.psib-psoe.org\/eivissa\/","name":"Federaci\u00f3 Socialista d'Eivissa","description":"Socialistes d&#039;Eivissa","publisher":{"@id":"https:\/\/www.psib-psoe.org\/eivissa\/#organization"},"potentialAction":[{"@type":"SearchAction","target":{"@type":"EntryPoint","urlTemplate":"https:\/\/www.psib-psoe.org\/eivissa\/?s={search_term_string}"},"query-input":{"@type":"PropertyValueSpecification","valueRequired":true,"valueName":"search_term_string"}}],"inLanguage":"ca"},{"@type":"Organization","@id":"https:\/\/www.psib-psoe.org\/eivissa\/#organization","name":"Federaci\u00f3 Socialista d'Eivissa","url":"https:\/\/www.psib-psoe.org\/eivissa\/","logo":{"@type":"ImageObject","inLanguage":"ca","@id":"https:\/\/www.psib-psoe.org\/eivissa\/#\/schema\/logo\/image\/","url":"https:\/\/www.psib-psoe.org\/eivissa\/wp-content\/uploads\/LOGO-FSE-SOCIALISTA-DEIVISSA-HORI.png","contentUrl":"https:\/\/www.psib-psoe.org\/eivissa\/wp-content\/uploads\/LOGO-FSE-SOCIALISTA-DEIVISSA-HORI.png","width":6000,"height":3104,"caption":"Federaci\u00f3 Socialista d'Eivissa"},"image":{"@id":"https:\/\/www.psib-psoe.org\/eivissa\/#\/schema\/logo\/image\/"}},{"@type":"Person","@id":"https:\/\/www.psib-psoe.org\/eivissa\/#\/schema\/person\/7a9d2841fb36f32e34fc0e9b245e8117","name":"Josep Ripoll","sameAs":["http:\/\/www.psib-psoe.org\/eivissa\/wp-login.php"],"url":"https:\/\/www.psib-psoe.org\/eivissa\/author\/josep\/"}]}},"_links":{"self":[{"href":"https:\/\/www.psib-psoe.org\/eivissa\/wp-json\/wp\/v2\/posts\/27907","targetHints":{"allow":["GET"]}}],"collection":[{"href":"https:\/\/www.psib-psoe.org\/eivissa\/wp-json\/wp\/v2\/posts"}],"about":[{"href":"https:\/\/www.psib-psoe.org\/eivissa\/wp-json\/wp\/v2\/types\/post"}],"author":[{"embeddable":true,"href":"https:\/\/www.psib-psoe.org\/eivissa\/wp-json\/wp\/v2\/users\/7"}],"replies":[{"embeddable":true,"href":"https:\/\/www.psib-psoe.org\/eivissa\/wp-json\/wp\/v2\/comments?post=27907"}],"version-history":[{"count":3,"href":"https:\/\/www.psib-psoe.org\/eivissa\/wp-json\/wp\/v2\/posts\/27907\/revisions"}],"predecessor-version":[{"id":27915,"href":"https:\/\/www.psib-psoe.org\/eivissa\/wp-json\/wp\/v2\/posts\/27907\/revisions\/27915"}],"wp:featuredmedia":[{"embeddable":true,"href":"https:\/\/www.psib-psoe.org\/eivissa\/wp-json\/wp\/v2\/media\/27904"}],"wp:attachment":[{"href":"https:\/\/www.psib-psoe.org\/eivissa\/wp-json\/wp\/v2\/media?parent=27907"}],"wp:term":[{"taxonomy":"category","embeddable":true,"href":"https:\/\/www.psib-psoe.org\/eivissa\/wp-json\/wp\/v2\/categories?post=27907"},{"taxonomy":"post_tag","embeddable":true,"href":"https:\/\/www.psib-psoe.org\/eivissa\/wp-json\/wp\/v2\/tags?post=27907"}],"curies":[{"name":"wp","href":"https:\/\/api.w.org\/{rel}","templated":true}]}}