{"id":27917,"date":"2020-04-16T17:23:44","date_gmt":"2020-04-16T15:23:44","guid":{"rendered":"https:\/\/www.psib-psoe.org\/eivissa\/?p=27917"},"modified":"2020-04-22T19:05:46","modified_gmt":"2020-04-22T17:05:46","slug":"el-grup-psoe-proposa-al-consell-insular-un-pla-insular-de-mesures-per-fer-front-als-efectes-de-la-pandemia-accio-social-impuls-a-la-inversio-publica-i-reactivacio-del-turisme","status":"publish","type":"post","link":"https:\/\/www.psib-psoe.org\/eivissa\/el-grup-psoe-proposa-al-consell-insular-un-pla-insular-de-mesures-per-fer-front-als-efectes-de-la-pandemia-accio-social-impuls-a-la-inversio-publica-i-reactivacio-del-turisme\/","title":{"rendered":"El grup PSOE proposa al Consell d&#8217;Eivissa un pla insular de mesures per fer front als efectes de la pand\u00e8mia: acci\u00f3 social, impuls a la inversi\u00f3 p\u00fablica i reactivaci\u00f3 del turisme"},"content":{"rendered":"<div class=\"wpb-content-wrapper\">[vc_row][vc_column][vc_single_image image=&#8221;27036&#8243; img_size=&#8221;medium&#8221;][\/vc_column][\/vc_row][vc_row][vc_column][vc_column_text]<span style=\"font-weight: 400;\">El portaveu del grup PSOE i anterior president del Consell Insular, Vicent Torres, ha presentat avui a la Junta de Portaveus una proposta de paquet de mesures per fer front als efectes de la pand\u00e8mia. Una proposta \u201cconstructiva\u201d, que t\u00e9 per objectiu \u201ccol\u00b7laborar amb l\u2019executiu insular, com a principal grup de l\u2019oposici\u00f3, per ajudar a fer front a una situaci\u00f3 molt complicada des de tots els \u00e0mbits, el social, l\u2019econ\u00f2mic i el laboral\u201d. Segons Vicent Torres, \u201cel PSOE seguir\u00e0 actuant amb lleialtat cap al govern del Consell Insular, perqu\u00e8 la unitat \u00e9s la millor manera per sortir d\u2019aquesta crisi\u201d.\u00a0<\/span><\/p>\n<p><span style=\"font-weight: 400;\">Les propostes que presenta el PSOE s\u00f3n accions que \u201cestan a la m\u00e0 del Consell Insular, dins de l\u2019\u00e0mbit de les nostres compet\u00e8ncies. Tenim un marge de maniobra que hem d\u2019aprofitar, amb uns comptes sanejats i un super\u00e0vit molt important, que hem de posar al servei de la ciutadania de la nostra illa\u201d.\u00a0<\/span><\/p>\n<p><span style=\"font-weight: 400;\">Refor\u00e7ar l\u2019atenci\u00f3 social en diversos \u00e0mbits, impulsar l\u2019obra p\u00fablica, aixecant la suspensi\u00f3 de les obres de Ca na Negreta i amb noves contractacions, i preparar el pla de recuperaci\u00f3 tur\u00edstica i del sector serveis, s\u00f3n els eixos fonamentals de la proposta Socialista.<\/span><\/p>\n<p><span style=\"font-weight: 400;\">\u201cEstam a disposici\u00f3 de l\u2019executiu del Consell per consensuar totes les mesures que ens ajudin a pal\u00b7liar els efectes de la pand\u00e8mia, ara \u00e9s el moment de col\u00b7laborar tots junts\u201d, ha remarcat Vicent Torres.<\/span><\/p>\n[\/vc_column_text][\/vc_column][\/vc_row][vc_row][vc_column][vc_empty_space][vc_btn title=&#8221;Proposta Pla grup PSOE Consell Insular&#8221; style=&#8221;outline-custom&#8221; outline_custom_color=&#8221;#e30613&#8243; outline_custom_hover_background=&#8221;#e30613&#8243; outline_custom_hover_text=&#8221;#ffffff&#8221; shape=&#8221;square&#8221; align=&#8221;center&#8221; i_icon_fontawesome=&#8221;fa fa-plus&#8221; button_block=&#8221;true&#8221; add_icon=&#8221;true&#8221; link=&#8221;url:https%3A%2F%2Fwww.psib-psoe.org%2Feivissa%2Fwp-content%2Fuploads%2F200417_PROPOSTA-DEL-GRUP-PSOE-DEL-CONSELL-DEIVISSA-PER-A-ELABORAR-I-APROVAR-UN-_PLA-DE-MESURES-PER-FER-FRONT-A-LIMPACTE-SOCIAL-ECONO%CC%80MIC-I-LABORAL-DE-LA-PANDE%CC%80MIA-DEL-COVID19-A-LILLA-DEIVISSA_.pdf||target:%20_blank|&#8221;][\/vc_column][\/vc_row]\n<\/div>","protected":false},"excerpt":{"rendered":"<p>[vc_row][vc_column][vc_single_image image=&#8221;27036&#8243; img_size=&#8221;medium&#8221;][\/vc_column][\/vc_row][vc_row][vc_column][vc_column_text]El portaveu del grup PSOE i anterior president del Consell Insular, Vicent Torres, ha presentat avui a la Junta de Portaveus una proposta de paquet de mesures per fer front als efectes de la pand\u00e8mia. Una proposta \u201cconstructiva\u201d, que t\u00e9 per objectiu \u201ccol\u00b7laborar amb l\u2019executiu insular, com a principal grup de l\u2019oposici\u00f3, per&hellip;<\/p>\n","protected":false},"author":7,"featured_media":26367,"comment_status":"open","ping_status":"open","sticky":false,"template":"","format":"standard","meta":{"footnotes":""},"categories":[192,254,1],"tags":[],"class_list":["post-27917","post","type-post","status-publish","format-standard","has-post-thumbnail","hentry","category-consell-deivissa","category-covid-19","category-federacio-de-eivissa-portada"],"yoast_head":"<!-- This site is optimized with the Yoast SEO plugin v26.9 - https:\/\/yoast.com\/product\/yoast-seo-wordpress\/ -->\n<title>El grup PSOE proposa al Consell d&#039;Eivissa un pla insular de mesures per fer front als efectes de la pand\u00e8mia: acci\u00f3 social, impuls a la inversi\u00f3 p\u00fablica i reactivaci\u00f3 del turisme - Federaci\u00f3 Socialista d&#039;Eivissa<\/title>\n<meta name=\"robots\" content=\"index, follow, max-snippet:-1, max-image-preview:large, max-video-preview:-1\" \/>\n<link rel=\"canonical\" href=\"https:\/\/www.psib-psoe.org\/eivissa\/el-grup-psoe-proposa-al-consell-insular-un-pla-insular-de-mesures-per-fer-front-als-efectes-de-la-pandemia-accio-social-impuls-a-la-inversio-publica-i-reactivacio-del-turisme\/\" \/>\n<meta property=\"og:locale\" content=\"ca_ES\" \/>\n<meta property=\"og:type\" content=\"article\" \/>\n<meta property=\"og:title\" content=\"El grup PSOE proposa al Consell d&#039;Eivissa un pla insular de mesures per fer front als efectes de la pand\u00e8mia: acci\u00f3 social, impuls a la inversi\u00f3 p\u00fablica i reactivaci\u00f3 del turisme - Federaci\u00f3 Socialista d&#039;Eivissa\" \/>\n<meta property=\"og:description\" content=\"[vc_row][vc_column][vc_single_image image=&#8221;27036&#8243; img_size=&#8221;medium&#8221;][\/vc_column][\/vc_row][vc_row][vc_column][vc_column_text]El portaveu del grup PSOE i anterior president del Consell Insular, Vicent Torres, ha presentat avui a la Junta de Portaveus una proposta de paquet de mesures per fer front als efectes de la pand\u00e8mia. Una proposta \u201cconstructiva\u201d, que t\u00e9 per objectiu \u201ccol\u00b7laborar amb l\u2019executiu insular, com a principal grup de l\u2019oposici\u00f3, per&hellip;\" \/>\n<meta property=\"og:url\" content=\"https:\/\/www.psib-psoe.org\/eivissa\/el-grup-psoe-proposa-al-consell-insular-un-pla-insular-de-mesures-per-fer-front-als-efectes-de-la-pandemia-accio-social-impuls-a-la-inversio-publica-i-reactivacio-del-turisme\/\" \/>\n<meta property=\"og:site_name\" content=\"Federaci\u00f3 Socialista d&#039;Eivissa\" \/>\n<meta property=\"article:published_time\" content=\"2020-04-16T15:23:44+00:00\" \/>\n<meta property=\"article:modified_time\" content=\"2020-04-22T17:05:46+00:00\" \/>\n<meta property=\"og:image\" content=\"https:\/\/www.psib-psoe.org\/eivissa\/wp-content\/uploads\/FOTO-PERFIL-VICENT-XARXES.jpg\" \/>\n\t<meta property=\"og:image:width\" content=\"1650\" \/>\n\t<meta property=\"og:image:height\" content=\"1650\" \/>\n\t<meta property=\"og:image:type\" content=\"image\/jpeg\" \/>\n<meta name=\"author\" content=\"Josep Ripoll\" \/>\n<meta name=\"twitter:card\" content=\"summary_large_image\" \/>\n<meta name=\"twitter:label1\" content=\"Escrit per\" \/>\n\t<meta name=\"twitter:data1\" content=\"Josep Ripoll\" \/>\n\t<meta name=\"twitter:label2\" content=\"Temps estimat de lectura\" \/>\n\t<meta name=\"twitter:data2\" content=\"2 minuts\" \/>\n<script type=\"application\/ld+json\" class=\"yoast-schema-graph\">{\"@context\":\"https:\/\/schema.org\",\"@graph\":[{\"@type\":[\"Article\",\"BlogPosting\"],\"@id\":\"https:\/\/www.psib-psoe.org\/eivissa\/el-grup-psoe-proposa-al-consell-insular-un-pla-insular-de-mesures-per-fer-front-als-efectes-de-la-pandemia-accio-social-impuls-a-la-inversio-publica-i-reactivacio-del-turisme\/#article\",\"isPartOf\":{\"@id\":\"https:\/\/www.psib-psoe.org\/eivissa\/el-grup-psoe-proposa-al-consell-insular-un-pla-insular-de-mesures-per-fer-front-als-efectes-de-la-pandemia-accio-social-impuls-a-la-inversio-publica-i-reactivacio-del-turisme\/\"},\"author\":{\"name\":\"Josep Ripoll\",\"@id\":\"https:\/\/www.psib-psoe.org\/eivissa\/#\/schema\/person\/7a9d2841fb36f32e34fc0e9b245e8117\"},\"headline\":\"El grup PSOE proposa al Consell d&#8217;Eivissa un pla insular de mesures per fer front als efectes de la pand\u00e8mia: acci\u00f3 social, impuls a la inversi\u00f3 p\u00fablica i reactivaci\u00f3 del turisme\",\"datePublished\":\"2020-04-16T15:23:44+00:00\",\"dateModified\":\"2020-04-22T17:05:46+00:00\",\"mainEntityOfPage\":{\"@id\":\"https:\/\/www.psib-psoe.org\/eivissa\/el-grup-psoe-proposa-al-consell-insular-un-pla-insular-de-mesures-per-fer-front-als-efectes-de-la-pandemia-accio-social-impuls-a-la-inversio-publica-i-reactivacio-del-turisme\/\"},\"wordCount\":385,\"commentCount\":0,\"publisher\":{\"@id\":\"https:\/\/www.psib-psoe.org\/eivissa\/#organization\"},\"image\":{\"@id\":\"https:\/\/www.psib-psoe.org\/eivissa\/el-grup-psoe-proposa-al-consell-insular-un-pla-insular-de-mesures-per-fer-front-als-efectes-de-la-pandemia-accio-social-impuls-a-la-inversio-publica-i-reactivacio-del-turisme\/#primaryimage\"},\"thumbnailUrl\":\"https:\/\/www.psib-psoe.org\/eivissa\/wp-content\/uploads\/FOTO-PERFIL-VICENT-XARXES.jpg\",\"articleSection\":[\"Consell d'Eivissa\",\"Covid-19\",\"Federaci\u00f3 d'Eivissa - Portada\"],\"inLanguage\":\"ca\",\"potentialAction\":[{\"@type\":\"CommentAction\",\"name\":\"Comment\",\"target\":[\"https:\/\/www.psib-psoe.org\/eivissa\/el-grup-psoe-proposa-al-consell-insular-un-pla-insular-de-mesures-per-fer-front-als-efectes-de-la-pandemia-accio-social-impuls-a-la-inversio-publica-i-reactivacio-del-turisme\/#respond\"]}]},{\"@type\":\"WebPage\",\"@id\":\"https:\/\/www.psib-psoe.org\/eivissa\/el-grup-psoe-proposa-al-consell-insular-un-pla-insular-de-mesures-per-fer-front-als-efectes-de-la-pandemia-accio-social-impuls-a-la-inversio-publica-i-reactivacio-del-turisme\/\",\"url\":\"https:\/\/www.psib-psoe.org\/eivissa\/el-grup-psoe-proposa-al-consell-insular-un-pla-insular-de-mesures-per-fer-front-als-efectes-de-la-pandemia-accio-social-impuls-a-la-inversio-publica-i-reactivacio-del-turisme\/\",\"name\":\"El grup PSOE proposa al Consell d'Eivissa un pla insular de mesures per fer front als efectes de la pand\u00e8mia: acci\u00f3 social, impuls a la inversi\u00f3 p\u00fablica i reactivaci\u00f3 del turisme - Federaci\u00f3 Socialista d&#039;Eivissa\",\"isPartOf\":{\"@id\":\"https:\/\/www.psib-psoe.org\/eivissa\/#website\"},\"primaryImageOfPage\":{\"@id\":\"https:\/\/www.psib-psoe.org\/eivissa\/el-grup-psoe-proposa-al-consell-insular-un-pla-insular-de-mesures-per-fer-front-als-efectes-de-la-pandemia-accio-social-impuls-a-la-inversio-publica-i-reactivacio-del-turisme\/#primaryimage\"},\"image\":{\"@id\":\"https:\/\/www.psib-psoe.org\/eivissa\/el-grup-psoe-proposa-al-consell-insular-un-pla-insular-de-mesures-per-fer-front-als-efectes-de-la-pandemia-accio-social-impuls-a-la-inversio-publica-i-reactivacio-del-turisme\/#primaryimage\"},\"thumbnailUrl\":\"https:\/\/www.psib-psoe.org\/eivissa\/wp-content\/uploads\/FOTO-PERFIL-VICENT-XARXES.jpg\",\"datePublished\":\"2020-04-16T15:23:44+00:00\",\"dateModified\":\"2020-04-22T17:05:46+00:00\",\"breadcrumb\":{\"@id\":\"https:\/\/www.psib-psoe.org\/eivissa\/el-grup-psoe-proposa-al-consell-insular-un-pla-insular-de-mesures-per-fer-front-als-efectes-de-la-pandemia-accio-social-impuls-a-la-inversio-publica-i-reactivacio-del-turisme\/#breadcrumb\"},\"inLanguage\":\"ca\",\"potentialAction\":[{\"@type\":\"ReadAction\",\"target\":[\"https:\/\/www.psib-psoe.org\/eivissa\/el-grup-psoe-proposa-al-consell-insular-un-pla-insular-de-mesures-per-fer-front-als-efectes-de-la-pandemia-accio-social-impuls-a-la-inversio-publica-i-reactivacio-del-turisme\/\"]}]},{\"@type\":\"ImageObject\",\"inLanguage\":\"ca\",\"@id\":\"https:\/\/www.psib-psoe.org\/eivissa\/el-grup-psoe-proposa-al-consell-insular-un-pla-insular-de-mesures-per-fer-front-als-efectes-de-la-pandemia-accio-social-impuls-a-la-inversio-publica-i-reactivacio-del-turisme\/#primaryimage\",\"url\":\"https:\/\/www.psib-psoe.org\/eivissa\/wp-content\/uploads\/FOTO-PERFIL-VICENT-XARXES.jpg\",\"contentUrl\":\"https:\/\/www.psib-psoe.org\/eivissa\/wp-content\/uploads\/FOTO-PERFIL-VICENT-XARXES.jpg\",\"width\":1650,\"height\":1650},{\"@type\":\"BreadcrumbList\",\"@id\":\"https:\/\/www.psib-psoe.org\/eivissa\/el-grup-psoe-proposa-al-consell-insular-un-pla-insular-de-mesures-per-fer-front-als-efectes-de-la-pandemia-accio-social-impuls-a-la-inversio-publica-i-reactivacio-del-turisme\/#breadcrumb\",\"itemListElement\":[{\"@type\":\"ListItem\",\"position\":1,\"name\":\"Inici\",\"item\":\"https:\/\/www.psib-psoe.org\/eivissa\/\"},{\"@type\":\"ListItem\",\"position\":2,\"name\":\"El grup PSOE proposa al Consell d&#8217;Eivissa un pla insular de mesures per fer front als efectes de la pand\u00e8mia: acci\u00f3 social, impuls a la inversi\u00f3 p\u00fablica i reactivaci\u00f3 del turisme\"}]},{\"@type\":\"WebSite\",\"@id\":\"https:\/\/www.psib-psoe.org\/eivissa\/#website\",\"url\":\"https:\/\/www.psib-psoe.org\/eivissa\/\",\"name\":\"Federaci\u00f3 Socialista d'Eivissa\",\"description\":\"Socialistes d&#039;Eivissa\",\"publisher\":{\"@id\":\"https:\/\/www.psib-psoe.org\/eivissa\/#organization\"},\"potentialAction\":[{\"@type\":\"SearchAction\",\"target\":{\"@type\":\"EntryPoint\",\"urlTemplate\":\"https:\/\/www.psib-psoe.org\/eivissa\/?s={search_term_string}\"},\"query-input\":{\"@type\":\"PropertyValueSpecification\",\"valueRequired\":true,\"valueName\":\"search_term_string\"}}],\"inLanguage\":\"ca\"},{\"@type\":\"Organization\",\"@id\":\"https:\/\/www.psib-psoe.org\/eivissa\/#organization\",\"name\":\"Federaci\u00f3 Socialista d'Eivissa\",\"url\":\"https:\/\/www.psib-psoe.org\/eivissa\/\",\"logo\":{\"@type\":\"ImageObject\",\"inLanguage\":\"ca\",\"@id\":\"https:\/\/www.psib-psoe.org\/eivissa\/#\/schema\/logo\/image\/\",\"url\":\"https:\/\/www.psib-psoe.org\/eivissa\/wp-content\/uploads\/LOGO-FSE-SOCIALISTA-DEIVISSA-HORI.png\",\"contentUrl\":\"https:\/\/www.psib-psoe.org\/eivissa\/wp-content\/uploads\/LOGO-FSE-SOCIALISTA-DEIVISSA-HORI.png\",\"width\":6000,\"height\":3104,\"caption\":\"Federaci\u00f3 Socialista d'Eivissa\"},\"image\":{\"@id\":\"https:\/\/www.psib-psoe.org\/eivissa\/#\/schema\/logo\/image\/\"}},{\"@type\":\"Person\",\"@id\":\"https:\/\/www.psib-psoe.org\/eivissa\/#\/schema\/person\/7a9d2841fb36f32e34fc0e9b245e8117\",\"name\":\"Josep Ripoll\",\"sameAs\":[\"http:\/\/www.psib-psoe.org\/eivissa\/wp-login.php\"],\"url\":\"https:\/\/www.psib-psoe.org\/eivissa\/author\/josep\/\"}]}<\/script>\n<!-- \/ Yoast SEO plugin. -->","yoast_head_json":{"title":"El grup PSOE proposa al Consell d'Eivissa un pla insular de mesures per fer front als efectes de la pand\u00e8mia: acci\u00f3 social, impuls a la inversi\u00f3 p\u00fablica i reactivaci\u00f3 del turisme - Federaci\u00f3 Socialista d&#039;Eivissa","robots":{"index":"index","follow":"follow","max-snippet":"max-snippet:-1","max-image-preview":"max-image-preview:large","max-video-preview":"max-video-preview:-1"},"canonical":"https:\/\/www.psib-psoe.org\/eivissa\/el-grup-psoe-proposa-al-consell-insular-un-pla-insular-de-mesures-per-fer-front-als-efectes-de-la-pandemia-accio-social-impuls-a-la-inversio-publica-i-reactivacio-del-turisme\/","og_locale":"ca_ES","og_type":"article","og_title":"El grup PSOE proposa al Consell d'Eivissa un pla insular de mesures per fer front als efectes de la pand\u00e8mia: acci\u00f3 social, impuls a la inversi\u00f3 p\u00fablica i reactivaci\u00f3 del turisme - Federaci\u00f3 Socialista d&#039;Eivissa","og_description":"[vc_row][vc_column][vc_single_image image=&#8221;27036&#8243; img_size=&#8221;medium&#8221;][\/vc_column][\/vc_row][vc_row][vc_column][vc_column_text]El portaveu del grup PSOE i anterior president del Consell Insular, Vicent Torres, ha presentat avui a la Junta de Portaveus una proposta de paquet de mesures per fer front als efectes de la pand\u00e8mia. Una proposta \u201cconstructiva\u201d, que t\u00e9 per objectiu \u201ccol\u00b7laborar amb l\u2019executiu insular, com a principal grup de l\u2019oposici\u00f3, per&hellip;","og_url":"https:\/\/www.psib-psoe.org\/eivissa\/el-grup-psoe-proposa-al-consell-insular-un-pla-insular-de-mesures-per-fer-front-als-efectes-de-la-pandemia-accio-social-impuls-a-la-inversio-publica-i-reactivacio-del-turisme\/","og_site_name":"Federaci\u00f3 Socialista d&#039;Eivissa","article_published_time":"2020-04-16T15:23:44+00:00","article_modified_time":"2020-04-22T17:05:46+00:00","og_image":[{"width":1650,"height":1650,"url":"https:\/\/www.psib-psoe.org\/eivissa\/wp-content\/uploads\/FOTO-PERFIL-VICENT-XARXES.jpg","type":"image\/jpeg"}],"author":"Josep Ripoll","twitter_card":"summary_large_image","twitter_misc":{"Escrit per":"Josep Ripoll","Temps estimat de lectura":"2 minuts"},"schema":{"@context":"https:\/\/schema.org","@graph":[{"@type":["Article","BlogPosting"],"@id":"https:\/\/www.psib-psoe.org\/eivissa\/el-grup-psoe-proposa-al-consell-insular-un-pla-insular-de-mesures-per-fer-front-als-efectes-de-la-pandemia-accio-social-impuls-a-la-inversio-publica-i-reactivacio-del-turisme\/#article","isPartOf":{"@id":"https:\/\/www.psib-psoe.org\/eivissa\/el-grup-psoe-proposa-al-consell-insular-un-pla-insular-de-mesures-per-fer-front-als-efectes-de-la-pandemia-accio-social-impuls-a-la-inversio-publica-i-reactivacio-del-turisme\/"},"author":{"name":"Josep Ripoll","@id":"https:\/\/www.psib-psoe.org\/eivissa\/#\/schema\/person\/7a9d2841fb36f32e34fc0e9b245e8117"},"headline":"El grup PSOE proposa al Consell d&#8217;Eivissa un pla insular de mesures per fer front als efectes de la pand\u00e8mia: acci\u00f3 social, impuls a la inversi\u00f3 p\u00fablica i reactivaci\u00f3 del turisme","datePublished":"2020-04-16T15:23:44+00:00","dateModified":"2020-04-22T17:05:46+00:00","mainEntityOfPage":{"@id":"https:\/\/www.psib-psoe.org\/eivissa\/el-grup-psoe-proposa-al-consell-insular-un-pla-insular-de-mesures-per-fer-front-als-efectes-de-la-pandemia-accio-social-impuls-a-la-inversio-publica-i-reactivacio-del-turisme\/"},"wordCount":385,"commentCount":0,"publisher":{"@id":"https:\/\/www.psib-psoe.org\/eivissa\/#organization"},"image":{"@id":"https:\/\/www.psib-psoe.org\/eivissa\/el-grup-psoe-proposa-al-consell-insular-un-pla-insular-de-mesures-per-fer-front-als-efectes-de-la-pandemia-accio-social-impuls-a-la-inversio-publica-i-reactivacio-del-turisme\/#primaryimage"},"thumbnailUrl":"https:\/\/www.psib-psoe.org\/eivissa\/wp-content\/uploads\/FOTO-PERFIL-VICENT-XARXES.jpg","articleSection":["Consell d'Eivissa","Covid-19","Federaci\u00f3 d'Eivissa - Portada"],"inLanguage":"ca","potentialAction":[{"@type":"CommentAction","name":"Comment","target":["https:\/\/www.psib-psoe.org\/eivissa\/el-grup-psoe-proposa-al-consell-insular-un-pla-insular-de-mesures-per-fer-front-als-efectes-de-la-pandemia-accio-social-impuls-a-la-inversio-publica-i-reactivacio-del-turisme\/#respond"]}]},{"@type":"WebPage","@id":"https:\/\/www.psib-psoe.org\/eivissa\/el-grup-psoe-proposa-al-consell-insular-un-pla-insular-de-mesures-per-fer-front-als-efectes-de-la-pandemia-accio-social-impuls-a-la-inversio-publica-i-reactivacio-del-turisme\/","url":"https:\/\/www.psib-psoe.org\/eivissa\/el-grup-psoe-proposa-al-consell-insular-un-pla-insular-de-mesures-per-fer-front-als-efectes-de-la-pandemia-accio-social-impuls-a-la-inversio-publica-i-reactivacio-del-turisme\/","name":"El grup PSOE proposa al Consell d'Eivissa un pla insular de mesures per fer front als efectes de la pand\u00e8mia: acci\u00f3 social, impuls a la inversi\u00f3 p\u00fablica i reactivaci\u00f3 del turisme - Federaci\u00f3 Socialista d&#039;Eivissa","isPartOf":{"@id":"https:\/\/www.psib-psoe.org\/eivissa\/#website"},"primaryImageOfPage":{"@id":"https:\/\/www.psib-psoe.org\/eivissa\/el-grup-psoe-proposa-al-consell-insular-un-pla-insular-de-mesures-per-fer-front-als-efectes-de-la-pandemia-accio-social-impuls-a-la-inversio-publica-i-reactivacio-del-turisme\/#primaryimage"},"image":{"@id":"https:\/\/www.psib-psoe.org\/eivissa\/el-grup-psoe-proposa-al-consell-insular-un-pla-insular-de-mesures-per-fer-front-als-efectes-de-la-pandemia-accio-social-impuls-a-la-inversio-publica-i-reactivacio-del-turisme\/#primaryimage"},"thumbnailUrl":"https:\/\/www.psib-psoe.org\/eivissa\/wp-content\/uploads\/FOTO-PERFIL-VICENT-XARXES.jpg","datePublished":"2020-04-16T15:23:44+00:00","dateModified":"2020-04-22T17:05:46+00:00","breadcrumb":{"@id":"https:\/\/www.psib-psoe.org\/eivissa\/el-grup-psoe-proposa-al-consell-insular-un-pla-insular-de-mesures-per-fer-front-als-efectes-de-la-pandemia-accio-social-impuls-a-la-inversio-publica-i-reactivacio-del-turisme\/#breadcrumb"},"inLanguage":"ca","potentialAction":[{"@type":"ReadAction","target":["https:\/\/www.psib-psoe.org\/eivissa\/el-grup-psoe-proposa-al-consell-insular-un-pla-insular-de-mesures-per-fer-front-als-efectes-de-la-pandemia-accio-social-impuls-a-la-inversio-publica-i-reactivacio-del-turisme\/"]}]},{"@type":"ImageObject","inLanguage":"ca","@id":"https:\/\/www.psib-psoe.org\/eivissa\/el-grup-psoe-proposa-al-consell-insular-un-pla-insular-de-mesures-per-fer-front-als-efectes-de-la-pandemia-accio-social-impuls-a-la-inversio-publica-i-reactivacio-del-turisme\/#primaryimage","url":"https:\/\/www.psib-psoe.org\/eivissa\/wp-content\/uploads\/FOTO-PERFIL-VICENT-XARXES.jpg","contentUrl":"https:\/\/www.psib-psoe.org\/eivissa\/wp-content\/uploads\/FOTO-PERFIL-VICENT-XARXES.jpg","width":1650,"height":1650},{"@type":"BreadcrumbList","@id":"https:\/\/www.psib-psoe.org\/eivissa\/el-grup-psoe-proposa-al-consell-insular-un-pla-insular-de-mesures-per-fer-front-als-efectes-de-la-pandemia-accio-social-impuls-a-la-inversio-publica-i-reactivacio-del-turisme\/#breadcrumb","itemListElement":[{"@type":"ListItem","position":1,"name":"Inici","item":"https:\/\/www.psib-psoe.org\/eivissa\/"},{"@type":"ListItem","position":2,"name":"El grup PSOE proposa al Consell d&#8217;Eivissa un pla insular de mesures per fer front als efectes de la pand\u00e8mia: acci\u00f3 social, impuls a la inversi\u00f3 p\u00fablica i reactivaci\u00f3 del turisme"}]},{"@type":"WebSite","@id":"https:\/\/www.psib-psoe.org\/eivissa\/#website","url":"https:\/\/www.psib-psoe.org\/eivissa\/","name":"Federaci\u00f3 Socialista d'Eivissa","description":"Socialistes d&#039;Eivissa","publisher":{"@id":"https:\/\/www.psib-psoe.org\/eivissa\/#organization"},"potentialAction":[{"@type":"SearchAction","target":{"@type":"EntryPoint","urlTemplate":"https:\/\/www.psib-psoe.org\/eivissa\/?s={search_term_string}"},"query-input":{"@type":"PropertyValueSpecification","valueRequired":true,"valueName":"search_term_string"}}],"inLanguage":"ca"},{"@type":"Organization","@id":"https:\/\/www.psib-psoe.org\/eivissa\/#organization","name":"Federaci\u00f3 Socialista d'Eivissa","url":"https:\/\/www.psib-psoe.org\/eivissa\/","logo":{"@type":"ImageObject","inLanguage":"ca","@id":"https:\/\/www.psib-psoe.org\/eivissa\/#\/schema\/logo\/image\/","url":"https:\/\/www.psib-psoe.org\/eivissa\/wp-content\/uploads\/LOGO-FSE-SOCIALISTA-DEIVISSA-HORI.png","contentUrl":"https:\/\/www.psib-psoe.org\/eivissa\/wp-content\/uploads\/LOGO-FSE-SOCIALISTA-DEIVISSA-HORI.png","width":6000,"height":3104,"caption":"Federaci\u00f3 Socialista d'Eivissa"},"image":{"@id":"https:\/\/www.psib-psoe.org\/eivissa\/#\/schema\/logo\/image\/"}},{"@type":"Person","@id":"https:\/\/www.psib-psoe.org\/eivissa\/#\/schema\/person\/7a9d2841fb36f32e34fc0e9b245e8117","name":"Josep Ripoll","sameAs":["http:\/\/www.psib-psoe.org\/eivissa\/wp-login.php"],"url":"https:\/\/www.psib-psoe.org\/eivissa\/author\/josep\/"}]}},"_links":{"self":[{"href":"https:\/\/www.psib-psoe.org\/eivissa\/wp-json\/wp\/v2\/posts\/27917","targetHints":{"allow":["GET"]}}],"collection":[{"href":"https:\/\/www.psib-psoe.org\/eivissa\/wp-json\/wp\/v2\/posts"}],"about":[{"href":"https:\/\/www.psib-psoe.org\/eivissa\/wp-json\/wp\/v2\/types\/post"}],"author":[{"embeddable":true,"href":"https:\/\/www.psib-psoe.org\/eivissa\/wp-json\/wp\/v2\/users\/7"}],"replies":[{"embeddable":true,"href":"https:\/\/www.psib-psoe.org\/eivissa\/wp-json\/wp\/v2\/comments?post=27917"}],"version-history":[{"count":5,"href":"https:\/\/www.psib-psoe.org\/eivissa\/wp-json\/wp\/v2\/posts\/27917\/revisions"}],"predecessor-version":[{"id":27936,"href":"https:\/\/www.psib-psoe.org\/eivissa\/wp-json\/wp\/v2\/posts\/27917\/revisions\/27936"}],"wp:featuredmedia":[{"embeddable":true,"href":"https:\/\/www.psib-psoe.org\/eivissa\/wp-json\/wp\/v2\/media\/26367"}],"wp:attachment":[{"href":"https:\/\/www.psib-psoe.org\/eivissa\/wp-json\/wp\/v2\/media?parent=27917"}],"wp:term":[{"taxonomy":"category","embeddable":true,"href":"https:\/\/www.psib-psoe.org\/eivissa\/wp-json\/wp\/v2\/categories?post=27917"},{"taxonomy":"post_tag","embeddable":true,"href":"https:\/\/www.psib-psoe.org\/eivissa\/wp-json\/wp\/v2\/tags?post=27917"}],"curies":[{"name":"wp","href":"https:\/\/api.w.org\/{rel}","templated":true}]}}