{"id":28938,"date":"2020-04-24T12:30:48","date_gmt":"2020-04-24T10:30:48","guid":{"rendered":"https:\/\/www.psib-psoe.org\/eivissa\/?p=28938"},"modified":"2020-04-22T13:44:14","modified_gmt":"2020-04-22T11:44:14","slug":"rafa-ruiz-celebra-el-primer-paso-para-poder-utilizar-parte-del-superavit-de-2019-y-espera-que-pronto-podamos-destinar-todos-los-recursos-de-los-ayuntamientos-a-combatir-el-covid-19","status":"publish","type":"post","link":"https:\/\/www.psib-psoe.org\/eivissa\/rafa-ruiz-celebra-el-primer-paso-para-poder-utilizar-parte-del-superavit-de-2019-y-espera-que-pronto-podamos-destinar-todos-los-recursos-de-los-ayuntamientos-a-combatir-el-covid-19\/","title":{"rendered":"Rafa Ruiz celebra &#8220;el primer paso para poder destinar parte del super\u00e1vit a combatir el COVID-19&#8221;"},"content":{"rendered":"<p>El secretario de Pol\u00edtica Municipal del PSIB-PSOE y alcalde de Eivissa, Rafa Ruiz, ha valorado muy positivamente la reuni\u00f3n mantenida entre el presidente del Gobierno de Espa\u00f1a, Pedro S\u00e1nchez, y el presidente de la Federaci\u00f3n Espa\u00f1ola de Municipios y Provincias, Abel Caballero, para analizar la situaci\u00f3n de las entidades locales y como \u00e9stas pueden ayudar a combatir el COVID-19 y sus consecuencias sociales y econ\u00f3micas.<\/p>\n<p>Una reuni\u00f3n que a partir de ahora tendr\u00e1 lugar cada 15 d\u00edas, lo que ha celebrado Ruiz porque &#8220;hac\u00eda 8 a\u00f1os que ning\u00fan presidente del Gobierno de Espa\u00f1a se reun\u00eda con la FEMP&#8221;. Se establece as\u00ed una din\u00e1mica de trabajo &#8220;muy ansiada por los ayuntamientos&#8221;.<\/p>\n<p>De este primer encuentro, el secretario de Pol\u00edtica Municipal ha mostrado satisfecho porque &#8220;nos han dejado utilizar el 20% del remanente de 2019 para temas sociales y esperamos que pronto podamos utilizar el resto de los remanentes de los ayuntamientos&#8221;.<\/p>\n<p>En este sentido, Ruiz ha recordado que &#8220;los socialistas siempre hemos reclamado la flexibilizaci\u00f3n de la injusta Ley de Estabilidad Presupuestaria del PP que tanto ha perjudicado a los ayuntamientos&#8221;, al igual que ha reivindicado que &#8220;en esta situaci\u00f3n de crisis absoluta los sueldos de la ciudadan\u00eda deben estar a su alcance, dando m\u00e1s servicios y con las entidades locales m\u00e1s cerca que nunca de la gente&#8221;.<\/p>\n<p>Por ello, Ruiz ha asegurado que &#8220;estamos a punto de conseguir un objetivo que hace mucho que reivindicamos los ayuntamientos, y especialmente los socialistas&#8221;, como es poder utilizar todo el remanente acumulado durante los \u00faltimos a\u00f1os para combatir las consecuencias sociales y econ\u00f3micas que est\u00e1 ocasionando la pandemia del COVID-19.<\/p>\n<p>Es una reclamaci\u00f3n &#8220;que hemos hecho tanto con el presidente Rajoy, quien no nos escuchaba, como con el presidente S\u00e1nchez, quien nos est\u00e1 escuchando ante la evidencia de que poder invertir estos recursos es una necesidad para toda la ciudadan\u00eda&#8221;.<\/p>\n<p>Finalmente, Ruiz tambi\u00e9n ha querido trasladar un agradecimiento a alcaldes y alcaldesas, concejales y concejalas, y trabajadoras y trabajadores p\u00fablicos del \u00e1mbito municipal que tambi\u00e9n se est\u00e1n dejando la piel d\u00eda a d\u00eda para combatir desde la proximidad del ciudadano todas las adversidades que est\u00e1 comportando el coronavirus, as\u00ed como un sentido p\u00e9same a todas las v\u00edctimas del virus en las islas y un mensaje de \u00e1nimo y apoyo a todas las personas que se han visto contagiadas.<\/p>\n<div style=\"width: 848px;\" class=\"wp-video\"><!--[if lt IE 9]><script>document.createElement('video');<\/script><![endif]-->\n<video class=\"wp-video-shortcode\" id=\"video-28938-1\" width=\"848\" height=\"480\" preload=\"metadata\" controls=\"controls\"><source type=\"video\/mp4\" src=\"https:\/\/www.psib-psoe.org\/eivissa\/wp-content\/uploads\/WhatsApp-Video-2020-04-22-at-11.27.03.mp4?_=1\" \/><a href=\"https:\/\/www.psib-psoe.org\/eivissa\/wp-content\/uploads\/WhatsApp-Video-2020-04-22-at-11.27.03.mp4\">https:\/\/www.psib-psoe.org\/eivissa\/wp-content\/uploads\/WhatsApp-Video-2020-04-22-at-11.27.03.mp4<\/a><\/video><\/div>\n","protected":false},"excerpt":{"rendered":"<p>El secretario de Pol\u00edtica Municipal del PSIB-PSOE y alcalde de Eivissa, Rafa Ruiz, ha valorado muy positivamente la reuni\u00f3n mantenida entre el presidente del Gobierno de Espa\u00f1a, Pedro S\u00e1nchez, y el presidente de la Federaci\u00f3n Espa\u00f1ola de Municipios y Provincias, Abel Caballero, para analizar la situaci\u00f3n de las entidades locales y como \u00e9stas pueden ayudar&hellip;<\/p>\n","protected":false},"author":7,"featured_media":27047,"comment_status":"closed","ping_status":"closed","sticky":false,"template":"","format":"standard","meta":{"footnotes":""},"categories":[212],"tags":[],"class_list":["post-28938","post","type-post","status-publish","format-standard","has-post-thumbnail","hentry","category-fse-psoe"],"yoast_head":"<!-- This site is optimized with the Yoast SEO plugin v26.9 - https:\/\/yoast.com\/product\/yoast-seo-wordpress\/ -->\n<title>Rafa Ruiz celebra &quot;el primer paso para poder destinar parte del super\u00e1vit a combatir el COVID-19&quot; - Federaci\u00f3 Socialista d&#039;Eivissa<\/title>\n<meta name=\"robots\" content=\"index, follow, max-snippet:-1, max-image-preview:large, max-video-preview:-1\" \/>\n<link rel=\"canonical\" href=\"https:\/\/www.psib-psoe.org\/eivissa\/rafa-ruiz-celebra-el-primer-paso-para-poder-utilizar-parte-del-superavit-de-2019-y-espera-que-pronto-podamos-destinar-todos-los-recursos-de-los-ayuntamientos-a-combatir-el-covid-19\/\" \/>\n<meta property=\"og:locale\" content=\"ca_ES\" \/>\n<meta property=\"og:type\" content=\"article\" \/>\n<meta property=\"og:title\" content=\"Rafa Ruiz celebra &quot;el primer paso para poder destinar parte del super\u00e1vit a combatir el COVID-19&quot; - Federaci\u00f3 Socialista d&#039;Eivissa\" \/>\n<meta property=\"og:description\" content=\"El secretario de Pol\u00edtica Municipal del PSIB-PSOE y alcalde de Eivissa, Rafa Ruiz, ha valorado muy positivamente la reuni\u00f3n mantenida entre el presidente del Gobierno de Espa\u00f1a, Pedro S\u00e1nchez, y el presidente de la Federaci\u00f3n Espa\u00f1ola de Municipios y Provincias, Abel Caballero, para analizar la situaci\u00f3n de las entidades locales y como \u00e9stas pueden ayudar&hellip;\" \/>\n<meta property=\"og:url\" content=\"https:\/\/www.psib-psoe.org\/eivissa\/rafa-ruiz-celebra-el-primer-paso-para-poder-utilizar-parte-del-superavit-de-2019-y-espera-que-pronto-podamos-destinar-todos-los-recursos-de-los-ayuntamientos-a-combatir-el-covid-19\/\" \/>\n<meta property=\"og:site_name\" content=\"Federaci\u00f3 Socialista d&#039;Eivissa\" \/>\n<meta property=\"article:published_time\" content=\"2020-04-24T10:30:48+00:00\" \/>\n<meta property=\"og:image\" content=\"https:\/\/www.psib-psoe.org\/eivissa\/wp-content\/uploads\/foto-Rafa.jpg\" \/>\n\t<meta property=\"og:image:width\" content=\"273\" \/>\n\t<meta property=\"og:image:height\" content=\"210\" \/>\n\t<meta property=\"og:image:type\" content=\"image\/jpeg\" \/>\n<meta name=\"author\" content=\"Josep Ripoll\" \/>\n<meta name=\"twitter:card\" content=\"summary_large_image\" \/>\n<meta name=\"twitter:label1\" content=\"Escrit per\" \/>\n\t<meta name=\"twitter:data1\" content=\"Josep Ripoll\" \/>\n\t<meta name=\"twitter:label2\" content=\"Temps estimat de lectura\" \/>\n\t<meta name=\"twitter:data2\" content=\"2 minuts\" \/>\n<script type=\"application\/ld+json\" class=\"yoast-schema-graph\">{\"@context\":\"https:\/\/schema.org\",\"@graph\":[{\"@type\":[\"Article\",\"BlogPosting\"],\"@id\":\"https:\/\/www.psib-psoe.org\/eivissa\/rafa-ruiz-celebra-el-primer-paso-para-poder-utilizar-parte-del-superavit-de-2019-y-espera-que-pronto-podamos-destinar-todos-los-recursos-de-los-ayuntamientos-a-combatir-el-covid-19\/#article\",\"isPartOf\":{\"@id\":\"https:\/\/www.psib-psoe.org\/eivissa\/rafa-ruiz-celebra-el-primer-paso-para-poder-utilizar-parte-del-superavit-de-2019-y-espera-que-pronto-podamos-destinar-todos-los-recursos-de-los-ayuntamientos-a-combatir-el-covid-19\/\"},\"author\":{\"name\":\"Josep Ripoll\",\"@id\":\"https:\/\/www.psib-psoe.org\/eivissa\/#\/schema\/person\/7a9d2841fb36f32e34fc0e9b245e8117\"},\"headline\":\"Rafa Ruiz celebra &#8220;el primer paso para poder destinar parte del super\u00e1vit a combatir el COVID-19&#8221;\",\"datePublished\":\"2020-04-24T10:30:48+00:00\",\"mainEntityOfPage\":{\"@id\":\"https:\/\/www.psib-psoe.org\/eivissa\/rafa-ruiz-celebra-el-primer-paso-para-poder-utilizar-parte-del-superavit-de-2019-y-espera-que-pronto-podamos-destinar-todos-los-recursos-de-los-ayuntamientos-a-combatir-el-covid-19\/\"},\"wordCount\":450,\"publisher\":{\"@id\":\"https:\/\/www.psib-psoe.org\/eivissa\/#organization\"},\"image\":{\"@id\":\"https:\/\/www.psib-psoe.org\/eivissa\/rafa-ruiz-celebra-el-primer-paso-para-poder-utilizar-parte-del-superavit-de-2019-y-espera-que-pronto-podamos-destinar-todos-los-recursos-de-los-ayuntamientos-a-combatir-el-covid-19\/#primaryimage\"},\"thumbnailUrl\":\"https:\/\/www.psib-psoe.org\/eivissa\/wp-content\/uploads\/foto-Rafa.jpg\",\"articleSection\":[\"FSE-PSOE\"],\"inLanguage\":\"ca\"},{\"@type\":\"WebPage\",\"@id\":\"https:\/\/www.psib-psoe.org\/eivissa\/rafa-ruiz-celebra-el-primer-paso-para-poder-utilizar-parte-del-superavit-de-2019-y-espera-que-pronto-podamos-destinar-todos-los-recursos-de-los-ayuntamientos-a-combatir-el-covid-19\/\",\"url\":\"https:\/\/www.psib-psoe.org\/eivissa\/rafa-ruiz-celebra-el-primer-paso-para-poder-utilizar-parte-del-superavit-de-2019-y-espera-que-pronto-podamos-destinar-todos-los-recursos-de-los-ayuntamientos-a-combatir-el-covid-19\/\",\"name\":\"Rafa Ruiz celebra \\\"el primer paso para poder destinar parte del super\u00e1vit a combatir el COVID-19\\\" - Federaci\u00f3 Socialista d&#039;Eivissa\",\"isPartOf\":{\"@id\":\"https:\/\/www.psib-psoe.org\/eivissa\/#website\"},\"primaryImageOfPage\":{\"@id\":\"https:\/\/www.psib-psoe.org\/eivissa\/rafa-ruiz-celebra-el-primer-paso-para-poder-utilizar-parte-del-superavit-de-2019-y-espera-que-pronto-podamos-destinar-todos-los-recursos-de-los-ayuntamientos-a-combatir-el-covid-19\/#primaryimage\"},\"image\":{\"@id\":\"https:\/\/www.psib-psoe.org\/eivissa\/rafa-ruiz-celebra-el-primer-paso-para-poder-utilizar-parte-del-superavit-de-2019-y-espera-que-pronto-podamos-destinar-todos-los-recursos-de-los-ayuntamientos-a-combatir-el-covid-19\/#primaryimage\"},\"thumbnailUrl\":\"https:\/\/www.psib-psoe.org\/eivissa\/wp-content\/uploads\/foto-Rafa.jpg\",\"datePublished\":\"2020-04-24T10:30:48+00:00\",\"breadcrumb\":{\"@id\":\"https:\/\/www.psib-psoe.org\/eivissa\/rafa-ruiz-celebra-el-primer-paso-para-poder-utilizar-parte-del-superavit-de-2019-y-espera-que-pronto-podamos-destinar-todos-los-recursos-de-los-ayuntamientos-a-combatir-el-covid-19\/#breadcrumb\"},\"inLanguage\":\"ca\",\"potentialAction\":[{\"@type\":\"ReadAction\",\"target\":[\"https:\/\/www.psib-psoe.org\/eivissa\/rafa-ruiz-celebra-el-primer-paso-para-poder-utilizar-parte-del-superavit-de-2019-y-espera-que-pronto-podamos-destinar-todos-los-recursos-de-los-ayuntamientos-a-combatir-el-covid-19\/\"]}]},{\"@type\":\"ImageObject\",\"inLanguage\":\"ca\",\"@id\":\"https:\/\/www.psib-psoe.org\/eivissa\/rafa-ruiz-celebra-el-primer-paso-para-poder-utilizar-parte-del-superavit-de-2019-y-espera-que-pronto-podamos-destinar-todos-los-recursos-de-los-ayuntamientos-a-combatir-el-covid-19\/#primaryimage\",\"url\":\"https:\/\/www.psib-psoe.org\/eivissa\/wp-content\/uploads\/foto-Rafa.jpg\",\"contentUrl\":\"https:\/\/www.psib-psoe.org\/eivissa\/wp-content\/uploads\/foto-Rafa.jpg\",\"width\":273,\"height\":210},{\"@type\":\"BreadcrumbList\",\"@id\":\"https:\/\/www.psib-psoe.org\/eivissa\/rafa-ruiz-celebra-el-primer-paso-para-poder-utilizar-parte-del-superavit-de-2019-y-espera-que-pronto-podamos-destinar-todos-los-recursos-de-los-ayuntamientos-a-combatir-el-covid-19\/#breadcrumb\",\"itemListElement\":[{\"@type\":\"ListItem\",\"position\":1,\"name\":\"Inici\",\"item\":\"https:\/\/www.psib-psoe.org\/eivissa\/\"},{\"@type\":\"ListItem\",\"position\":2,\"name\":\"Rafa Ruiz celebra &#8220;el primer paso para poder destinar parte del super\u00e1vit a combatir el COVID-19&#8221;\"}]},{\"@type\":\"WebSite\",\"@id\":\"https:\/\/www.psib-psoe.org\/eivissa\/#website\",\"url\":\"https:\/\/www.psib-psoe.org\/eivissa\/\",\"name\":\"Federaci\u00f3 Socialista d'Eivissa\",\"description\":\"Socialistes d&#039;Eivissa\",\"publisher\":{\"@id\":\"https:\/\/www.psib-psoe.org\/eivissa\/#organization\"},\"potentialAction\":[{\"@type\":\"SearchAction\",\"target\":{\"@type\":\"EntryPoint\",\"urlTemplate\":\"https:\/\/www.psib-psoe.org\/eivissa\/?s={search_term_string}\"},\"query-input\":{\"@type\":\"PropertyValueSpecification\",\"valueRequired\":true,\"valueName\":\"search_term_string\"}}],\"inLanguage\":\"ca\"},{\"@type\":\"Organization\",\"@id\":\"https:\/\/www.psib-psoe.org\/eivissa\/#organization\",\"name\":\"Federaci\u00f3 Socialista d'Eivissa\",\"url\":\"https:\/\/www.psib-psoe.org\/eivissa\/\",\"logo\":{\"@type\":\"ImageObject\",\"inLanguage\":\"ca\",\"@id\":\"https:\/\/www.psib-psoe.org\/eivissa\/#\/schema\/logo\/image\/\",\"url\":\"https:\/\/www.psib-psoe.org\/eivissa\/wp-content\/uploads\/LOGO-FSE-SOCIALISTA-DEIVISSA-HORI.png\",\"contentUrl\":\"https:\/\/www.psib-psoe.org\/eivissa\/wp-content\/uploads\/LOGO-FSE-SOCIALISTA-DEIVISSA-HORI.png\",\"width\":6000,\"height\":3104,\"caption\":\"Federaci\u00f3 Socialista d'Eivissa\"},\"image\":{\"@id\":\"https:\/\/www.psib-psoe.org\/eivissa\/#\/schema\/logo\/image\/\"}},{\"@type\":\"Person\",\"@id\":\"https:\/\/www.psib-psoe.org\/eivissa\/#\/schema\/person\/7a9d2841fb36f32e34fc0e9b245e8117\",\"name\":\"Josep Ripoll\",\"sameAs\":[\"http:\/\/www.psib-psoe.org\/eivissa\/wp-login.php\"],\"url\":\"https:\/\/www.psib-psoe.org\/eivissa\/author\/josep\/\"}]}<\/script>\n<!-- \/ Yoast SEO plugin. -->","yoast_head_json":{"title":"Rafa Ruiz celebra \"el primer paso para poder destinar parte del super\u00e1vit a combatir el COVID-19\" - Federaci\u00f3 Socialista d&#039;Eivissa","robots":{"index":"index","follow":"follow","max-snippet":"max-snippet:-1","max-image-preview":"max-image-preview:large","max-video-preview":"max-video-preview:-1"},"canonical":"https:\/\/www.psib-psoe.org\/eivissa\/rafa-ruiz-celebra-el-primer-paso-para-poder-utilizar-parte-del-superavit-de-2019-y-espera-que-pronto-podamos-destinar-todos-los-recursos-de-los-ayuntamientos-a-combatir-el-covid-19\/","og_locale":"ca_ES","og_type":"article","og_title":"Rafa Ruiz celebra \"el primer paso para poder destinar parte del super\u00e1vit a combatir el COVID-19\" - Federaci\u00f3 Socialista d&#039;Eivissa","og_description":"El secretario de Pol\u00edtica Municipal del PSIB-PSOE y alcalde de Eivissa, Rafa Ruiz, ha valorado muy positivamente la reuni\u00f3n mantenida entre el presidente del Gobierno de Espa\u00f1a, Pedro S\u00e1nchez, y el presidente de la Federaci\u00f3n Espa\u00f1ola de Municipios y Provincias, Abel Caballero, para analizar la situaci\u00f3n de las entidades locales y como \u00e9stas pueden ayudar&hellip;","og_url":"https:\/\/www.psib-psoe.org\/eivissa\/rafa-ruiz-celebra-el-primer-paso-para-poder-utilizar-parte-del-superavit-de-2019-y-espera-que-pronto-podamos-destinar-todos-los-recursos-de-los-ayuntamientos-a-combatir-el-covid-19\/","og_site_name":"Federaci\u00f3 Socialista d&#039;Eivissa","article_published_time":"2020-04-24T10:30:48+00:00","og_image":[{"width":273,"height":210,"url":"https:\/\/www.psib-psoe.org\/eivissa\/wp-content\/uploads\/foto-Rafa.jpg","type":"image\/jpeg"}],"author":"Josep Ripoll","twitter_card":"summary_large_image","twitter_misc":{"Escrit per":"Josep Ripoll","Temps estimat de lectura":"2 minuts"},"schema":{"@context":"https:\/\/schema.org","@graph":[{"@type":["Article","BlogPosting"],"@id":"https:\/\/www.psib-psoe.org\/eivissa\/rafa-ruiz-celebra-el-primer-paso-para-poder-utilizar-parte-del-superavit-de-2019-y-espera-que-pronto-podamos-destinar-todos-los-recursos-de-los-ayuntamientos-a-combatir-el-covid-19\/#article","isPartOf":{"@id":"https:\/\/www.psib-psoe.org\/eivissa\/rafa-ruiz-celebra-el-primer-paso-para-poder-utilizar-parte-del-superavit-de-2019-y-espera-que-pronto-podamos-destinar-todos-los-recursos-de-los-ayuntamientos-a-combatir-el-covid-19\/"},"author":{"name":"Josep Ripoll","@id":"https:\/\/www.psib-psoe.org\/eivissa\/#\/schema\/person\/7a9d2841fb36f32e34fc0e9b245e8117"},"headline":"Rafa Ruiz celebra &#8220;el primer paso para poder destinar parte del super\u00e1vit a combatir el COVID-19&#8221;","datePublished":"2020-04-24T10:30:48+00:00","mainEntityOfPage":{"@id":"https:\/\/www.psib-psoe.org\/eivissa\/rafa-ruiz-celebra-el-primer-paso-para-poder-utilizar-parte-del-superavit-de-2019-y-espera-que-pronto-podamos-destinar-todos-los-recursos-de-los-ayuntamientos-a-combatir-el-covid-19\/"},"wordCount":450,"publisher":{"@id":"https:\/\/www.psib-psoe.org\/eivissa\/#organization"},"image":{"@id":"https:\/\/www.psib-psoe.org\/eivissa\/rafa-ruiz-celebra-el-primer-paso-para-poder-utilizar-parte-del-superavit-de-2019-y-espera-que-pronto-podamos-destinar-todos-los-recursos-de-los-ayuntamientos-a-combatir-el-covid-19\/#primaryimage"},"thumbnailUrl":"https:\/\/www.psib-psoe.org\/eivissa\/wp-content\/uploads\/foto-Rafa.jpg","articleSection":["FSE-PSOE"],"inLanguage":"ca"},{"@type":"WebPage","@id":"https:\/\/www.psib-psoe.org\/eivissa\/rafa-ruiz-celebra-el-primer-paso-para-poder-utilizar-parte-del-superavit-de-2019-y-espera-que-pronto-podamos-destinar-todos-los-recursos-de-los-ayuntamientos-a-combatir-el-covid-19\/","url":"https:\/\/www.psib-psoe.org\/eivissa\/rafa-ruiz-celebra-el-primer-paso-para-poder-utilizar-parte-del-superavit-de-2019-y-espera-que-pronto-podamos-destinar-todos-los-recursos-de-los-ayuntamientos-a-combatir-el-covid-19\/","name":"Rafa Ruiz celebra \"el primer paso para poder destinar parte del super\u00e1vit a combatir el COVID-19\" - Federaci\u00f3 Socialista d&#039;Eivissa","isPartOf":{"@id":"https:\/\/www.psib-psoe.org\/eivissa\/#website"},"primaryImageOfPage":{"@id":"https:\/\/www.psib-psoe.org\/eivissa\/rafa-ruiz-celebra-el-primer-paso-para-poder-utilizar-parte-del-superavit-de-2019-y-espera-que-pronto-podamos-destinar-todos-los-recursos-de-los-ayuntamientos-a-combatir-el-covid-19\/#primaryimage"},"image":{"@id":"https:\/\/www.psib-psoe.org\/eivissa\/rafa-ruiz-celebra-el-primer-paso-para-poder-utilizar-parte-del-superavit-de-2019-y-espera-que-pronto-podamos-destinar-todos-los-recursos-de-los-ayuntamientos-a-combatir-el-covid-19\/#primaryimage"},"thumbnailUrl":"https:\/\/www.psib-psoe.org\/eivissa\/wp-content\/uploads\/foto-Rafa.jpg","datePublished":"2020-04-24T10:30:48+00:00","breadcrumb":{"@id":"https:\/\/www.psib-psoe.org\/eivissa\/rafa-ruiz-celebra-el-primer-paso-para-poder-utilizar-parte-del-superavit-de-2019-y-espera-que-pronto-podamos-destinar-todos-los-recursos-de-los-ayuntamientos-a-combatir-el-covid-19\/#breadcrumb"},"inLanguage":"ca","potentialAction":[{"@type":"ReadAction","target":["https:\/\/www.psib-psoe.org\/eivissa\/rafa-ruiz-celebra-el-primer-paso-para-poder-utilizar-parte-del-superavit-de-2019-y-espera-que-pronto-podamos-destinar-todos-los-recursos-de-los-ayuntamientos-a-combatir-el-covid-19\/"]}]},{"@type":"ImageObject","inLanguage":"ca","@id":"https:\/\/www.psib-psoe.org\/eivissa\/rafa-ruiz-celebra-el-primer-paso-para-poder-utilizar-parte-del-superavit-de-2019-y-espera-que-pronto-podamos-destinar-todos-los-recursos-de-los-ayuntamientos-a-combatir-el-covid-19\/#primaryimage","url":"https:\/\/www.psib-psoe.org\/eivissa\/wp-content\/uploads\/foto-Rafa.jpg","contentUrl":"https:\/\/www.psib-psoe.org\/eivissa\/wp-content\/uploads\/foto-Rafa.jpg","width":273,"height":210},{"@type":"BreadcrumbList","@id":"https:\/\/www.psib-psoe.org\/eivissa\/rafa-ruiz-celebra-el-primer-paso-para-poder-utilizar-parte-del-superavit-de-2019-y-espera-que-pronto-podamos-destinar-todos-los-recursos-de-los-ayuntamientos-a-combatir-el-covid-19\/#breadcrumb","itemListElement":[{"@type":"ListItem","position":1,"name":"Inici","item":"https:\/\/www.psib-psoe.org\/eivissa\/"},{"@type":"ListItem","position":2,"name":"Rafa Ruiz celebra &#8220;el primer paso para poder destinar parte del super\u00e1vit a combatir el COVID-19&#8221;"}]},{"@type":"WebSite","@id":"https:\/\/www.psib-psoe.org\/eivissa\/#website","url":"https:\/\/www.psib-psoe.org\/eivissa\/","name":"Federaci\u00f3 Socialista d'Eivissa","description":"Socialistes d&#039;Eivissa","publisher":{"@id":"https:\/\/www.psib-psoe.org\/eivissa\/#organization"},"potentialAction":[{"@type":"SearchAction","target":{"@type":"EntryPoint","urlTemplate":"https:\/\/www.psib-psoe.org\/eivissa\/?s={search_term_string}"},"query-input":{"@type":"PropertyValueSpecification","valueRequired":true,"valueName":"search_term_string"}}],"inLanguage":"ca"},{"@type":"Organization","@id":"https:\/\/www.psib-psoe.org\/eivissa\/#organization","name":"Federaci\u00f3 Socialista d'Eivissa","url":"https:\/\/www.psib-psoe.org\/eivissa\/","logo":{"@type":"ImageObject","inLanguage":"ca","@id":"https:\/\/www.psib-psoe.org\/eivissa\/#\/schema\/logo\/image\/","url":"https:\/\/www.psib-psoe.org\/eivissa\/wp-content\/uploads\/LOGO-FSE-SOCIALISTA-DEIVISSA-HORI.png","contentUrl":"https:\/\/www.psib-psoe.org\/eivissa\/wp-content\/uploads\/LOGO-FSE-SOCIALISTA-DEIVISSA-HORI.png","width":6000,"height":3104,"caption":"Federaci\u00f3 Socialista d'Eivissa"},"image":{"@id":"https:\/\/www.psib-psoe.org\/eivissa\/#\/schema\/logo\/image\/"}},{"@type":"Person","@id":"https:\/\/www.psib-psoe.org\/eivissa\/#\/schema\/person\/7a9d2841fb36f32e34fc0e9b245e8117","name":"Josep Ripoll","sameAs":["http:\/\/www.psib-psoe.org\/eivissa\/wp-login.php"],"url":"https:\/\/www.psib-psoe.org\/eivissa\/author\/josep\/"}]}},"_links":{"self":[{"href":"https:\/\/www.psib-psoe.org\/eivissa\/wp-json\/wp\/v2\/posts\/28938","targetHints":{"allow":["GET"]}}],"collection":[{"href":"https:\/\/www.psib-psoe.org\/eivissa\/wp-json\/wp\/v2\/posts"}],"about":[{"href":"https:\/\/www.psib-psoe.org\/eivissa\/wp-json\/wp\/v2\/types\/post"}],"author":[{"embeddable":true,"href":"https:\/\/www.psib-psoe.org\/eivissa\/wp-json\/wp\/v2\/users\/7"}],"replies":[{"embeddable":true,"href":"https:\/\/www.psib-psoe.org\/eivissa\/wp-json\/wp\/v2\/comments?post=28938"}],"version-history":[{"count":3,"href":"https:\/\/www.psib-psoe.org\/eivissa\/wp-json\/wp\/v2\/posts\/28938\/revisions"}],"predecessor-version":[{"id":28947,"href":"https:\/\/www.psib-psoe.org\/eivissa\/wp-json\/wp\/v2\/posts\/28938\/revisions\/28947"}],"wp:featuredmedia":[{"embeddable":true,"href":"https:\/\/www.psib-psoe.org\/eivissa\/wp-json\/wp\/v2\/media\/27047"}],"wp:attachment":[{"href":"https:\/\/www.psib-psoe.org\/eivissa\/wp-json\/wp\/v2\/media?parent=28938"}],"wp:term":[{"taxonomy":"category","embeddable":true,"href":"https:\/\/www.psib-psoe.org\/eivissa\/wp-json\/wp\/v2\/categories?post=28938"},{"taxonomy":"post_tag","embeddable":true,"href":"https:\/\/www.psib-psoe.org\/eivissa\/wp-json\/wp\/v2\/tags?post=28938"}],"curies":[{"name":"wp","href":"https:\/\/api.w.org\/{rel}","templated":true}]}}