{"id":28965,"date":"2020-04-24T13:55:41","date_gmt":"2020-04-24T11:55:41","guid":{"rendered":"https:\/\/www.psib-psoe.org\/eivissa\/?p=28965"},"modified":"2020-04-24T13:59:21","modified_gmt":"2020-04-24T11:59:21","slug":"pedro-sanchez-estamos-doblegando-la-curva-de-contagios-pero-no-podemos-bajar-la-guardia","status":"publish","type":"post","link":"https:\/\/www.psib-psoe.org\/eivissa\/pedro-sanchez-estamos-doblegando-la-curva-de-contagios-pero-no-podemos-bajar-la-guardia\/","title":{"rendered":"Pedro S\u00e1nchez: \u201cEstamos doblegando la curva de contagios, pero no podemos bajar la guardia\u201d"},"content":{"rendered":"<div class=\"wpb-content-wrapper\">[vc_row][vc_column][vc_column_text]El Congreso de los Diputados respald\u00f3 el mi\u00e9rcoles, por 269 votos a favor, 60 en contra y 16 abstenciones, una nueva pr\u00f3rroga del Estado de Alarma hasta el 9 de mayo solicitada por el Gobierno.<\/p>\n<p>Durante su comparecencia ante el Pleno del Congreso, el presidente del Gobierno, Pedro S\u00e1nchez, solicitaba a todas las fuerzas parlamentarias que apoyaran una nueva pr\u00f3rroga del Estado de Alarma \u201cque nos permita adentrarnos de forma progresiva y sensata en la siguiente fase: la desescalada\u201d.<\/p>\n<p>\u201cPor primera vez desde que esta terrible emergencia empez\u00f3, hoy pido la pr\u00f3rroga del Estado de Alarma vislumbrando c\u00f3mo podr\u00eda ser la vida una vez superada la fase aguda de la crisis\u201d, \u201ccon un escenario de futuro prudentemente optimista\u201d, se\u00f1al\u00f3 S\u00e1nchez durante su intervenci\u00f3n ante el Pleno del Congreso de los Diputados.<\/p>\n<p>En este sentido, el presidente del Gobierno ha subrayado que \u201chace d\u00edas que en Espa\u00f1a se observan tendencias positivas que nos indican que estamos doblegando la curva de contagios\u201d. \u201cHemos superado el momento cr\u00edtico de la propagaci\u00f3n del virus, nuestro sistema de salud ha resistido y la cifra de recuperados, que hoy suma m\u00e1s de 82.000 personas, es un motivo de esperanza\u201d, dijo.<\/p>\n<p>Sin embargo-advirti\u00f3- \u201cno podemos bajar la guardia\u201d y \u201ccada vida perdida nos recuerda la solemne obligaci\u00f3n de seguir trabajando sin descanso por ofrecer un ma\u00f1ana a todos los espa\u00f1oles y las espa\u00f1olas\u201d. En este sentido, asegur\u00f3 que la sociedad espa\u00f1ola \u201cnunca olvidar\u00e1\u201d la brutalidad de esta crisis sanitaria, ni olvidar\u00e1 a sus muertos. \u201cTodos ellos merecen nuestro homenaje, y lo tendr\u00e1n Todos ellos merecen nuestro recuerdo, y lo tendr\u00e1n adem\u00e1s con la amplitud y la solemnidad que merecen\u201d, remarc\u00f3.<\/p>\n<p>S\u00e1nchez explic\u00f3 que, a pesar de que podemos empezar a dise\u00f1ar la desescalada, el Gobierno ser\u00e1 \u201cextremadamente cauteloso y prudente\u201d atendiendo a los consejos de la Organizaci\u00f3n Mundial de la Salud y de los expertos, que han marcado las 6 pautas que debe reunir un pa\u00eds para levantar el confinamiento: que la transmisi\u00f3n est\u00e9 controlada e identificadas las personas infectadas; que el sistema de salud est\u00e9 en condiciones de detectar cada caso de infecci\u00f3n; tener bajo control los lugares con mayor riesgo y vulnerabilidad, es decir, establecimientos sanitarios y residencias de mayores; un sistema de control de personas procedentes de otras zonas para evitar nuevos contagios importados; establecer estrictas medidas preventivas en centros de trabajo y en los centros educativos, y compromiso de la poblaci\u00f3n con las reglas de higiene y distanciamiento social.<\/p>\n<p>En este sentido, el jefe del Ejecutivo se\u00f1al\u00f3 que \u201cel confinamiento general no se levantar\u00e1 hasta que estemos de verdad preparados para ello\u201d, porque \u201cno vamos a correr ning\u00fan riesgo que nos traiga de vuelta hasta la dolorosa situaci\u00f3n que hemos vivido y que tanto nos ha costado a todos revertir\u201d.<\/p>\n[\/vc_column_text][vc_empty_space][\/vc_column][\/vc_row][vc_row][vc_column]\n[vc_btn title=&#8221;Comparecencia de Pedro S\u00e1nchez en el Congreso&#8221; style=&#8221;outline-custom&#8221; outline_custom_color=&#8221;#e30613&#8243; outline_custom_hover_background=&#8221;#e30613&#8243; outline_custom_hover_text=&#8221;#ffffff&#8221; shape=&#8221;square&#8221; i_icon_fontawesome=&#8221;fa fa-plus&#8221; add_icon=&#8221;true&#8221; link=&#8221;url:https%3A%2F%2Fwww.psoe.es%2Fmedia-content%2F2020%2F04%2F20_04_22PedroSanchezCongreso.pdf||target:%20_blank|&#8221;][\/vc_column][\/vc_row]\n<\/div>","protected":false},"excerpt":{"rendered":"<p>[vc_row][vc_column][vc_column_text]El Congreso de los Diputados respald\u00f3 el mi\u00e9rcoles, por 269 votos a favor, 60 en contra y 16 abstenciones, una nueva pr\u00f3rroga del Estado de Alarma hasta el 9 de mayo solicitada por el Gobierno. Durante su comparecencia ante el Pleno del Congreso, el presidente del Gobierno, Pedro S\u00e1nchez, solicitaba a todas las fuerzas parlamentarias&hellip;<\/p>\n","protected":false},"author":7,"featured_media":28966,"comment_status":"closed","ping_status":"closed","sticky":false,"template":"","format":"standard","meta":{"footnotes":""},"categories":[1,190],"tags":[],"class_list":["post-28965","post","type-post","status-publish","format-standard","has-post-thumbnail","hentry","category-federacio-de-eivissa-portada","category-govern-despanya-congres-senat"],"yoast_head":"<!-- This site is optimized with the Yoast SEO plugin v26.9 - https:\/\/yoast.com\/product\/yoast-seo-wordpress\/ -->\n<title>Pedro S\u00e1nchez: \u201cEstamos doblegando la curva de contagios, pero no podemos bajar la guardia\u201d - Federaci\u00f3 Socialista d&#039;Eivissa<\/title>\n<meta name=\"robots\" content=\"index, follow, max-snippet:-1, max-image-preview:large, max-video-preview:-1\" \/>\n<link rel=\"canonical\" href=\"https:\/\/www.psib-psoe.org\/eivissa\/pedro-sanchez-estamos-doblegando-la-curva-de-contagios-pero-no-podemos-bajar-la-guardia\/\" \/>\n<meta property=\"og:locale\" content=\"ca_ES\" \/>\n<meta property=\"og:type\" content=\"article\" \/>\n<meta property=\"og:title\" content=\"Pedro S\u00e1nchez: \u201cEstamos doblegando la curva de contagios, pero no podemos bajar la guardia\u201d - Federaci\u00f3 Socialista d&#039;Eivissa\" \/>\n<meta property=\"og:description\" content=\"[vc_row][vc_column][vc_column_text]El Congreso de los Diputados respald\u00f3 el mi\u00e9rcoles, por 269 votos a favor, 60 en contra y 16 abstenciones, una nueva pr\u00f3rroga del Estado de Alarma hasta el 9 de mayo solicitada por el Gobierno. Durante su comparecencia ante el Pleno del Congreso, el presidente del Gobierno, Pedro S\u00e1nchez, solicitaba a todas las fuerzas parlamentarias&hellip;\" \/>\n<meta property=\"og:url\" content=\"https:\/\/www.psib-psoe.org\/eivissa\/pedro-sanchez-estamos-doblegando-la-curva-de-contagios-pero-no-podemos-bajar-la-guardia\/\" \/>\n<meta property=\"og:site_name\" content=\"Federaci\u00f3 Socialista d&#039;Eivissa\" \/>\n<meta property=\"article:published_time\" content=\"2020-04-24T11:55:41+00:00\" \/>\n<meta property=\"article:modified_time\" content=\"2020-04-24T11:59:21+00:00\" \/>\n<meta property=\"og:image\" content=\"https:\/\/www.psib-psoe.org\/eivissa\/wp-content\/uploads\/pedro-sanchez-22-abril.jpg\" \/>\n\t<meta property=\"og:image:width\" content=\"630\" \/>\n\t<meta property=\"og:image:height\" content=\"354\" \/>\n\t<meta property=\"og:image:type\" content=\"image\/jpeg\" \/>\n<meta name=\"author\" content=\"Josep Ripoll\" \/>\n<meta name=\"twitter:card\" content=\"summary_large_image\" \/>\n<meta name=\"twitter:label1\" content=\"Escrit per\" \/>\n\t<meta name=\"twitter:data1\" content=\"Josep Ripoll\" \/>\n\t<meta name=\"twitter:label2\" content=\"Temps estimat de lectura\" \/>\n\t<meta name=\"twitter:data2\" content=\"3 minuts\" \/>\n<script type=\"application\/ld+json\" class=\"yoast-schema-graph\">{\"@context\":\"https:\/\/schema.org\",\"@graph\":[{\"@type\":[\"Article\",\"BlogPosting\"],\"@id\":\"https:\/\/www.psib-psoe.org\/eivissa\/pedro-sanchez-estamos-doblegando-la-curva-de-contagios-pero-no-podemos-bajar-la-guardia\/#article\",\"isPartOf\":{\"@id\":\"https:\/\/www.psib-psoe.org\/eivissa\/pedro-sanchez-estamos-doblegando-la-curva-de-contagios-pero-no-podemos-bajar-la-guardia\/\"},\"author\":{\"name\":\"Josep Ripoll\",\"@id\":\"https:\/\/www.psib-psoe.org\/eivissa\/#\/schema\/person\/7a9d2841fb36f32e34fc0e9b245e8117\"},\"headline\":\"Pedro S\u00e1nchez: \u201cEstamos doblegando la curva de contagios, pero no podemos bajar la guardia\u201d\",\"datePublished\":\"2020-04-24T11:55:41+00:00\",\"dateModified\":\"2020-04-24T11:59:21+00:00\",\"mainEntityOfPage\":{\"@id\":\"https:\/\/www.psib-psoe.org\/eivissa\/pedro-sanchez-estamos-doblegando-la-curva-de-contagios-pero-no-podemos-bajar-la-guardia\/\"},\"wordCount\":578,\"publisher\":{\"@id\":\"https:\/\/www.psib-psoe.org\/eivissa\/#organization\"},\"image\":{\"@id\":\"https:\/\/www.psib-psoe.org\/eivissa\/pedro-sanchez-estamos-doblegando-la-curva-de-contagios-pero-no-podemos-bajar-la-guardia\/#primaryimage\"},\"thumbnailUrl\":\"https:\/\/www.psib-psoe.org\/eivissa\/wp-content\/uploads\/pedro-sanchez-22-abril.jpg\",\"articleSection\":[\"Federaci\u00f3 d'Eivissa - Portada\",\"Govern d'Espanya - Congr\u00e9s - Senat - PSOE Federal\"],\"inLanguage\":\"ca\"},{\"@type\":\"WebPage\",\"@id\":\"https:\/\/www.psib-psoe.org\/eivissa\/pedro-sanchez-estamos-doblegando-la-curva-de-contagios-pero-no-podemos-bajar-la-guardia\/\",\"url\":\"https:\/\/www.psib-psoe.org\/eivissa\/pedro-sanchez-estamos-doblegando-la-curva-de-contagios-pero-no-podemos-bajar-la-guardia\/\",\"name\":\"Pedro S\u00e1nchez: \u201cEstamos doblegando la curva de contagios, pero no podemos bajar la guardia\u201d - Federaci\u00f3 Socialista d&#039;Eivissa\",\"isPartOf\":{\"@id\":\"https:\/\/www.psib-psoe.org\/eivissa\/#website\"},\"primaryImageOfPage\":{\"@id\":\"https:\/\/www.psib-psoe.org\/eivissa\/pedro-sanchez-estamos-doblegando-la-curva-de-contagios-pero-no-podemos-bajar-la-guardia\/#primaryimage\"},\"image\":{\"@id\":\"https:\/\/www.psib-psoe.org\/eivissa\/pedro-sanchez-estamos-doblegando-la-curva-de-contagios-pero-no-podemos-bajar-la-guardia\/#primaryimage\"},\"thumbnailUrl\":\"https:\/\/www.psib-psoe.org\/eivissa\/wp-content\/uploads\/pedro-sanchez-22-abril.jpg\",\"datePublished\":\"2020-04-24T11:55:41+00:00\",\"dateModified\":\"2020-04-24T11:59:21+00:00\",\"breadcrumb\":{\"@id\":\"https:\/\/www.psib-psoe.org\/eivissa\/pedro-sanchez-estamos-doblegando-la-curva-de-contagios-pero-no-podemos-bajar-la-guardia\/#breadcrumb\"},\"inLanguage\":\"ca\",\"potentialAction\":[{\"@type\":\"ReadAction\",\"target\":[\"https:\/\/www.psib-psoe.org\/eivissa\/pedro-sanchez-estamos-doblegando-la-curva-de-contagios-pero-no-podemos-bajar-la-guardia\/\"]}]},{\"@type\":\"ImageObject\",\"inLanguage\":\"ca\",\"@id\":\"https:\/\/www.psib-psoe.org\/eivissa\/pedro-sanchez-estamos-doblegando-la-curva-de-contagios-pero-no-podemos-bajar-la-guardia\/#primaryimage\",\"url\":\"https:\/\/www.psib-psoe.org\/eivissa\/wp-content\/uploads\/pedro-sanchez-22-abril.jpg\",\"contentUrl\":\"https:\/\/www.psib-psoe.org\/eivissa\/wp-content\/uploads\/pedro-sanchez-22-abril.jpg\",\"width\":630,\"height\":354},{\"@type\":\"BreadcrumbList\",\"@id\":\"https:\/\/www.psib-psoe.org\/eivissa\/pedro-sanchez-estamos-doblegando-la-curva-de-contagios-pero-no-podemos-bajar-la-guardia\/#breadcrumb\",\"itemListElement\":[{\"@type\":\"ListItem\",\"position\":1,\"name\":\"Inici\",\"item\":\"https:\/\/www.psib-psoe.org\/eivissa\/\"},{\"@type\":\"ListItem\",\"position\":2,\"name\":\"Pedro S\u00e1nchez: \u201cEstamos doblegando la curva de contagios, pero no podemos bajar la guardia\u201d\"}]},{\"@type\":\"WebSite\",\"@id\":\"https:\/\/www.psib-psoe.org\/eivissa\/#website\",\"url\":\"https:\/\/www.psib-psoe.org\/eivissa\/\",\"name\":\"Federaci\u00f3 Socialista d'Eivissa\",\"description\":\"Socialistes d&#039;Eivissa\",\"publisher\":{\"@id\":\"https:\/\/www.psib-psoe.org\/eivissa\/#organization\"},\"potentialAction\":[{\"@type\":\"SearchAction\",\"target\":{\"@type\":\"EntryPoint\",\"urlTemplate\":\"https:\/\/www.psib-psoe.org\/eivissa\/?s={search_term_string}\"},\"query-input\":{\"@type\":\"PropertyValueSpecification\",\"valueRequired\":true,\"valueName\":\"search_term_string\"}}],\"inLanguage\":\"ca\"},{\"@type\":\"Organization\",\"@id\":\"https:\/\/www.psib-psoe.org\/eivissa\/#organization\",\"name\":\"Federaci\u00f3 Socialista d'Eivissa\",\"url\":\"https:\/\/www.psib-psoe.org\/eivissa\/\",\"logo\":{\"@type\":\"ImageObject\",\"inLanguage\":\"ca\",\"@id\":\"https:\/\/www.psib-psoe.org\/eivissa\/#\/schema\/logo\/image\/\",\"url\":\"https:\/\/www.psib-psoe.org\/eivissa\/wp-content\/uploads\/LOGO-FSE-SOCIALISTA-DEIVISSA-HORI.png\",\"contentUrl\":\"https:\/\/www.psib-psoe.org\/eivissa\/wp-content\/uploads\/LOGO-FSE-SOCIALISTA-DEIVISSA-HORI.png\",\"width\":6000,\"height\":3104,\"caption\":\"Federaci\u00f3 Socialista d'Eivissa\"},\"image\":{\"@id\":\"https:\/\/www.psib-psoe.org\/eivissa\/#\/schema\/logo\/image\/\"}},{\"@type\":\"Person\",\"@id\":\"https:\/\/www.psib-psoe.org\/eivissa\/#\/schema\/person\/7a9d2841fb36f32e34fc0e9b245e8117\",\"name\":\"Josep Ripoll\",\"sameAs\":[\"http:\/\/www.psib-psoe.org\/eivissa\/wp-login.php\"],\"url\":\"https:\/\/www.psib-psoe.org\/eivissa\/author\/josep\/\"}]}<\/script>\n<!-- \/ Yoast SEO plugin. -->","yoast_head_json":{"title":"Pedro S\u00e1nchez: \u201cEstamos doblegando la curva de contagios, pero no podemos bajar la guardia\u201d - Federaci\u00f3 Socialista d&#039;Eivissa","robots":{"index":"index","follow":"follow","max-snippet":"max-snippet:-1","max-image-preview":"max-image-preview:large","max-video-preview":"max-video-preview:-1"},"canonical":"https:\/\/www.psib-psoe.org\/eivissa\/pedro-sanchez-estamos-doblegando-la-curva-de-contagios-pero-no-podemos-bajar-la-guardia\/","og_locale":"ca_ES","og_type":"article","og_title":"Pedro S\u00e1nchez: \u201cEstamos doblegando la curva de contagios, pero no podemos bajar la guardia\u201d - Federaci\u00f3 Socialista d&#039;Eivissa","og_description":"[vc_row][vc_column][vc_column_text]El Congreso de los Diputados respald\u00f3 el mi\u00e9rcoles, por 269 votos a favor, 60 en contra y 16 abstenciones, una nueva pr\u00f3rroga del Estado de Alarma hasta el 9 de mayo solicitada por el Gobierno. Durante su comparecencia ante el Pleno del Congreso, el presidente del Gobierno, Pedro S\u00e1nchez, solicitaba a todas las fuerzas parlamentarias&hellip;","og_url":"https:\/\/www.psib-psoe.org\/eivissa\/pedro-sanchez-estamos-doblegando-la-curva-de-contagios-pero-no-podemos-bajar-la-guardia\/","og_site_name":"Federaci\u00f3 Socialista d&#039;Eivissa","article_published_time":"2020-04-24T11:55:41+00:00","article_modified_time":"2020-04-24T11:59:21+00:00","og_image":[{"width":630,"height":354,"url":"https:\/\/www.psib-psoe.org\/eivissa\/wp-content\/uploads\/pedro-sanchez-22-abril.jpg","type":"image\/jpeg"}],"author":"Josep Ripoll","twitter_card":"summary_large_image","twitter_misc":{"Escrit per":"Josep Ripoll","Temps estimat de lectura":"3 minuts"},"schema":{"@context":"https:\/\/schema.org","@graph":[{"@type":["Article","BlogPosting"],"@id":"https:\/\/www.psib-psoe.org\/eivissa\/pedro-sanchez-estamos-doblegando-la-curva-de-contagios-pero-no-podemos-bajar-la-guardia\/#article","isPartOf":{"@id":"https:\/\/www.psib-psoe.org\/eivissa\/pedro-sanchez-estamos-doblegando-la-curva-de-contagios-pero-no-podemos-bajar-la-guardia\/"},"author":{"name":"Josep Ripoll","@id":"https:\/\/www.psib-psoe.org\/eivissa\/#\/schema\/person\/7a9d2841fb36f32e34fc0e9b245e8117"},"headline":"Pedro S\u00e1nchez: \u201cEstamos doblegando la curva de contagios, pero no podemos bajar la guardia\u201d","datePublished":"2020-04-24T11:55:41+00:00","dateModified":"2020-04-24T11:59:21+00:00","mainEntityOfPage":{"@id":"https:\/\/www.psib-psoe.org\/eivissa\/pedro-sanchez-estamos-doblegando-la-curva-de-contagios-pero-no-podemos-bajar-la-guardia\/"},"wordCount":578,"publisher":{"@id":"https:\/\/www.psib-psoe.org\/eivissa\/#organization"},"image":{"@id":"https:\/\/www.psib-psoe.org\/eivissa\/pedro-sanchez-estamos-doblegando-la-curva-de-contagios-pero-no-podemos-bajar-la-guardia\/#primaryimage"},"thumbnailUrl":"https:\/\/www.psib-psoe.org\/eivissa\/wp-content\/uploads\/pedro-sanchez-22-abril.jpg","articleSection":["Federaci\u00f3 d'Eivissa - Portada","Govern d'Espanya - Congr\u00e9s - Senat - PSOE Federal"],"inLanguage":"ca"},{"@type":"WebPage","@id":"https:\/\/www.psib-psoe.org\/eivissa\/pedro-sanchez-estamos-doblegando-la-curva-de-contagios-pero-no-podemos-bajar-la-guardia\/","url":"https:\/\/www.psib-psoe.org\/eivissa\/pedro-sanchez-estamos-doblegando-la-curva-de-contagios-pero-no-podemos-bajar-la-guardia\/","name":"Pedro S\u00e1nchez: \u201cEstamos doblegando la curva de contagios, pero no podemos bajar la guardia\u201d - Federaci\u00f3 Socialista d&#039;Eivissa","isPartOf":{"@id":"https:\/\/www.psib-psoe.org\/eivissa\/#website"},"primaryImageOfPage":{"@id":"https:\/\/www.psib-psoe.org\/eivissa\/pedro-sanchez-estamos-doblegando-la-curva-de-contagios-pero-no-podemos-bajar-la-guardia\/#primaryimage"},"image":{"@id":"https:\/\/www.psib-psoe.org\/eivissa\/pedro-sanchez-estamos-doblegando-la-curva-de-contagios-pero-no-podemos-bajar-la-guardia\/#primaryimage"},"thumbnailUrl":"https:\/\/www.psib-psoe.org\/eivissa\/wp-content\/uploads\/pedro-sanchez-22-abril.jpg","datePublished":"2020-04-24T11:55:41+00:00","dateModified":"2020-04-24T11:59:21+00:00","breadcrumb":{"@id":"https:\/\/www.psib-psoe.org\/eivissa\/pedro-sanchez-estamos-doblegando-la-curva-de-contagios-pero-no-podemos-bajar-la-guardia\/#breadcrumb"},"inLanguage":"ca","potentialAction":[{"@type":"ReadAction","target":["https:\/\/www.psib-psoe.org\/eivissa\/pedro-sanchez-estamos-doblegando-la-curva-de-contagios-pero-no-podemos-bajar-la-guardia\/"]}]},{"@type":"ImageObject","inLanguage":"ca","@id":"https:\/\/www.psib-psoe.org\/eivissa\/pedro-sanchez-estamos-doblegando-la-curva-de-contagios-pero-no-podemos-bajar-la-guardia\/#primaryimage","url":"https:\/\/www.psib-psoe.org\/eivissa\/wp-content\/uploads\/pedro-sanchez-22-abril.jpg","contentUrl":"https:\/\/www.psib-psoe.org\/eivissa\/wp-content\/uploads\/pedro-sanchez-22-abril.jpg","width":630,"height":354},{"@type":"BreadcrumbList","@id":"https:\/\/www.psib-psoe.org\/eivissa\/pedro-sanchez-estamos-doblegando-la-curva-de-contagios-pero-no-podemos-bajar-la-guardia\/#breadcrumb","itemListElement":[{"@type":"ListItem","position":1,"name":"Inici","item":"https:\/\/www.psib-psoe.org\/eivissa\/"},{"@type":"ListItem","position":2,"name":"Pedro S\u00e1nchez: \u201cEstamos doblegando la curva de contagios, pero no podemos bajar la guardia\u201d"}]},{"@type":"WebSite","@id":"https:\/\/www.psib-psoe.org\/eivissa\/#website","url":"https:\/\/www.psib-psoe.org\/eivissa\/","name":"Federaci\u00f3 Socialista d'Eivissa","description":"Socialistes d&#039;Eivissa","publisher":{"@id":"https:\/\/www.psib-psoe.org\/eivissa\/#organization"},"potentialAction":[{"@type":"SearchAction","target":{"@type":"EntryPoint","urlTemplate":"https:\/\/www.psib-psoe.org\/eivissa\/?s={search_term_string}"},"query-input":{"@type":"PropertyValueSpecification","valueRequired":true,"valueName":"search_term_string"}}],"inLanguage":"ca"},{"@type":"Organization","@id":"https:\/\/www.psib-psoe.org\/eivissa\/#organization","name":"Federaci\u00f3 Socialista d'Eivissa","url":"https:\/\/www.psib-psoe.org\/eivissa\/","logo":{"@type":"ImageObject","inLanguage":"ca","@id":"https:\/\/www.psib-psoe.org\/eivissa\/#\/schema\/logo\/image\/","url":"https:\/\/www.psib-psoe.org\/eivissa\/wp-content\/uploads\/LOGO-FSE-SOCIALISTA-DEIVISSA-HORI.png","contentUrl":"https:\/\/www.psib-psoe.org\/eivissa\/wp-content\/uploads\/LOGO-FSE-SOCIALISTA-DEIVISSA-HORI.png","width":6000,"height":3104,"caption":"Federaci\u00f3 Socialista d'Eivissa"},"image":{"@id":"https:\/\/www.psib-psoe.org\/eivissa\/#\/schema\/logo\/image\/"}},{"@type":"Person","@id":"https:\/\/www.psib-psoe.org\/eivissa\/#\/schema\/person\/7a9d2841fb36f32e34fc0e9b245e8117","name":"Josep Ripoll","sameAs":["http:\/\/www.psib-psoe.org\/eivissa\/wp-login.php"],"url":"https:\/\/www.psib-psoe.org\/eivissa\/author\/josep\/"}]}},"_links":{"self":[{"href":"https:\/\/www.psib-psoe.org\/eivissa\/wp-json\/wp\/v2\/posts\/28965","targetHints":{"allow":["GET"]}}],"collection":[{"href":"https:\/\/www.psib-psoe.org\/eivissa\/wp-json\/wp\/v2\/posts"}],"about":[{"href":"https:\/\/www.psib-psoe.org\/eivissa\/wp-json\/wp\/v2\/types\/post"}],"author":[{"embeddable":true,"href":"https:\/\/www.psib-psoe.org\/eivissa\/wp-json\/wp\/v2\/users\/7"}],"replies":[{"embeddable":true,"href":"https:\/\/www.psib-psoe.org\/eivissa\/wp-json\/wp\/v2\/comments?post=28965"}],"version-history":[{"count":5,"href":"https:\/\/www.psib-psoe.org\/eivissa\/wp-json\/wp\/v2\/posts\/28965\/revisions"}],"predecessor-version":[{"id":28972,"href":"https:\/\/www.psib-psoe.org\/eivissa\/wp-json\/wp\/v2\/posts\/28965\/revisions\/28972"}],"wp:featuredmedia":[{"embeddable":true,"href":"https:\/\/www.psib-psoe.org\/eivissa\/wp-json\/wp\/v2\/media\/28966"}],"wp:attachment":[{"href":"https:\/\/www.psib-psoe.org\/eivissa\/wp-json\/wp\/v2\/media?parent=28965"}],"wp:term":[{"taxonomy":"category","embeddable":true,"href":"https:\/\/www.psib-psoe.org\/eivissa\/wp-json\/wp\/v2\/categories?post=28965"},{"taxonomy":"post_tag","embeddable":true,"href":"https:\/\/www.psib-psoe.org\/eivissa\/wp-json\/wp\/v2\/tags?post=28965"}],"curies":[{"name":"wp","href":"https:\/\/api.w.org\/{rel}","templated":true}]}}