{"id":29071,"date":"2020-04-30T13:13:24","date_gmt":"2020-04-30T11:13:24","guid":{"rendered":"https:\/\/www.psib-psoe.org\/eivissa\/?p=29071"},"modified":"2020-04-30T13:13:24","modified_gmt":"2020-04-30T11:13:24","slug":"vicent-torres-reitera-la-crida-a-la-unitat-dels-grups-politics-del-consell-deivissa","status":"publish","type":"post","link":"https:\/\/www.psib-psoe.org\/eivissa\/vicent-torres-reitera-la-crida-a-la-unitat-dels-grups-politics-del-consell-deivissa\/","title":{"rendered":"Vicent Torres reitera la crida a la unitat dels grups pol\u00edtics del Consell d&#8217;Eivissa"},"content":{"rendered":"<p><span style=\"font-weight: 400;\">El grup PSOE ha reiterat la crida a la unitat del Consell d&#8217;Eivissa davant la pand\u00e8mia i les seues conseq\u00fc\u00e8ncies socials i econ\u00f2miques: &#8220;Estam per buscar consensos i per treballar en favor de l&#8217;illa. El que no farem com a PSOE \u00e9s caure en debats que donen a la ciutadania una imatge equivocada dels representants p\u00fablics&#8221;, ha dit el portaveu socialista i anterior president del Consell Insular, Vicent Torres, en el Ple ordinari de la instituci\u00f3 celebrat avui via telem\u00e0tica.<\/span><\/p>\n<p><span style=\"font-weight: 400;\">&#8220;Des del PSOE demanaria que no caiguem en debats equivocats, que no utilitzem aquesta crisi per buscar un r\u00e8dit pol\u00edtic, sin\u00f3 que treballem amb unitat per donar-hi una resposta&#8221;. Malgrat les reiterades crides a la unitat del PSOE, l&#8217;acord avui no ha estat possible quant a les donacions solid\u00e0ries dels grups pol\u00edtics, com ha lamentat Vicent Torres.<\/span><\/p>\n<p><span style=\"font-weight: 400;\">El portaveu del PSOE ha explicat &#8220;que \u00e9s important i molt necessari ajudar a les entitats que estan treballant en primera l\u00ednia, ja sigui en la lluita contra la pand\u00e8mia o per pal\u00b7liar les conseq\u00fc\u00e8ncies de la mateixa&#8221;.<\/span><\/p>\n<p><span style=\"font-weight: 400;\">At\u00e8s que ni PP-Cs ni Unides-Podem s&#8217;ha obert a un acord per concretar una aportaci\u00f3 dels grups a les entitats que lluiten contra la Covid-19 i els seus efectes, el PSOE mantendr\u00e0 la seua decisi\u00f3 inicial de destinar el 50% del total de l&#8217;assignaci\u00f3 de grup a entitats d&#8217;Eivissa, a part de les aportacions privades que fan de la seua retribuci\u00f3 els consellers.<\/span><\/p>\n<p><span style=\"font-weight: 400;\">En aquest sentit, el portaveu socialista ha explicat que la campanya del PSOE de recollida de fons entre la seua milit\u00e0ncia a tot el pa\u00eds, que es va iniciar el passat 3 d&#8217;abril, aquesta setmana ja havia superat la xifra de 400.000 euros.<\/span><\/p>\n<p><span style=\"font-weight: 400;\">En l&#8217;inici del Ple, Vicent Torres ha insistit que &#8220;no hem d&#8217;estar ni per estrat\u00e8gies partidistes, ni per intentar endur-se un r\u00e8dit pol\u00edtic. El Partit Socialista estar\u00e0 en tot moment al costat de l&#8217;acord. Ho estam all\u00e0 on governam, i ho estam, com \u00e9s aquest cas, all\u00e0 on tenim la responsabilitat de l&#8217;oposici\u00f3&#8221;.<\/span><\/p>\n<p><span style=\"font-weight: 400;\">El portaveu ha demanat que &#8220;treballem junts&#8221; en favor d'&#8221;una Eivissa que recupera el turisme, amb un turisme del qual ens puguem sentir orgullosos, una Eivissa que promou altres activitats lligades al coneixement, la innovaci\u00f3 i la creaci\u00f3, una Eivissa exemplar quant a la gesti\u00f3 del medi ambient i del territori, i una Eivissa cohesionada socialment, que d\u00f3na resposta a les desigualtats i que genera oportunitats per a tothom&#8221;.<\/span><\/p>\n<p><span style=\"font-weight: 400;\">Conscient que &#8220;\u00e9s f\u00e0cil dir-ho, per\u00f2 molt complicat arribar-hi&#8221;, Vicent Torres ha manifestat que &#8220;si anam de la m\u00e0 del conjunt de la societat, crec que podrem avan\u00e7ar-hi molt&#8221;.<\/span><\/p>\n<p>&nbsp;<\/p>\n","protected":false},"excerpt":{"rendered":"<p>El grup PSOE ha reiterat la crida a la unitat del Consell d&#8217;Eivissa davant la pand\u00e8mia i les seues conseq\u00fc\u00e8ncies socials i econ\u00f2miques: &#8220;Estam per buscar consensos i per treballar en favor de l&#8217;illa. El que no farem com a PSOE \u00e9s caure en debats que donen a la ciutadania una imatge equivocada dels representants&hellip;<\/p>\n","protected":false},"author":7,"featured_media":29072,"comment_status":"closed","ping_status":"closed","sticky":false,"template":"","format":"standard","meta":{"footnotes":""},"categories":[192,254,1],"tags":[],"class_list":["post-29071","post","type-post","status-publish","format-standard","has-post-thumbnail","hentry","category-consell-deivissa","category-covid-19","category-federacio-de-eivissa-portada"],"yoast_head":"<!-- This site is optimized with the Yoast SEO plugin v26.9 - https:\/\/yoast.com\/product\/yoast-seo-wordpress\/ -->\n<title>Vicent Torres reitera la crida a la unitat dels grups pol\u00edtics del Consell d&#039;Eivissa - Federaci\u00f3 Socialista d&#039;Eivissa<\/title>\n<meta name=\"robots\" content=\"index, follow, max-snippet:-1, max-image-preview:large, max-video-preview:-1\" \/>\n<link rel=\"canonical\" href=\"https:\/\/www.psib-psoe.org\/eivissa\/vicent-torres-reitera-la-crida-a-la-unitat-dels-grups-politics-del-consell-deivissa\/\" \/>\n<meta property=\"og:locale\" content=\"ca_ES\" \/>\n<meta property=\"og:type\" content=\"article\" \/>\n<meta property=\"og:title\" content=\"Vicent Torres reitera la crida a la unitat dels grups pol\u00edtics del Consell d&#039;Eivissa - Federaci\u00f3 Socialista d&#039;Eivissa\" \/>\n<meta property=\"og:description\" content=\"El grup PSOE ha reiterat la crida a la unitat del Consell d&#8217;Eivissa davant la pand\u00e8mia i les seues conseq\u00fc\u00e8ncies socials i econ\u00f2miques: &#8220;Estam per buscar consensos i per treballar en favor de l&#8217;illa. El que no farem com a PSOE \u00e9s caure en debats que donen a la ciutadania una imatge equivocada dels representants&hellip;\" \/>\n<meta property=\"og:url\" content=\"https:\/\/www.psib-psoe.org\/eivissa\/vicent-torres-reitera-la-crida-a-la-unitat-dels-grups-politics-del-consell-deivissa\/\" \/>\n<meta property=\"og:site_name\" content=\"Federaci\u00f3 Socialista d&#039;Eivissa\" \/>\n<meta property=\"article:published_time\" content=\"2020-04-30T11:13:24+00:00\" \/>\n<meta property=\"og:image\" content=\"https:\/\/www.psib-psoe.org\/eivissa\/wp-content\/uploads\/vicent-torres-ple-abril-2020.jpg\" \/>\n\t<meta property=\"og:image:width\" content=\"1632\" \/>\n\t<meta property=\"og:image:height\" content=\"909\" \/>\n\t<meta property=\"og:image:type\" content=\"image\/jpeg\" \/>\n<meta name=\"author\" content=\"Josep Ripoll\" \/>\n<meta name=\"twitter:card\" content=\"summary_large_image\" \/>\n<meta name=\"twitter:label1\" content=\"Escrit per\" \/>\n\t<meta name=\"twitter:data1\" content=\"Josep Ripoll\" \/>\n\t<meta name=\"twitter:label2\" content=\"Temps estimat de lectura\" \/>\n\t<meta name=\"twitter:data2\" content=\"2 minuts\" \/>\n<script type=\"application\/ld+json\" class=\"yoast-schema-graph\">{\"@context\":\"https:\/\/schema.org\",\"@graph\":[{\"@type\":[\"Article\",\"BlogPosting\"],\"@id\":\"https:\/\/www.psib-psoe.org\/eivissa\/vicent-torres-reitera-la-crida-a-la-unitat-dels-grups-politics-del-consell-deivissa\/#article\",\"isPartOf\":{\"@id\":\"https:\/\/www.psib-psoe.org\/eivissa\/vicent-torres-reitera-la-crida-a-la-unitat-dels-grups-politics-del-consell-deivissa\/\"},\"author\":{\"name\":\"Josep Ripoll\",\"@id\":\"https:\/\/www.psib-psoe.org\/eivissa\/#\/schema\/person\/7a9d2841fb36f32e34fc0e9b245e8117\"},\"headline\":\"Vicent Torres reitera la crida a la unitat dels grups pol\u00edtics del Consell d&#8217;Eivissa\",\"datePublished\":\"2020-04-30T11:13:24+00:00\",\"mainEntityOfPage\":{\"@id\":\"https:\/\/www.psib-psoe.org\/eivissa\/vicent-torres-reitera-la-crida-a-la-unitat-dels-grups-politics-del-consell-deivissa\/\"},\"wordCount\":468,\"publisher\":{\"@id\":\"https:\/\/www.psib-psoe.org\/eivissa\/#organization\"},\"image\":{\"@id\":\"https:\/\/www.psib-psoe.org\/eivissa\/vicent-torres-reitera-la-crida-a-la-unitat-dels-grups-politics-del-consell-deivissa\/#primaryimage\"},\"thumbnailUrl\":\"https:\/\/www.psib-psoe.org\/eivissa\/wp-content\/uploads\/vicent-torres-ple-abril-2020.jpg\",\"articleSection\":[\"Consell d'Eivissa\",\"Covid-19\",\"Federaci\u00f3 d'Eivissa - Portada\"],\"inLanguage\":\"ca\"},{\"@type\":\"WebPage\",\"@id\":\"https:\/\/www.psib-psoe.org\/eivissa\/vicent-torres-reitera-la-crida-a-la-unitat-dels-grups-politics-del-consell-deivissa\/\",\"url\":\"https:\/\/www.psib-psoe.org\/eivissa\/vicent-torres-reitera-la-crida-a-la-unitat-dels-grups-politics-del-consell-deivissa\/\",\"name\":\"Vicent Torres reitera la crida a la unitat dels grups pol\u00edtics del Consell d'Eivissa - Federaci\u00f3 Socialista d&#039;Eivissa\",\"isPartOf\":{\"@id\":\"https:\/\/www.psib-psoe.org\/eivissa\/#website\"},\"primaryImageOfPage\":{\"@id\":\"https:\/\/www.psib-psoe.org\/eivissa\/vicent-torres-reitera-la-crida-a-la-unitat-dels-grups-politics-del-consell-deivissa\/#primaryimage\"},\"image\":{\"@id\":\"https:\/\/www.psib-psoe.org\/eivissa\/vicent-torres-reitera-la-crida-a-la-unitat-dels-grups-politics-del-consell-deivissa\/#primaryimage\"},\"thumbnailUrl\":\"https:\/\/www.psib-psoe.org\/eivissa\/wp-content\/uploads\/vicent-torres-ple-abril-2020.jpg\",\"datePublished\":\"2020-04-30T11:13:24+00:00\",\"breadcrumb\":{\"@id\":\"https:\/\/www.psib-psoe.org\/eivissa\/vicent-torres-reitera-la-crida-a-la-unitat-dels-grups-politics-del-consell-deivissa\/#breadcrumb\"},\"inLanguage\":\"ca\",\"potentialAction\":[{\"@type\":\"ReadAction\",\"target\":[\"https:\/\/www.psib-psoe.org\/eivissa\/vicent-torres-reitera-la-crida-a-la-unitat-dels-grups-politics-del-consell-deivissa\/\"]}]},{\"@type\":\"ImageObject\",\"inLanguage\":\"ca\",\"@id\":\"https:\/\/www.psib-psoe.org\/eivissa\/vicent-torres-reitera-la-crida-a-la-unitat-dels-grups-politics-del-consell-deivissa\/#primaryimage\",\"url\":\"https:\/\/www.psib-psoe.org\/eivissa\/wp-content\/uploads\/vicent-torres-ple-abril-2020.jpg\",\"contentUrl\":\"https:\/\/www.psib-psoe.org\/eivissa\/wp-content\/uploads\/vicent-torres-ple-abril-2020.jpg\",\"width\":1632,\"height\":909},{\"@type\":\"BreadcrumbList\",\"@id\":\"https:\/\/www.psib-psoe.org\/eivissa\/vicent-torres-reitera-la-crida-a-la-unitat-dels-grups-politics-del-consell-deivissa\/#breadcrumb\",\"itemListElement\":[{\"@type\":\"ListItem\",\"position\":1,\"name\":\"Inici\",\"item\":\"https:\/\/www.psib-psoe.org\/eivissa\/\"},{\"@type\":\"ListItem\",\"position\":2,\"name\":\"Vicent Torres reitera la crida a la unitat dels grups pol\u00edtics del Consell d&#8217;Eivissa\"}]},{\"@type\":\"WebSite\",\"@id\":\"https:\/\/www.psib-psoe.org\/eivissa\/#website\",\"url\":\"https:\/\/www.psib-psoe.org\/eivissa\/\",\"name\":\"Federaci\u00f3 Socialista d'Eivissa\",\"description\":\"Socialistes d&#039;Eivissa\",\"publisher\":{\"@id\":\"https:\/\/www.psib-psoe.org\/eivissa\/#organization\"},\"potentialAction\":[{\"@type\":\"SearchAction\",\"target\":{\"@type\":\"EntryPoint\",\"urlTemplate\":\"https:\/\/www.psib-psoe.org\/eivissa\/?s={search_term_string}\"},\"query-input\":{\"@type\":\"PropertyValueSpecification\",\"valueRequired\":true,\"valueName\":\"search_term_string\"}}],\"inLanguage\":\"ca\"},{\"@type\":\"Organization\",\"@id\":\"https:\/\/www.psib-psoe.org\/eivissa\/#organization\",\"name\":\"Federaci\u00f3 Socialista d'Eivissa\",\"url\":\"https:\/\/www.psib-psoe.org\/eivissa\/\",\"logo\":{\"@type\":\"ImageObject\",\"inLanguage\":\"ca\",\"@id\":\"https:\/\/www.psib-psoe.org\/eivissa\/#\/schema\/logo\/image\/\",\"url\":\"https:\/\/www.psib-psoe.org\/eivissa\/wp-content\/uploads\/LOGO-FSE-SOCIALISTA-DEIVISSA-HORI.png\",\"contentUrl\":\"https:\/\/www.psib-psoe.org\/eivissa\/wp-content\/uploads\/LOGO-FSE-SOCIALISTA-DEIVISSA-HORI.png\",\"width\":6000,\"height\":3104,\"caption\":\"Federaci\u00f3 Socialista d'Eivissa\"},\"image\":{\"@id\":\"https:\/\/www.psib-psoe.org\/eivissa\/#\/schema\/logo\/image\/\"}},{\"@type\":\"Person\",\"@id\":\"https:\/\/www.psib-psoe.org\/eivissa\/#\/schema\/person\/7a9d2841fb36f32e34fc0e9b245e8117\",\"name\":\"Josep Ripoll\",\"sameAs\":[\"http:\/\/www.psib-psoe.org\/eivissa\/wp-login.php\"],\"url\":\"https:\/\/www.psib-psoe.org\/eivissa\/author\/josep\/\"}]}<\/script>\n<!-- \/ Yoast SEO plugin. -->","yoast_head_json":{"title":"Vicent Torres reitera la crida a la unitat dels grups pol\u00edtics del Consell d'Eivissa - Federaci\u00f3 Socialista d&#039;Eivissa","robots":{"index":"index","follow":"follow","max-snippet":"max-snippet:-1","max-image-preview":"max-image-preview:large","max-video-preview":"max-video-preview:-1"},"canonical":"https:\/\/www.psib-psoe.org\/eivissa\/vicent-torres-reitera-la-crida-a-la-unitat-dels-grups-politics-del-consell-deivissa\/","og_locale":"ca_ES","og_type":"article","og_title":"Vicent Torres reitera la crida a la unitat dels grups pol\u00edtics del Consell d'Eivissa - Federaci\u00f3 Socialista d&#039;Eivissa","og_description":"El grup PSOE ha reiterat la crida a la unitat del Consell d&#8217;Eivissa davant la pand\u00e8mia i les seues conseq\u00fc\u00e8ncies socials i econ\u00f2miques: &#8220;Estam per buscar consensos i per treballar en favor de l&#8217;illa. El que no farem com a PSOE \u00e9s caure en debats que donen a la ciutadania una imatge equivocada dels representants&hellip;","og_url":"https:\/\/www.psib-psoe.org\/eivissa\/vicent-torres-reitera-la-crida-a-la-unitat-dels-grups-politics-del-consell-deivissa\/","og_site_name":"Federaci\u00f3 Socialista d&#039;Eivissa","article_published_time":"2020-04-30T11:13:24+00:00","og_image":[{"width":1632,"height":909,"url":"https:\/\/www.psib-psoe.org\/eivissa\/wp-content\/uploads\/vicent-torres-ple-abril-2020.jpg","type":"image\/jpeg"}],"author":"Josep Ripoll","twitter_card":"summary_large_image","twitter_misc":{"Escrit per":"Josep Ripoll","Temps estimat de lectura":"2 minuts"},"schema":{"@context":"https:\/\/schema.org","@graph":[{"@type":["Article","BlogPosting"],"@id":"https:\/\/www.psib-psoe.org\/eivissa\/vicent-torres-reitera-la-crida-a-la-unitat-dels-grups-politics-del-consell-deivissa\/#article","isPartOf":{"@id":"https:\/\/www.psib-psoe.org\/eivissa\/vicent-torres-reitera-la-crida-a-la-unitat-dels-grups-politics-del-consell-deivissa\/"},"author":{"name":"Josep Ripoll","@id":"https:\/\/www.psib-psoe.org\/eivissa\/#\/schema\/person\/7a9d2841fb36f32e34fc0e9b245e8117"},"headline":"Vicent Torres reitera la crida a la unitat dels grups pol\u00edtics del Consell d&#8217;Eivissa","datePublished":"2020-04-30T11:13:24+00:00","mainEntityOfPage":{"@id":"https:\/\/www.psib-psoe.org\/eivissa\/vicent-torres-reitera-la-crida-a-la-unitat-dels-grups-politics-del-consell-deivissa\/"},"wordCount":468,"publisher":{"@id":"https:\/\/www.psib-psoe.org\/eivissa\/#organization"},"image":{"@id":"https:\/\/www.psib-psoe.org\/eivissa\/vicent-torres-reitera-la-crida-a-la-unitat-dels-grups-politics-del-consell-deivissa\/#primaryimage"},"thumbnailUrl":"https:\/\/www.psib-psoe.org\/eivissa\/wp-content\/uploads\/vicent-torres-ple-abril-2020.jpg","articleSection":["Consell d'Eivissa","Covid-19","Federaci\u00f3 d'Eivissa - Portada"],"inLanguage":"ca"},{"@type":"WebPage","@id":"https:\/\/www.psib-psoe.org\/eivissa\/vicent-torres-reitera-la-crida-a-la-unitat-dels-grups-politics-del-consell-deivissa\/","url":"https:\/\/www.psib-psoe.org\/eivissa\/vicent-torres-reitera-la-crida-a-la-unitat-dels-grups-politics-del-consell-deivissa\/","name":"Vicent Torres reitera la crida a la unitat dels grups pol\u00edtics del Consell d'Eivissa - Federaci\u00f3 Socialista d&#039;Eivissa","isPartOf":{"@id":"https:\/\/www.psib-psoe.org\/eivissa\/#website"},"primaryImageOfPage":{"@id":"https:\/\/www.psib-psoe.org\/eivissa\/vicent-torres-reitera-la-crida-a-la-unitat-dels-grups-politics-del-consell-deivissa\/#primaryimage"},"image":{"@id":"https:\/\/www.psib-psoe.org\/eivissa\/vicent-torres-reitera-la-crida-a-la-unitat-dels-grups-politics-del-consell-deivissa\/#primaryimage"},"thumbnailUrl":"https:\/\/www.psib-psoe.org\/eivissa\/wp-content\/uploads\/vicent-torres-ple-abril-2020.jpg","datePublished":"2020-04-30T11:13:24+00:00","breadcrumb":{"@id":"https:\/\/www.psib-psoe.org\/eivissa\/vicent-torres-reitera-la-crida-a-la-unitat-dels-grups-politics-del-consell-deivissa\/#breadcrumb"},"inLanguage":"ca","potentialAction":[{"@type":"ReadAction","target":["https:\/\/www.psib-psoe.org\/eivissa\/vicent-torres-reitera-la-crida-a-la-unitat-dels-grups-politics-del-consell-deivissa\/"]}]},{"@type":"ImageObject","inLanguage":"ca","@id":"https:\/\/www.psib-psoe.org\/eivissa\/vicent-torres-reitera-la-crida-a-la-unitat-dels-grups-politics-del-consell-deivissa\/#primaryimage","url":"https:\/\/www.psib-psoe.org\/eivissa\/wp-content\/uploads\/vicent-torres-ple-abril-2020.jpg","contentUrl":"https:\/\/www.psib-psoe.org\/eivissa\/wp-content\/uploads\/vicent-torres-ple-abril-2020.jpg","width":1632,"height":909},{"@type":"BreadcrumbList","@id":"https:\/\/www.psib-psoe.org\/eivissa\/vicent-torres-reitera-la-crida-a-la-unitat-dels-grups-politics-del-consell-deivissa\/#breadcrumb","itemListElement":[{"@type":"ListItem","position":1,"name":"Inici","item":"https:\/\/www.psib-psoe.org\/eivissa\/"},{"@type":"ListItem","position":2,"name":"Vicent Torres reitera la crida a la unitat dels grups pol\u00edtics del Consell d&#8217;Eivissa"}]},{"@type":"WebSite","@id":"https:\/\/www.psib-psoe.org\/eivissa\/#website","url":"https:\/\/www.psib-psoe.org\/eivissa\/","name":"Federaci\u00f3 Socialista d'Eivissa","description":"Socialistes d&#039;Eivissa","publisher":{"@id":"https:\/\/www.psib-psoe.org\/eivissa\/#organization"},"potentialAction":[{"@type":"SearchAction","target":{"@type":"EntryPoint","urlTemplate":"https:\/\/www.psib-psoe.org\/eivissa\/?s={search_term_string}"},"query-input":{"@type":"PropertyValueSpecification","valueRequired":true,"valueName":"search_term_string"}}],"inLanguage":"ca"},{"@type":"Organization","@id":"https:\/\/www.psib-psoe.org\/eivissa\/#organization","name":"Federaci\u00f3 Socialista d'Eivissa","url":"https:\/\/www.psib-psoe.org\/eivissa\/","logo":{"@type":"ImageObject","inLanguage":"ca","@id":"https:\/\/www.psib-psoe.org\/eivissa\/#\/schema\/logo\/image\/","url":"https:\/\/www.psib-psoe.org\/eivissa\/wp-content\/uploads\/LOGO-FSE-SOCIALISTA-DEIVISSA-HORI.png","contentUrl":"https:\/\/www.psib-psoe.org\/eivissa\/wp-content\/uploads\/LOGO-FSE-SOCIALISTA-DEIVISSA-HORI.png","width":6000,"height":3104,"caption":"Federaci\u00f3 Socialista d'Eivissa"},"image":{"@id":"https:\/\/www.psib-psoe.org\/eivissa\/#\/schema\/logo\/image\/"}},{"@type":"Person","@id":"https:\/\/www.psib-psoe.org\/eivissa\/#\/schema\/person\/7a9d2841fb36f32e34fc0e9b245e8117","name":"Josep Ripoll","sameAs":["http:\/\/www.psib-psoe.org\/eivissa\/wp-login.php"],"url":"https:\/\/www.psib-psoe.org\/eivissa\/author\/josep\/"}]}},"_links":{"self":[{"href":"https:\/\/www.psib-psoe.org\/eivissa\/wp-json\/wp\/v2\/posts\/29071","targetHints":{"allow":["GET"]}}],"collection":[{"href":"https:\/\/www.psib-psoe.org\/eivissa\/wp-json\/wp\/v2\/posts"}],"about":[{"href":"https:\/\/www.psib-psoe.org\/eivissa\/wp-json\/wp\/v2\/types\/post"}],"author":[{"embeddable":true,"href":"https:\/\/www.psib-psoe.org\/eivissa\/wp-json\/wp\/v2\/users\/7"}],"replies":[{"embeddable":true,"href":"https:\/\/www.psib-psoe.org\/eivissa\/wp-json\/wp\/v2\/comments?post=29071"}],"version-history":[{"count":1,"href":"https:\/\/www.psib-psoe.org\/eivissa\/wp-json\/wp\/v2\/posts\/29071\/revisions"}],"predecessor-version":[{"id":29074,"href":"https:\/\/www.psib-psoe.org\/eivissa\/wp-json\/wp\/v2\/posts\/29071\/revisions\/29074"}],"wp:featuredmedia":[{"embeddable":true,"href":"https:\/\/www.psib-psoe.org\/eivissa\/wp-json\/wp\/v2\/media\/29072"}],"wp:attachment":[{"href":"https:\/\/www.psib-psoe.org\/eivissa\/wp-json\/wp\/v2\/media?parent=29071"}],"wp:term":[{"taxonomy":"category","embeddable":true,"href":"https:\/\/www.psib-psoe.org\/eivissa\/wp-json\/wp\/v2\/categories?post=29071"},{"taxonomy":"post_tag","embeddable":true,"href":"https:\/\/www.psib-psoe.org\/eivissa\/wp-json\/wp\/v2\/tags?post=29071"}],"curies":[{"name":"wp","href":"https:\/\/api.w.org\/{rel}","templated":true}]}}