{"id":29103,"date":"2020-05-01T10:51:31","date_gmt":"2020-05-01T08:51:31","guid":{"rendered":"https:\/\/www.psib-psoe.org\/eivissa\/?p=29103"},"modified":"2020-04-30T21:07:56","modified_gmt":"2020-04-30T19:07:56","slug":"josep-mari-ribas-en-el-primero-de-mayo-sin-trabajadores-y-trabajadoras-no-podriamos-parar-el-virus","status":"publish","type":"post","link":"https:\/\/www.psib-psoe.org\/eivissa\/josep-mari-ribas-en-el-primero-de-mayo-sin-trabajadores-y-trabajadoras-no-podriamos-parar-el-virus\/","title":{"rendered":"Josep Mar\u00ed Ribas en el Primero de Mayo: &#8220;Sin trabajadores y trabajadoras no podr\u00edamos parar el virus&#8221;"},"content":{"rendered":"<p dir=\"ltr\"><em><strong>Art\u00edculo publicado en Diario de Ibiza el 1 de mayo de 2020<\/strong><\/em><\/p>\n<p dir=\"ltr\">Hoy celebramos un Primero de Mayo extra\u00f1o y complicado, como tantas otras jornadas que nos est\u00e1 tocando vivir desde que se desat\u00f3 la pandemia del Covid-19. Sin bajar el \u00e1nimo, sino todo lo contrario, desde el PSOE nos sumamos a las manifestaciones virtuales a trav\u00e9s de las redes que han convocado UGT y Comisiones Obreras con el lema \u201cTrabajo y servicios p\u00fablicos. Otro modelo social y econ\u00f3mico es posible\u201d. Este a\u00f1o, m\u00e1s que nunca si cabe en sus 140 a\u00f1os de historia, el Partido Socialista Obrero Espa\u00f1ol quiere relanzar su compromiso ante la ciudadan\u00eda de Eivissa y el conjunto del pa\u00eds en defensa de la fuerza del trabajo, la cual es clave para hacer frente a la pandemia y hacer posible una recuperaci\u00f3n social y econ\u00f3mica.<\/p>\n<p dir=\"ltr\">Sin trabajadores y trabajadoras no podr\u00edamos parar el virus. Los de sanidad, emergencias, polic\u00edas y en general todos los servicios p\u00fablicos, pero tambi\u00e9n desde los \u00e1mbitos privados de producci\u00f3n de todo tipo de bienes y alimentos, su distribuci\u00f3n y venta, de suministros de energ\u00eda y telecomunicaciones, de limpieza y tantos otros empleos necesarios en la dura etapa de confinamiento durante el estado de alarma que todav\u00eda estamos viviendo. Es m\u00e1s, muchas personas han fallecido a causa del virus contra\u00eddo en el trabajo, ya sea un desempe\u00f1o sanitario u otro. Hoy especialmente toca acordarnos de todos ellos y ellas y rendirles un sentido homenaje.<\/p>\n<p dir=\"ltr\">Sin trabajadores y trabajadoras nuestras sociedades no podr\u00edan existir. Por ello desde el Gobierno de Espa\u00f1a, y con el refuerzo de medidas del Govern de les Illes Balears, se est\u00e1n tomando las medidas de protecci\u00f3n social para aquellos empleados que por desgracia no han podido continuar con la actividad que desarrollaban. Medidas como los ERTEs y las espec\u00edficas para trabajadores de temporada y fijos discontinuos, la prestaci\u00f3n por cese de actividad de trabajadores y trabajadoras aut\u00f3nomos, as\u00ed como otras ayudas como por ejemplo para empleadas del hogar, tienen por objetivo no solamente proteger a la persona que se queda sin trabajo, sino ayudar a que lo pueda recuperar con el reinicio de la actividad.<\/p>\n<p dir=\"ltr\">En nuestra isla, con un 80% de la fuerza laboral orientada directamente al turismo, seguramente vamos a sufrir durante m\u00e1s tiempo las consecuencias del par\u00f3n econ\u00f3mico. Es por ello que en territorios como el nuestro el apoyo del Gobierno de Espa\u00f1a y, por supuesto, de Europa, va a tener que ser mayor. En eso confiamos y eso estamos trabajando, con nuevas medidas que habr\u00e1 que seguir tomando, con voluntad de alcanzar grandes acuerdos en todas las instituciones, tanto en las que gobernamos como en aquellas donde tenemos la responsabilidad de la oposici\u00f3n. Porque lo que tenemos todav\u00eda por delante va a ser muy complicado y a\u00fan hay medidas que tomar, asegurando en primer lugar la seguridad en los puestos de trabajo.<\/p>\n<p dir=\"ltr\">El PSOE defiende desde hace tiempo el establecimiento de un Ingreso M\u00ednimo Vital, una propuesta que esperamos que pronto pueda ser realidad. Supondr\u00e1 un apoyo econ\u00f3mico clave para las familias que m\u00e1s lo necesitan en el momento social y econ\u00f3mico m\u00e1s dif\u00edcil que recordamos. El Estado del Bienestar, que con tanto esfuerzo hemos construido, en primer lugar por parte de los trabajadores y trabajadoras de este pa\u00eds, tiene la oportunidad de mostrar todo su sentido, como lo ha hecho el servicio p\u00fablico de Salud durante los momentos m\u00e1s duros de la crisis sanitaria, as\u00ed como el resto de empleados p\u00fablicos.<\/p>\n<p dir=\"ltr\">A\u00fan as\u00ed, no hay que olvidar que ven\u00edamos de una larga etapa con la receta de los recortes y la austeridad para hacer frente a la crisis econ\u00f3mica que se desat\u00f3 a finales del 2008. Superada la crisis sanitaria, ser\u00e1 el momento de repensar si fueron acertadas decisiones del pasado en relaci\u00f3n a la condiciones laborales y salariales, a la privatizaci\u00f3n de la sanidad, al recorte de plantillas de personal p\u00fablico y a la reducci\u00f3n en general de todo el m\u00fasculo del Estado del Bienestar.<\/p>\n<p dir=\"ltr\">Respecto a la actividad privada, a nuestra isla, durante a\u00f1os motor econ\u00f3mico de Espa\u00f1a y de Balears, se le debe devolver el mismo apoyo que en etapas de prosperidad hab\u00eda aportado. Habr\u00e1 que seguir protegiendo mediante la figura de los ERTEs a los trabajadores y trabajadoras afectadas por la paralizaci\u00f3n del turismo, as\u00ed como a empresas y aut\u00f3nomos que necesitar\u00e1n un bal\u00f3n de ox\u00edgeno en forma de liquidez hasta que la reconstrucci\u00f3n sea una realidad. Un apoyo que seguramente no podr\u00e1 venir \u00fanicamente del conjunto del pa\u00eds, cuyo esfuerzo est\u00e1 siendo ya m\u00e1ximo, sino que tendr\u00e1 que ser fruto de un gran acuerdo en el marco europeo.<\/p>\n<p dir=\"ltr\">El Primero de Mayo nos brinda pues la oportunidad de recordar y reivindicar que sin trabajadores y trabajadoras no vamos a reconstruir nuestra sociedad, nuestras vidas y nuestras esperanzas. No podemos prescindir de ni un solo de ellos y ellas, tanto los del sector p\u00fablico, como los del sector privado. Representan el alma y el motor de nuestra sociedad. Y esta realidad que nos ha tocado vivir nos lo ha demostrado de la forma m\u00e1s clara y cruda posible. Hoy, D\u00eda Internacional del Trabajo, todos ellos y ellas merecen nuestro m\u00e1s emotivo reconocimiento y apoyo.<\/p>\n<p dir=\"ltr\"><strong>Josep Mar\u00ed Ribas<\/strong><\/p>\n<p dir=\"ltr\"><strong>Secretario general de la Federaci\u00f3n Socialista de Eivissa (FSE-PSOE) y alcalde de Sant Josep de sa Talaia<\/strong><\/p>\n","protected":false},"excerpt":{"rendered":"<p>Art\u00edculo publicado en Diario de Ibiza el 1 de mayo de 2020 Hoy celebramos un Primero de Mayo extra\u00f1o y complicado, como tantas otras jornadas que nos est\u00e1 tocando vivir desde que se desat\u00f3 la pandemia del Covid-19. Sin bajar el \u00e1nimo, sino todo lo contrario, desde el PSOE nos sumamos a las manifestaciones virtuales&hellip;<\/p>\n","protected":false},"author":7,"featured_media":29101,"comment_status":"closed","ping_status":"closed","sticky":false,"template":"","format":"standard","meta":{"footnotes":""},"categories":[212],"tags":[],"class_list":["post-29103","post","type-post","status-publish","format-standard","has-post-thumbnail","hentry","category-fse-psoe"],"yoast_head":"<!-- This site is optimized with the Yoast SEO plugin v26.9 - https:\/\/yoast.com\/product\/yoast-seo-wordpress\/ -->\n<title>Josep Mar\u00ed Ribas en el Primero de Mayo: &quot;Sin trabajadores y trabajadoras no podr\u00edamos parar el virus&quot; - Federaci\u00f3 Socialista d&#039;Eivissa<\/title>\n<meta name=\"robots\" content=\"index, follow, max-snippet:-1, max-image-preview:large, max-video-preview:-1\" \/>\n<link rel=\"canonical\" href=\"https:\/\/www.psib-psoe.org\/eivissa\/josep-mari-ribas-en-el-primero-de-mayo-sin-trabajadores-y-trabajadoras-no-podriamos-parar-el-virus\/\" \/>\n<meta property=\"og:locale\" content=\"ca_ES\" \/>\n<meta property=\"og:type\" content=\"article\" \/>\n<meta property=\"og:title\" content=\"Josep Mar\u00ed Ribas en el Primero de Mayo: &quot;Sin trabajadores y trabajadoras no podr\u00edamos parar el virus&quot; - Federaci\u00f3 Socialista d&#039;Eivissa\" \/>\n<meta property=\"og:description\" content=\"Art\u00edculo publicado en Diario de Ibiza el 1 de mayo de 2020 Hoy celebramos un Primero de Mayo extra\u00f1o y complicado, como tantas otras jornadas que nos est\u00e1 tocando vivir desde que se desat\u00f3 la pandemia del Covid-19. Sin bajar el \u00e1nimo, sino todo lo contrario, desde el PSOE nos sumamos a las manifestaciones virtuales&hellip;\" \/>\n<meta property=\"og:url\" content=\"https:\/\/www.psib-psoe.org\/eivissa\/josep-mari-ribas-en-el-primero-de-mayo-sin-trabajadores-y-trabajadoras-no-podriamos-parar-el-virus\/\" \/>\n<meta property=\"og:site_name\" content=\"Federaci\u00f3 Socialista d&#039;Eivissa\" \/>\n<meta property=\"article:published_time\" content=\"2020-05-01T08:51:31+00:00\" \/>\n<meta property=\"og:image\" content=\"https:\/\/www.psib-psoe.org\/eivissa\/wp-content\/uploads\/foto-josep.-mari-ribas-e1595332920149.jpg\" \/>\n\t<meta property=\"og:image:width\" content=\"258\" \/>\n\t<meta property=\"og:image:height\" content=\"204\" \/>\n\t<meta property=\"og:image:type\" content=\"image\/jpeg\" \/>\n<meta name=\"author\" content=\"Josep Ripoll\" \/>\n<meta name=\"twitter:card\" content=\"summary_large_image\" \/>\n<meta name=\"twitter:label1\" content=\"Escrit per\" \/>\n\t<meta name=\"twitter:data1\" content=\"Josep Ripoll\" \/>\n\t<meta name=\"twitter:label2\" content=\"Temps estimat de lectura\" \/>\n\t<meta name=\"twitter:data2\" content=\"5 minuts\" \/>\n<script type=\"application\/ld+json\" class=\"yoast-schema-graph\">{\"@context\":\"https:\/\/schema.org\",\"@graph\":[{\"@type\":[\"Article\",\"BlogPosting\"],\"@id\":\"https:\/\/www.psib-psoe.org\/eivissa\/josep-mari-ribas-en-el-primero-de-mayo-sin-trabajadores-y-trabajadoras-no-podriamos-parar-el-virus\/#article\",\"isPartOf\":{\"@id\":\"https:\/\/www.psib-psoe.org\/eivissa\/josep-mari-ribas-en-el-primero-de-mayo-sin-trabajadores-y-trabajadoras-no-podriamos-parar-el-virus\/\"},\"author\":{\"name\":\"Josep Ripoll\",\"@id\":\"https:\/\/www.psib-psoe.org\/eivissa\/#\/schema\/person\/7a9d2841fb36f32e34fc0e9b245e8117\"},\"headline\":\"Josep Mar\u00ed Ribas en el Primero de Mayo: &#8220;Sin trabajadores y trabajadoras no podr\u00edamos parar el virus&#8221;\",\"datePublished\":\"2020-05-01T08:51:31+00:00\",\"mainEntityOfPage\":{\"@id\":\"https:\/\/www.psib-psoe.org\/eivissa\/josep-mari-ribas-en-el-primero-de-mayo-sin-trabajadores-y-trabajadoras-no-podriamos-parar-el-virus\/\"},\"wordCount\":969,\"publisher\":{\"@id\":\"https:\/\/www.psib-psoe.org\/eivissa\/#organization\"},\"image\":{\"@id\":\"https:\/\/www.psib-psoe.org\/eivissa\/josep-mari-ribas-en-el-primero-de-mayo-sin-trabajadores-y-trabajadoras-no-podriamos-parar-el-virus\/#primaryimage\"},\"thumbnailUrl\":\"https:\/\/www.psib-psoe.org\/eivissa\/wp-content\/uploads\/foto-josep.-mari-ribas-e1595332920149.jpg\",\"articleSection\":[\"FSE-PSOE\"],\"inLanguage\":\"ca\"},{\"@type\":\"WebPage\",\"@id\":\"https:\/\/www.psib-psoe.org\/eivissa\/josep-mari-ribas-en-el-primero-de-mayo-sin-trabajadores-y-trabajadoras-no-podriamos-parar-el-virus\/\",\"url\":\"https:\/\/www.psib-psoe.org\/eivissa\/josep-mari-ribas-en-el-primero-de-mayo-sin-trabajadores-y-trabajadoras-no-podriamos-parar-el-virus\/\",\"name\":\"Josep Mar\u00ed Ribas en el Primero de Mayo: \\\"Sin trabajadores y trabajadoras no podr\u00edamos parar el virus\\\" - Federaci\u00f3 Socialista d&#039;Eivissa\",\"isPartOf\":{\"@id\":\"https:\/\/www.psib-psoe.org\/eivissa\/#website\"},\"primaryImageOfPage\":{\"@id\":\"https:\/\/www.psib-psoe.org\/eivissa\/josep-mari-ribas-en-el-primero-de-mayo-sin-trabajadores-y-trabajadoras-no-podriamos-parar-el-virus\/#primaryimage\"},\"image\":{\"@id\":\"https:\/\/www.psib-psoe.org\/eivissa\/josep-mari-ribas-en-el-primero-de-mayo-sin-trabajadores-y-trabajadoras-no-podriamos-parar-el-virus\/#primaryimage\"},\"thumbnailUrl\":\"https:\/\/www.psib-psoe.org\/eivissa\/wp-content\/uploads\/foto-josep.-mari-ribas-e1595332920149.jpg\",\"datePublished\":\"2020-05-01T08:51:31+00:00\",\"breadcrumb\":{\"@id\":\"https:\/\/www.psib-psoe.org\/eivissa\/josep-mari-ribas-en-el-primero-de-mayo-sin-trabajadores-y-trabajadoras-no-podriamos-parar-el-virus\/#breadcrumb\"},\"inLanguage\":\"ca\",\"potentialAction\":[{\"@type\":\"ReadAction\",\"target\":[\"https:\/\/www.psib-psoe.org\/eivissa\/josep-mari-ribas-en-el-primero-de-mayo-sin-trabajadores-y-trabajadoras-no-podriamos-parar-el-virus\/\"]}]},{\"@type\":\"ImageObject\",\"inLanguage\":\"ca\",\"@id\":\"https:\/\/www.psib-psoe.org\/eivissa\/josep-mari-ribas-en-el-primero-de-mayo-sin-trabajadores-y-trabajadoras-no-podriamos-parar-el-virus\/#primaryimage\",\"url\":\"https:\/\/www.psib-psoe.org\/eivissa\/wp-content\/uploads\/foto-josep.-mari-ribas-e1595332920149.jpg\",\"contentUrl\":\"https:\/\/www.psib-psoe.org\/eivissa\/wp-content\/uploads\/foto-josep.-mari-ribas-e1595332920149.jpg\",\"width\":258,\"height\":204},{\"@type\":\"BreadcrumbList\",\"@id\":\"https:\/\/www.psib-psoe.org\/eivissa\/josep-mari-ribas-en-el-primero-de-mayo-sin-trabajadores-y-trabajadoras-no-podriamos-parar-el-virus\/#breadcrumb\",\"itemListElement\":[{\"@type\":\"ListItem\",\"position\":1,\"name\":\"Inici\",\"item\":\"https:\/\/www.psib-psoe.org\/eivissa\/\"},{\"@type\":\"ListItem\",\"position\":2,\"name\":\"Josep Mar\u00ed Ribas en el Primero de Mayo: &#8220;Sin trabajadores y trabajadoras no podr\u00edamos parar el virus&#8221;\"}]},{\"@type\":\"WebSite\",\"@id\":\"https:\/\/www.psib-psoe.org\/eivissa\/#website\",\"url\":\"https:\/\/www.psib-psoe.org\/eivissa\/\",\"name\":\"Federaci\u00f3 Socialista d'Eivissa\",\"description\":\"Socialistes d&#039;Eivissa\",\"publisher\":{\"@id\":\"https:\/\/www.psib-psoe.org\/eivissa\/#organization\"},\"potentialAction\":[{\"@type\":\"SearchAction\",\"target\":{\"@type\":\"EntryPoint\",\"urlTemplate\":\"https:\/\/www.psib-psoe.org\/eivissa\/?s={search_term_string}\"},\"query-input\":{\"@type\":\"PropertyValueSpecification\",\"valueRequired\":true,\"valueName\":\"search_term_string\"}}],\"inLanguage\":\"ca\"},{\"@type\":\"Organization\",\"@id\":\"https:\/\/www.psib-psoe.org\/eivissa\/#organization\",\"name\":\"Federaci\u00f3 Socialista d'Eivissa\",\"url\":\"https:\/\/www.psib-psoe.org\/eivissa\/\",\"logo\":{\"@type\":\"ImageObject\",\"inLanguage\":\"ca\",\"@id\":\"https:\/\/www.psib-psoe.org\/eivissa\/#\/schema\/logo\/image\/\",\"url\":\"https:\/\/www.psib-psoe.org\/eivissa\/wp-content\/uploads\/LOGO-FSE-SOCIALISTA-DEIVISSA-HORI.png\",\"contentUrl\":\"https:\/\/www.psib-psoe.org\/eivissa\/wp-content\/uploads\/LOGO-FSE-SOCIALISTA-DEIVISSA-HORI.png\",\"width\":6000,\"height\":3104,\"caption\":\"Federaci\u00f3 Socialista d'Eivissa\"},\"image\":{\"@id\":\"https:\/\/www.psib-psoe.org\/eivissa\/#\/schema\/logo\/image\/\"}},{\"@type\":\"Person\",\"@id\":\"https:\/\/www.psib-psoe.org\/eivissa\/#\/schema\/person\/7a9d2841fb36f32e34fc0e9b245e8117\",\"name\":\"Josep Ripoll\",\"sameAs\":[\"http:\/\/www.psib-psoe.org\/eivissa\/wp-login.php\"],\"url\":\"https:\/\/www.psib-psoe.org\/eivissa\/author\/josep\/\"}]}<\/script>\n<!-- \/ Yoast SEO plugin. -->","yoast_head_json":{"title":"Josep Mar\u00ed Ribas en el Primero de Mayo: \"Sin trabajadores y trabajadoras no podr\u00edamos parar el virus\" - Federaci\u00f3 Socialista d&#039;Eivissa","robots":{"index":"index","follow":"follow","max-snippet":"max-snippet:-1","max-image-preview":"max-image-preview:large","max-video-preview":"max-video-preview:-1"},"canonical":"https:\/\/www.psib-psoe.org\/eivissa\/josep-mari-ribas-en-el-primero-de-mayo-sin-trabajadores-y-trabajadoras-no-podriamos-parar-el-virus\/","og_locale":"ca_ES","og_type":"article","og_title":"Josep Mar\u00ed Ribas en el Primero de Mayo: \"Sin trabajadores y trabajadoras no podr\u00edamos parar el virus\" - Federaci\u00f3 Socialista d&#039;Eivissa","og_description":"Art\u00edculo publicado en Diario de Ibiza el 1 de mayo de 2020 Hoy celebramos un Primero de Mayo extra\u00f1o y complicado, como tantas otras jornadas que nos est\u00e1 tocando vivir desde que se desat\u00f3 la pandemia del Covid-19. Sin bajar el \u00e1nimo, sino todo lo contrario, desde el PSOE nos sumamos a las manifestaciones virtuales&hellip;","og_url":"https:\/\/www.psib-psoe.org\/eivissa\/josep-mari-ribas-en-el-primero-de-mayo-sin-trabajadores-y-trabajadoras-no-podriamos-parar-el-virus\/","og_site_name":"Federaci\u00f3 Socialista d&#039;Eivissa","article_published_time":"2020-05-01T08:51:31+00:00","og_image":[{"width":258,"height":204,"url":"https:\/\/www.psib-psoe.org\/eivissa\/wp-content\/uploads\/foto-josep.-mari-ribas-e1595332920149.jpg","type":"image\/jpeg"}],"author":"Josep Ripoll","twitter_card":"summary_large_image","twitter_misc":{"Escrit per":"Josep Ripoll","Temps estimat de lectura":"5 minuts"},"schema":{"@context":"https:\/\/schema.org","@graph":[{"@type":["Article","BlogPosting"],"@id":"https:\/\/www.psib-psoe.org\/eivissa\/josep-mari-ribas-en-el-primero-de-mayo-sin-trabajadores-y-trabajadoras-no-podriamos-parar-el-virus\/#article","isPartOf":{"@id":"https:\/\/www.psib-psoe.org\/eivissa\/josep-mari-ribas-en-el-primero-de-mayo-sin-trabajadores-y-trabajadoras-no-podriamos-parar-el-virus\/"},"author":{"name":"Josep Ripoll","@id":"https:\/\/www.psib-psoe.org\/eivissa\/#\/schema\/person\/7a9d2841fb36f32e34fc0e9b245e8117"},"headline":"Josep Mar\u00ed Ribas en el Primero de Mayo: &#8220;Sin trabajadores y trabajadoras no podr\u00edamos parar el virus&#8221;","datePublished":"2020-05-01T08:51:31+00:00","mainEntityOfPage":{"@id":"https:\/\/www.psib-psoe.org\/eivissa\/josep-mari-ribas-en-el-primero-de-mayo-sin-trabajadores-y-trabajadoras-no-podriamos-parar-el-virus\/"},"wordCount":969,"publisher":{"@id":"https:\/\/www.psib-psoe.org\/eivissa\/#organization"},"image":{"@id":"https:\/\/www.psib-psoe.org\/eivissa\/josep-mari-ribas-en-el-primero-de-mayo-sin-trabajadores-y-trabajadoras-no-podriamos-parar-el-virus\/#primaryimage"},"thumbnailUrl":"https:\/\/www.psib-psoe.org\/eivissa\/wp-content\/uploads\/foto-josep.-mari-ribas-e1595332920149.jpg","articleSection":["FSE-PSOE"],"inLanguage":"ca"},{"@type":"WebPage","@id":"https:\/\/www.psib-psoe.org\/eivissa\/josep-mari-ribas-en-el-primero-de-mayo-sin-trabajadores-y-trabajadoras-no-podriamos-parar-el-virus\/","url":"https:\/\/www.psib-psoe.org\/eivissa\/josep-mari-ribas-en-el-primero-de-mayo-sin-trabajadores-y-trabajadoras-no-podriamos-parar-el-virus\/","name":"Josep Mar\u00ed Ribas en el Primero de Mayo: \"Sin trabajadores y trabajadoras no podr\u00edamos parar el virus\" - Federaci\u00f3 Socialista d&#039;Eivissa","isPartOf":{"@id":"https:\/\/www.psib-psoe.org\/eivissa\/#website"},"primaryImageOfPage":{"@id":"https:\/\/www.psib-psoe.org\/eivissa\/josep-mari-ribas-en-el-primero-de-mayo-sin-trabajadores-y-trabajadoras-no-podriamos-parar-el-virus\/#primaryimage"},"image":{"@id":"https:\/\/www.psib-psoe.org\/eivissa\/josep-mari-ribas-en-el-primero-de-mayo-sin-trabajadores-y-trabajadoras-no-podriamos-parar-el-virus\/#primaryimage"},"thumbnailUrl":"https:\/\/www.psib-psoe.org\/eivissa\/wp-content\/uploads\/foto-josep.-mari-ribas-e1595332920149.jpg","datePublished":"2020-05-01T08:51:31+00:00","breadcrumb":{"@id":"https:\/\/www.psib-psoe.org\/eivissa\/josep-mari-ribas-en-el-primero-de-mayo-sin-trabajadores-y-trabajadoras-no-podriamos-parar-el-virus\/#breadcrumb"},"inLanguage":"ca","potentialAction":[{"@type":"ReadAction","target":["https:\/\/www.psib-psoe.org\/eivissa\/josep-mari-ribas-en-el-primero-de-mayo-sin-trabajadores-y-trabajadoras-no-podriamos-parar-el-virus\/"]}]},{"@type":"ImageObject","inLanguage":"ca","@id":"https:\/\/www.psib-psoe.org\/eivissa\/josep-mari-ribas-en-el-primero-de-mayo-sin-trabajadores-y-trabajadoras-no-podriamos-parar-el-virus\/#primaryimage","url":"https:\/\/www.psib-psoe.org\/eivissa\/wp-content\/uploads\/foto-josep.-mari-ribas-e1595332920149.jpg","contentUrl":"https:\/\/www.psib-psoe.org\/eivissa\/wp-content\/uploads\/foto-josep.-mari-ribas-e1595332920149.jpg","width":258,"height":204},{"@type":"BreadcrumbList","@id":"https:\/\/www.psib-psoe.org\/eivissa\/josep-mari-ribas-en-el-primero-de-mayo-sin-trabajadores-y-trabajadoras-no-podriamos-parar-el-virus\/#breadcrumb","itemListElement":[{"@type":"ListItem","position":1,"name":"Inici","item":"https:\/\/www.psib-psoe.org\/eivissa\/"},{"@type":"ListItem","position":2,"name":"Josep Mar\u00ed Ribas en el Primero de Mayo: &#8220;Sin trabajadores y trabajadoras no podr\u00edamos parar el virus&#8221;"}]},{"@type":"WebSite","@id":"https:\/\/www.psib-psoe.org\/eivissa\/#website","url":"https:\/\/www.psib-psoe.org\/eivissa\/","name":"Federaci\u00f3 Socialista d'Eivissa","description":"Socialistes d&#039;Eivissa","publisher":{"@id":"https:\/\/www.psib-psoe.org\/eivissa\/#organization"},"potentialAction":[{"@type":"SearchAction","target":{"@type":"EntryPoint","urlTemplate":"https:\/\/www.psib-psoe.org\/eivissa\/?s={search_term_string}"},"query-input":{"@type":"PropertyValueSpecification","valueRequired":true,"valueName":"search_term_string"}}],"inLanguage":"ca"},{"@type":"Organization","@id":"https:\/\/www.psib-psoe.org\/eivissa\/#organization","name":"Federaci\u00f3 Socialista d'Eivissa","url":"https:\/\/www.psib-psoe.org\/eivissa\/","logo":{"@type":"ImageObject","inLanguage":"ca","@id":"https:\/\/www.psib-psoe.org\/eivissa\/#\/schema\/logo\/image\/","url":"https:\/\/www.psib-psoe.org\/eivissa\/wp-content\/uploads\/LOGO-FSE-SOCIALISTA-DEIVISSA-HORI.png","contentUrl":"https:\/\/www.psib-psoe.org\/eivissa\/wp-content\/uploads\/LOGO-FSE-SOCIALISTA-DEIVISSA-HORI.png","width":6000,"height":3104,"caption":"Federaci\u00f3 Socialista d'Eivissa"},"image":{"@id":"https:\/\/www.psib-psoe.org\/eivissa\/#\/schema\/logo\/image\/"}},{"@type":"Person","@id":"https:\/\/www.psib-psoe.org\/eivissa\/#\/schema\/person\/7a9d2841fb36f32e34fc0e9b245e8117","name":"Josep Ripoll","sameAs":["http:\/\/www.psib-psoe.org\/eivissa\/wp-login.php"],"url":"https:\/\/www.psib-psoe.org\/eivissa\/author\/josep\/"}]}},"_links":{"self":[{"href":"https:\/\/www.psib-psoe.org\/eivissa\/wp-json\/wp\/v2\/posts\/29103","targetHints":{"allow":["GET"]}}],"collection":[{"href":"https:\/\/www.psib-psoe.org\/eivissa\/wp-json\/wp\/v2\/posts"}],"about":[{"href":"https:\/\/www.psib-psoe.org\/eivissa\/wp-json\/wp\/v2\/types\/post"}],"author":[{"embeddable":true,"href":"https:\/\/www.psib-psoe.org\/eivissa\/wp-json\/wp\/v2\/users\/7"}],"replies":[{"embeddable":true,"href":"https:\/\/www.psib-psoe.org\/eivissa\/wp-json\/wp\/v2\/comments?post=29103"}],"version-history":[{"count":2,"href":"https:\/\/www.psib-psoe.org\/eivissa\/wp-json\/wp\/v2\/posts\/29103\/revisions"}],"predecessor-version":[{"id":29105,"href":"https:\/\/www.psib-psoe.org\/eivissa\/wp-json\/wp\/v2\/posts\/29103\/revisions\/29105"}],"wp:featuredmedia":[{"embeddable":true,"href":"https:\/\/www.psib-psoe.org\/eivissa\/wp-json\/wp\/v2\/media\/29101"}],"wp:attachment":[{"href":"https:\/\/www.psib-psoe.org\/eivissa\/wp-json\/wp\/v2\/media?parent=29103"}],"wp:term":[{"taxonomy":"category","embeddable":true,"href":"https:\/\/www.psib-psoe.org\/eivissa\/wp-json\/wp\/v2\/categories?post=29103"},{"taxonomy":"post_tag","embeddable":true,"href":"https:\/\/www.psib-psoe.org\/eivissa\/wp-json\/wp\/v2\/tags?post=29103"}],"curies":[{"name":"wp","href":"https:\/\/api.w.org\/{rel}","templated":true}]}}