{"id":30540,"date":"2020-05-08T13:30:28","date_gmt":"2020-05-08T11:30:28","guid":{"rendered":"https:\/\/www.psib-psoe.org\/eivissa\/?p=30540"},"modified":"2020-05-08T20:53:16","modified_gmt":"2020-05-08T18:53:16","slug":"la-fse-psoe-pide-al-consell-insular-la-negociacion-de-un-plan-de-reconstruccion-propio-para-la-isla-de-eivissa","status":"publish","type":"post","link":"https:\/\/www.psib-psoe.org\/eivissa\/la-fse-psoe-pide-al-consell-insular-la-negociacion-de-un-plan-de-reconstruccion-propio-para-la-isla-de-eivissa\/","title":{"rendered":"La FSE-PSOE pide al Consell Insular la negociaci\u00f3n de un plan de reconstrucci\u00f3n propio para la isla de Eivissa"},"content":{"rendered":"<p>En relaci\u00f3n con el documento presentado el jueves por el Consell Insular del listado de propuestas que desde Eivissa elevan al Govern Balear, elaborado a petici\u00f3n de la propia presidenta, Francina Armengol,la Federaci\u00f3n Socialista de Eivissa expone:<\/p>\n<p>El PSOE ha participado en las reuniones convocadas por el Consell Insular para la elaboraci\u00f3n del documento, pero en ning\u00fan caso podemos hablar de un &#8220;pacto&#8221;, ya que el resultado final es el que ha decidido el Ejecutivo Insular.<\/p>\n<p>Si bien es cierto que incorpora algunas propuestas y modificaciones sugeridas por los socialistas, tambi\u00e9n hay que resaltar que hay otras que no se han incorporado y otras que no podemos compartir. En todo caso, desde el PSOE de Eivissa esperamos que la presidenta Armengol pueda acordar con todas las islas un paquete de medidas en favor de la recuperaci\u00f3n social y econ\u00f3mica de la Comunidad.<\/p>\n<p>Aparte de las medidas que pueda adoptar el Govern Balears tras recoger las propuestas de cada una de las islas, desde el Partido Socialista seguiremos proponiendo al Consell Insular la elaboraci\u00f3n de un Plan de reconstrucci\u00f3n propio para la isla de Eivissa, para definir l\u00edneas de actuaci\u00f3n en el \u00e1mbito de las competencias del gobierno de la isla: acci\u00f3n social, turismo, modelo de movilidad, inversi\u00f3n en red viaria, modelo de territorio, deportes, etc.<\/p>\n<p>El Consell de Eivissa tiene una responsabilidad muy importante, como gobierno insular, y tiene competencias propias que le permiten actuar directamente sin tener que esperar a cambios de normativos por parte de administraciones superiores.<\/p>\n<p>Recordemos que el grupo PSOE del Consell Insular registr\u00f3 el pasado 17 de abril una propuesta de &#8220;Plan de medidas para hacer frente al impacto social, econ\u00f3mico y laboral de la pandemia del Covid-19 en la isla de Eivissa. Sin embargo, el gobierno del Consell, aparte de reuniones informativas de la Junta de Portavoces y los contactos de la lista de propuestas que se han elevado al Govern Balear, no ha iniciado con el resto de grupos pol\u00edticos ninguna mesa de negociaci\u00f3n para la reconstrucci\u00f3n de la isla de Eivissa, que desde el PSOE seguiremos proponiendo.<\/p>\n<p>El Partido Socialista mantiene, por tanto, su ofrecimiento de llegar a grandes acuerdos y consensos para la reconstrucci\u00f3n social y econ\u00f3mica de la isla de Eivissa, y en este sentido seguir\u00e1 presentando propuestas durante los pr\u00f3ximos d\u00edas al gobierno del Consell Insular , con \u00e1nimo constructivo y de colaboraci\u00f3n, para que todos juntos podamos encontrar salidas a esta situaci\u00f3n tan complicada.<\/p>\n","protected":false},"excerpt":{"rendered":"<p>En relaci\u00f3n con el documento presentado el jueves por el Consell Insular del listado de propuestas que desde Eivissa elevan al Govern Balear, elaborado a petici\u00f3n de la propia presidenta, Francina Armengol,la Federaci\u00f3n Socialista de Eivissa expone: El PSOE ha participado en las reuniones convocadas por el Consell Insular para la elaboraci\u00f3n del documento, pero&hellip;<\/p>\n","protected":false},"author":7,"featured_media":29660,"comment_status":"closed","ping_status":"closed","sticky":false,"template":"","format":"standard","meta":{"footnotes":""},"categories":[212],"tags":[],"class_list":["post-30540","post","type-post","status-publish","format-standard","has-post-thumbnail","hentry","category-fse-psoe"],"yoast_head":"<!-- This site is optimized with the Yoast SEO plugin v26.9 - https:\/\/yoast.com\/product\/yoast-seo-wordpress\/ -->\n<title>La FSE-PSOE pide al Consell Insular la negociaci\u00f3n de un plan de reconstrucci\u00f3n propio para la isla de Eivissa - Federaci\u00f3 Socialista d&#039;Eivissa<\/title>\n<meta name=\"robots\" content=\"index, follow, max-snippet:-1, max-image-preview:large, max-video-preview:-1\" \/>\n<link rel=\"canonical\" href=\"https:\/\/www.psib-psoe.org\/eivissa\/la-fse-psoe-pide-al-consell-insular-la-negociacion-de-un-plan-de-reconstruccion-propio-para-la-isla-de-eivissa\/\" \/>\n<meta property=\"og:locale\" content=\"ca_ES\" \/>\n<meta property=\"og:type\" content=\"article\" \/>\n<meta property=\"og:title\" content=\"La FSE-PSOE pide al Consell Insular la negociaci\u00f3n de un plan de reconstrucci\u00f3n propio para la isla de Eivissa - Federaci\u00f3 Socialista d&#039;Eivissa\" \/>\n<meta property=\"og:description\" content=\"En relaci\u00f3n con el documento presentado el jueves por el Consell Insular del listado de propuestas que desde Eivissa elevan al Govern Balear, elaborado a petici\u00f3n de la propia presidenta, Francina Armengol,la Federaci\u00f3n Socialista de Eivissa expone: El PSOE ha participado en las reuniones convocadas por el Consell Insular para la elaboraci\u00f3n del documento, pero&hellip;\" \/>\n<meta property=\"og:url\" content=\"https:\/\/www.psib-psoe.org\/eivissa\/la-fse-psoe-pide-al-consell-insular-la-negociacion-de-un-plan-de-reconstruccion-propio-para-la-isla-de-eivissa\/\" \/>\n<meta property=\"og:site_name\" content=\"Federaci\u00f3 Socialista d&#039;Eivissa\" \/>\n<meta property=\"article:published_time\" content=\"2020-05-08T11:30:28+00:00\" \/>\n<meta property=\"article:modified_time\" content=\"2020-05-08T18:53:16+00:00\" \/>\n<meta property=\"og:image\" content=\"https:\/\/www.psib-psoe.org\/eivissa\/wp-content\/uploads\/consell-banderas.jpg\" \/>\n\t<meta property=\"og:image:width\" content=\"2048\" \/>\n\t<meta property=\"og:image:height\" content=\"1529\" \/>\n\t<meta property=\"og:image:type\" content=\"image\/jpeg\" \/>\n<meta name=\"author\" content=\"Josep Ripoll\" \/>\n<meta name=\"twitter:card\" content=\"summary_large_image\" \/>\n<meta name=\"twitter:label1\" content=\"Escrit per\" \/>\n\t<meta name=\"twitter:data1\" content=\"Josep Ripoll\" \/>\n\t<meta name=\"twitter:label2\" content=\"Temps estimat de lectura\" \/>\n\t<meta name=\"twitter:data2\" content=\"2 minuts\" \/>\n<script type=\"application\/ld+json\" class=\"yoast-schema-graph\">{\"@context\":\"https:\/\/schema.org\",\"@graph\":[{\"@type\":[\"Article\",\"BlogPosting\"],\"@id\":\"https:\/\/www.psib-psoe.org\/eivissa\/la-fse-psoe-pide-al-consell-insular-la-negociacion-de-un-plan-de-reconstruccion-propio-para-la-isla-de-eivissa\/#article\",\"isPartOf\":{\"@id\":\"https:\/\/www.psib-psoe.org\/eivissa\/la-fse-psoe-pide-al-consell-insular-la-negociacion-de-un-plan-de-reconstruccion-propio-para-la-isla-de-eivissa\/\"},\"author\":{\"name\":\"Josep Ripoll\",\"@id\":\"https:\/\/www.psib-psoe.org\/eivissa\/#\/schema\/person\/7a9d2841fb36f32e34fc0e9b245e8117\"},\"headline\":\"La FSE-PSOE pide al Consell Insular la negociaci\u00f3n de un plan de reconstrucci\u00f3n propio para la isla de Eivissa\",\"datePublished\":\"2020-05-08T11:30:28+00:00\",\"dateModified\":\"2020-05-08T18:53:16+00:00\",\"mainEntityOfPage\":{\"@id\":\"https:\/\/www.psib-psoe.org\/eivissa\/la-fse-psoe-pide-al-consell-insular-la-negociacion-de-un-plan-de-reconstruccion-propio-para-la-isla-de-eivissa\/\"},\"wordCount\":450,\"publisher\":{\"@id\":\"https:\/\/www.psib-psoe.org\/eivissa\/#organization\"},\"image\":{\"@id\":\"https:\/\/www.psib-psoe.org\/eivissa\/la-fse-psoe-pide-al-consell-insular-la-negociacion-de-un-plan-de-reconstruccion-propio-para-la-isla-de-eivissa\/#primaryimage\"},\"thumbnailUrl\":\"https:\/\/www.psib-psoe.org\/eivissa\/wp-content\/uploads\/consell-banderas.jpg\",\"articleSection\":[\"FSE-PSOE\"],\"inLanguage\":\"ca\"},{\"@type\":\"WebPage\",\"@id\":\"https:\/\/www.psib-psoe.org\/eivissa\/la-fse-psoe-pide-al-consell-insular-la-negociacion-de-un-plan-de-reconstruccion-propio-para-la-isla-de-eivissa\/\",\"url\":\"https:\/\/www.psib-psoe.org\/eivissa\/la-fse-psoe-pide-al-consell-insular-la-negociacion-de-un-plan-de-reconstruccion-propio-para-la-isla-de-eivissa\/\",\"name\":\"La FSE-PSOE pide al Consell Insular la negociaci\u00f3n de un plan de reconstrucci\u00f3n propio para la isla de Eivissa - Federaci\u00f3 Socialista d&#039;Eivissa\",\"isPartOf\":{\"@id\":\"https:\/\/www.psib-psoe.org\/eivissa\/#website\"},\"primaryImageOfPage\":{\"@id\":\"https:\/\/www.psib-psoe.org\/eivissa\/la-fse-psoe-pide-al-consell-insular-la-negociacion-de-un-plan-de-reconstruccion-propio-para-la-isla-de-eivissa\/#primaryimage\"},\"image\":{\"@id\":\"https:\/\/www.psib-psoe.org\/eivissa\/la-fse-psoe-pide-al-consell-insular-la-negociacion-de-un-plan-de-reconstruccion-propio-para-la-isla-de-eivissa\/#primaryimage\"},\"thumbnailUrl\":\"https:\/\/www.psib-psoe.org\/eivissa\/wp-content\/uploads\/consell-banderas.jpg\",\"datePublished\":\"2020-05-08T11:30:28+00:00\",\"dateModified\":\"2020-05-08T18:53:16+00:00\",\"breadcrumb\":{\"@id\":\"https:\/\/www.psib-psoe.org\/eivissa\/la-fse-psoe-pide-al-consell-insular-la-negociacion-de-un-plan-de-reconstruccion-propio-para-la-isla-de-eivissa\/#breadcrumb\"},\"inLanguage\":\"ca\",\"potentialAction\":[{\"@type\":\"ReadAction\",\"target\":[\"https:\/\/www.psib-psoe.org\/eivissa\/la-fse-psoe-pide-al-consell-insular-la-negociacion-de-un-plan-de-reconstruccion-propio-para-la-isla-de-eivissa\/\"]}]},{\"@type\":\"ImageObject\",\"inLanguage\":\"ca\",\"@id\":\"https:\/\/www.psib-psoe.org\/eivissa\/la-fse-psoe-pide-al-consell-insular-la-negociacion-de-un-plan-de-reconstruccion-propio-para-la-isla-de-eivissa\/#primaryimage\",\"url\":\"https:\/\/www.psib-psoe.org\/eivissa\/wp-content\/uploads\/consell-banderas.jpg\",\"contentUrl\":\"https:\/\/www.psib-psoe.org\/eivissa\/wp-content\/uploads\/consell-banderas.jpg\",\"width\":2048,\"height\":1529},{\"@type\":\"BreadcrumbList\",\"@id\":\"https:\/\/www.psib-psoe.org\/eivissa\/la-fse-psoe-pide-al-consell-insular-la-negociacion-de-un-plan-de-reconstruccion-propio-para-la-isla-de-eivissa\/#breadcrumb\",\"itemListElement\":[{\"@type\":\"ListItem\",\"position\":1,\"name\":\"Inici\",\"item\":\"https:\/\/www.psib-psoe.org\/eivissa\/\"},{\"@type\":\"ListItem\",\"position\":2,\"name\":\"La FSE-PSOE pide al Consell Insular la negociaci\u00f3n de un plan de reconstrucci\u00f3n propio para la isla de Eivissa\"}]},{\"@type\":\"WebSite\",\"@id\":\"https:\/\/www.psib-psoe.org\/eivissa\/#website\",\"url\":\"https:\/\/www.psib-psoe.org\/eivissa\/\",\"name\":\"Federaci\u00f3 Socialista d'Eivissa\",\"description\":\"Socialistes d&#039;Eivissa\",\"publisher\":{\"@id\":\"https:\/\/www.psib-psoe.org\/eivissa\/#organization\"},\"potentialAction\":[{\"@type\":\"SearchAction\",\"target\":{\"@type\":\"EntryPoint\",\"urlTemplate\":\"https:\/\/www.psib-psoe.org\/eivissa\/?s={search_term_string}\"},\"query-input\":{\"@type\":\"PropertyValueSpecification\",\"valueRequired\":true,\"valueName\":\"search_term_string\"}}],\"inLanguage\":\"ca\"},{\"@type\":\"Organization\",\"@id\":\"https:\/\/www.psib-psoe.org\/eivissa\/#organization\",\"name\":\"Federaci\u00f3 Socialista d'Eivissa\",\"url\":\"https:\/\/www.psib-psoe.org\/eivissa\/\",\"logo\":{\"@type\":\"ImageObject\",\"inLanguage\":\"ca\",\"@id\":\"https:\/\/www.psib-psoe.org\/eivissa\/#\/schema\/logo\/image\/\",\"url\":\"https:\/\/www.psib-psoe.org\/eivissa\/wp-content\/uploads\/LOGO-FSE-SOCIALISTA-DEIVISSA-HORI.png\",\"contentUrl\":\"https:\/\/www.psib-psoe.org\/eivissa\/wp-content\/uploads\/LOGO-FSE-SOCIALISTA-DEIVISSA-HORI.png\",\"width\":6000,\"height\":3104,\"caption\":\"Federaci\u00f3 Socialista d'Eivissa\"},\"image\":{\"@id\":\"https:\/\/www.psib-psoe.org\/eivissa\/#\/schema\/logo\/image\/\"}},{\"@type\":\"Person\",\"@id\":\"https:\/\/www.psib-psoe.org\/eivissa\/#\/schema\/person\/7a9d2841fb36f32e34fc0e9b245e8117\",\"name\":\"Josep Ripoll\",\"sameAs\":[\"http:\/\/www.psib-psoe.org\/eivissa\/wp-login.php\"],\"url\":\"https:\/\/www.psib-psoe.org\/eivissa\/author\/josep\/\"}]}<\/script>\n<!-- \/ Yoast SEO plugin. -->","yoast_head_json":{"title":"La FSE-PSOE pide al Consell Insular la negociaci\u00f3n de un plan de reconstrucci\u00f3n propio para la isla de Eivissa - Federaci\u00f3 Socialista d&#039;Eivissa","robots":{"index":"index","follow":"follow","max-snippet":"max-snippet:-1","max-image-preview":"max-image-preview:large","max-video-preview":"max-video-preview:-1"},"canonical":"https:\/\/www.psib-psoe.org\/eivissa\/la-fse-psoe-pide-al-consell-insular-la-negociacion-de-un-plan-de-reconstruccion-propio-para-la-isla-de-eivissa\/","og_locale":"ca_ES","og_type":"article","og_title":"La FSE-PSOE pide al Consell Insular la negociaci\u00f3n de un plan de reconstrucci\u00f3n propio para la isla de Eivissa - Federaci\u00f3 Socialista d&#039;Eivissa","og_description":"En relaci\u00f3n con el documento presentado el jueves por el Consell Insular del listado de propuestas que desde Eivissa elevan al Govern Balear, elaborado a petici\u00f3n de la propia presidenta, Francina Armengol,la Federaci\u00f3n Socialista de Eivissa expone: El PSOE ha participado en las reuniones convocadas por el Consell Insular para la elaboraci\u00f3n del documento, pero&hellip;","og_url":"https:\/\/www.psib-psoe.org\/eivissa\/la-fse-psoe-pide-al-consell-insular-la-negociacion-de-un-plan-de-reconstruccion-propio-para-la-isla-de-eivissa\/","og_site_name":"Federaci\u00f3 Socialista d&#039;Eivissa","article_published_time":"2020-05-08T11:30:28+00:00","article_modified_time":"2020-05-08T18:53:16+00:00","og_image":[{"width":2048,"height":1529,"url":"https:\/\/www.psib-psoe.org\/eivissa\/wp-content\/uploads\/consell-banderas.jpg","type":"image\/jpeg"}],"author":"Josep Ripoll","twitter_card":"summary_large_image","twitter_misc":{"Escrit per":"Josep Ripoll","Temps estimat de lectura":"2 minuts"},"schema":{"@context":"https:\/\/schema.org","@graph":[{"@type":["Article","BlogPosting"],"@id":"https:\/\/www.psib-psoe.org\/eivissa\/la-fse-psoe-pide-al-consell-insular-la-negociacion-de-un-plan-de-reconstruccion-propio-para-la-isla-de-eivissa\/#article","isPartOf":{"@id":"https:\/\/www.psib-psoe.org\/eivissa\/la-fse-psoe-pide-al-consell-insular-la-negociacion-de-un-plan-de-reconstruccion-propio-para-la-isla-de-eivissa\/"},"author":{"name":"Josep Ripoll","@id":"https:\/\/www.psib-psoe.org\/eivissa\/#\/schema\/person\/7a9d2841fb36f32e34fc0e9b245e8117"},"headline":"La FSE-PSOE pide al Consell Insular la negociaci\u00f3n de un plan de reconstrucci\u00f3n propio para la isla de Eivissa","datePublished":"2020-05-08T11:30:28+00:00","dateModified":"2020-05-08T18:53:16+00:00","mainEntityOfPage":{"@id":"https:\/\/www.psib-psoe.org\/eivissa\/la-fse-psoe-pide-al-consell-insular-la-negociacion-de-un-plan-de-reconstruccion-propio-para-la-isla-de-eivissa\/"},"wordCount":450,"publisher":{"@id":"https:\/\/www.psib-psoe.org\/eivissa\/#organization"},"image":{"@id":"https:\/\/www.psib-psoe.org\/eivissa\/la-fse-psoe-pide-al-consell-insular-la-negociacion-de-un-plan-de-reconstruccion-propio-para-la-isla-de-eivissa\/#primaryimage"},"thumbnailUrl":"https:\/\/www.psib-psoe.org\/eivissa\/wp-content\/uploads\/consell-banderas.jpg","articleSection":["FSE-PSOE"],"inLanguage":"ca"},{"@type":"WebPage","@id":"https:\/\/www.psib-psoe.org\/eivissa\/la-fse-psoe-pide-al-consell-insular-la-negociacion-de-un-plan-de-reconstruccion-propio-para-la-isla-de-eivissa\/","url":"https:\/\/www.psib-psoe.org\/eivissa\/la-fse-psoe-pide-al-consell-insular-la-negociacion-de-un-plan-de-reconstruccion-propio-para-la-isla-de-eivissa\/","name":"La FSE-PSOE pide al Consell Insular la negociaci\u00f3n de un plan de reconstrucci\u00f3n propio para la isla de Eivissa - Federaci\u00f3 Socialista d&#039;Eivissa","isPartOf":{"@id":"https:\/\/www.psib-psoe.org\/eivissa\/#website"},"primaryImageOfPage":{"@id":"https:\/\/www.psib-psoe.org\/eivissa\/la-fse-psoe-pide-al-consell-insular-la-negociacion-de-un-plan-de-reconstruccion-propio-para-la-isla-de-eivissa\/#primaryimage"},"image":{"@id":"https:\/\/www.psib-psoe.org\/eivissa\/la-fse-psoe-pide-al-consell-insular-la-negociacion-de-un-plan-de-reconstruccion-propio-para-la-isla-de-eivissa\/#primaryimage"},"thumbnailUrl":"https:\/\/www.psib-psoe.org\/eivissa\/wp-content\/uploads\/consell-banderas.jpg","datePublished":"2020-05-08T11:30:28+00:00","dateModified":"2020-05-08T18:53:16+00:00","breadcrumb":{"@id":"https:\/\/www.psib-psoe.org\/eivissa\/la-fse-psoe-pide-al-consell-insular-la-negociacion-de-un-plan-de-reconstruccion-propio-para-la-isla-de-eivissa\/#breadcrumb"},"inLanguage":"ca","potentialAction":[{"@type":"ReadAction","target":["https:\/\/www.psib-psoe.org\/eivissa\/la-fse-psoe-pide-al-consell-insular-la-negociacion-de-un-plan-de-reconstruccion-propio-para-la-isla-de-eivissa\/"]}]},{"@type":"ImageObject","inLanguage":"ca","@id":"https:\/\/www.psib-psoe.org\/eivissa\/la-fse-psoe-pide-al-consell-insular-la-negociacion-de-un-plan-de-reconstruccion-propio-para-la-isla-de-eivissa\/#primaryimage","url":"https:\/\/www.psib-psoe.org\/eivissa\/wp-content\/uploads\/consell-banderas.jpg","contentUrl":"https:\/\/www.psib-psoe.org\/eivissa\/wp-content\/uploads\/consell-banderas.jpg","width":2048,"height":1529},{"@type":"BreadcrumbList","@id":"https:\/\/www.psib-psoe.org\/eivissa\/la-fse-psoe-pide-al-consell-insular-la-negociacion-de-un-plan-de-reconstruccion-propio-para-la-isla-de-eivissa\/#breadcrumb","itemListElement":[{"@type":"ListItem","position":1,"name":"Inici","item":"https:\/\/www.psib-psoe.org\/eivissa\/"},{"@type":"ListItem","position":2,"name":"La FSE-PSOE pide al Consell Insular la negociaci\u00f3n de un plan de reconstrucci\u00f3n propio para la isla de Eivissa"}]},{"@type":"WebSite","@id":"https:\/\/www.psib-psoe.org\/eivissa\/#website","url":"https:\/\/www.psib-psoe.org\/eivissa\/","name":"Federaci\u00f3 Socialista d'Eivissa","description":"Socialistes d&#039;Eivissa","publisher":{"@id":"https:\/\/www.psib-psoe.org\/eivissa\/#organization"},"potentialAction":[{"@type":"SearchAction","target":{"@type":"EntryPoint","urlTemplate":"https:\/\/www.psib-psoe.org\/eivissa\/?s={search_term_string}"},"query-input":{"@type":"PropertyValueSpecification","valueRequired":true,"valueName":"search_term_string"}}],"inLanguage":"ca"},{"@type":"Organization","@id":"https:\/\/www.psib-psoe.org\/eivissa\/#organization","name":"Federaci\u00f3 Socialista d'Eivissa","url":"https:\/\/www.psib-psoe.org\/eivissa\/","logo":{"@type":"ImageObject","inLanguage":"ca","@id":"https:\/\/www.psib-psoe.org\/eivissa\/#\/schema\/logo\/image\/","url":"https:\/\/www.psib-psoe.org\/eivissa\/wp-content\/uploads\/LOGO-FSE-SOCIALISTA-DEIVISSA-HORI.png","contentUrl":"https:\/\/www.psib-psoe.org\/eivissa\/wp-content\/uploads\/LOGO-FSE-SOCIALISTA-DEIVISSA-HORI.png","width":6000,"height":3104,"caption":"Federaci\u00f3 Socialista d'Eivissa"},"image":{"@id":"https:\/\/www.psib-psoe.org\/eivissa\/#\/schema\/logo\/image\/"}},{"@type":"Person","@id":"https:\/\/www.psib-psoe.org\/eivissa\/#\/schema\/person\/7a9d2841fb36f32e34fc0e9b245e8117","name":"Josep Ripoll","sameAs":["http:\/\/www.psib-psoe.org\/eivissa\/wp-login.php"],"url":"https:\/\/www.psib-psoe.org\/eivissa\/author\/josep\/"}]}},"_links":{"self":[{"href":"https:\/\/www.psib-psoe.org\/eivissa\/wp-json\/wp\/v2\/posts\/30540","targetHints":{"allow":["GET"]}}],"collection":[{"href":"https:\/\/www.psib-psoe.org\/eivissa\/wp-json\/wp\/v2\/posts"}],"about":[{"href":"https:\/\/www.psib-psoe.org\/eivissa\/wp-json\/wp\/v2\/types\/post"}],"author":[{"embeddable":true,"href":"https:\/\/www.psib-psoe.org\/eivissa\/wp-json\/wp\/v2\/users\/7"}],"replies":[{"embeddable":true,"href":"https:\/\/www.psib-psoe.org\/eivissa\/wp-json\/wp\/v2\/comments?post=30540"}],"version-history":[{"count":1,"href":"https:\/\/www.psib-psoe.org\/eivissa\/wp-json\/wp\/v2\/posts\/30540\/revisions"}],"predecessor-version":[{"id":30541,"href":"https:\/\/www.psib-psoe.org\/eivissa\/wp-json\/wp\/v2\/posts\/30540\/revisions\/30541"}],"wp:featuredmedia":[{"embeddable":true,"href":"https:\/\/www.psib-psoe.org\/eivissa\/wp-json\/wp\/v2\/media\/29660"}],"wp:attachment":[{"href":"https:\/\/www.psib-psoe.org\/eivissa\/wp-json\/wp\/v2\/media?parent=30540"}],"wp:term":[{"taxonomy":"category","embeddable":true,"href":"https:\/\/www.psib-psoe.org\/eivissa\/wp-json\/wp\/v2\/categories?post=30540"},{"taxonomy":"post_tag","embeddable":true,"href":"https:\/\/www.psib-psoe.org\/eivissa\/wp-json\/wp\/v2\/tags?post=30540"}],"curies":[{"name":"wp","href":"https:\/\/api.w.org\/{rel}","templated":true}]}}