{"id":30592,"date":"2020-05-09T13:27:49","date_gmt":"2020-05-09T11:27:49","guid":{"rendered":"https:\/\/www.psib-psoe.org\/eivissa\/?p=30592"},"modified":"2020-05-09T13:29:04","modified_gmt":"2020-05-09T11:29:04","slug":"mensaje-del-secretario-general-encaremos-la-fase-1-con-optimismo-y-mucha-responsabilidad","status":"publish","type":"post","link":"https:\/\/www.psib-psoe.org\/eivissa\/mensaje-del-secretario-general-encaremos-la-fase-1-con-optimismo-y-mucha-responsabilidad\/","title":{"rendered":"Mensaje del secretario general: &#8220;Encaremos la fase 1 con optimismo y mucha responsabilidad&#8221;"},"content":{"rendered":"<p><span style=\"font-weight: 400;\">El secretario general de la FSE-PSOE, Josep Mar\u00ed Ribas, pide que &#8220;encaremos la fase 1 del desconfinamiento con optimismo y mucha responsabilidad&#8221;. Mar\u00ed Ribas recuerda que \u201ctenemos una evoluci\u00f3n muy positiva porque los sanitarios, los servicios b\u00e1sicos y el conjunto de la ciudadan\u00eda en general ha hecho un sacrificio extraordinario y ha cumplido con su deber durante el confinamiento estricto&#8221;, pero al mismo tiempo alerta de que&#8221; a\u00fan no hemos vencido al virus&#8221;.<\/span><\/p>\n<p><span style=\"font-weight: 400;\">A partir del lunes 11 de mayo, &#8220;el esfuerzo por parte de todos y todas a\u00fan tiene que ser mayor. Recuperamos parcialmente muchas actividades y movimiento, pero hay que ser muy estrictos con las recomendaciones sanitarias de seguridad&#8221;. Todo porque &#8220;no podemos dejar perder todo lo que hemos conseguido, despu\u00e9s de muchas semanas de esfuerzo y sacrificio&#8221;.<\/span><\/p>\n<p>&nbsp;<\/p>\n<p><span style=\"font-weight: 400;\">Con todo, el secretario general de la FSE anima al conjunto de la ciudadan\u00eda a &#8220;reactivar las actividades permitidas, siempre cumpliendo con todas las normas de seguridad y distanciamiento social&#8221;, y &#8220;iniciar el desconfinamiento con seguridad y confianza&#8221;, ya que &#8220;ser\u00e1 un proceso largo, no exento de dificultades, pero si lo hacemos bien venceremos a la enfermedad&#8221;.<\/span><\/p>\n<p><span style=\"font-weight: 400;\">Finalmente, Josep Mar\u00ed Ribas recuerda que &#8220;el Gobierno de Espa\u00f1a est\u00e1 comprometido con el conjunto de la ciudadan\u00eda para que nadie se quede atr\u00e1s&#8221;. Como afirma, &#8220;desde el PSOE, tanto en Espa\u00f1a, como en Balears y como Eivissa seguiremos trabajando realizando propuestas y tomando medidas para que salgamos de esta crisis todos juntos&#8221;.<\/span><\/p>\n<p>&nbsp;<\/p>\n","protected":false},"excerpt":{"rendered":"<p>El secretario general de la FSE-PSOE, Josep Mar\u00ed Ribas, pide que &#8220;encaremos la fase 1 del desconfinamiento con optimismo y mucha responsabilidad&#8221;. Mar\u00ed Ribas recuerda que \u201ctenemos una evoluci\u00f3n muy positiva porque los sanitarios, los servicios b\u00e1sicos y el conjunto de la ciudadan\u00eda en general ha hecho un sacrificio extraordinario y ha cumplido con su&hellip;<\/p>\n","protected":false},"author":7,"featured_media":27143,"comment_status":"closed","ping_status":"closed","sticky":false,"template":"","format":"standard","meta":{"footnotes":""},"categories":[212],"tags":[],"class_list":["post-30592","post","type-post","status-publish","format-standard","has-post-thumbnail","hentry","category-fse-psoe"],"yoast_head":"<!-- This site is optimized with the Yoast SEO plugin v26.9 - https:\/\/yoast.com\/product\/yoast-seo-wordpress\/ -->\n<title>Mensaje del secretario general: &quot;Encaremos la fase 1 con optimismo y mucha responsabilidad&quot; - Federaci\u00f3 Socialista d&#039;Eivissa<\/title>\n<meta name=\"robots\" content=\"index, follow, max-snippet:-1, max-image-preview:large, max-video-preview:-1\" \/>\n<link rel=\"canonical\" href=\"https:\/\/www.psib-psoe.org\/eivissa\/mensaje-del-secretario-general-encaremos-la-fase-1-con-optimismo-y-mucha-responsabilidad\/\" \/>\n<meta property=\"og:locale\" content=\"ca_ES\" \/>\n<meta property=\"og:type\" content=\"article\" \/>\n<meta property=\"og:title\" content=\"Mensaje del secretario general: &quot;Encaremos la fase 1 con optimismo y mucha responsabilidad&quot; - Federaci\u00f3 Socialista d&#039;Eivissa\" \/>\n<meta property=\"og:description\" content=\"El secretario general de la FSE-PSOE, Josep Mar\u00ed Ribas, pide que &#8220;encaremos la fase 1 del desconfinamiento con optimismo y mucha responsabilidad&#8221;. Mar\u00ed Ribas recuerda que \u201ctenemos una evoluci\u00f3n muy positiva porque los sanitarios, los servicios b\u00e1sicos y el conjunto de la ciudadan\u00eda en general ha hecho un sacrificio extraordinario y ha cumplido con su&hellip;\" \/>\n<meta property=\"og:url\" content=\"https:\/\/www.psib-psoe.org\/eivissa\/mensaje-del-secretario-general-encaremos-la-fase-1-con-optimismo-y-mucha-responsabilidad\/\" \/>\n<meta property=\"og:site_name\" content=\"Federaci\u00f3 Socialista d&#039;Eivissa\" \/>\n<meta property=\"article:published_time\" content=\"2020-05-09T11:27:49+00:00\" \/>\n<meta property=\"article:modified_time\" content=\"2020-05-09T11:29:04+00:00\" \/>\n<meta property=\"og:image\" content=\"https:\/\/www.psib-psoe.org\/eivissa\/wp-content\/uploads\/josep-mari\u0301-ribas.jpg\" \/>\n\t<meta property=\"og:image:width\" content=\"2482\" \/>\n\t<meta property=\"og:image:height\" content=\"1388\" \/>\n\t<meta property=\"og:image:type\" content=\"image\/jpeg\" \/>\n<meta name=\"author\" content=\"Josep Ripoll\" \/>\n<meta name=\"twitter:card\" content=\"summary_large_image\" \/>\n<meta name=\"twitter:label1\" content=\"Escrit per\" \/>\n\t<meta name=\"twitter:data1\" content=\"Josep Ripoll\" \/>\n\t<meta name=\"twitter:label2\" content=\"Temps estimat de lectura\" \/>\n\t<meta name=\"twitter:data2\" content=\"1 minut\" \/>\n<script type=\"application\/ld+json\" class=\"yoast-schema-graph\">{\"@context\":\"https:\/\/schema.org\",\"@graph\":[{\"@type\":[\"Article\",\"BlogPosting\"],\"@id\":\"https:\/\/www.psib-psoe.org\/eivissa\/mensaje-del-secretario-general-encaremos-la-fase-1-con-optimismo-y-mucha-responsabilidad\/#article\",\"isPartOf\":{\"@id\":\"https:\/\/www.psib-psoe.org\/eivissa\/mensaje-del-secretario-general-encaremos-la-fase-1-con-optimismo-y-mucha-responsabilidad\/\"},\"author\":{\"name\":\"Josep Ripoll\",\"@id\":\"https:\/\/www.psib-psoe.org\/eivissa\/#\/schema\/person\/7a9d2841fb36f32e34fc0e9b245e8117\"},\"headline\":\"Mensaje del secretario general: &#8220;Encaremos la fase 1 con optimismo y mucha responsabilidad&#8221;\",\"datePublished\":\"2020-05-09T11:27:49+00:00\",\"dateModified\":\"2020-05-09T11:29:04+00:00\",\"mainEntityOfPage\":{\"@id\":\"https:\/\/www.psib-psoe.org\/eivissa\/mensaje-del-secretario-general-encaremos-la-fase-1-con-optimismo-y-mucha-responsabilidad\/\"},\"wordCount\":263,\"publisher\":{\"@id\":\"https:\/\/www.psib-psoe.org\/eivissa\/#organization\"},\"image\":{\"@id\":\"https:\/\/www.psib-psoe.org\/eivissa\/mensaje-del-secretario-general-encaremos-la-fase-1-con-optimismo-y-mucha-responsabilidad\/#primaryimage\"},\"thumbnailUrl\":\"https:\/\/www.psib-psoe.org\/eivissa\/wp-content\/uploads\/josep-mari\u0301-ribas.jpg\",\"articleSection\":[\"FSE-PSOE\"],\"inLanguage\":\"ca\"},{\"@type\":\"WebPage\",\"@id\":\"https:\/\/www.psib-psoe.org\/eivissa\/mensaje-del-secretario-general-encaremos-la-fase-1-con-optimismo-y-mucha-responsabilidad\/\",\"url\":\"https:\/\/www.psib-psoe.org\/eivissa\/mensaje-del-secretario-general-encaremos-la-fase-1-con-optimismo-y-mucha-responsabilidad\/\",\"name\":\"Mensaje del secretario general: \\\"Encaremos la fase 1 con optimismo y mucha responsabilidad\\\" - Federaci\u00f3 Socialista d&#039;Eivissa\",\"isPartOf\":{\"@id\":\"https:\/\/www.psib-psoe.org\/eivissa\/#website\"},\"primaryImageOfPage\":{\"@id\":\"https:\/\/www.psib-psoe.org\/eivissa\/mensaje-del-secretario-general-encaremos-la-fase-1-con-optimismo-y-mucha-responsabilidad\/#primaryimage\"},\"image\":{\"@id\":\"https:\/\/www.psib-psoe.org\/eivissa\/mensaje-del-secretario-general-encaremos-la-fase-1-con-optimismo-y-mucha-responsabilidad\/#primaryimage\"},\"thumbnailUrl\":\"https:\/\/www.psib-psoe.org\/eivissa\/wp-content\/uploads\/josep-mari\u0301-ribas.jpg\",\"datePublished\":\"2020-05-09T11:27:49+00:00\",\"dateModified\":\"2020-05-09T11:29:04+00:00\",\"breadcrumb\":{\"@id\":\"https:\/\/www.psib-psoe.org\/eivissa\/mensaje-del-secretario-general-encaremos-la-fase-1-con-optimismo-y-mucha-responsabilidad\/#breadcrumb\"},\"inLanguage\":\"ca\",\"potentialAction\":[{\"@type\":\"ReadAction\",\"target\":[\"https:\/\/www.psib-psoe.org\/eivissa\/mensaje-del-secretario-general-encaremos-la-fase-1-con-optimismo-y-mucha-responsabilidad\/\"]}]},{\"@type\":\"ImageObject\",\"inLanguage\":\"ca\",\"@id\":\"https:\/\/www.psib-psoe.org\/eivissa\/mensaje-del-secretario-general-encaremos-la-fase-1-con-optimismo-y-mucha-responsabilidad\/#primaryimage\",\"url\":\"https:\/\/www.psib-psoe.org\/eivissa\/wp-content\/uploads\/josep-mari\u0301-ribas.jpg\",\"contentUrl\":\"https:\/\/www.psib-psoe.org\/eivissa\/wp-content\/uploads\/josep-mari\u0301-ribas.jpg\",\"width\":2482,\"height\":1388},{\"@type\":\"BreadcrumbList\",\"@id\":\"https:\/\/www.psib-psoe.org\/eivissa\/mensaje-del-secretario-general-encaremos-la-fase-1-con-optimismo-y-mucha-responsabilidad\/#breadcrumb\",\"itemListElement\":[{\"@type\":\"ListItem\",\"position\":1,\"name\":\"Inici\",\"item\":\"https:\/\/www.psib-psoe.org\/eivissa\/\"},{\"@type\":\"ListItem\",\"position\":2,\"name\":\"Mensaje del secretario general: &#8220;Encaremos la fase 1 con optimismo y mucha responsabilidad&#8221;\"}]},{\"@type\":\"WebSite\",\"@id\":\"https:\/\/www.psib-psoe.org\/eivissa\/#website\",\"url\":\"https:\/\/www.psib-psoe.org\/eivissa\/\",\"name\":\"Federaci\u00f3 Socialista d'Eivissa\",\"description\":\"Socialistes d&#039;Eivissa\",\"publisher\":{\"@id\":\"https:\/\/www.psib-psoe.org\/eivissa\/#organization\"},\"potentialAction\":[{\"@type\":\"SearchAction\",\"target\":{\"@type\":\"EntryPoint\",\"urlTemplate\":\"https:\/\/www.psib-psoe.org\/eivissa\/?s={search_term_string}\"},\"query-input\":{\"@type\":\"PropertyValueSpecification\",\"valueRequired\":true,\"valueName\":\"search_term_string\"}}],\"inLanguage\":\"ca\"},{\"@type\":\"Organization\",\"@id\":\"https:\/\/www.psib-psoe.org\/eivissa\/#organization\",\"name\":\"Federaci\u00f3 Socialista d'Eivissa\",\"url\":\"https:\/\/www.psib-psoe.org\/eivissa\/\",\"logo\":{\"@type\":\"ImageObject\",\"inLanguage\":\"ca\",\"@id\":\"https:\/\/www.psib-psoe.org\/eivissa\/#\/schema\/logo\/image\/\",\"url\":\"https:\/\/www.psib-psoe.org\/eivissa\/wp-content\/uploads\/LOGO-FSE-SOCIALISTA-DEIVISSA-HORI.png\",\"contentUrl\":\"https:\/\/www.psib-psoe.org\/eivissa\/wp-content\/uploads\/LOGO-FSE-SOCIALISTA-DEIVISSA-HORI.png\",\"width\":6000,\"height\":3104,\"caption\":\"Federaci\u00f3 Socialista d'Eivissa\"},\"image\":{\"@id\":\"https:\/\/www.psib-psoe.org\/eivissa\/#\/schema\/logo\/image\/\"}},{\"@type\":\"Person\",\"@id\":\"https:\/\/www.psib-psoe.org\/eivissa\/#\/schema\/person\/7a9d2841fb36f32e34fc0e9b245e8117\",\"name\":\"Josep Ripoll\",\"sameAs\":[\"http:\/\/www.psib-psoe.org\/eivissa\/wp-login.php\"],\"url\":\"https:\/\/www.psib-psoe.org\/eivissa\/author\/josep\/\"}]}<\/script>\n<!-- \/ Yoast SEO plugin. -->","yoast_head_json":{"title":"Mensaje del secretario general: \"Encaremos la fase 1 con optimismo y mucha responsabilidad\" - Federaci\u00f3 Socialista d&#039;Eivissa","robots":{"index":"index","follow":"follow","max-snippet":"max-snippet:-1","max-image-preview":"max-image-preview:large","max-video-preview":"max-video-preview:-1"},"canonical":"https:\/\/www.psib-psoe.org\/eivissa\/mensaje-del-secretario-general-encaremos-la-fase-1-con-optimismo-y-mucha-responsabilidad\/","og_locale":"ca_ES","og_type":"article","og_title":"Mensaje del secretario general: \"Encaremos la fase 1 con optimismo y mucha responsabilidad\" - Federaci\u00f3 Socialista d&#039;Eivissa","og_description":"El secretario general de la FSE-PSOE, Josep Mar\u00ed Ribas, pide que &#8220;encaremos la fase 1 del desconfinamiento con optimismo y mucha responsabilidad&#8221;. Mar\u00ed Ribas recuerda que \u201ctenemos una evoluci\u00f3n muy positiva porque los sanitarios, los servicios b\u00e1sicos y el conjunto de la ciudadan\u00eda en general ha hecho un sacrificio extraordinario y ha cumplido con su&hellip;","og_url":"https:\/\/www.psib-psoe.org\/eivissa\/mensaje-del-secretario-general-encaremos-la-fase-1-con-optimismo-y-mucha-responsabilidad\/","og_site_name":"Federaci\u00f3 Socialista d&#039;Eivissa","article_published_time":"2020-05-09T11:27:49+00:00","article_modified_time":"2020-05-09T11:29:04+00:00","og_image":[{"width":2482,"height":1388,"url":"https:\/\/www.psib-psoe.org\/eivissa\/wp-content\/uploads\/josep-mari\u0301-ribas.jpg","type":"image\/jpeg"}],"author":"Josep Ripoll","twitter_card":"summary_large_image","twitter_misc":{"Escrit per":"Josep Ripoll","Temps estimat de lectura":"1 minut"},"schema":{"@context":"https:\/\/schema.org","@graph":[{"@type":["Article","BlogPosting"],"@id":"https:\/\/www.psib-psoe.org\/eivissa\/mensaje-del-secretario-general-encaremos-la-fase-1-con-optimismo-y-mucha-responsabilidad\/#article","isPartOf":{"@id":"https:\/\/www.psib-psoe.org\/eivissa\/mensaje-del-secretario-general-encaremos-la-fase-1-con-optimismo-y-mucha-responsabilidad\/"},"author":{"name":"Josep Ripoll","@id":"https:\/\/www.psib-psoe.org\/eivissa\/#\/schema\/person\/7a9d2841fb36f32e34fc0e9b245e8117"},"headline":"Mensaje del secretario general: &#8220;Encaremos la fase 1 con optimismo y mucha responsabilidad&#8221;","datePublished":"2020-05-09T11:27:49+00:00","dateModified":"2020-05-09T11:29:04+00:00","mainEntityOfPage":{"@id":"https:\/\/www.psib-psoe.org\/eivissa\/mensaje-del-secretario-general-encaremos-la-fase-1-con-optimismo-y-mucha-responsabilidad\/"},"wordCount":263,"publisher":{"@id":"https:\/\/www.psib-psoe.org\/eivissa\/#organization"},"image":{"@id":"https:\/\/www.psib-psoe.org\/eivissa\/mensaje-del-secretario-general-encaremos-la-fase-1-con-optimismo-y-mucha-responsabilidad\/#primaryimage"},"thumbnailUrl":"https:\/\/www.psib-psoe.org\/eivissa\/wp-content\/uploads\/josep-mari\u0301-ribas.jpg","articleSection":["FSE-PSOE"],"inLanguage":"ca"},{"@type":"WebPage","@id":"https:\/\/www.psib-psoe.org\/eivissa\/mensaje-del-secretario-general-encaremos-la-fase-1-con-optimismo-y-mucha-responsabilidad\/","url":"https:\/\/www.psib-psoe.org\/eivissa\/mensaje-del-secretario-general-encaremos-la-fase-1-con-optimismo-y-mucha-responsabilidad\/","name":"Mensaje del secretario general: \"Encaremos la fase 1 con optimismo y mucha responsabilidad\" - Federaci\u00f3 Socialista d&#039;Eivissa","isPartOf":{"@id":"https:\/\/www.psib-psoe.org\/eivissa\/#website"},"primaryImageOfPage":{"@id":"https:\/\/www.psib-psoe.org\/eivissa\/mensaje-del-secretario-general-encaremos-la-fase-1-con-optimismo-y-mucha-responsabilidad\/#primaryimage"},"image":{"@id":"https:\/\/www.psib-psoe.org\/eivissa\/mensaje-del-secretario-general-encaremos-la-fase-1-con-optimismo-y-mucha-responsabilidad\/#primaryimage"},"thumbnailUrl":"https:\/\/www.psib-psoe.org\/eivissa\/wp-content\/uploads\/josep-mari\u0301-ribas.jpg","datePublished":"2020-05-09T11:27:49+00:00","dateModified":"2020-05-09T11:29:04+00:00","breadcrumb":{"@id":"https:\/\/www.psib-psoe.org\/eivissa\/mensaje-del-secretario-general-encaremos-la-fase-1-con-optimismo-y-mucha-responsabilidad\/#breadcrumb"},"inLanguage":"ca","potentialAction":[{"@type":"ReadAction","target":["https:\/\/www.psib-psoe.org\/eivissa\/mensaje-del-secretario-general-encaremos-la-fase-1-con-optimismo-y-mucha-responsabilidad\/"]}]},{"@type":"ImageObject","inLanguage":"ca","@id":"https:\/\/www.psib-psoe.org\/eivissa\/mensaje-del-secretario-general-encaremos-la-fase-1-con-optimismo-y-mucha-responsabilidad\/#primaryimage","url":"https:\/\/www.psib-psoe.org\/eivissa\/wp-content\/uploads\/josep-mari\u0301-ribas.jpg","contentUrl":"https:\/\/www.psib-psoe.org\/eivissa\/wp-content\/uploads\/josep-mari\u0301-ribas.jpg","width":2482,"height":1388},{"@type":"BreadcrumbList","@id":"https:\/\/www.psib-psoe.org\/eivissa\/mensaje-del-secretario-general-encaremos-la-fase-1-con-optimismo-y-mucha-responsabilidad\/#breadcrumb","itemListElement":[{"@type":"ListItem","position":1,"name":"Inici","item":"https:\/\/www.psib-psoe.org\/eivissa\/"},{"@type":"ListItem","position":2,"name":"Mensaje del secretario general: &#8220;Encaremos la fase 1 con optimismo y mucha responsabilidad&#8221;"}]},{"@type":"WebSite","@id":"https:\/\/www.psib-psoe.org\/eivissa\/#website","url":"https:\/\/www.psib-psoe.org\/eivissa\/","name":"Federaci\u00f3 Socialista d'Eivissa","description":"Socialistes d&#039;Eivissa","publisher":{"@id":"https:\/\/www.psib-psoe.org\/eivissa\/#organization"},"potentialAction":[{"@type":"SearchAction","target":{"@type":"EntryPoint","urlTemplate":"https:\/\/www.psib-psoe.org\/eivissa\/?s={search_term_string}"},"query-input":{"@type":"PropertyValueSpecification","valueRequired":true,"valueName":"search_term_string"}}],"inLanguage":"ca"},{"@type":"Organization","@id":"https:\/\/www.psib-psoe.org\/eivissa\/#organization","name":"Federaci\u00f3 Socialista d'Eivissa","url":"https:\/\/www.psib-psoe.org\/eivissa\/","logo":{"@type":"ImageObject","inLanguage":"ca","@id":"https:\/\/www.psib-psoe.org\/eivissa\/#\/schema\/logo\/image\/","url":"https:\/\/www.psib-psoe.org\/eivissa\/wp-content\/uploads\/LOGO-FSE-SOCIALISTA-DEIVISSA-HORI.png","contentUrl":"https:\/\/www.psib-psoe.org\/eivissa\/wp-content\/uploads\/LOGO-FSE-SOCIALISTA-DEIVISSA-HORI.png","width":6000,"height":3104,"caption":"Federaci\u00f3 Socialista d'Eivissa"},"image":{"@id":"https:\/\/www.psib-psoe.org\/eivissa\/#\/schema\/logo\/image\/"}},{"@type":"Person","@id":"https:\/\/www.psib-psoe.org\/eivissa\/#\/schema\/person\/7a9d2841fb36f32e34fc0e9b245e8117","name":"Josep Ripoll","sameAs":["http:\/\/www.psib-psoe.org\/eivissa\/wp-login.php"],"url":"https:\/\/www.psib-psoe.org\/eivissa\/author\/josep\/"}]}},"_links":{"self":[{"href":"https:\/\/www.psib-psoe.org\/eivissa\/wp-json\/wp\/v2\/posts\/30592","targetHints":{"allow":["GET"]}}],"collection":[{"href":"https:\/\/www.psib-psoe.org\/eivissa\/wp-json\/wp\/v2\/posts"}],"about":[{"href":"https:\/\/www.psib-psoe.org\/eivissa\/wp-json\/wp\/v2\/types\/post"}],"author":[{"embeddable":true,"href":"https:\/\/www.psib-psoe.org\/eivissa\/wp-json\/wp\/v2\/users\/7"}],"replies":[{"embeddable":true,"href":"https:\/\/www.psib-psoe.org\/eivissa\/wp-json\/wp\/v2\/comments?post=30592"}],"version-history":[{"count":1,"href":"https:\/\/www.psib-psoe.org\/eivissa\/wp-json\/wp\/v2\/posts\/30592\/revisions"}],"predecessor-version":[{"id":30593,"href":"https:\/\/www.psib-psoe.org\/eivissa\/wp-json\/wp\/v2\/posts\/30592\/revisions\/30593"}],"wp:featuredmedia":[{"embeddable":true,"href":"https:\/\/www.psib-psoe.org\/eivissa\/wp-json\/wp\/v2\/media\/27143"}],"wp:attachment":[{"href":"https:\/\/www.psib-psoe.org\/eivissa\/wp-json\/wp\/v2\/media?parent=30592"}],"wp:term":[{"taxonomy":"category","embeddable":true,"href":"https:\/\/www.psib-psoe.org\/eivissa\/wp-json\/wp\/v2\/categories?post=30592"},{"taxonomy":"post_tag","embeddable":true,"href":"https:\/\/www.psib-psoe.org\/eivissa\/wp-json\/wp\/v2\/tags?post=30592"}],"curies":[{"name":"wp","href":"https:\/\/api.w.org\/{rel}","templated":true}]}}