{"id":30662,"date":"2020-05-16T21:38:46","date_gmt":"2020-05-16T19:38:46","guid":{"rendered":"https:\/\/www.psib-psoe.org\/eivissa\/?p=30662"},"modified":"2020-05-16T21:57:08","modified_gmt":"2020-05-16T19:57:08","slug":"decreto-ley-del-covid-19-medidas-excepcionales-en-favor-de-eivissa-sin-consumir-territorio-ni-incrementar-plazas-turisticas","status":"publish","type":"post","link":"https:\/\/www.psib-psoe.org\/eivissa\/decreto-ley-del-covid-19-medidas-excepcionales-en-favor-de-eivissa-sin-consumir-territorio-ni-incrementar-plazas-turisticas\/","title":{"rendered":"Decreto-ley del covid-19: Medidas excepcionales en favor de Eivissa sin consumir territorio ni incrementar plazas tur\u00edsticas"},"content":{"rendered":"<div class=\"wpb-content-wrapper\">[vc_row][vc_column][vc_column_text]<span style=\"font-weight: 400;\">La Federaci\u00f3n Socialista d&#8217;Eivissa (FSE-PSOE) considera que el Decreto-ley de medidas urgentes y extraordinarias para paliar los efectos de la crisis ocasionada por la covid-19 aprobado por el Govern de les Illes Balears beneficiar\u00e1 muy especialmente a la isla d&#8217;Eivissa, ya que es la m\u00e1s afectada en cuanto a destrucci\u00f3n de puestos de trabajo y cierre de empresas debido a su dependencia del sector tur\u00edstico.<\/span><\/p>\n<p><span style=\"font-weight: 400;\">El decreto-ley ofrece a las administraciones p\u00fablicas y al sector privado medidas de choque para iniciar de manera inmediata la recuperaci\u00f3n de las actividades y puestos de trabajo, sin que suponga m\u00e1s consumo de territorio ni un incremento de plazas tur\u00edsticas.<\/span><\/p>\n<p><span style=\"font-weight: 400;\">Entre otras muchas cuestiones, tambi\u00e9n dota a las administraciones de nuevos instrumentos para luchar contra las actividades ilegales y el intrusismo en \u00e1mbitos como la vivienda tur\u00edstica, el transporte p\u00fablico, el sector n\u00e1utico o la publicidad en espacios de dominio p\u00fablico.<\/span><\/p>\n<p><span style=\"font-weight: 400;\">Se trata de un decreto-ley muy ambicioso, que abarca cuatro grandes objetivos:<\/span><\/p>\n<p><span style=\"font-weight: 400;\">En primer lugar, medidas de agilizaci\u00f3n y simplificaci\u00f3n de procesos administrativos, como es la tramitaci\u00f3n de subvenciones, pago a proveedores o autorizaciones de actividades.<\/span><\/p>\n<p><span style=\"font-weight: 400;\">Incorpora medidas de flexibilizaci\u00f3n del funcionariado, lo que permitir\u00e1 que puedan trabajar en departamentos diferentes de su \u00e1mbito de origen para dar respuesta a las prioridades de cada momento, as\u00ed como una ampliaci\u00f3n de las competencias de algunos funcionarios, como los cuerpos de inspecci\u00f3n.<\/span><\/p>\n<p><span style=\"font-weight: 400;\">Contempla un amplio paquete de protecci\u00f3n social: reducci\u00f3n del tiempo de tramitaci\u00f3n de subvenciones, prestaciones y ayudas y establecimiento de una prestaci\u00f3n extraordinaria para compensar los cuidados a personas dependientes que no han podido utilizar los centros de d\u00eda. Muy importante es el impulso al sector sanitario, para que se pueda dotar de todos los suministros que necesita.<\/span><\/p>\n<p><span style=\"font-weight: 400;\">Y un gran bloque de impulso econ\u00f3mico: fomenta la inversi\u00f3n en sectores clave para reactivar la econom\u00eda, como la construcci\u00f3n, el turismo, la n\u00e1utica o las renovables, protegiendo a la vez el territorio y fomentando la actuaci\u00f3n s\u00f3lo en suelo urbano .<\/span><\/p>\n<p><span style=\"font-weight: 400;\">Se trata de medidas excepcionales, con una duraci\u00f3n de 18 meses.<\/span><\/p>\n<p><span style=\"font-weight: 400;\">Desde la FSE-PSOE destacamos el gran valor pol\u00edtico de este decreto-ley aprobado por el Govern de les Illes Balears, ya que incorpora medidas ampliamente consensuadas en los \u00e1mbitos pol\u00edtico, social y econ\u00f3mico de nuestra Comunidad, siendo Eivissa la isla que se ver\u00e1 especialmente beneficiada.<\/span><\/p>\n<p><span style=\"font-weight: 400;\">En cuanto a las propuestas que se enviaron desde el Consell Insular d\u2019Eivissa para incorporarlas al decreto-ley, estas se ven ampliamente recogidas: agilizaci\u00f3n administrativa, lucha contra el intrusismo y impulso a la inversi\u00f3n en sectores como el turismo , la construcci\u00f3n y las energ\u00edas renovables.<\/span><\/p>\n<p><span style=\"font-weight: 400;\">Hay que tener en cuenta que el Partido Popular de Eivissa propon\u00eda, inicialmente, incluir medidas como la regularizaci\u00f3n de construcciones ilegales en suelo r\u00fastico y otras de afectaci\u00f3n sobre el territorio, algunas de las cuales finalmente incluyeron en el documento elevado al Govern.<\/span><\/p>\n<p><span style=\"font-weight: 400;\">Desde el PSOE consideramos que premiar a infractores urban\u00edsticos u otras medidas que se han pedido por parte del Consell para promover la construcci\u00f3n en el campo no son las recetas que necesita nuestra isla para salir de la crisis provocada por el covid-19.<\/span><\/p>\n<p><span style=\"font-weight: 400;\">En este sentido, la FSE-PSOE recuerda que el gobierno del Consell Insular d&#8217;Eivissa a\u00fan no ha convocado a los grupos pol\u00edticos para elaborar un Pacto de reconstrucci\u00f3n de la isla.<\/span><\/p>\n<p><span style=\"font-weight: 400;\">Una vez m\u00e1s insistimos a PP y Cs a que convoquen a los grupos de la oposici\u00f3n, como hacen las administraciones donde gobierna el PSOE, para elaborar con el m\u00e1ximo consenso un Plan de reconstrucci\u00f3n para la isla de Eivissa. Lamentablemente, el Consell Insular sigue sin querer convocar una comisi\u00f3n de reconstrucci\u00f3n, a pesar de que ya hace m\u00e1s de un mes que el grupo Socialista registr\u00f3 una propuesta de Plan de recuperaci\u00f3n para ser debatida entre todos los grupos.<\/span><\/p>\n<p><span style=\"font-weight: 400;\">Desde la FSE-PSOE consideramos que la excepcionalidad y complejidad de la crisis nos obliga a tomar medidas a partir del m\u00e1ximo consenso entre partidos pol\u00edticos, instituciones y tejido social y econ\u00f3mico, como ha demostrado el Govern de les Illes Balears con la aprobaci\u00f3n del Decreto-ley del covid-19.<\/span><\/p>\n[\/vc_column_text][vc_empty_space][vc_btn title=&#8221;Boib Decreto-Ley Covid-19&#8243; style=&#8221;outline-custom&#8221; outline_custom_color=&#8221;#dd3333&#8243; outline_custom_hover_background=&#8221;#dd3333&#8243; outline_custom_hover_text=&#8221;#ffffff&#8221; shape=&#8221;square&#8221; align=&#8221;center&#8221; link=&#8221;url:https%3A%2F%2Fwww.caib.es%2Feboibfront%2Fes%2F2020%2F11184%2F634209%2Fdecreto-ley-8-2020-de-13-de-mayo-de-medidas-urgent|||&#8221;][\/vc_column][\/vc_row]\n<\/div>","protected":false},"excerpt":{"rendered":"<p>[vc_row][vc_column][vc_column_text]La Federaci\u00f3n Socialista d&#8217;Eivissa (FSE-PSOE) considera que el Decreto-ley de medidas urgentes y extraordinarias para paliar los efectos de la crisis ocasionada por la covid-19 aprobado por el Govern de les Illes Balears beneficiar\u00e1 muy especialmente a la isla d&#8217;Eivissa, ya que es la m\u00e1s afectada en cuanto a destrucci\u00f3n de puestos de trabajo y&hellip;<\/p>\n","protected":false},"author":7,"featured_media":30664,"comment_status":"closed","ping_status":"closed","sticky":false,"template":"","format":"standard","meta":{"footnotes":""},"categories":[212],"tags":[],"class_list":["post-30662","post","type-post","status-publish","format-standard","has-post-thumbnail","hentry","category-fse-psoe"],"yoast_head":"<!-- This site is optimized with the Yoast SEO plugin v26.9 - https:\/\/yoast.com\/product\/yoast-seo-wordpress\/ -->\n<title>Decreto-ley del covid-19: Medidas excepcionales en favor de Eivissa sin consumir territorio ni incrementar plazas tur\u00edsticas - Federaci\u00f3 Socialista d&#039;Eivissa<\/title>\n<meta name=\"robots\" content=\"index, follow, max-snippet:-1, max-image-preview:large, max-video-preview:-1\" \/>\n<link rel=\"canonical\" href=\"https:\/\/www.psib-psoe.org\/eivissa\/decreto-ley-del-covid-19-medidas-excepcionales-en-favor-de-eivissa-sin-consumir-territorio-ni-incrementar-plazas-turisticas\/\" \/>\n<meta property=\"og:locale\" content=\"ca_ES\" \/>\n<meta property=\"og:type\" content=\"article\" \/>\n<meta property=\"og:title\" content=\"Decreto-ley del covid-19: Medidas excepcionales en favor de Eivissa sin consumir territorio ni incrementar plazas tur\u00edsticas - Federaci\u00f3 Socialista d&#039;Eivissa\" \/>\n<meta property=\"og:description\" content=\"[vc_row][vc_column][vc_column_text]La Federaci\u00f3n Socialista d&#8217;Eivissa (FSE-PSOE) considera que el Decreto-ley de medidas urgentes y extraordinarias para paliar los efectos de la crisis ocasionada por la covid-19 aprobado por el Govern de les Illes Balears beneficiar\u00e1 muy especialmente a la isla d&#8217;Eivissa, ya que es la m\u00e1s afectada en cuanto a destrucci\u00f3n de puestos de trabajo y&hellip;\" \/>\n<meta property=\"og:url\" content=\"https:\/\/www.psib-psoe.org\/eivissa\/decreto-ley-del-covid-19-medidas-excepcionales-en-favor-de-eivissa-sin-consumir-territorio-ni-incrementar-plazas-turisticas\/\" \/>\n<meta property=\"og:site_name\" content=\"Federaci\u00f3 Socialista d&#039;Eivissa\" \/>\n<meta property=\"article:published_time\" content=\"2020-05-16T19:38:46+00:00\" \/>\n<meta property=\"article:modified_time\" content=\"2020-05-16T19:57:08+00:00\" \/>\n<meta property=\"og:image\" content=\"https:\/\/www.psib-psoe.org\/eivissa\/wp-content\/uploads\/vista-eivissa-1024x642.png\" \/>\n\t<meta property=\"og:image:width\" content=\"1024\" \/>\n\t<meta property=\"og:image:height\" content=\"642\" \/>\n\t<meta property=\"og:image:type\" content=\"image\/png\" \/>\n<meta name=\"author\" content=\"Josep Ripoll\" \/>\n<meta name=\"twitter:card\" content=\"summary_large_image\" \/>\n<meta name=\"twitter:label1\" content=\"Escrit per\" \/>\n\t<meta name=\"twitter:data1\" content=\"Josep Ripoll\" \/>\n\t<meta name=\"twitter:label2\" content=\"Temps estimat de lectura\" \/>\n\t<meta name=\"twitter:data2\" content=\"4 minuts\" \/>\n<script type=\"application\/ld+json\" class=\"yoast-schema-graph\">{\"@context\":\"https:\/\/schema.org\",\"@graph\":[{\"@type\":[\"Article\",\"BlogPosting\"],\"@id\":\"https:\/\/www.psib-psoe.org\/eivissa\/decreto-ley-del-covid-19-medidas-excepcionales-en-favor-de-eivissa-sin-consumir-territorio-ni-incrementar-plazas-turisticas\/#article\",\"isPartOf\":{\"@id\":\"https:\/\/www.psib-psoe.org\/eivissa\/decreto-ley-del-covid-19-medidas-excepcionales-en-favor-de-eivissa-sin-consumir-territorio-ni-incrementar-plazas-turisticas\/\"},\"author\":{\"name\":\"Josep Ripoll\",\"@id\":\"https:\/\/www.psib-psoe.org\/eivissa\/#\/schema\/person\/7a9d2841fb36f32e34fc0e9b245e8117\"},\"headline\":\"Decreto-ley del covid-19: Medidas excepcionales en favor de Eivissa sin consumir territorio ni incrementar plazas tur\u00edsticas\",\"datePublished\":\"2020-05-16T19:38:46+00:00\",\"dateModified\":\"2020-05-16T19:57:08+00:00\",\"mainEntityOfPage\":{\"@id\":\"https:\/\/www.psib-psoe.org\/eivissa\/decreto-ley-del-covid-19-medidas-excepcionales-en-favor-de-eivissa-sin-consumir-territorio-ni-incrementar-plazas-turisticas\/\"},\"wordCount\":806,\"publisher\":{\"@id\":\"https:\/\/www.psib-psoe.org\/eivissa\/#organization\"},\"image\":{\"@id\":\"https:\/\/www.psib-psoe.org\/eivissa\/decreto-ley-del-covid-19-medidas-excepcionales-en-favor-de-eivissa-sin-consumir-territorio-ni-incrementar-plazas-turisticas\/#primaryimage\"},\"thumbnailUrl\":\"https:\/\/www.psib-psoe.org\/eivissa\/wp-content\/uploads\/vista-eivissa.png\",\"articleSection\":[\"FSE-PSOE\"],\"inLanguage\":\"ca\"},{\"@type\":\"WebPage\",\"@id\":\"https:\/\/www.psib-psoe.org\/eivissa\/decreto-ley-del-covid-19-medidas-excepcionales-en-favor-de-eivissa-sin-consumir-territorio-ni-incrementar-plazas-turisticas\/\",\"url\":\"https:\/\/www.psib-psoe.org\/eivissa\/decreto-ley-del-covid-19-medidas-excepcionales-en-favor-de-eivissa-sin-consumir-territorio-ni-incrementar-plazas-turisticas\/\",\"name\":\"Decreto-ley del covid-19: Medidas excepcionales en favor de Eivissa sin consumir territorio ni incrementar plazas tur\u00edsticas - Federaci\u00f3 Socialista d&#039;Eivissa\",\"isPartOf\":{\"@id\":\"https:\/\/www.psib-psoe.org\/eivissa\/#website\"},\"primaryImageOfPage\":{\"@id\":\"https:\/\/www.psib-psoe.org\/eivissa\/decreto-ley-del-covid-19-medidas-excepcionales-en-favor-de-eivissa-sin-consumir-territorio-ni-incrementar-plazas-turisticas\/#primaryimage\"},\"image\":{\"@id\":\"https:\/\/www.psib-psoe.org\/eivissa\/decreto-ley-del-covid-19-medidas-excepcionales-en-favor-de-eivissa-sin-consumir-territorio-ni-incrementar-plazas-turisticas\/#primaryimage\"},\"thumbnailUrl\":\"https:\/\/www.psib-psoe.org\/eivissa\/wp-content\/uploads\/vista-eivissa.png\",\"datePublished\":\"2020-05-16T19:38:46+00:00\",\"dateModified\":\"2020-05-16T19:57:08+00:00\",\"breadcrumb\":{\"@id\":\"https:\/\/www.psib-psoe.org\/eivissa\/decreto-ley-del-covid-19-medidas-excepcionales-en-favor-de-eivissa-sin-consumir-territorio-ni-incrementar-plazas-turisticas\/#breadcrumb\"},\"inLanguage\":\"ca\",\"potentialAction\":[{\"@type\":\"ReadAction\",\"target\":[\"https:\/\/www.psib-psoe.org\/eivissa\/decreto-ley-del-covid-19-medidas-excepcionales-en-favor-de-eivissa-sin-consumir-territorio-ni-incrementar-plazas-turisticas\/\"]}]},{\"@type\":\"ImageObject\",\"inLanguage\":\"ca\",\"@id\":\"https:\/\/www.psib-psoe.org\/eivissa\/decreto-ley-del-covid-19-medidas-excepcionales-en-favor-de-eivissa-sin-consumir-territorio-ni-incrementar-plazas-turisticas\/#primaryimage\",\"url\":\"https:\/\/www.psib-psoe.org\/eivissa\/wp-content\/uploads\/vista-eivissa.png\",\"contentUrl\":\"https:\/\/www.psib-psoe.org\/eivissa\/wp-content\/uploads\/vista-eivissa.png\",\"width\":1430,\"height\":896},{\"@type\":\"BreadcrumbList\",\"@id\":\"https:\/\/www.psib-psoe.org\/eivissa\/decreto-ley-del-covid-19-medidas-excepcionales-en-favor-de-eivissa-sin-consumir-territorio-ni-incrementar-plazas-turisticas\/#breadcrumb\",\"itemListElement\":[{\"@type\":\"ListItem\",\"position\":1,\"name\":\"Inici\",\"item\":\"https:\/\/www.psib-psoe.org\/eivissa\/\"},{\"@type\":\"ListItem\",\"position\":2,\"name\":\"Decreto-ley del covid-19: Medidas excepcionales en favor de Eivissa sin consumir territorio ni incrementar plazas tur\u00edsticas\"}]},{\"@type\":\"WebSite\",\"@id\":\"https:\/\/www.psib-psoe.org\/eivissa\/#website\",\"url\":\"https:\/\/www.psib-psoe.org\/eivissa\/\",\"name\":\"Federaci\u00f3 Socialista d'Eivissa\",\"description\":\"Socialistes d&#039;Eivissa\",\"publisher\":{\"@id\":\"https:\/\/www.psib-psoe.org\/eivissa\/#organization\"},\"potentialAction\":[{\"@type\":\"SearchAction\",\"target\":{\"@type\":\"EntryPoint\",\"urlTemplate\":\"https:\/\/www.psib-psoe.org\/eivissa\/?s={search_term_string}\"},\"query-input\":{\"@type\":\"PropertyValueSpecification\",\"valueRequired\":true,\"valueName\":\"search_term_string\"}}],\"inLanguage\":\"ca\"},{\"@type\":\"Organization\",\"@id\":\"https:\/\/www.psib-psoe.org\/eivissa\/#organization\",\"name\":\"Federaci\u00f3 Socialista d'Eivissa\",\"url\":\"https:\/\/www.psib-psoe.org\/eivissa\/\",\"logo\":{\"@type\":\"ImageObject\",\"inLanguage\":\"ca\",\"@id\":\"https:\/\/www.psib-psoe.org\/eivissa\/#\/schema\/logo\/image\/\",\"url\":\"https:\/\/www.psib-psoe.org\/eivissa\/wp-content\/uploads\/LOGO-FSE-SOCIALISTA-DEIVISSA-HORI.png\",\"contentUrl\":\"https:\/\/www.psib-psoe.org\/eivissa\/wp-content\/uploads\/LOGO-FSE-SOCIALISTA-DEIVISSA-HORI.png\",\"width\":6000,\"height\":3104,\"caption\":\"Federaci\u00f3 Socialista d'Eivissa\"},\"image\":{\"@id\":\"https:\/\/www.psib-psoe.org\/eivissa\/#\/schema\/logo\/image\/\"}},{\"@type\":\"Person\",\"@id\":\"https:\/\/www.psib-psoe.org\/eivissa\/#\/schema\/person\/7a9d2841fb36f32e34fc0e9b245e8117\",\"name\":\"Josep Ripoll\",\"sameAs\":[\"http:\/\/www.psib-psoe.org\/eivissa\/wp-login.php\"],\"url\":\"https:\/\/www.psib-psoe.org\/eivissa\/author\/josep\/\"}]}<\/script>\n<!-- \/ Yoast SEO plugin. -->","yoast_head_json":{"title":"Decreto-ley del covid-19: Medidas excepcionales en favor de Eivissa sin consumir territorio ni incrementar plazas tur\u00edsticas - Federaci\u00f3 Socialista d&#039;Eivissa","robots":{"index":"index","follow":"follow","max-snippet":"max-snippet:-1","max-image-preview":"max-image-preview:large","max-video-preview":"max-video-preview:-1"},"canonical":"https:\/\/www.psib-psoe.org\/eivissa\/decreto-ley-del-covid-19-medidas-excepcionales-en-favor-de-eivissa-sin-consumir-territorio-ni-incrementar-plazas-turisticas\/","og_locale":"ca_ES","og_type":"article","og_title":"Decreto-ley del covid-19: Medidas excepcionales en favor de Eivissa sin consumir territorio ni incrementar plazas tur\u00edsticas - Federaci\u00f3 Socialista d&#039;Eivissa","og_description":"[vc_row][vc_column][vc_column_text]La Federaci\u00f3n Socialista d&#8217;Eivissa (FSE-PSOE) considera que el Decreto-ley de medidas urgentes y extraordinarias para paliar los efectos de la crisis ocasionada por la covid-19 aprobado por el Govern de les Illes Balears beneficiar\u00e1 muy especialmente a la isla d&#8217;Eivissa, ya que es la m\u00e1s afectada en cuanto a destrucci\u00f3n de puestos de trabajo y&hellip;","og_url":"https:\/\/www.psib-psoe.org\/eivissa\/decreto-ley-del-covid-19-medidas-excepcionales-en-favor-de-eivissa-sin-consumir-territorio-ni-incrementar-plazas-turisticas\/","og_site_name":"Federaci\u00f3 Socialista d&#039;Eivissa","article_published_time":"2020-05-16T19:38:46+00:00","article_modified_time":"2020-05-16T19:57:08+00:00","og_image":[{"width":1024,"height":642,"url":"https:\/\/www.psib-psoe.org\/eivissa\/wp-content\/uploads\/vista-eivissa-1024x642.png","type":"image\/png"}],"author":"Josep Ripoll","twitter_card":"summary_large_image","twitter_misc":{"Escrit per":"Josep Ripoll","Temps estimat de lectura":"4 minuts"},"schema":{"@context":"https:\/\/schema.org","@graph":[{"@type":["Article","BlogPosting"],"@id":"https:\/\/www.psib-psoe.org\/eivissa\/decreto-ley-del-covid-19-medidas-excepcionales-en-favor-de-eivissa-sin-consumir-territorio-ni-incrementar-plazas-turisticas\/#article","isPartOf":{"@id":"https:\/\/www.psib-psoe.org\/eivissa\/decreto-ley-del-covid-19-medidas-excepcionales-en-favor-de-eivissa-sin-consumir-territorio-ni-incrementar-plazas-turisticas\/"},"author":{"name":"Josep Ripoll","@id":"https:\/\/www.psib-psoe.org\/eivissa\/#\/schema\/person\/7a9d2841fb36f32e34fc0e9b245e8117"},"headline":"Decreto-ley del covid-19: Medidas excepcionales en favor de Eivissa sin consumir territorio ni incrementar plazas tur\u00edsticas","datePublished":"2020-05-16T19:38:46+00:00","dateModified":"2020-05-16T19:57:08+00:00","mainEntityOfPage":{"@id":"https:\/\/www.psib-psoe.org\/eivissa\/decreto-ley-del-covid-19-medidas-excepcionales-en-favor-de-eivissa-sin-consumir-territorio-ni-incrementar-plazas-turisticas\/"},"wordCount":806,"publisher":{"@id":"https:\/\/www.psib-psoe.org\/eivissa\/#organization"},"image":{"@id":"https:\/\/www.psib-psoe.org\/eivissa\/decreto-ley-del-covid-19-medidas-excepcionales-en-favor-de-eivissa-sin-consumir-territorio-ni-incrementar-plazas-turisticas\/#primaryimage"},"thumbnailUrl":"https:\/\/www.psib-psoe.org\/eivissa\/wp-content\/uploads\/vista-eivissa.png","articleSection":["FSE-PSOE"],"inLanguage":"ca"},{"@type":"WebPage","@id":"https:\/\/www.psib-psoe.org\/eivissa\/decreto-ley-del-covid-19-medidas-excepcionales-en-favor-de-eivissa-sin-consumir-territorio-ni-incrementar-plazas-turisticas\/","url":"https:\/\/www.psib-psoe.org\/eivissa\/decreto-ley-del-covid-19-medidas-excepcionales-en-favor-de-eivissa-sin-consumir-territorio-ni-incrementar-plazas-turisticas\/","name":"Decreto-ley del covid-19: Medidas excepcionales en favor de Eivissa sin consumir territorio ni incrementar plazas tur\u00edsticas - Federaci\u00f3 Socialista d&#039;Eivissa","isPartOf":{"@id":"https:\/\/www.psib-psoe.org\/eivissa\/#website"},"primaryImageOfPage":{"@id":"https:\/\/www.psib-psoe.org\/eivissa\/decreto-ley-del-covid-19-medidas-excepcionales-en-favor-de-eivissa-sin-consumir-territorio-ni-incrementar-plazas-turisticas\/#primaryimage"},"image":{"@id":"https:\/\/www.psib-psoe.org\/eivissa\/decreto-ley-del-covid-19-medidas-excepcionales-en-favor-de-eivissa-sin-consumir-territorio-ni-incrementar-plazas-turisticas\/#primaryimage"},"thumbnailUrl":"https:\/\/www.psib-psoe.org\/eivissa\/wp-content\/uploads\/vista-eivissa.png","datePublished":"2020-05-16T19:38:46+00:00","dateModified":"2020-05-16T19:57:08+00:00","breadcrumb":{"@id":"https:\/\/www.psib-psoe.org\/eivissa\/decreto-ley-del-covid-19-medidas-excepcionales-en-favor-de-eivissa-sin-consumir-territorio-ni-incrementar-plazas-turisticas\/#breadcrumb"},"inLanguage":"ca","potentialAction":[{"@type":"ReadAction","target":["https:\/\/www.psib-psoe.org\/eivissa\/decreto-ley-del-covid-19-medidas-excepcionales-en-favor-de-eivissa-sin-consumir-territorio-ni-incrementar-plazas-turisticas\/"]}]},{"@type":"ImageObject","inLanguage":"ca","@id":"https:\/\/www.psib-psoe.org\/eivissa\/decreto-ley-del-covid-19-medidas-excepcionales-en-favor-de-eivissa-sin-consumir-territorio-ni-incrementar-plazas-turisticas\/#primaryimage","url":"https:\/\/www.psib-psoe.org\/eivissa\/wp-content\/uploads\/vista-eivissa.png","contentUrl":"https:\/\/www.psib-psoe.org\/eivissa\/wp-content\/uploads\/vista-eivissa.png","width":1430,"height":896},{"@type":"BreadcrumbList","@id":"https:\/\/www.psib-psoe.org\/eivissa\/decreto-ley-del-covid-19-medidas-excepcionales-en-favor-de-eivissa-sin-consumir-territorio-ni-incrementar-plazas-turisticas\/#breadcrumb","itemListElement":[{"@type":"ListItem","position":1,"name":"Inici","item":"https:\/\/www.psib-psoe.org\/eivissa\/"},{"@type":"ListItem","position":2,"name":"Decreto-ley del covid-19: Medidas excepcionales en favor de Eivissa sin consumir territorio ni incrementar plazas tur\u00edsticas"}]},{"@type":"WebSite","@id":"https:\/\/www.psib-psoe.org\/eivissa\/#website","url":"https:\/\/www.psib-psoe.org\/eivissa\/","name":"Federaci\u00f3 Socialista d'Eivissa","description":"Socialistes d&#039;Eivissa","publisher":{"@id":"https:\/\/www.psib-psoe.org\/eivissa\/#organization"},"potentialAction":[{"@type":"SearchAction","target":{"@type":"EntryPoint","urlTemplate":"https:\/\/www.psib-psoe.org\/eivissa\/?s={search_term_string}"},"query-input":{"@type":"PropertyValueSpecification","valueRequired":true,"valueName":"search_term_string"}}],"inLanguage":"ca"},{"@type":"Organization","@id":"https:\/\/www.psib-psoe.org\/eivissa\/#organization","name":"Federaci\u00f3 Socialista d'Eivissa","url":"https:\/\/www.psib-psoe.org\/eivissa\/","logo":{"@type":"ImageObject","inLanguage":"ca","@id":"https:\/\/www.psib-psoe.org\/eivissa\/#\/schema\/logo\/image\/","url":"https:\/\/www.psib-psoe.org\/eivissa\/wp-content\/uploads\/LOGO-FSE-SOCIALISTA-DEIVISSA-HORI.png","contentUrl":"https:\/\/www.psib-psoe.org\/eivissa\/wp-content\/uploads\/LOGO-FSE-SOCIALISTA-DEIVISSA-HORI.png","width":6000,"height":3104,"caption":"Federaci\u00f3 Socialista d'Eivissa"},"image":{"@id":"https:\/\/www.psib-psoe.org\/eivissa\/#\/schema\/logo\/image\/"}},{"@type":"Person","@id":"https:\/\/www.psib-psoe.org\/eivissa\/#\/schema\/person\/7a9d2841fb36f32e34fc0e9b245e8117","name":"Josep Ripoll","sameAs":["http:\/\/www.psib-psoe.org\/eivissa\/wp-login.php"],"url":"https:\/\/www.psib-psoe.org\/eivissa\/author\/josep\/"}]}},"_links":{"self":[{"href":"https:\/\/www.psib-psoe.org\/eivissa\/wp-json\/wp\/v2\/posts\/30662","targetHints":{"allow":["GET"]}}],"collection":[{"href":"https:\/\/www.psib-psoe.org\/eivissa\/wp-json\/wp\/v2\/posts"}],"about":[{"href":"https:\/\/www.psib-psoe.org\/eivissa\/wp-json\/wp\/v2\/types\/post"}],"author":[{"embeddable":true,"href":"https:\/\/www.psib-psoe.org\/eivissa\/wp-json\/wp\/v2\/users\/7"}],"replies":[{"embeddable":true,"href":"https:\/\/www.psib-psoe.org\/eivissa\/wp-json\/wp\/v2\/comments?post=30662"}],"version-history":[{"count":4,"href":"https:\/\/www.psib-psoe.org\/eivissa\/wp-json\/wp\/v2\/posts\/30662\/revisions"}],"predecessor-version":[{"id":30672,"href":"https:\/\/www.psib-psoe.org\/eivissa\/wp-json\/wp\/v2\/posts\/30662\/revisions\/30672"}],"wp:featuredmedia":[{"embeddable":true,"href":"https:\/\/www.psib-psoe.org\/eivissa\/wp-json\/wp\/v2\/media\/30664"}],"wp:attachment":[{"href":"https:\/\/www.psib-psoe.org\/eivissa\/wp-json\/wp\/v2\/media?parent=30662"}],"wp:term":[{"taxonomy":"category","embeddable":true,"href":"https:\/\/www.psib-psoe.org\/eivissa\/wp-json\/wp\/v2\/categories?post=30662"},{"taxonomy":"post_tag","embeddable":true,"href":"https:\/\/www.psib-psoe.org\/eivissa\/wp-json\/wp\/v2\/tags?post=30662"}],"curies":[{"name":"wp","href":"https:\/\/api.w.org\/{rel}","templated":true}]}}