{"id":30761,"date":"2020-05-22T16:35:17","date_gmt":"2020-05-22T14:35:17","guid":{"rendered":"https:\/\/www.psib-psoe.org\/eivissa\/?p=30761"},"modified":"2020-05-22T13:26:10","modified_gmt":"2020-05-22T11:26:10","slug":"la-fse-psoe-organiza-un-ciclo-de-charlas-para-abordar-la-situacion-en-eivissa-por-el-covid-19","status":"publish","type":"post","link":"https:\/\/www.psib-psoe.org\/eivissa\/la-fse-psoe-organiza-un-ciclo-de-charlas-para-abordar-la-situacion-en-eivissa-por-el-covid-19\/","title":{"rendered":"La FSE-PSOE organiza un ciclo de charlas para abordar la situaci\u00f3n en Eivissa por el Covid-19"},"content":{"rendered":"<p>La FSE-PSOE inicia el mi\u00e9rcoles 27 de mayo una serie de charlas dirigidas a militantes y cargos p\u00fablicos del partido para abordar la situaci\u00f3n que se vive en nuestra isla como consecuencia del crisis provocada por el Covid-19. Las charlas tendr\u00e1n car\u00e1cter tem\u00e1tico y empezar\u00e1n hablando de Educaci\u00f3n, con la delegada en Eivissa y Formentera, Marga Ferrer.<\/p>\n<p>La Educaci\u00f3n es uno de los sectores que m\u00e1s afectados se ha visto debido al confinamiento y a las medidas de distanciamiento social que se tendr\u00e1n que tomar durante el pr\u00f3ximo curso y hasta que se encuentre la vacuna contra el virus. En esta primera charla se tratar\u00e1n temas relacionados con el proceso de escolarizaci\u00f3n, expectativas a corto plazo, conciliaci\u00f3n, escuelas de verano y tambi\u00e9n habr\u00e1 un turno de preguntas.<\/p>\n<p>La charla tendr\u00e1 lugar el mi\u00e9rcoles 27 de mayo a las 18 horas y se realizar\u00e1 mediante la aplicaci\u00f3n ZOOM. A las personas que muestren inter\u00e9s en participar en la reuni\u00f3n se les har\u00e1 llegar el enlace para poder acceder. M\u00e1s informaci\u00f3n en el tel\u00e9fono del partido, 645555030.<\/p>\n","protected":false},"excerpt":{"rendered":"<p>La FSE-PSOE inicia el mi\u00e9rcoles 27 de mayo una serie de charlas dirigidas a militantes y cargos p\u00fablicos del partido para abordar la situaci\u00f3n que se vive en nuestra isla como consecuencia del crisis provocada por el Covid-19. Las charlas tendr\u00e1n car\u00e1cter tem\u00e1tico y empezar\u00e1n hablando de Educaci\u00f3n, con la delegada en Eivissa y Formentera,&hellip;<\/p>\n","protected":false},"author":7,"featured_media":30764,"comment_status":"closed","ping_status":"closed","sticky":false,"template":"","format":"standard","meta":{"footnotes":""},"categories":[212],"tags":[],"class_list":["post-30761","post","type-post","status-publish","format-standard","has-post-thumbnail","hentry","category-fse-psoe"],"yoast_head":"<!-- This site is optimized with the Yoast SEO plugin v26.9 - https:\/\/yoast.com\/product\/yoast-seo-wordpress\/ -->\n<title>La FSE-PSOE organiza un ciclo de charlas para abordar la situaci\u00f3n en Eivissa por el Covid-19 - Federaci\u00f3 Socialista d&#039;Eivissa<\/title>\n<meta name=\"robots\" content=\"index, follow, max-snippet:-1, max-image-preview:large, max-video-preview:-1\" \/>\n<link rel=\"canonical\" href=\"https:\/\/www.psib-psoe.org\/eivissa\/la-fse-psoe-organiza-un-ciclo-de-charlas-para-abordar-la-situacion-en-eivissa-por-el-covid-19\/\" \/>\n<meta property=\"og:locale\" content=\"ca_ES\" \/>\n<meta property=\"og:type\" content=\"article\" \/>\n<meta property=\"og:title\" content=\"La FSE-PSOE organiza un ciclo de charlas para abordar la situaci\u00f3n en Eivissa por el Covid-19 - Federaci\u00f3 Socialista d&#039;Eivissa\" \/>\n<meta property=\"og:description\" content=\"La FSE-PSOE inicia el mi\u00e9rcoles 27 de mayo una serie de charlas dirigidas a militantes y cargos p\u00fablicos del partido para abordar la situaci\u00f3n que se vive en nuestra isla como consecuencia del crisis provocada por el Covid-19. Las charlas tendr\u00e1n car\u00e1cter tem\u00e1tico y empezar\u00e1n hablando de Educaci\u00f3n, con la delegada en Eivissa y Formentera,&hellip;\" \/>\n<meta property=\"og:url\" content=\"https:\/\/www.psib-psoe.org\/eivissa\/la-fse-psoe-organiza-un-ciclo-de-charlas-para-abordar-la-situacion-en-eivissa-por-el-covid-19\/\" \/>\n<meta property=\"og:site_name\" content=\"Federaci\u00f3 Socialista d&#039;Eivissa\" \/>\n<meta property=\"article:published_time\" content=\"2020-05-22T14:35:17+00:00\" \/>\n<meta property=\"og:image\" content=\"https:\/\/www.psib-psoe.org\/eivissa\/wp-content\/uploads\/covid-19-educacio\u0301.png\" \/>\n\t<meta property=\"og:image:width\" content=\"1440\" \/>\n\t<meta property=\"og:image:height\" content=\"1920\" \/>\n\t<meta property=\"og:image:type\" content=\"image\/png\" \/>\n<meta name=\"author\" content=\"Josep Ripoll\" \/>\n<meta name=\"twitter:card\" content=\"summary_large_image\" \/>\n<meta name=\"twitter:label1\" content=\"Escrit per\" \/>\n\t<meta name=\"twitter:data1\" content=\"Josep Ripoll\" \/>\n\t<meta name=\"twitter:label2\" content=\"Temps estimat de lectura\" \/>\n\t<meta name=\"twitter:data2\" content=\"1 minut\" \/>\n<script type=\"application\/ld+json\" class=\"yoast-schema-graph\">{\"@context\":\"https:\/\/schema.org\",\"@graph\":[{\"@type\":[\"Article\",\"BlogPosting\"],\"@id\":\"https:\/\/www.psib-psoe.org\/eivissa\/la-fse-psoe-organiza-un-ciclo-de-charlas-para-abordar-la-situacion-en-eivissa-por-el-covid-19\/#article\",\"isPartOf\":{\"@id\":\"https:\/\/www.psib-psoe.org\/eivissa\/la-fse-psoe-organiza-un-ciclo-de-charlas-para-abordar-la-situacion-en-eivissa-por-el-covid-19\/\"},\"author\":{\"name\":\"Josep Ripoll\",\"@id\":\"https:\/\/www.psib-psoe.org\/eivissa\/#\/schema\/person\/7a9d2841fb36f32e34fc0e9b245e8117\"},\"headline\":\"La FSE-PSOE organiza un ciclo de charlas para abordar la situaci\u00f3n en Eivissa por el Covid-19\",\"datePublished\":\"2020-05-22T14:35:17+00:00\",\"mainEntityOfPage\":{\"@id\":\"https:\/\/www.psib-psoe.org\/eivissa\/la-fse-psoe-organiza-un-ciclo-de-charlas-para-abordar-la-situacion-en-eivissa-por-el-covid-19\/\"},\"wordCount\":211,\"publisher\":{\"@id\":\"https:\/\/www.psib-psoe.org\/eivissa\/#organization\"},\"image\":{\"@id\":\"https:\/\/www.psib-psoe.org\/eivissa\/la-fse-psoe-organiza-un-ciclo-de-charlas-para-abordar-la-situacion-en-eivissa-por-el-covid-19\/#primaryimage\"},\"thumbnailUrl\":\"https:\/\/www.psib-psoe.org\/eivissa\/wp-content\/uploads\/covid-19-educacio\u0301.png\",\"articleSection\":[\"FSE-PSOE\"],\"inLanguage\":\"ca\"},{\"@type\":\"WebPage\",\"@id\":\"https:\/\/www.psib-psoe.org\/eivissa\/la-fse-psoe-organiza-un-ciclo-de-charlas-para-abordar-la-situacion-en-eivissa-por-el-covid-19\/\",\"url\":\"https:\/\/www.psib-psoe.org\/eivissa\/la-fse-psoe-organiza-un-ciclo-de-charlas-para-abordar-la-situacion-en-eivissa-por-el-covid-19\/\",\"name\":\"La FSE-PSOE organiza un ciclo de charlas para abordar la situaci\u00f3n en Eivissa por el Covid-19 - Federaci\u00f3 Socialista d&#039;Eivissa\",\"isPartOf\":{\"@id\":\"https:\/\/www.psib-psoe.org\/eivissa\/#website\"},\"primaryImageOfPage\":{\"@id\":\"https:\/\/www.psib-psoe.org\/eivissa\/la-fse-psoe-organiza-un-ciclo-de-charlas-para-abordar-la-situacion-en-eivissa-por-el-covid-19\/#primaryimage\"},\"image\":{\"@id\":\"https:\/\/www.psib-psoe.org\/eivissa\/la-fse-psoe-organiza-un-ciclo-de-charlas-para-abordar-la-situacion-en-eivissa-por-el-covid-19\/#primaryimage\"},\"thumbnailUrl\":\"https:\/\/www.psib-psoe.org\/eivissa\/wp-content\/uploads\/covid-19-educacio\u0301.png\",\"datePublished\":\"2020-05-22T14:35:17+00:00\",\"breadcrumb\":{\"@id\":\"https:\/\/www.psib-psoe.org\/eivissa\/la-fse-psoe-organiza-un-ciclo-de-charlas-para-abordar-la-situacion-en-eivissa-por-el-covid-19\/#breadcrumb\"},\"inLanguage\":\"ca\",\"potentialAction\":[{\"@type\":\"ReadAction\",\"target\":[\"https:\/\/www.psib-psoe.org\/eivissa\/la-fse-psoe-organiza-un-ciclo-de-charlas-para-abordar-la-situacion-en-eivissa-por-el-covid-19\/\"]}]},{\"@type\":\"ImageObject\",\"inLanguage\":\"ca\",\"@id\":\"https:\/\/www.psib-psoe.org\/eivissa\/la-fse-psoe-organiza-un-ciclo-de-charlas-para-abordar-la-situacion-en-eivissa-por-el-covid-19\/#primaryimage\",\"url\":\"https:\/\/www.psib-psoe.org\/eivissa\/wp-content\/uploads\/covid-19-educacio\u0301.png\",\"contentUrl\":\"https:\/\/www.psib-psoe.org\/eivissa\/wp-content\/uploads\/covid-19-educacio\u0301.png\",\"width\":1440,\"height\":1920},{\"@type\":\"BreadcrumbList\",\"@id\":\"https:\/\/www.psib-psoe.org\/eivissa\/la-fse-psoe-organiza-un-ciclo-de-charlas-para-abordar-la-situacion-en-eivissa-por-el-covid-19\/#breadcrumb\",\"itemListElement\":[{\"@type\":\"ListItem\",\"position\":1,\"name\":\"Inici\",\"item\":\"https:\/\/www.psib-psoe.org\/eivissa\/\"},{\"@type\":\"ListItem\",\"position\":2,\"name\":\"La FSE-PSOE organiza un ciclo de charlas para abordar la situaci\u00f3n en Eivissa por el Covid-19\"}]},{\"@type\":\"WebSite\",\"@id\":\"https:\/\/www.psib-psoe.org\/eivissa\/#website\",\"url\":\"https:\/\/www.psib-psoe.org\/eivissa\/\",\"name\":\"Federaci\u00f3 Socialista d'Eivissa\",\"description\":\"Socialistes d&#039;Eivissa\",\"publisher\":{\"@id\":\"https:\/\/www.psib-psoe.org\/eivissa\/#organization\"},\"potentialAction\":[{\"@type\":\"SearchAction\",\"target\":{\"@type\":\"EntryPoint\",\"urlTemplate\":\"https:\/\/www.psib-psoe.org\/eivissa\/?s={search_term_string}\"},\"query-input\":{\"@type\":\"PropertyValueSpecification\",\"valueRequired\":true,\"valueName\":\"search_term_string\"}}],\"inLanguage\":\"ca\"},{\"@type\":\"Organization\",\"@id\":\"https:\/\/www.psib-psoe.org\/eivissa\/#organization\",\"name\":\"Federaci\u00f3 Socialista d'Eivissa\",\"url\":\"https:\/\/www.psib-psoe.org\/eivissa\/\",\"logo\":{\"@type\":\"ImageObject\",\"inLanguage\":\"ca\",\"@id\":\"https:\/\/www.psib-psoe.org\/eivissa\/#\/schema\/logo\/image\/\",\"url\":\"https:\/\/www.psib-psoe.org\/eivissa\/wp-content\/uploads\/LOGO-FSE-SOCIALISTA-DEIVISSA-HORI.png\",\"contentUrl\":\"https:\/\/www.psib-psoe.org\/eivissa\/wp-content\/uploads\/LOGO-FSE-SOCIALISTA-DEIVISSA-HORI.png\",\"width\":6000,\"height\":3104,\"caption\":\"Federaci\u00f3 Socialista d'Eivissa\"},\"image\":{\"@id\":\"https:\/\/www.psib-psoe.org\/eivissa\/#\/schema\/logo\/image\/\"}},{\"@type\":\"Person\",\"@id\":\"https:\/\/www.psib-psoe.org\/eivissa\/#\/schema\/person\/7a9d2841fb36f32e34fc0e9b245e8117\",\"name\":\"Josep Ripoll\",\"sameAs\":[\"http:\/\/www.psib-psoe.org\/eivissa\/wp-login.php\"],\"url\":\"https:\/\/www.psib-psoe.org\/eivissa\/author\/josep\/\"}]}<\/script>\n<!-- \/ Yoast SEO plugin. -->","yoast_head_json":{"title":"La FSE-PSOE organiza un ciclo de charlas para abordar la situaci\u00f3n en Eivissa por el Covid-19 - Federaci\u00f3 Socialista d&#039;Eivissa","robots":{"index":"index","follow":"follow","max-snippet":"max-snippet:-1","max-image-preview":"max-image-preview:large","max-video-preview":"max-video-preview:-1"},"canonical":"https:\/\/www.psib-psoe.org\/eivissa\/la-fse-psoe-organiza-un-ciclo-de-charlas-para-abordar-la-situacion-en-eivissa-por-el-covid-19\/","og_locale":"ca_ES","og_type":"article","og_title":"La FSE-PSOE organiza un ciclo de charlas para abordar la situaci\u00f3n en Eivissa por el Covid-19 - Federaci\u00f3 Socialista d&#039;Eivissa","og_description":"La FSE-PSOE inicia el mi\u00e9rcoles 27 de mayo una serie de charlas dirigidas a militantes y cargos p\u00fablicos del partido para abordar la situaci\u00f3n que se vive en nuestra isla como consecuencia del crisis provocada por el Covid-19. Las charlas tendr\u00e1n car\u00e1cter tem\u00e1tico y empezar\u00e1n hablando de Educaci\u00f3n, con la delegada en Eivissa y Formentera,&hellip;","og_url":"https:\/\/www.psib-psoe.org\/eivissa\/la-fse-psoe-organiza-un-ciclo-de-charlas-para-abordar-la-situacion-en-eivissa-por-el-covid-19\/","og_site_name":"Federaci\u00f3 Socialista d&#039;Eivissa","article_published_time":"2020-05-22T14:35:17+00:00","og_image":[{"width":1440,"height":1920,"url":"https:\/\/www.psib-psoe.org\/eivissa\/wp-content\/uploads\/covid-19-educacio\u0301.png","type":"image\/png"}],"author":"Josep Ripoll","twitter_card":"summary_large_image","twitter_misc":{"Escrit per":"Josep Ripoll","Temps estimat de lectura":"1 minut"},"schema":{"@context":"https:\/\/schema.org","@graph":[{"@type":["Article","BlogPosting"],"@id":"https:\/\/www.psib-psoe.org\/eivissa\/la-fse-psoe-organiza-un-ciclo-de-charlas-para-abordar-la-situacion-en-eivissa-por-el-covid-19\/#article","isPartOf":{"@id":"https:\/\/www.psib-psoe.org\/eivissa\/la-fse-psoe-organiza-un-ciclo-de-charlas-para-abordar-la-situacion-en-eivissa-por-el-covid-19\/"},"author":{"name":"Josep Ripoll","@id":"https:\/\/www.psib-psoe.org\/eivissa\/#\/schema\/person\/7a9d2841fb36f32e34fc0e9b245e8117"},"headline":"La FSE-PSOE organiza un ciclo de charlas para abordar la situaci\u00f3n en Eivissa por el Covid-19","datePublished":"2020-05-22T14:35:17+00:00","mainEntityOfPage":{"@id":"https:\/\/www.psib-psoe.org\/eivissa\/la-fse-psoe-organiza-un-ciclo-de-charlas-para-abordar-la-situacion-en-eivissa-por-el-covid-19\/"},"wordCount":211,"publisher":{"@id":"https:\/\/www.psib-psoe.org\/eivissa\/#organization"},"image":{"@id":"https:\/\/www.psib-psoe.org\/eivissa\/la-fse-psoe-organiza-un-ciclo-de-charlas-para-abordar-la-situacion-en-eivissa-por-el-covid-19\/#primaryimage"},"thumbnailUrl":"https:\/\/www.psib-psoe.org\/eivissa\/wp-content\/uploads\/covid-19-educacio\u0301.png","articleSection":["FSE-PSOE"],"inLanguage":"ca"},{"@type":"WebPage","@id":"https:\/\/www.psib-psoe.org\/eivissa\/la-fse-psoe-organiza-un-ciclo-de-charlas-para-abordar-la-situacion-en-eivissa-por-el-covid-19\/","url":"https:\/\/www.psib-psoe.org\/eivissa\/la-fse-psoe-organiza-un-ciclo-de-charlas-para-abordar-la-situacion-en-eivissa-por-el-covid-19\/","name":"La FSE-PSOE organiza un ciclo de charlas para abordar la situaci\u00f3n en Eivissa por el Covid-19 - Federaci\u00f3 Socialista d&#039;Eivissa","isPartOf":{"@id":"https:\/\/www.psib-psoe.org\/eivissa\/#website"},"primaryImageOfPage":{"@id":"https:\/\/www.psib-psoe.org\/eivissa\/la-fse-psoe-organiza-un-ciclo-de-charlas-para-abordar-la-situacion-en-eivissa-por-el-covid-19\/#primaryimage"},"image":{"@id":"https:\/\/www.psib-psoe.org\/eivissa\/la-fse-psoe-organiza-un-ciclo-de-charlas-para-abordar-la-situacion-en-eivissa-por-el-covid-19\/#primaryimage"},"thumbnailUrl":"https:\/\/www.psib-psoe.org\/eivissa\/wp-content\/uploads\/covid-19-educacio\u0301.png","datePublished":"2020-05-22T14:35:17+00:00","breadcrumb":{"@id":"https:\/\/www.psib-psoe.org\/eivissa\/la-fse-psoe-organiza-un-ciclo-de-charlas-para-abordar-la-situacion-en-eivissa-por-el-covid-19\/#breadcrumb"},"inLanguage":"ca","potentialAction":[{"@type":"ReadAction","target":["https:\/\/www.psib-psoe.org\/eivissa\/la-fse-psoe-organiza-un-ciclo-de-charlas-para-abordar-la-situacion-en-eivissa-por-el-covid-19\/"]}]},{"@type":"ImageObject","inLanguage":"ca","@id":"https:\/\/www.psib-psoe.org\/eivissa\/la-fse-psoe-organiza-un-ciclo-de-charlas-para-abordar-la-situacion-en-eivissa-por-el-covid-19\/#primaryimage","url":"https:\/\/www.psib-psoe.org\/eivissa\/wp-content\/uploads\/covid-19-educacio\u0301.png","contentUrl":"https:\/\/www.psib-psoe.org\/eivissa\/wp-content\/uploads\/covid-19-educacio\u0301.png","width":1440,"height":1920},{"@type":"BreadcrumbList","@id":"https:\/\/www.psib-psoe.org\/eivissa\/la-fse-psoe-organiza-un-ciclo-de-charlas-para-abordar-la-situacion-en-eivissa-por-el-covid-19\/#breadcrumb","itemListElement":[{"@type":"ListItem","position":1,"name":"Inici","item":"https:\/\/www.psib-psoe.org\/eivissa\/"},{"@type":"ListItem","position":2,"name":"La FSE-PSOE organiza un ciclo de charlas para abordar la situaci\u00f3n en Eivissa por el Covid-19"}]},{"@type":"WebSite","@id":"https:\/\/www.psib-psoe.org\/eivissa\/#website","url":"https:\/\/www.psib-psoe.org\/eivissa\/","name":"Federaci\u00f3 Socialista d'Eivissa","description":"Socialistes d&#039;Eivissa","publisher":{"@id":"https:\/\/www.psib-psoe.org\/eivissa\/#organization"},"potentialAction":[{"@type":"SearchAction","target":{"@type":"EntryPoint","urlTemplate":"https:\/\/www.psib-psoe.org\/eivissa\/?s={search_term_string}"},"query-input":{"@type":"PropertyValueSpecification","valueRequired":true,"valueName":"search_term_string"}}],"inLanguage":"ca"},{"@type":"Organization","@id":"https:\/\/www.psib-psoe.org\/eivissa\/#organization","name":"Federaci\u00f3 Socialista d'Eivissa","url":"https:\/\/www.psib-psoe.org\/eivissa\/","logo":{"@type":"ImageObject","inLanguage":"ca","@id":"https:\/\/www.psib-psoe.org\/eivissa\/#\/schema\/logo\/image\/","url":"https:\/\/www.psib-psoe.org\/eivissa\/wp-content\/uploads\/LOGO-FSE-SOCIALISTA-DEIVISSA-HORI.png","contentUrl":"https:\/\/www.psib-psoe.org\/eivissa\/wp-content\/uploads\/LOGO-FSE-SOCIALISTA-DEIVISSA-HORI.png","width":6000,"height":3104,"caption":"Federaci\u00f3 Socialista d'Eivissa"},"image":{"@id":"https:\/\/www.psib-psoe.org\/eivissa\/#\/schema\/logo\/image\/"}},{"@type":"Person","@id":"https:\/\/www.psib-psoe.org\/eivissa\/#\/schema\/person\/7a9d2841fb36f32e34fc0e9b245e8117","name":"Josep Ripoll","sameAs":["http:\/\/www.psib-psoe.org\/eivissa\/wp-login.php"],"url":"https:\/\/www.psib-psoe.org\/eivissa\/author\/josep\/"}]}},"_links":{"self":[{"href":"https:\/\/www.psib-psoe.org\/eivissa\/wp-json\/wp\/v2\/posts\/30761","targetHints":{"allow":["GET"]}}],"collection":[{"href":"https:\/\/www.psib-psoe.org\/eivissa\/wp-json\/wp\/v2\/posts"}],"about":[{"href":"https:\/\/www.psib-psoe.org\/eivissa\/wp-json\/wp\/v2\/types\/post"}],"author":[{"embeddable":true,"href":"https:\/\/www.psib-psoe.org\/eivissa\/wp-json\/wp\/v2\/users\/7"}],"replies":[{"embeddable":true,"href":"https:\/\/www.psib-psoe.org\/eivissa\/wp-json\/wp\/v2\/comments?post=30761"}],"version-history":[{"count":3,"href":"https:\/\/www.psib-psoe.org\/eivissa\/wp-json\/wp\/v2\/posts\/30761\/revisions"}],"predecessor-version":[{"id":30766,"href":"https:\/\/www.psib-psoe.org\/eivissa\/wp-json\/wp\/v2\/posts\/30761\/revisions\/30766"}],"wp:featuredmedia":[{"embeddable":true,"href":"https:\/\/www.psib-psoe.org\/eivissa\/wp-json\/wp\/v2\/media\/30764"}],"wp:attachment":[{"href":"https:\/\/www.psib-psoe.org\/eivissa\/wp-json\/wp\/v2\/media?parent=30761"}],"wp:term":[{"taxonomy":"category","embeddable":true,"href":"https:\/\/www.psib-psoe.org\/eivissa\/wp-json\/wp\/v2\/categories?post=30761"},{"taxonomy":"post_tag","embeddable":true,"href":"https:\/\/www.psib-psoe.org\/eivissa\/wp-json\/wp\/v2\/tags?post=30761"}],"curies":[{"name":"wp","href":"https:\/\/api.w.org\/{rel}","templated":true}]}}