{"id":30833,"date":"2020-05-29T16:16:18","date_gmt":"2020-05-29T14:16:18","guid":{"rendered":"https:\/\/www.psib-psoe.org\/eivissa\/?p=30833"},"modified":"2020-05-29T13:09:17","modified_gmt":"2020-05-29T11:09:17","slug":"pedro-sanchez-mi-prioridad-seguira-siendo-la-salud-y-la-economia-abriendo-nuevos-caminos","status":"publish","type":"post","link":"https:\/\/www.psib-psoe.org\/eivissa\/pedro-sanchez-mi-prioridad-seguira-siendo-la-salud-y-la-economia-abriendo-nuevos-caminos\/","title":{"rendered":"Pedro S\u00e1nchez: &#8220;Mi prioridad seguir\u00e1 siendo la salud y la econom\u00eda abriendo nuevos caminos&#8221;"},"content":{"rendered":"<p>\u201cEstamos a un paso de la victoria. Pero el virus no ha desaparecido, sigue al acecho. Y debemos mantenerlo a raya\u201d. El secretario general del PSOE y presidente del Gobierno, Pedro S\u00e1nchez, ha asegurado este s\u00e1bado desde Moncloa que<strong>\u00a0\u201cvemos es el final del t\u00fanel\u201d<\/strong>\u00a0de la crisis del Coronavirus y ahora que ya todo el pa\u00eds est\u00e1 en alguna de las fases de la desescalada \u201cla consigna es una: no hemos de actuar con miedo, hemos de actuar con prudencia\u201d.<\/p>\n<p>&nbsp;<\/p>\n<blockquote class=\"twitter-tweet\">\n<p lang=\"es\" dir=\"ltr\">Lo hemos conseguido.<\/p>\n<p>Hoy, toda Espa\u00f1a ha iniciado con pie firme la transici\u00f3n hacia la nueva normalidad.<\/p>\n<p>Estamos a un paso de la victoria. PERO hemos de actuar con prudencia. Es VITAL no relajarnos.<\/p>\n<p>?\ufe0f <a href=\"https:\/\/twitter.com\/sanchezcastejon?ref_src=twsrc%5Etfw\">@sanchezcastejon<\/a><a href=\"https:\/\/twitter.com\/hashtag\/NadieSeQuedaAtr%C3%A1s?src=hash&amp;ref_src=twsrc%5Etfw\">#NadieSeQuedaAtr\u00e1s<\/a> <a href=\"https:\/\/t.co\/8AJhBoYkPb\">pic.twitter.com\/8AJhBoYkPb<\/a><\/p>\n<p>&mdash; PSOE (@PSOE) <a href=\"https:\/\/twitter.com\/PSOE\/status\/1264167344789651456?ref_src=twsrc%5Etfw\">May 23, 2020<\/a><\/p><\/blockquote>\n<p> <script async src=\"https:\/\/platform.twitter.com\/widgets.js\" charset=\"utf-8\"><\/script><\/p>\n<p>Espa\u00f1a ha reducido \u201cal m\u00e1ximo\u201d el contagio del virus, pero queda el \u00faltimo tramo de la desescalada, que durar\u00e1 aproximadamente un mes, para transitar hacia \u201cla nueva normalidad\u201d y ha defendido que el estado de alarma ha sido fundamental para frenar la expansi\u00f3n del Covid. \u201cLa salud p\u00fablica siempre es lo primero porque sin ella no hay nada y el Estado de alarma la garantiza. Quiero dar las gracias a todos los espa\u00f1oles por su ejemplaridad. Espa\u00f1a ha hecho lo que debe y ahora para todos se abren nuevos horizontes. Mi prioridad seguir\u00e1 siendo la salud y la econom\u00eda abriendo nuevos caminos\u201d.<\/p>\n<blockquote class=\"twitter-tweet\">\n<p lang=\"es\" dir=\"ltr\">El estado de alarma nada tiene que ver con la pol\u00edtica.<\/p>\n<p>La salud p\u00fablica siempre es lo primero porque sin ella no hay nada y el Estado de alarma la garantiza.<\/p>\n<p>?\ufe0f <a href=\"https:\/\/twitter.com\/sanchezcastejon?ref_src=twsrc%5Etfw\">@sanchezcastejon<\/a><a href=\"https:\/\/twitter.com\/hashtag\/NadieSeQuedaAtr%C3%A1s?src=hash&amp;ref_src=twsrc%5Etfw\">#NadieSeQuedaAtr\u00e1s<\/a> <a href=\"https:\/\/t.co\/lZt2p05QUx\">pic.twitter.com\/lZt2p05QUx<\/a><\/p>\n<p>&mdash; PSOE (@PSOE) <a href=\"https:\/\/twitter.com\/PSOE\/status\/1264168419072659456?ref_src=twsrc%5Etfw\">May 23, 2020<\/a><\/p><\/blockquote>\n<p> <script async src=\"https:\/\/platform.twitter.com\/widgets.js\" charset=\"utf-8\"><\/script><\/p>\n","protected":false},"excerpt":{"rendered":"<p>\u201cEstamos a un paso de la victoria. Pero el virus no ha desaparecido, sigue al acecho. Y debemos mantenerlo a raya\u201d. El secretario general del PSOE y presidente del Gobierno, Pedro S\u00e1nchez, ha asegurado este s\u00e1bado desde Moncloa que\u00a0\u201cvemos es el final del t\u00fanel\u201d\u00a0de la crisis del Coronavirus y ahora que ya todo el pa\u00eds&hellip;<\/p>\n","protected":false},"author":7,"featured_media":30834,"comment_status":"closed","ping_status":"closed","sticky":false,"template":"","format":"standard","meta":{"footnotes":""},"categories":[1,190],"tags":[],"class_list":["post-30833","post","type-post","status-publish","format-standard","has-post-thumbnail","hentry","category-federacio-de-eivissa-portada","category-govern-despanya-congres-senat"],"yoast_head":"<!-- This site is optimized with the Yoast SEO plugin v26.9 - https:\/\/yoast.com\/product\/yoast-seo-wordpress\/ -->\n<title>Pedro S\u00e1nchez: &quot;Mi prioridad seguir\u00e1 siendo la salud y la econom\u00eda abriendo nuevos caminos&quot; - Federaci\u00f3 Socialista d&#039;Eivissa<\/title>\n<meta name=\"robots\" content=\"index, follow, max-snippet:-1, max-image-preview:large, max-video-preview:-1\" \/>\n<link rel=\"canonical\" href=\"https:\/\/www.psib-psoe.org\/eivissa\/pedro-sanchez-mi-prioridad-seguira-siendo-la-salud-y-la-economia-abriendo-nuevos-caminos\/\" \/>\n<meta property=\"og:locale\" content=\"ca_ES\" \/>\n<meta property=\"og:type\" content=\"article\" \/>\n<meta property=\"og:title\" content=\"Pedro S\u00e1nchez: &quot;Mi prioridad seguir\u00e1 siendo la salud y la econom\u00eda abriendo nuevos caminos&quot; - Federaci\u00f3 Socialista d&#039;Eivissa\" \/>\n<meta property=\"og:description\" content=\"\u201cEstamos a un paso de la victoria. Pero el virus no ha desaparecido, sigue al acecho. Y debemos mantenerlo a raya\u201d. El secretario general del PSOE y presidente del Gobierno, Pedro S\u00e1nchez, ha asegurado este s\u00e1bado desde Moncloa que\u00a0\u201cvemos es el final del t\u00fanel\u201d\u00a0de la crisis del Coronavirus y ahora que ya todo el pa\u00eds&hellip;\" \/>\n<meta property=\"og:url\" content=\"https:\/\/www.psib-psoe.org\/eivissa\/pedro-sanchez-mi-prioridad-seguira-siendo-la-salud-y-la-economia-abriendo-nuevos-caminos\/\" \/>\n<meta property=\"og:site_name\" content=\"Federaci\u00f3 Socialista d&#039;Eivissa\" \/>\n<meta property=\"article:published_time\" content=\"2020-05-29T14:16:18+00:00\" \/>\n<meta property=\"og:image\" content=\"https:\/\/www.psib-psoe.org\/eivissa\/wp-content\/uploads\/Pedro-Sa\u0301nchez-29-maig.jpg\" \/>\n\t<meta property=\"og:image:width\" content=\"630\" \/>\n\t<meta property=\"og:image:height\" content=\"410\" \/>\n\t<meta property=\"og:image:type\" content=\"image\/jpeg\" \/>\n<meta name=\"author\" content=\"Josep Ripoll\" \/>\n<meta name=\"twitter:card\" content=\"summary_large_image\" \/>\n<meta name=\"twitter:label1\" content=\"Escrit per\" \/>\n\t<meta name=\"twitter:data1\" content=\"Josep Ripoll\" \/>\n\t<meta name=\"twitter:label2\" content=\"Temps estimat de lectura\" \/>\n\t<meta name=\"twitter:data2\" content=\"1 minut\" \/>\n<script type=\"application\/ld+json\" class=\"yoast-schema-graph\">{\"@context\":\"https:\/\/schema.org\",\"@graph\":[{\"@type\":[\"Article\",\"BlogPosting\"],\"@id\":\"https:\/\/www.psib-psoe.org\/eivissa\/pedro-sanchez-mi-prioridad-seguira-siendo-la-salud-y-la-economia-abriendo-nuevos-caminos\/#article\",\"isPartOf\":{\"@id\":\"https:\/\/www.psib-psoe.org\/eivissa\/pedro-sanchez-mi-prioridad-seguira-siendo-la-salud-y-la-economia-abriendo-nuevos-caminos\/\"},\"author\":{\"name\":\"Josep Ripoll\",\"@id\":\"https:\/\/www.psib-psoe.org\/eivissa\/#\/schema\/person\/7a9d2841fb36f32e34fc0e9b245e8117\"},\"headline\":\"Pedro S\u00e1nchez: &#8220;Mi prioridad seguir\u00e1 siendo la salud y la econom\u00eda abriendo nuevos caminos&#8221;\",\"datePublished\":\"2020-05-29T14:16:18+00:00\",\"mainEntityOfPage\":{\"@id\":\"https:\/\/www.psib-psoe.org\/eivissa\/pedro-sanchez-mi-prioridad-seguira-siendo-la-salud-y-la-economia-abriendo-nuevos-caminos\/\"},\"wordCount\":304,\"publisher\":{\"@id\":\"https:\/\/www.psib-psoe.org\/eivissa\/#organization\"},\"image\":{\"@id\":\"https:\/\/www.psib-psoe.org\/eivissa\/pedro-sanchez-mi-prioridad-seguira-siendo-la-salud-y-la-economia-abriendo-nuevos-caminos\/#primaryimage\"},\"thumbnailUrl\":\"https:\/\/www.psib-psoe.org\/eivissa\/wp-content\/uploads\/Pedro-Sa\u0301nchez-29-maig.jpg\",\"articleSection\":[\"Federaci\u00f3 d'Eivissa - Portada\",\"Govern d'Espanya - Congr\u00e9s - Senat - PSOE Federal\"],\"inLanguage\":\"ca\"},{\"@type\":\"WebPage\",\"@id\":\"https:\/\/www.psib-psoe.org\/eivissa\/pedro-sanchez-mi-prioridad-seguira-siendo-la-salud-y-la-economia-abriendo-nuevos-caminos\/\",\"url\":\"https:\/\/www.psib-psoe.org\/eivissa\/pedro-sanchez-mi-prioridad-seguira-siendo-la-salud-y-la-economia-abriendo-nuevos-caminos\/\",\"name\":\"Pedro S\u00e1nchez: \\\"Mi prioridad seguir\u00e1 siendo la salud y la econom\u00eda abriendo nuevos caminos\\\" - Federaci\u00f3 Socialista d&#039;Eivissa\",\"isPartOf\":{\"@id\":\"https:\/\/www.psib-psoe.org\/eivissa\/#website\"},\"primaryImageOfPage\":{\"@id\":\"https:\/\/www.psib-psoe.org\/eivissa\/pedro-sanchez-mi-prioridad-seguira-siendo-la-salud-y-la-economia-abriendo-nuevos-caminos\/#primaryimage\"},\"image\":{\"@id\":\"https:\/\/www.psib-psoe.org\/eivissa\/pedro-sanchez-mi-prioridad-seguira-siendo-la-salud-y-la-economia-abriendo-nuevos-caminos\/#primaryimage\"},\"thumbnailUrl\":\"https:\/\/www.psib-psoe.org\/eivissa\/wp-content\/uploads\/Pedro-Sa\u0301nchez-29-maig.jpg\",\"datePublished\":\"2020-05-29T14:16:18+00:00\",\"breadcrumb\":{\"@id\":\"https:\/\/www.psib-psoe.org\/eivissa\/pedro-sanchez-mi-prioridad-seguira-siendo-la-salud-y-la-economia-abriendo-nuevos-caminos\/#breadcrumb\"},\"inLanguage\":\"ca\",\"potentialAction\":[{\"@type\":\"ReadAction\",\"target\":[\"https:\/\/www.psib-psoe.org\/eivissa\/pedro-sanchez-mi-prioridad-seguira-siendo-la-salud-y-la-economia-abriendo-nuevos-caminos\/\"]}]},{\"@type\":\"ImageObject\",\"inLanguage\":\"ca\",\"@id\":\"https:\/\/www.psib-psoe.org\/eivissa\/pedro-sanchez-mi-prioridad-seguira-siendo-la-salud-y-la-economia-abriendo-nuevos-caminos\/#primaryimage\",\"url\":\"https:\/\/www.psib-psoe.org\/eivissa\/wp-content\/uploads\/Pedro-Sa\u0301nchez-29-maig.jpg\",\"contentUrl\":\"https:\/\/www.psib-psoe.org\/eivissa\/wp-content\/uploads\/Pedro-Sa\u0301nchez-29-maig.jpg\",\"width\":630,\"height\":410},{\"@type\":\"BreadcrumbList\",\"@id\":\"https:\/\/www.psib-psoe.org\/eivissa\/pedro-sanchez-mi-prioridad-seguira-siendo-la-salud-y-la-economia-abriendo-nuevos-caminos\/#breadcrumb\",\"itemListElement\":[{\"@type\":\"ListItem\",\"position\":1,\"name\":\"Inici\",\"item\":\"https:\/\/www.psib-psoe.org\/eivissa\/\"},{\"@type\":\"ListItem\",\"position\":2,\"name\":\"Pedro S\u00e1nchez: &#8220;Mi prioridad seguir\u00e1 siendo la salud y la econom\u00eda abriendo nuevos caminos&#8221;\"}]},{\"@type\":\"WebSite\",\"@id\":\"https:\/\/www.psib-psoe.org\/eivissa\/#website\",\"url\":\"https:\/\/www.psib-psoe.org\/eivissa\/\",\"name\":\"Federaci\u00f3 Socialista d'Eivissa\",\"description\":\"Socialistes d&#039;Eivissa\",\"publisher\":{\"@id\":\"https:\/\/www.psib-psoe.org\/eivissa\/#organization\"},\"potentialAction\":[{\"@type\":\"SearchAction\",\"target\":{\"@type\":\"EntryPoint\",\"urlTemplate\":\"https:\/\/www.psib-psoe.org\/eivissa\/?s={search_term_string}\"},\"query-input\":{\"@type\":\"PropertyValueSpecification\",\"valueRequired\":true,\"valueName\":\"search_term_string\"}}],\"inLanguage\":\"ca\"},{\"@type\":\"Organization\",\"@id\":\"https:\/\/www.psib-psoe.org\/eivissa\/#organization\",\"name\":\"Federaci\u00f3 Socialista d'Eivissa\",\"url\":\"https:\/\/www.psib-psoe.org\/eivissa\/\",\"logo\":{\"@type\":\"ImageObject\",\"inLanguage\":\"ca\",\"@id\":\"https:\/\/www.psib-psoe.org\/eivissa\/#\/schema\/logo\/image\/\",\"url\":\"https:\/\/www.psib-psoe.org\/eivissa\/wp-content\/uploads\/LOGO-FSE-SOCIALISTA-DEIVISSA-HORI.png\",\"contentUrl\":\"https:\/\/www.psib-psoe.org\/eivissa\/wp-content\/uploads\/LOGO-FSE-SOCIALISTA-DEIVISSA-HORI.png\",\"width\":6000,\"height\":3104,\"caption\":\"Federaci\u00f3 Socialista d'Eivissa\"},\"image\":{\"@id\":\"https:\/\/www.psib-psoe.org\/eivissa\/#\/schema\/logo\/image\/\"}},{\"@type\":\"Person\",\"@id\":\"https:\/\/www.psib-psoe.org\/eivissa\/#\/schema\/person\/7a9d2841fb36f32e34fc0e9b245e8117\",\"name\":\"Josep Ripoll\",\"sameAs\":[\"http:\/\/www.psib-psoe.org\/eivissa\/wp-login.php\"],\"url\":\"https:\/\/www.psib-psoe.org\/eivissa\/author\/josep\/\"}]}<\/script>\n<!-- \/ Yoast SEO plugin. -->","yoast_head_json":{"title":"Pedro S\u00e1nchez: \"Mi prioridad seguir\u00e1 siendo la salud y la econom\u00eda abriendo nuevos caminos\" - Federaci\u00f3 Socialista d&#039;Eivissa","robots":{"index":"index","follow":"follow","max-snippet":"max-snippet:-1","max-image-preview":"max-image-preview:large","max-video-preview":"max-video-preview:-1"},"canonical":"https:\/\/www.psib-psoe.org\/eivissa\/pedro-sanchez-mi-prioridad-seguira-siendo-la-salud-y-la-economia-abriendo-nuevos-caminos\/","og_locale":"ca_ES","og_type":"article","og_title":"Pedro S\u00e1nchez: \"Mi prioridad seguir\u00e1 siendo la salud y la econom\u00eda abriendo nuevos caminos\" - Federaci\u00f3 Socialista d&#039;Eivissa","og_description":"\u201cEstamos a un paso de la victoria. Pero el virus no ha desaparecido, sigue al acecho. Y debemos mantenerlo a raya\u201d. El secretario general del PSOE y presidente del Gobierno, Pedro S\u00e1nchez, ha asegurado este s\u00e1bado desde Moncloa que\u00a0\u201cvemos es el final del t\u00fanel\u201d\u00a0de la crisis del Coronavirus y ahora que ya todo el pa\u00eds&hellip;","og_url":"https:\/\/www.psib-psoe.org\/eivissa\/pedro-sanchez-mi-prioridad-seguira-siendo-la-salud-y-la-economia-abriendo-nuevos-caminos\/","og_site_name":"Federaci\u00f3 Socialista d&#039;Eivissa","article_published_time":"2020-05-29T14:16:18+00:00","og_image":[{"width":630,"height":410,"url":"https:\/\/www.psib-psoe.org\/eivissa\/wp-content\/uploads\/Pedro-Sa\u0301nchez-29-maig.jpg","type":"image\/jpeg"}],"author":"Josep Ripoll","twitter_card":"summary_large_image","twitter_misc":{"Escrit per":"Josep Ripoll","Temps estimat de lectura":"1 minut"},"schema":{"@context":"https:\/\/schema.org","@graph":[{"@type":["Article","BlogPosting"],"@id":"https:\/\/www.psib-psoe.org\/eivissa\/pedro-sanchez-mi-prioridad-seguira-siendo-la-salud-y-la-economia-abriendo-nuevos-caminos\/#article","isPartOf":{"@id":"https:\/\/www.psib-psoe.org\/eivissa\/pedro-sanchez-mi-prioridad-seguira-siendo-la-salud-y-la-economia-abriendo-nuevos-caminos\/"},"author":{"name":"Josep Ripoll","@id":"https:\/\/www.psib-psoe.org\/eivissa\/#\/schema\/person\/7a9d2841fb36f32e34fc0e9b245e8117"},"headline":"Pedro S\u00e1nchez: &#8220;Mi prioridad seguir\u00e1 siendo la salud y la econom\u00eda abriendo nuevos caminos&#8221;","datePublished":"2020-05-29T14:16:18+00:00","mainEntityOfPage":{"@id":"https:\/\/www.psib-psoe.org\/eivissa\/pedro-sanchez-mi-prioridad-seguira-siendo-la-salud-y-la-economia-abriendo-nuevos-caminos\/"},"wordCount":304,"publisher":{"@id":"https:\/\/www.psib-psoe.org\/eivissa\/#organization"},"image":{"@id":"https:\/\/www.psib-psoe.org\/eivissa\/pedro-sanchez-mi-prioridad-seguira-siendo-la-salud-y-la-economia-abriendo-nuevos-caminos\/#primaryimage"},"thumbnailUrl":"https:\/\/www.psib-psoe.org\/eivissa\/wp-content\/uploads\/Pedro-Sa\u0301nchez-29-maig.jpg","articleSection":["Federaci\u00f3 d'Eivissa - Portada","Govern d'Espanya - Congr\u00e9s - Senat - PSOE Federal"],"inLanguage":"ca"},{"@type":"WebPage","@id":"https:\/\/www.psib-psoe.org\/eivissa\/pedro-sanchez-mi-prioridad-seguira-siendo-la-salud-y-la-economia-abriendo-nuevos-caminos\/","url":"https:\/\/www.psib-psoe.org\/eivissa\/pedro-sanchez-mi-prioridad-seguira-siendo-la-salud-y-la-economia-abriendo-nuevos-caminos\/","name":"Pedro S\u00e1nchez: \"Mi prioridad seguir\u00e1 siendo la salud y la econom\u00eda abriendo nuevos caminos\" - Federaci\u00f3 Socialista d&#039;Eivissa","isPartOf":{"@id":"https:\/\/www.psib-psoe.org\/eivissa\/#website"},"primaryImageOfPage":{"@id":"https:\/\/www.psib-psoe.org\/eivissa\/pedro-sanchez-mi-prioridad-seguira-siendo-la-salud-y-la-economia-abriendo-nuevos-caminos\/#primaryimage"},"image":{"@id":"https:\/\/www.psib-psoe.org\/eivissa\/pedro-sanchez-mi-prioridad-seguira-siendo-la-salud-y-la-economia-abriendo-nuevos-caminos\/#primaryimage"},"thumbnailUrl":"https:\/\/www.psib-psoe.org\/eivissa\/wp-content\/uploads\/Pedro-Sa\u0301nchez-29-maig.jpg","datePublished":"2020-05-29T14:16:18+00:00","breadcrumb":{"@id":"https:\/\/www.psib-psoe.org\/eivissa\/pedro-sanchez-mi-prioridad-seguira-siendo-la-salud-y-la-economia-abriendo-nuevos-caminos\/#breadcrumb"},"inLanguage":"ca","potentialAction":[{"@type":"ReadAction","target":["https:\/\/www.psib-psoe.org\/eivissa\/pedro-sanchez-mi-prioridad-seguira-siendo-la-salud-y-la-economia-abriendo-nuevos-caminos\/"]}]},{"@type":"ImageObject","inLanguage":"ca","@id":"https:\/\/www.psib-psoe.org\/eivissa\/pedro-sanchez-mi-prioridad-seguira-siendo-la-salud-y-la-economia-abriendo-nuevos-caminos\/#primaryimage","url":"https:\/\/www.psib-psoe.org\/eivissa\/wp-content\/uploads\/Pedro-Sa\u0301nchez-29-maig.jpg","contentUrl":"https:\/\/www.psib-psoe.org\/eivissa\/wp-content\/uploads\/Pedro-Sa\u0301nchez-29-maig.jpg","width":630,"height":410},{"@type":"BreadcrumbList","@id":"https:\/\/www.psib-psoe.org\/eivissa\/pedro-sanchez-mi-prioridad-seguira-siendo-la-salud-y-la-economia-abriendo-nuevos-caminos\/#breadcrumb","itemListElement":[{"@type":"ListItem","position":1,"name":"Inici","item":"https:\/\/www.psib-psoe.org\/eivissa\/"},{"@type":"ListItem","position":2,"name":"Pedro S\u00e1nchez: &#8220;Mi prioridad seguir\u00e1 siendo la salud y la econom\u00eda abriendo nuevos caminos&#8221;"}]},{"@type":"WebSite","@id":"https:\/\/www.psib-psoe.org\/eivissa\/#website","url":"https:\/\/www.psib-psoe.org\/eivissa\/","name":"Federaci\u00f3 Socialista d'Eivissa","description":"Socialistes d&#039;Eivissa","publisher":{"@id":"https:\/\/www.psib-psoe.org\/eivissa\/#organization"},"potentialAction":[{"@type":"SearchAction","target":{"@type":"EntryPoint","urlTemplate":"https:\/\/www.psib-psoe.org\/eivissa\/?s={search_term_string}"},"query-input":{"@type":"PropertyValueSpecification","valueRequired":true,"valueName":"search_term_string"}}],"inLanguage":"ca"},{"@type":"Organization","@id":"https:\/\/www.psib-psoe.org\/eivissa\/#organization","name":"Federaci\u00f3 Socialista d'Eivissa","url":"https:\/\/www.psib-psoe.org\/eivissa\/","logo":{"@type":"ImageObject","inLanguage":"ca","@id":"https:\/\/www.psib-psoe.org\/eivissa\/#\/schema\/logo\/image\/","url":"https:\/\/www.psib-psoe.org\/eivissa\/wp-content\/uploads\/LOGO-FSE-SOCIALISTA-DEIVISSA-HORI.png","contentUrl":"https:\/\/www.psib-psoe.org\/eivissa\/wp-content\/uploads\/LOGO-FSE-SOCIALISTA-DEIVISSA-HORI.png","width":6000,"height":3104,"caption":"Federaci\u00f3 Socialista d'Eivissa"},"image":{"@id":"https:\/\/www.psib-psoe.org\/eivissa\/#\/schema\/logo\/image\/"}},{"@type":"Person","@id":"https:\/\/www.psib-psoe.org\/eivissa\/#\/schema\/person\/7a9d2841fb36f32e34fc0e9b245e8117","name":"Josep Ripoll","sameAs":["http:\/\/www.psib-psoe.org\/eivissa\/wp-login.php"],"url":"https:\/\/www.psib-psoe.org\/eivissa\/author\/josep\/"}]}},"_links":{"self":[{"href":"https:\/\/www.psib-psoe.org\/eivissa\/wp-json\/wp\/v2\/posts\/30833","targetHints":{"allow":["GET"]}}],"collection":[{"href":"https:\/\/www.psib-psoe.org\/eivissa\/wp-json\/wp\/v2\/posts"}],"about":[{"href":"https:\/\/www.psib-psoe.org\/eivissa\/wp-json\/wp\/v2\/types\/post"}],"author":[{"embeddable":true,"href":"https:\/\/www.psib-psoe.org\/eivissa\/wp-json\/wp\/v2\/users\/7"}],"replies":[{"embeddable":true,"href":"https:\/\/www.psib-psoe.org\/eivissa\/wp-json\/wp\/v2\/comments?post=30833"}],"version-history":[{"count":3,"href":"https:\/\/www.psib-psoe.org\/eivissa\/wp-json\/wp\/v2\/posts\/30833\/revisions"}],"predecessor-version":[{"id":30851,"href":"https:\/\/www.psib-psoe.org\/eivissa\/wp-json\/wp\/v2\/posts\/30833\/revisions\/30851"}],"wp:featuredmedia":[{"embeddable":true,"href":"https:\/\/www.psib-psoe.org\/eivissa\/wp-json\/wp\/v2\/media\/30834"}],"wp:attachment":[{"href":"https:\/\/www.psib-psoe.org\/eivissa\/wp-json\/wp\/v2\/media?parent=30833"}],"wp:term":[{"taxonomy":"category","embeddable":true,"href":"https:\/\/www.psib-psoe.org\/eivissa\/wp-json\/wp\/v2\/categories?post=30833"},{"taxonomy":"post_tag","embeddable":true,"href":"https:\/\/www.psib-psoe.org\/eivissa\/wp-json\/wp\/v2\/tags?post=30833"}],"curies":[{"name":"wp","href":"https:\/\/api.w.org\/{rel}","templated":true}]}}