{"id":30898,"date":"2020-05-26T10:14:07","date_gmt":"2020-05-26T08:14:07","guid":{"rendered":"https:\/\/www.psib-psoe.org\/eivissa\/?p=30898"},"modified":"2020-05-29T22:17:41","modified_gmt":"2020-05-29T20:17:41","slug":"articulo-retos-en-la-educacion-despues-de-la-pandemia","status":"publish","type":"post","link":"https:\/\/www.psib-psoe.org\/eivissa\/articulo-retos-en-la-educacion-despues-de-la-pandemia\/","title":{"rendered":"Art\u00edculo: &#8220;Retos en la educaci\u00f3n despu\u00e9s de la pandemia&#8221;"},"content":{"rendered":"<p><em><strong>Publicado en Diario de Ibiza el 28 de mayo de 2020<\/strong><\/em><\/p>\n<p dir=\"ltr\">Desde hace unos a\u00f1os la educaci\u00f3n y las TICs van de la mano, de la misma manera que el crecimiento de los ni\u00f1os y de las ni\u00f1as en su entorno familiar y social se produce en contacto permanente con estas tecnolog\u00edas, ya desde muy temprana edad.<\/p>\n<p dir=\"ltr\">\u00bfPero realmente est\u00e1n las escuelas, universidades, profesores y profesoras, padres, madres, ni\u00f1os y ni\u00f1as preparados para los retos de la educaci\u00f3n del siglo XXI?<\/p>\n<p dir=\"ltr\">La situaci\u00f3n provocada por la pandemia del Covid-19 ha sacado a relucir las desigualdades que existen en nuestro entorno social y educativo en relaci\u00f3n a la tecnolog\u00edas de\u00a0 la informaci\u00f3n y la comunicaci\u00f3n: la falta de material t\u00e9cnico y de preparaci\u00f3n y formaci\u00f3n complica las clases \u2018online\u2019 a las que de un d\u00eda para otro se han visto abocados ni\u00f1os y ni\u00f1as y j\u00f3venes de todas las etapas educativas por culpa del confinamiento. La brecha digital es bastante m\u00e1s amplia de lo que muchos imaginaban, bien entrado el siglo XXI y a pesar de que el contacto con la tecnolog\u00eda o el acceso a Internet ya hace a\u00f1os que se hab\u00eda generalizado.<\/p>\n<p dir=\"ltr\">Otra de las cuestiones que se han evidenciado a causa del confinamiento es que las escuelas no solo ense\u00f1an, sino que adem\u00e1s es la herramienta para ayudar a quien m\u00e1s lo necesita: comedor, aulas de apoyo, terapias y un largo etc\u00e9tera de servicios p\u00fablicos a disposici\u00f3n de las familias que de repente hemos empezado a echar de menos.<\/p>\n<p dir=\"ltr\">En cuanto al trabajo del profesorado, con rapidez han tenido que cambiar un sistema de explicaciones presenciales por fichas de trabajo que env\u00edan telem\u00e1ticamente a su alumnado, apareciendo nuevos inconvenientes como el seguimiento del aprendizaje, del rendimiento, la evaluaci\u00f3n y, sobre todo, las dificultades que han encontrado a la hora de transmitir todo aquello que va m\u00e1s all\u00e1 de la ense\u00f1anza de una materia y que convierte en los docentes en esa figura crucial en nuestro desarrollo como personas y como sociedad.<\/p>\n<p dir=\"ltr\">Y si antes del confinamiento ya conoc\u00edamos casos de poca implicaci\u00f3n de muchas familias en el proceso educativo de sus hijos, ahora afloran situaciones tambi\u00e9n muy complicadas que tenemos que saber abordar. Ahora m\u00e1s que nunca, las familias tienen que ser un apoyo, en vez de una dificultad a\u00f1adida. Por ejemplo, a aquellos que se toman la molestia de publicar a los cuatro vientos que qui\u00e9n les va a pagar los meses que han estado con sus hijos \u201chaciendo de profesores\u201d, yo les lanzo la siguiente pregunta: \u00bfQui\u00e9n paga todos estos a\u00f1os a los profesores por hacer de padres y madres en muchas ocasiones?<\/p>\n<p dir=\"ltr\">Recordemos que las escuelas y universidades est\u00e1n cerradas, pero no la educaci\u00f3n ni la formaci\u00f3n. El trabajo de familias, alumnado y profesorado en esta situaci\u00f3n de m\u00e1xima dificultad, de excepcional y totalmente inesperada es de alabar.\u00a0 No obstante, debemos asumir que a partir de ahora muchas cosas van a cambiar y que, especialmente en el \u00e1mbito de la educaci\u00f3n, tenemos todav\u00eda por delante un largo camino que recorrer.<\/p>\n<p dir=\"ltr\"><b>Azahara Pe\u00f1a de la Fuente<\/b><\/p>\n<p dir=\"ltr\"><b>Secretaria General de las JSEi (Joventuts Socialistes d\u2019Eivissa)<\/b><\/p>\n","protected":false},"excerpt":{"rendered":"<p>Publicado en Diario de Ibiza el 28 de mayo de 2020 Desde hace unos a\u00f1os la educaci\u00f3n y las TICs van de la mano, de la misma manera que el crecimiento de los ni\u00f1os y de las ni\u00f1as en su entorno familiar y social se produce en contacto permanente con estas tecnolog\u00edas, ya desde muy&hellip;<\/p>\n","protected":false},"author":7,"featured_media":30899,"comment_status":"closed","ping_status":"closed","sticky":false,"template":"","format":"standard","meta":{"footnotes":""},"categories":[212],"tags":[],"class_list":["post-30898","post","type-post","status-publish","format-standard","has-post-thumbnail","hentry","category-fse-psoe"],"yoast_head":"<!-- This site is optimized with the Yoast SEO plugin v26.9 - https:\/\/yoast.com\/product\/yoast-seo-wordpress\/ -->\n<title>Art\u00edculo: &quot;Retos en la educaci\u00f3n despu\u00e9s de la pandemia&quot; - Federaci\u00f3 Socialista d&#039;Eivissa<\/title>\n<meta name=\"robots\" content=\"index, follow, max-snippet:-1, max-image-preview:large, max-video-preview:-1\" \/>\n<link rel=\"canonical\" href=\"https:\/\/www.psib-psoe.org\/eivissa\/articulo-retos-en-la-educacion-despues-de-la-pandemia\/\" \/>\n<meta property=\"og:locale\" content=\"ca_ES\" \/>\n<meta property=\"og:type\" content=\"article\" \/>\n<meta property=\"og:title\" content=\"Art\u00edculo: &quot;Retos en la educaci\u00f3n despu\u00e9s de la pandemia&quot; - Federaci\u00f3 Socialista d&#039;Eivissa\" \/>\n<meta property=\"og:description\" content=\"Publicado en Diario de Ibiza el 28 de mayo de 2020 Desde hace unos a\u00f1os la educaci\u00f3n y las TICs van de la mano, de la misma manera que el crecimiento de los ni\u00f1os y de las ni\u00f1as en su entorno familiar y social se produce en contacto permanente con estas tecnolog\u00edas, ya desde muy&hellip;\" \/>\n<meta property=\"og:url\" content=\"https:\/\/www.psib-psoe.org\/eivissa\/articulo-retos-en-la-educacion-despues-de-la-pandemia\/\" \/>\n<meta property=\"og:site_name\" content=\"Federaci\u00f3 Socialista d&#039;Eivissa\" \/>\n<meta property=\"article:published_time\" content=\"2020-05-26T08:14:07+00:00\" \/>\n<meta property=\"article:modified_time\" content=\"2020-05-29T20:17:41+00:00\" \/>\n<meta property=\"og:image\" content=\"https:\/\/www.psib-psoe.org\/eivissa\/wp-content\/uploads\/foto-azahara-pen\u0303a-e1590783426872.jpg\" \/>\n\t<meta property=\"og:image:width\" content=\"3113\" \/>\n\t<meta property=\"og:image:height\" content=\"2530\" \/>\n\t<meta property=\"og:image:type\" content=\"image\/jpeg\" \/>\n<meta name=\"author\" content=\"Josep Ripoll\" \/>\n<meta name=\"twitter:card\" content=\"summary_large_image\" \/>\n<meta name=\"twitter:label1\" content=\"Escrit per\" \/>\n\t<meta name=\"twitter:data1\" content=\"Josep Ripoll\" \/>\n\t<meta name=\"twitter:label2\" content=\"Temps estimat de lectura\" \/>\n\t<meta name=\"twitter:data2\" content=\"3 minuts\" \/>\n<script type=\"application\/ld+json\" class=\"yoast-schema-graph\">{\"@context\":\"https:\/\/schema.org\",\"@graph\":[{\"@type\":[\"Article\",\"BlogPosting\"],\"@id\":\"https:\/\/www.psib-psoe.org\/eivissa\/articulo-retos-en-la-educacion-despues-de-la-pandemia\/#article\",\"isPartOf\":{\"@id\":\"https:\/\/www.psib-psoe.org\/eivissa\/articulo-retos-en-la-educacion-despues-de-la-pandemia\/\"},\"author\":{\"name\":\"Josep Ripoll\",\"@id\":\"https:\/\/www.psib-psoe.org\/eivissa\/#\/schema\/person\/7a9d2841fb36f32e34fc0e9b245e8117\"},\"headline\":\"Art\u00edculo: &#8220;Retos en la educaci\u00f3n despu\u00e9s de la pandemia&#8221;\",\"datePublished\":\"2020-05-26T08:14:07+00:00\",\"dateModified\":\"2020-05-29T20:17:41+00:00\",\"mainEntityOfPage\":{\"@id\":\"https:\/\/www.psib-psoe.org\/eivissa\/articulo-retos-en-la-educacion-despues-de-la-pandemia\/\"},\"wordCount\":581,\"publisher\":{\"@id\":\"https:\/\/www.psib-psoe.org\/eivissa\/#organization\"},\"image\":{\"@id\":\"https:\/\/www.psib-psoe.org\/eivissa\/articulo-retos-en-la-educacion-despues-de-la-pandemia\/#primaryimage\"},\"thumbnailUrl\":\"https:\/\/www.psib-psoe.org\/eivissa\/wp-content\/uploads\/foto-azahara-pen\u0303a-e1590783426872.jpg\",\"articleSection\":[\"FSE-PSOE\"],\"inLanguage\":\"ca\"},{\"@type\":\"WebPage\",\"@id\":\"https:\/\/www.psib-psoe.org\/eivissa\/articulo-retos-en-la-educacion-despues-de-la-pandemia\/\",\"url\":\"https:\/\/www.psib-psoe.org\/eivissa\/articulo-retos-en-la-educacion-despues-de-la-pandemia\/\",\"name\":\"Art\u00edculo: \\\"Retos en la educaci\u00f3n despu\u00e9s de la pandemia\\\" - Federaci\u00f3 Socialista d&#039;Eivissa\",\"isPartOf\":{\"@id\":\"https:\/\/www.psib-psoe.org\/eivissa\/#website\"},\"primaryImageOfPage\":{\"@id\":\"https:\/\/www.psib-psoe.org\/eivissa\/articulo-retos-en-la-educacion-despues-de-la-pandemia\/#primaryimage\"},\"image\":{\"@id\":\"https:\/\/www.psib-psoe.org\/eivissa\/articulo-retos-en-la-educacion-despues-de-la-pandemia\/#primaryimage\"},\"thumbnailUrl\":\"https:\/\/www.psib-psoe.org\/eivissa\/wp-content\/uploads\/foto-azahara-pen\u0303a-e1590783426872.jpg\",\"datePublished\":\"2020-05-26T08:14:07+00:00\",\"dateModified\":\"2020-05-29T20:17:41+00:00\",\"breadcrumb\":{\"@id\":\"https:\/\/www.psib-psoe.org\/eivissa\/articulo-retos-en-la-educacion-despues-de-la-pandemia\/#breadcrumb\"},\"inLanguage\":\"ca\",\"potentialAction\":[{\"@type\":\"ReadAction\",\"target\":[\"https:\/\/www.psib-psoe.org\/eivissa\/articulo-retos-en-la-educacion-despues-de-la-pandemia\/\"]}]},{\"@type\":\"ImageObject\",\"inLanguage\":\"ca\",\"@id\":\"https:\/\/www.psib-psoe.org\/eivissa\/articulo-retos-en-la-educacion-despues-de-la-pandemia\/#primaryimage\",\"url\":\"https:\/\/www.psib-psoe.org\/eivissa\/wp-content\/uploads\/foto-azahara-pen\u0303a-e1590783426872.jpg\",\"contentUrl\":\"https:\/\/www.psib-psoe.org\/eivissa\/wp-content\/uploads\/foto-azahara-pen\u0303a-e1590783426872.jpg\",\"width\":3113,\"height\":2530},{\"@type\":\"BreadcrumbList\",\"@id\":\"https:\/\/www.psib-psoe.org\/eivissa\/articulo-retos-en-la-educacion-despues-de-la-pandemia\/#breadcrumb\",\"itemListElement\":[{\"@type\":\"ListItem\",\"position\":1,\"name\":\"Inici\",\"item\":\"https:\/\/www.psib-psoe.org\/eivissa\/\"},{\"@type\":\"ListItem\",\"position\":2,\"name\":\"Art\u00edculo: &#8220;Retos en la educaci\u00f3n despu\u00e9s de la pandemia&#8221;\"}]},{\"@type\":\"WebSite\",\"@id\":\"https:\/\/www.psib-psoe.org\/eivissa\/#website\",\"url\":\"https:\/\/www.psib-psoe.org\/eivissa\/\",\"name\":\"Federaci\u00f3 Socialista d'Eivissa\",\"description\":\"Socialistes d&#039;Eivissa\",\"publisher\":{\"@id\":\"https:\/\/www.psib-psoe.org\/eivissa\/#organization\"},\"potentialAction\":[{\"@type\":\"SearchAction\",\"target\":{\"@type\":\"EntryPoint\",\"urlTemplate\":\"https:\/\/www.psib-psoe.org\/eivissa\/?s={search_term_string}\"},\"query-input\":{\"@type\":\"PropertyValueSpecification\",\"valueRequired\":true,\"valueName\":\"search_term_string\"}}],\"inLanguage\":\"ca\"},{\"@type\":\"Organization\",\"@id\":\"https:\/\/www.psib-psoe.org\/eivissa\/#organization\",\"name\":\"Federaci\u00f3 Socialista d'Eivissa\",\"url\":\"https:\/\/www.psib-psoe.org\/eivissa\/\",\"logo\":{\"@type\":\"ImageObject\",\"inLanguage\":\"ca\",\"@id\":\"https:\/\/www.psib-psoe.org\/eivissa\/#\/schema\/logo\/image\/\",\"url\":\"https:\/\/www.psib-psoe.org\/eivissa\/wp-content\/uploads\/LOGO-FSE-SOCIALISTA-DEIVISSA-HORI.png\",\"contentUrl\":\"https:\/\/www.psib-psoe.org\/eivissa\/wp-content\/uploads\/LOGO-FSE-SOCIALISTA-DEIVISSA-HORI.png\",\"width\":6000,\"height\":3104,\"caption\":\"Federaci\u00f3 Socialista d'Eivissa\"},\"image\":{\"@id\":\"https:\/\/www.psib-psoe.org\/eivissa\/#\/schema\/logo\/image\/\"}},{\"@type\":\"Person\",\"@id\":\"https:\/\/www.psib-psoe.org\/eivissa\/#\/schema\/person\/7a9d2841fb36f32e34fc0e9b245e8117\",\"name\":\"Josep Ripoll\",\"sameAs\":[\"http:\/\/www.psib-psoe.org\/eivissa\/wp-login.php\"],\"url\":\"https:\/\/www.psib-psoe.org\/eivissa\/author\/josep\/\"}]}<\/script>\n<!-- \/ Yoast SEO plugin. -->","yoast_head_json":{"title":"Art\u00edculo: \"Retos en la educaci\u00f3n despu\u00e9s de la pandemia\" - Federaci\u00f3 Socialista d&#039;Eivissa","robots":{"index":"index","follow":"follow","max-snippet":"max-snippet:-1","max-image-preview":"max-image-preview:large","max-video-preview":"max-video-preview:-1"},"canonical":"https:\/\/www.psib-psoe.org\/eivissa\/articulo-retos-en-la-educacion-despues-de-la-pandemia\/","og_locale":"ca_ES","og_type":"article","og_title":"Art\u00edculo: \"Retos en la educaci\u00f3n despu\u00e9s de la pandemia\" - Federaci\u00f3 Socialista d&#039;Eivissa","og_description":"Publicado en Diario de Ibiza el 28 de mayo de 2020 Desde hace unos a\u00f1os la educaci\u00f3n y las TICs van de la mano, de la misma manera que el crecimiento de los ni\u00f1os y de las ni\u00f1as en su entorno familiar y social se produce en contacto permanente con estas tecnolog\u00edas, ya desde muy&hellip;","og_url":"https:\/\/www.psib-psoe.org\/eivissa\/articulo-retos-en-la-educacion-despues-de-la-pandemia\/","og_site_name":"Federaci\u00f3 Socialista d&#039;Eivissa","article_published_time":"2020-05-26T08:14:07+00:00","article_modified_time":"2020-05-29T20:17:41+00:00","og_image":[{"width":3113,"height":2530,"url":"https:\/\/www.psib-psoe.org\/eivissa\/wp-content\/uploads\/foto-azahara-pen\u0303a-e1590783426872.jpg","type":"image\/jpeg"}],"author":"Josep Ripoll","twitter_card":"summary_large_image","twitter_misc":{"Escrit per":"Josep Ripoll","Temps estimat de lectura":"3 minuts"},"schema":{"@context":"https:\/\/schema.org","@graph":[{"@type":["Article","BlogPosting"],"@id":"https:\/\/www.psib-psoe.org\/eivissa\/articulo-retos-en-la-educacion-despues-de-la-pandemia\/#article","isPartOf":{"@id":"https:\/\/www.psib-psoe.org\/eivissa\/articulo-retos-en-la-educacion-despues-de-la-pandemia\/"},"author":{"name":"Josep Ripoll","@id":"https:\/\/www.psib-psoe.org\/eivissa\/#\/schema\/person\/7a9d2841fb36f32e34fc0e9b245e8117"},"headline":"Art\u00edculo: &#8220;Retos en la educaci\u00f3n despu\u00e9s de la pandemia&#8221;","datePublished":"2020-05-26T08:14:07+00:00","dateModified":"2020-05-29T20:17:41+00:00","mainEntityOfPage":{"@id":"https:\/\/www.psib-psoe.org\/eivissa\/articulo-retos-en-la-educacion-despues-de-la-pandemia\/"},"wordCount":581,"publisher":{"@id":"https:\/\/www.psib-psoe.org\/eivissa\/#organization"},"image":{"@id":"https:\/\/www.psib-psoe.org\/eivissa\/articulo-retos-en-la-educacion-despues-de-la-pandemia\/#primaryimage"},"thumbnailUrl":"https:\/\/www.psib-psoe.org\/eivissa\/wp-content\/uploads\/foto-azahara-pen\u0303a-e1590783426872.jpg","articleSection":["FSE-PSOE"],"inLanguage":"ca"},{"@type":"WebPage","@id":"https:\/\/www.psib-psoe.org\/eivissa\/articulo-retos-en-la-educacion-despues-de-la-pandemia\/","url":"https:\/\/www.psib-psoe.org\/eivissa\/articulo-retos-en-la-educacion-despues-de-la-pandemia\/","name":"Art\u00edculo: \"Retos en la educaci\u00f3n despu\u00e9s de la pandemia\" - Federaci\u00f3 Socialista d&#039;Eivissa","isPartOf":{"@id":"https:\/\/www.psib-psoe.org\/eivissa\/#website"},"primaryImageOfPage":{"@id":"https:\/\/www.psib-psoe.org\/eivissa\/articulo-retos-en-la-educacion-despues-de-la-pandemia\/#primaryimage"},"image":{"@id":"https:\/\/www.psib-psoe.org\/eivissa\/articulo-retos-en-la-educacion-despues-de-la-pandemia\/#primaryimage"},"thumbnailUrl":"https:\/\/www.psib-psoe.org\/eivissa\/wp-content\/uploads\/foto-azahara-pen\u0303a-e1590783426872.jpg","datePublished":"2020-05-26T08:14:07+00:00","dateModified":"2020-05-29T20:17:41+00:00","breadcrumb":{"@id":"https:\/\/www.psib-psoe.org\/eivissa\/articulo-retos-en-la-educacion-despues-de-la-pandemia\/#breadcrumb"},"inLanguage":"ca","potentialAction":[{"@type":"ReadAction","target":["https:\/\/www.psib-psoe.org\/eivissa\/articulo-retos-en-la-educacion-despues-de-la-pandemia\/"]}]},{"@type":"ImageObject","inLanguage":"ca","@id":"https:\/\/www.psib-psoe.org\/eivissa\/articulo-retos-en-la-educacion-despues-de-la-pandemia\/#primaryimage","url":"https:\/\/www.psib-psoe.org\/eivissa\/wp-content\/uploads\/foto-azahara-pen\u0303a-e1590783426872.jpg","contentUrl":"https:\/\/www.psib-psoe.org\/eivissa\/wp-content\/uploads\/foto-azahara-pen\u0303a-e1590783426872.jpg","width":3113,"height":2530},{"@type":"BreadcrumbList","@id":"https:\/\/www.psib-psoe.org\/eivissa\/articulo-retos-en-la-educacion-despues-de-la-pandemia\/#breadcrumb","itemListElement":[{"@type":"ListItem","position":1,"name":"Inici","item":"https:\/\/www.psib-psoe.org\/eivissa\/"},{"@type":"ListItem","position":2,"name":"Art\u00edculo: &#8220;Retos en la educaci\u00f3n despu\u00e9s de la pandemia&#8221;"}]},{"@type":"WebSite","@id":"https:\/\/www.psib-psoe.org\/eivissa\/#website","url":"https:\/\/www.psib-psoe.org\/eivissa\/","name":"Federaci\u00f3 Socialista d'Eivissa","description":"Socialistes d&#039;Eivissa","publisher":{"@id":"https:\/\/www.psib-psoe.org\/eivissa\/#organization"},"potentialAction":[{"@type":"SearchAction","target":{"@type":"EntryPoint","urlTemplate":"https:\/\/www.psib-psoe.org\/eivissa\/?s={search_term_string}"},"query-input":{"@type":"PropertyValueSpecification","valueRequired":true,"valueName":"search_term_string"}}],"inLanguage":"ca"},{"@type":"Organization","@id":"https:\/\/www.psib-psoe.org\/eivissa\/#organization","name":"Federaci\u00f3 Socialista d'Eivissa","url":"https:\/\/www.psib-psoe.org\/eivissa\/","logo":{"@type":"ImageObject","inLanguage":"ca","@id":"https:\/\/www.psib-psoe.org\/eivissa\/#\/schema\/logo\/image\/","url":"https:\/\/www.psib-psoe.org\/eivissa\/wp-content\/uploads\/LOGO-FSE-SOCIALISTA-DEIVISSA-HORI.png","contentUrl":"https:\/\/www.psib-psoe.org\/eivissa\/wp-content\/uploads\/LOGO-FSE-SOCIALISTA-DEIVISSA-HORI.png","width":6000,"height":3104,"caption":"Federaci\u00f3 Socialista d'Eivissa"},"image":{"@id":"https:\/\/www.psib-psoe.org\/eivissa\/#\/schema\/logo\/image\/"}},{"@type":"Person","@id":"https:\/\/www.psib-psoe.org\/eivissa\/#\/schema\/person\/7a9d2841fb36f32e34fc0e9b245e8117","name":"Josep Ripoll","sameAs":["http:\/\/www.psib-psoe.org\/eivissa\/wp-login.php"],"url":"https:\/\/www.psib-psoe.org\/eivissa\/author\/josep\/"}]}},"_links":{"self":[{"href":"https:\/\/www.psib-psoe.org\/eivissa\/wp-json\/wp\/v2\/posts\/30898","targetHints":{"allow":["GET"]}}],"collection":[{"href":"https:\/\/www.psib-psoe.org\/eivissa\/wp-json\/wp\/v2\/posts"}],"about":[{"href":"https:\/\/www.psib-psoe.org\/eivissa\/wp-json\/wp\/v2\/types\/post"}],"author":[{"embeddable":true,"href":"https:\/\/www.psib-psoe.org\/eivissa\/wp-json\/wp\/v2\/users\/7"}],"replies":[{"embeddable":true,"href":"https:\/\/www.psib-psoe.org\/eivissa\/wp-json\/wp\/v2\/comments?post=30898"}],"version-history":[{"count":1,"href":"https:\/\/www.psib-psoe.org\/eivissa\/wp-json\/wp\/v2\/posts\/30898\/revisions"}],"predecessor-version":[{"id":30901,"href":"https:\/\/www.psib-psoe.org\/eivissa\/wp-json\/wp\/v2\/posts\/30898\/revisions\/30901"}],"wp:featuredmedia":[{"embeddable":true,"href":"https:\/\/www.psib-psoe.org\/eivissa\/wp-json\/wp\/v2\/media\/30899"}],"wp:attachment":[{"href":"https:\/\/www.psib-psoe.org\/eivissa\/wp-json\/wp\/v2\/media?parent=30898"}],"wp:term":[{"taxonomy":"category","embeddable":true,"href":"https:\/\/www.psib-psoe.org\/eivissa\/wp-json\/wp\/v2\/categories?post=30898"},{"taxonomy":"post_tag","embeddable":true,"href":"https:\/\/www.psib-psoe.org\/eivissa\/wp-json\/wp\/v2\/tags?post=30898"}],"curies":[{"name":"wp","href":"https:\/\/api.w.org\/{rel}","templated":true}]}}