{"id":30913,"date":"2020-06-03T10:33:17","date_gmt":"2020-06-03T08:33:17","guid":{"rendered":"https:\/\/www.psib-psoe.org\/eivissa\/?p=30913"},"modified":"2020-06-03T10:33:17","modified_gmt":"2020-06-03T08:33:17","slug":"el-psoe-de-sant-joan-demana-atencio-per-a-les-persones-majors-que-viuen-soles-i-mesures-de-conciliacio-laboral-i-familiar","status":"publish","type":"post","link":"https:\/\/www.psib-psoe.org\/eivissa\/el-psoe-de-sant-joan-demana-atencio-per-a-les-persones-majors-que-viuen-soles-i-mesures-de-conciliacio-laboral-i-familiar\/","title":{"rendered":"El PSOE de Sant Joan demana atenci\u00f3 per a les persones majors que viuen soles i mesures de conciliaci\u00f3 laboral i familiar"},"content":{"rendered":"<div dir=\"ltr\"><span id=\"m_2753753848689617447m_692435680022465653m_-4874766346960395293gmail-docs-internal-guid-ed7d4ae5-dddb-e074-cc78-7e59cf0d8b9b\"><span style=\"font-size: large;\">El grup PSOE de l\u2019Ajuntament de Sant Joan de Labritja ha presentat la proposta de posar en marxa d\u2019un programa d\u2019atenci\u00f3 a les persones majors que viuen soles per combatre els efectes negatius de la soledat no desitjada, especialment despr\u00e9s de la Covid-19.<\/p>\n<p>El portaveu del PSOE a Sant Joan, Pep Torres &#8216;Peret&#8217;, recorda que \u201cen aquesta crisi sanit\u00e0ria s\u00f3n les persones majors les m\u00e9s afectades\u201d i \u201cencara m\u00e9s quan aquestes viuen soles\u201d.\u00a0 Aquestes \u201csenten la soledat com un fet obligat, que les produeix un patiment profund\u201d. \u00c9s per aix\u00f2 que el PSOE de Sant Joan considera \u201cnecessari i prioritari conscienciar a la societat damunt aquest greu problema, i prendre les mesures per prevenir i abordar-ho\u201d.<\/p>\n<p>El PSOE proposa a l\u2019ajuntament crear un programa de feina contra la soledat no desitjada \u00a0de les persones majors del municipi i, entre altres mesures, identificar i fer un cens de persones majors que pateixen soledat no desitjada i mantenir-les informades de manera continuada de les activitats de l\u2019entorn i del municipi, per tal que puguin participar-hi. Tamb\u00e9 demana que Sant Joan desenvolupi activitats intergeneracionals, tant en els centres de majors, com en qualsevol espai c\u00edvic disponible.<\/p>\n<p><b>Conciliaci\u00f3 laboral i familiar<br \/>\n<\/b>El grup Socialista tamb\u00e9 demana un posicionament de l&#8217;Ajuntament de Sant Joan en favor de pol\u00edtiques de conciliaci\u00f3 laboral i familiar. La crisi de la Covid-19 ha generat &#8220;veritables problemes de conciliaci\u00f3 per a molts de treballadors i treballadores que han continuat la seua activitat&#8221;, una situaci\u00f3 que &#8220;ara est\u00e0 augmentant amb la reobertura progressiva de l\u2019activitat comercial, de restauraci\u00f3 i el pr\u00f2xim comen\u00e7ament de la temporada tur\u00edstica una vegada obrin fronteres i operin els vols nacionals i internacionals&#8221;.<br \/>\n<\/span><\/span><\/div>\n<div dir=\"ltr\"><span style=\"font-size: large;\"><br \/>\nSegons ha explicat \u2018Peret\u2019, el PSOE de Sant Joan \u201cproposa un acord de l\u2019ajuntament per demanar a les autoritats competents, especialment el Govern de l\u2019Estat i a la Comunitat, mesures en favor de la conciliaci\u00f3 laboral i familiar, per ajudar als treballadors i treballadores mantenir la seua activitat laboral i que no hagin de renunciar a la feina per no poder-se ocupar dels seus infants\u201d.<\/p>\n<p>El PSOE proposa mesures urgents en mat\u00e8ria de conciliaci\u00f3 per ajudar a les institucions i a les fam\u00edlies a fer front al cost de la conciliaci\u00f3, impulsar programes de suport espec\u00edfics per les fam\u00edlies monoparentals, que els ajuntaments puguin contractar amb m\u00e9s agilitat serveis de conciliaci\u00f3 clau per les fam\u00edlies i garantir els drets dels treballadors i treballadores que desenvolupen teletreball respecte a les que ho fan presencial, aix\u00ed com a facilitar flexibilitat hor\u00e0ria i adaptacions de jornada per a la cura de menors sense que comporti p\u00e8rdua salarial.<\/span><\/div>\n","protected":false},"excerpt":{"rendered":"<p>El grup PSOE de l\u2019Ajuntament de Sant Joan de Labritja ha presentat la proposta de posar en marxa d\u2019un programa d\u2019atenci\u00f3 a les persones majors que viuen soles per combatre els efectes negatius de la soledat no desitjada, especialment despr\u00e9s de la Covid-19. El portaveu del PSOE a Sant Joan, Pep Torres &#8216;Peret&#8217;, recorda que&hellip;<\/p>\n","protected":false},"author":7,"featured_media":30914,"comment_status":"closed","ping_status":"closed","sticky":false,"template":"","format":"standard","meta":{"footnotes":""},"categories":[254,1,234,189],"tags":[],"class_list":["post-30913","post","type-post","status-publish","format-standard","has-post-thumbnail","hentry","category-covid-19","category-federacio-de-eivissa-portada","category-municipis","category-sant-joan-de-labritja"],"yoast_head":"<!-- This site is optimized with the Yoast SEO plugin v26.9 - https:\/\/yoast.com\/product\/yoast-seo-wordpress\/ -->\n<title>El PSOE de Sant Joan demana atenci\u00f3 per a les persones majors que viuen soles i mesures de conciliaci\u00f3 laboral i familiar - Federaci\u00f3 Socialista d&#039;Eivissa<\/title>\n<meta name=\"robots\" content=\"index, follow, max-snippet:-1, max-image-preview:large, max-video-preview:-1\" \/>\n<link rel=\"canonical\" href=\"https:\/\/www.psib-psoe.org\/eivissa\/el-psoe-de-sant-joan-demana-atencio-per-a-les-persones-majors-que-viuen-soles-i-mesures-de-conciliacio-laboral-i-familiar\/\" \/>\n<meta property=\"og:locale\" content=\"ca_ES\" \/>\n<meta property=\"og:type\" content=\"article\" \/>\n<meta property=\"og:title\" content=\"El PSOE de Sant Joan demana atenci\u00f3 per a les persones majors que viuen soles i mesures de conciliaci\u00f3 laboral i familiar - Federaci\u00f3 Socialista d&#039;Eivissa\" \/>\n<meta property=\"og:description\" content=\"El grup PSOE de l\u2019Ajuntament de Sant Joan de Labritja ha presentat la proposta de posar en marxa d\u2019un programa d\u2019atenci\u00f3 a les persones majors que viuen soles per combatre els efectes negatius de la soledat no desitjada, especialment despr\u00e9s de la Covid-19. El portaveu del PSOE a Sant Joan, Pep Torres &#8216;Peret&#8217;, recorda que&hellip;\" \/>\n<meta property=\"og:url\" content=\"https:\/\/www.psib-psoe.org\/eivissa\/el-psoe-de-sant-joan-demana-atencio-per-a-les-persones-majors-que-viuen-soles-i-mesures-de-conciliacio-laboral-i-familiar\/\" \/>\n<meta property=\"og:site_name\" content=\"Federaci\u00f3 Socialista d&#039;Eivissa\" \/>\n<meta property=\"article:published_time\" content=\"2020-06-03T08:33:17+00:00\" \/>\n<meta property=\"og:image\" content=\"https:\/\/www.psib-psoe.org\/eivissa\/wp-content\/uploads\/foto-peret-oficial.jpg\" \/>\n\t<meta property=\"og:image:width\" content=\"505\" \/>\n\t<meta property=\"og:image:height\" content=\"494\" \/>\n\t<meta property=\"og:image:type\" content=\"image\/jpeg\" \/>\n<meta name=\"author\" content=\"Josep Ripoll\" \/>\n<meta name=\"twitter:card\" content=\"summary_large_image\" \/>\n<meta name=\"twitter:label1\" content=\"Escrit per\" \/>\n\t<meta name=\"twitter:data1\" content=\"Josep Ripoll\" \/>\n\t<meta name=\"twitter:label2\" content=\"Temps estimat de lectura\" \/>\n\t<meta name=\"twitter:data2\" content=\"2 minuts\" \/>\n<script type=\"application\/ld+json\" class=\"yoast-schema-graph\">{\"@context\":\"https:\/\/schema.org\",\"@graph\":[{\"@type\":[\"Article\",\"BlogPosting\"],\"@id\":\"https:\/\/www.psib-psoe.org\/eivissa\/el-psoe-de-sant-joan-demana-atencio-per-a-les-persones-majors-que-viuen-soles-i-mesures-de-conciliacio-laboral-i-familiar\/#article\",\"isPartOf\":{\"@id\":\"https:\/\/www.psib-psoe.org\/eivissa\/el-psoe-de-sant-joan-demana-atencio-per-a-les-persones-majors-que-viuen-soles-i-mesures-de-conciliacio-laboral-i-familiar\/\"},\"author\":{\"name\":\"Josep Ripoll\",\"@id\":\"https:\/\/www.psib-psoe.org\/eivissa\/#\/schema\/person\/7a9d2841fb36f32e34fc0e9b245e8117\"},\"headline\":\"El PSOE de Sant Joan demana atenci\u00f3 per a les persones majors que viuen soles i mesures de conciliaci\u00f3 laboral i familiar\",\"datePublished\":\"2020-06-03T08:33:17+00:00\",\"mainEntityOfPage\":{\"@id\":\"https:\/\/www.psib-psoe.org\/eivissa\/el-psoe-de-sant-joan-demana-atencio-per-a-les-persones-majors-que-viuen-soles-i-mesures-de-conciliacio-laboral-i-familiar\/\"},\"wordCount\":478,\"publisher\":{\"@id\":\"https:\/\/www.psib-psoe.org\/eivissa\/#organization\"},\"image\":{\"@id\":\"https:\/\/www.psib-psoe.org\/eivissa\/el-psoe-de-sant-joan-demana-atencio-per-a-les-persones-majors-que-viuen-soles-i-mesures-de-conciliacio-laboral-i-familiar\/#primaryimage\"},\"thumbnailUrl\":\"https:\/\/www.psib-psoe.org\/eivissa\/wp-content\/uploads\/foto-peret-oficial.jpg\",\"articleSection\":[\"Covid-19\",\"Federaci\u00f3 d'Eivissa - Portada\",\"Municipis\",\"Sant Joan de Labritja\"],\"inLanguage\":\"ca\"},{\"@type\":\"WebPage\",\"@id\":\"https:\/\/www.psib-psoe.org\/eivissa\/el-psoe-de-sant-joan-demana-atencio-per-a-les-persones-majors-que-viuen-soles-i-mesures-de-conciliacio-laboral-i-familiar\/\",\"url\":\"https:\/\/www.psib-psoe.org\/eivissa\/el-psoe-de-sant-joan-demana-atencio-per-a-les-persones-majors-que-viuen-soles-i-mesures-de-conciliacio-laboral-i-familiar\/\",\"name\":\"El PSOE de Sant Joan demana atenci\u00f3 per a les persones majors que viuen soles i mesures de conciliaci\u00f3 laboral i familiar - Federaci\u00f3 Socialista d&#039;Eivissa\",\"isPartOf\":{\"@id\":\"https:\/\/www.psib-psoe.org\/eivissa\/#website\"},\"primaryImageOfPage\":{\"@id\":\"https:\/\/www.psib-psoe.org\/eivissa\/el-psoe-de-sant-joan-demana-atencio-per-a-les-persones-majors-que-viuen-soles-i-mesures-de-conciliacio-laboral-i-familiar\/#primaryimage\"},\"image\":{\"@id\":\"https:\/\/www.psib-psoe.org\/eivissa\/el-psoe-de-sant-joan-demana-atencio-per-a-les-persones-majors-que-viuen-soles-i-mesures-de-conciliacio-laboral-i-familiar\/#primaryimage\"},\"thumbnailUrl\":\"https:\/\/www.psib-psoe.org\/eivissa\/wp-content\/uploads\/foto-peret-oficial.jpg\",\"datePublished\":\"2020-06-03T08:33:17+00:00\",\"breadcrumb\":{\"@id\":\"https:\/\/www.psib-psoe.org\/eivissa\/el-psoe-de-sant-joan-demana-atencio-per-a-les-persones-majors-que-viuen-soles-i-mesures-de-conciliacio-laboral-i-familiar\/#breadcrumb\"},\"inLanguage\":\"ca\",\"potentialAction\":[{\"@type\":\"ReadAction\",\"target\":[\"https:\/\/www.psib-psoe.org\/eivissa\/el-psoe-de-sant-joan-demana-atencio-per-a-les-persones-majors-que-viuen-soles-i-mesures-de-conciliacio-laboral-i-familiar\/\"]}]},{\"@type\":\"ImageObject\",\"inLanguage\":\"ca\",\"@id\":\"https:\/\/www.psib-psoe.org\/eivissa\/el-psoe-de-sant-joan-demana-atencio-per-a-les-persones-majors-que-viuen-soles-i-mesures-de-conciliacio-laboral-i-familiar\/#primaryimage\",\"url\":\"https:\/\/www.psib-psoe.org\/eivissa\/wp-content\/uploads\/foto-peret-oficial.jpg\",\"contentUrl\":\"https:\/\/www.psib-psoe.org\/eivissa\/wp-content\/uploads\/foto-peret-oficial.jpg\",\"width\":505,\"height\":494},{\"@type\":\"BreadcrumbList\",\"@id\":\"https:\/\/www.psib-psoe.org\/eivissa\/el-psoe-de-sant-joan-demana-atencio-per-a-les-persones-majors-que-viuen-soles-i-mesures-de-conciliacio-laboral-i-familiar\/#breadcrumb\",\"itemListElement\":[{\"@type\":\"ListItem\",\"position\":1,\"name\":\"Inici\",\"item\":\"https:\/\/www.psib-psoe.org\/eivissa\/\"},{\"@type\":\"ListItem\",\"position\":2,\"name\":\"El PSOE de Sant Joan demana atenci\u00f3 per a les persones majors que viuen soles i mesures de conciliaci\u00f3 laboral i familiar\"}]},{\"@type\":\"WebSite\",\"@id\":\"https:\/\/www.psib-psoe.org\/eivissa\/#website\",\"url\":\"https:\/\/www.psib-psoe.org\/eivissa\/\",\"name\":\"Federaci\u00f3 Socialista d'Eivissa\",\"description\":\"Socialistes d&#039;Eivissa\",\"publisher\":{\"@id\":\"https:\/\/www.psib-psoe.org\/eivissa\/#organization\"},\"potentialAction\":[{\"@type\":\"SearchAction\",\"target\":{\"@type\":\"EntryPoint\",\"urlTemplate\":\"https:\/\/www.psib-psoe.org\/eivissa\/?s={search_term_string}\"},\"query-input\":{\"@type\":\"PropertyValueSpecification\",\"valueRequired\":true,\"valueName\":\"search_term_string\"}}],\"inLanguage\":\"ca\"},{\"@type\":\"Organization\",\"@id\":\"https:\/\/www.psib-psoe.org\/eivissa\/#organization\",\"name\":\"Federaci\u00f3 Socialista d'Eivissa\",\"url\":\"https:\/\/www.psib-psoe.org\/eivissa\/\",\"logo\":{\"@type\":\"ImageObject\",\"inLanguage\":\"ca\",\"@id\":\"https:\/\/www.psib-psoe.org\/eivissa\/#\/schema\/logo\/image\/\",\"url\":\"https:\/\/www.psib-psoe.org\/eivissa\/wp-content\/uploads\/LOGO-FSE-SOCIALISTA-DEIVISSA-HORI.png\",\"contentUrl\":\"https:\/\/www.psib-psoe.org\/eivissa\/wp-content\/uploads\/LOGO-FSE-SOCIALISTA-DEIVISSA-HORI.png\",\"width\":6000,\"height\":3104,\"caption\":\"Federaci\u00f3 Socialista d'Eivissa\"},\"image\":{\"@id\":\"https:\/\/www.psib-psoe.org\/eivissa\/#\/schema\/logo\/image\/\"}},{\"@type\":\"Person\",\"@id\":\"https:\/\/www.psib-psoe.org\/eivissa\/#\/schema\/person\/7a9d2841fb36f32e34fc0e9b245e8117\",\"name\":\"Josep Ripoll\",\"sameAs\":[\"http:\/\/www.psib-psoe.org\/eivissa\/wp-login.php\"],\"url\":\"https:\/\/www.psib-psoe.org\/eivissa\/author\/josep\/\"}]}<\/script>\n<!-- \/ Yoast SEO plugin. -->","yoast_head_json":{"title":"El PSOE de Sant Joan demana atenci\u00f3 per a les persones majors que viuen soles i mesures de conciliaci\u00f3 laboral i familiar - Federaci\u00f3 Socialista d&#039;Eivissa","robots":{"index":"index","follow":"follow","max-snippet":"max-snippet:-1","max-image-preview":"max-image-preview:large","max-video-preview":"max-video-preview:-1"},"canonical":"https:\/\/www.psib-psoe.org\/eivissa\/el-psoe-de-sant-joan-demana-atencio-per-a-les-persones-majors-que-viuen-soles-i-mesures-de-conciliacio-laboral-i-familiar\/","og_locale":"ca_ES","og_type":"article","og_title":"El PSOE de Sant Joan demana atenci\u00f3 per a les persones majors que viuen soles i mesures de conciliaci\u00f3 laboral i familiar - Federaci\u00f3 Socialista d&#039;Eivissa","og_description":"El grup PSOE de l\u2019Ajuntament de Sant Joan de Labritja ha presentat la proposta de posar en marxa d\u2019un programa d\u2019atenci\u00f3 a les persones majors que viuen soles per combatre els efectes negatius de la soledat no desitjada, especialment despr\u00e9s de la Covid-19. El portaveu del PSOE a Sant Joan, Pep Torres &#8216;Peret&#8217;, recorda que&hellip;","og_url":"https:\/\/www.psib-psoe.org\/eivissa\/el-psoe-de-sant-joan-demana-atencio-per-a-les-persones-majors-que-viuen-soles-i-mesures-de-conciliacio-laboral-i-familiar\/","og_site_name":"Federaci\u00f3 Socialista d&#039;Eivissa","article_published_time":"2020-06-03T08:33:17+00:00","og_image":[{"width":505,"height":494,"url":"https:\/\/www.psib-psoe.org\/eivissa\/wp-content\/uploads\/foto-peret-oficial.jpg","type":"image\/jpeg"}],"author":"Josep Ripoll","twitter_card":"summary_large_image","twitter_misc":{"Escrit per":"Josep Ripoll","Temps estimat de lectura":"2 minuts"},"schema":{"@context":"https:\/\/schema.org","@graph":[{"@type":["Article","BlogPosting"],"@id":"https:\/\/www.psib-psoe.org\/eivissa\/el-psoe-de-sant-joan-demana-atencio-per-a-les-persones-majors-que-viuen-soles-i-mesures-de-conciliacio-laboral-i-familiar\/#article","isPartOf":{"@id":"https:\/\/www.psib-psoe.org\/eivissa\/el-psoe-de-sant-joan-demana-atencio-per-a-les-persones-majors-que-viuen-soles-i-mesures-de-conciliacio-laboral-i-familiar\/"},"author":{"name":"Josep Ripoll","@id":"https:\/\/www.psib-psoe.org\/eivissa\/#\/schema\/person\/7a9d2841fb36f32e34fc0e9b245e8117"},"headline":"El PSOE de Sant Joan demana atenci\u00f3 per a les persones majors que viuen soles i mesures de conciliaci\u00f3 laboral i familiar","datePublished":"2020-06-03T08:33:17+00:00","mainEntityOfPage":{"@id":"https:\/\/www.psib-psoe.org\/eivissa\/el-psoe-de-sant-joan-demana-atencio-per-a-les-persones-majors-que-viuen-soles-i-mesures-de-conciliacio-laboral-i-familiar\/"},"wordCount":478,"publisher":{"@id":"https:\/\/www.psib-psoe.org\/eivissa\/#organization"},"image":{"@id":"https:\/\/www.psib-psoe.org\/eivissa\/el-psoe-de-sant-joan-demana-atencio-per-a-les-persones-majors-que-viuen-soles-i-mesures-de-conciliacio-laboral-i-familiar\/#primaryimage"},"thumbnailUrl":"https:\/\/www.psib-psoe.org\/eivissa\/wp-content\/uploads\/foto-peret-oficial.jpg","articleSection":["Covid-19","Federaci\u00f3 d'Eivissa - Portada","Municipis","Sant Joan de Labritja"],"inLanguage":"ca"},{"@type":"WebPage","@id":"https:\/\/www.psib-psoe.org\/eivissa\/el-psoe-de-sant-joan-demana-atencio-per-a-les-persones-majors-que-viuen-soles-i-mesures-de-conciliacio-laboral-i-familiar\/","url":"https:\/\/www.psib-psoe.org\/eivissa\/el-psoe-de-sant-joan-demana-atencio-per-a-les-persones-majors-que-viuen-soles-i-mesures-de-conciliacio-laboral-i-familiar\/","name":"El PSOE de Sant Joan demana atenci\u00f3 per a les persones majors que viuen soles i mesures de conciliaci\u00f3 laboral i familiar - Federaci\u00f3 Socialista d&#039;Eivissa","isPartOf":{"@id":"https:\/\/www.psib-psoe.org\/eivissa\/#website"},"primaryImageOfPage":{"@id":"https:\/\/www.psib-psoe.org\/eivissa\/el-psoe-de-sant-joan-demana-atencio-per-a-les-persones-majors-que-viuen-soles-i-mesures-de-conciliacio-laboral-i-familiar\/#primaryimage"},"image":{"@id":"https:\/\/www.psib-psoe.org\/eivissa\/el-psoe-de-sant-joan-demana-atencio-per-a-les-persones-majors-que-viuen-soles-i-mesures-de-conciliacio-laboral-i-familiar\/#primaryimage"},"thumbnailUrl":"https:\/\/www.psib-psoe.org\/eivissa\/wp-content\/uploads\/foto-peret-oficial.jpg","datePublished":"2020-06-03T08:33:17+00:00","breadcrumb":{"@id":"https:\/\/www.psib-psoe.org\/eivissa\/el-psoe-de-sant-joan-demana-atencio-per-a-les-persones-majors-que-viuen-soles-i-mesures-de-conciliacio-laboral-i-familiar\/#breadcrumb"},"inLanguage":"ca","potentialAction":[{"@type":"ReadAction","target":["https:\/\/www.psib-psoe.org\/eivissa\/el-psoe-de-sant-joan-demana-atencio-per-a-les-persones-majors-que-viuen-soles-i-mesures-de-conciliacio-laboral-i-familiar\/"]}]},{"@type":"ImageObject","inLanguage":"ca","@id":"https:\/\/www.psib-psoe.org\/eivissa\/el-psoe-de-sant-joan-demana-atencio-per-a-les-persones-majors-que-viuen-soles-i-mesures-de-conciliacio-laboral-i-familiar\/#primaryimage","url":"https:\/\/www.psib-psoe.org\/eivissa\/wp-content\/uploads\/foto-peret-oficial.jpg","contentUrl":"https:\/\/www.psib-psoe.org\/eivissa\/wp-content\/uploads\/foto-peret-oficial.jpg","width":505,"height":494},{"@type":"BreadcrumbList","@id":"https:\/\/www.psib-psoe.org\/eivissa\/el-psoe-de-sant-joan-demana-atencio-per-a-les-persones-majors-que-viuen-soles-i-mesures-de-conciliacio-laboral-i-familiar\/#breadcrumb","itemListElement":[{"@type":"ListItem","position":1,"name":"Inici","item":"https:\/\/www.psib-psoe.org\/eivissa\/"},{"@type":"ListItem","position":2,"name":"El PSOE de Sant Joan demana atenci\u00f3 per a les persones majors que viuen soles i mesures de conciliaci\u00f3 laboral i familiar"}]},{"@type":"WebSite","@id":"https:\/\/www.psib-psoe.org\/eivissa\/#website","url":"https:\/\/www.psib-psoe.org\/eivissa\/","name":"Federaci\u00f3 Socialista d'Eivissa","description":"Socialistes d&#039;Eivissa","publisher":{"@id":"https:\/\/www.psib-psoe.org\/eivissa\/#organization"},"potentialAction":[{"@type":"SearchAction","target":{"@type":"EntryPoint","urlTemplate":"https:\/\/www.psib-psoe.org\/eivissa\/?s={search_term_string}"},"query-input":{"@type":"PropertyValueSpecification","valueRequired":true,"valueName":"search_term_string"}}],"inLanguage":"ca"},{"@type":"Organization","@id":"https:\/\/www.psib-psoe.org\/eivissa\/#organization","name":"Federaci\u00f3 Socialista d'Eivissa","url":"https:\/\/www.psib-psoe.org\/eivissa\/","logo":{"@type":"ImageObject","inLanguage":"ca","@id":"https:\/\/www.psib-psoe.org\/eivissa\/#\/schema\/logo\/image\/","url":"https:\/\/www.psib-psoe.org\/eivissa\/wp-content\/uploads\/LOGO-FSE-SOCIALISTA-DEIVISSA-HORI.png","contentUrl":"https:\/\/www.psib-psoe.org\/eivissa\/wp-content\/uploads\/LOGO-FSE-SOCIALISTA-DEIVISSA-HORI.png","width":6000,"height":3104,"caption":"Federaci\u00f3 Socialista d'Eivissa"},"image":{"@id":"https:\/\/www.psib-psoe.org\/eivissa\/#\/schema\/logo\/image\/"}},{"@type":"Person","@id":"https:\/\/www.psib-psoe.org\/eivissa\/#\/schema\/person\/7a9d2841fb36f32e34fc0e9b245e8117","name":"Josep Ripoll","sameAs":["http:\/\/www.psib-psoe.org\/eivissa\/wp-login.php"],"url":"https:\/\/www.psib-psoe.org\/eivissa\/author\/josep\/"}]}},"_links":{"self":[{"href":"https:\/\/www.psib-psoe.org\/eivissa\/wp-json\/wp\/v2\/posts\/30913","targetHints":{"allow":["GET"]}}],"collection":[{"href":"https:\/\/www.psib-psoe.org\/eivissa\/wp-json\/wp\/v2\/posts"}],"about":[{"href":"https:\/\/www.psib-psoe.org\/eivissa\/wp-json\/wp\/v2\/types\/post"}],"author":[{"embeddable":true,"href":"https:\/\/www.psib-psoe.org\/eivissa\/wp-json\/wp\/v2\/users\/7"}],"replies":[{"embeddable":true,"href":"https:\/\/www.psib-psoe.org\/eivissa\/wp-json\/wp\/v2\/comments?post=30913"}],"version-history":[{"count":1,"href":"https:\/\/www.psib-psoe.org\/eivissa\/wp-json\/wp\/v2\/posts\/30913\/revisions"}],"predecessor-version":[{"id":30916,"href":"https:\/\/www.psib-psoe.org\/eivissa\/wp-json\/wp\/v2\/posts\/30913\/revisions\/30916"}],"wp:featuredmedia":[{"embeddable":true,"href":"https:\/\/www.psib-psoe.org\/eivissa\/wp-json\/wp\/v2\/media\/30914"}],"wp:attachment":[{"href":"https:\/\/www.psib-psoe.org\/eivissa\/wp-json\/wp\/v2\/media?parent=30913"}],"wp:term":[{"taxonomy":"category","embeddable":true,"href":"https:\/\/www.psib-psoe.org\/eivissa\/wp-json\/wp\/v2\/categories?post=30913"},{"taxonomy":"post_tag","embeddable":true,"href":"https:\/\/www.psib-psoe.org\/eivissa\/wp-json\/wp\/v2\/tags?post=30913"}],"curies":[{"name":"wp","href":"https:\/\/api.w.org\/{rel}","templated":true}]}}