{"id":30936,"date":"2020-06-05T18:25:55","date_gmt":"2020-06-05T16:25:55","guid":{"rendered":"https:\/\/www.psib-psoe.org\/eivissa\/?p=30936"},"modified":"2020-06-04T18:30:05","modified_gmt":"2020-06-04T16:30:05","slug":"el-congreso-aprueba-la-ultima-prorroga-del-estado-de-alarma-hasta-el-21-de-junio","status":"publish","type":"post","link":"https:\/\/www.psib-psoe.org\/eivissa\/el-congreso-aprueba-la-ultima-prorroga-del-estado-de-alarma-hasta-el-21-de-junio\/","title":{"rendered":"El Congreso aprueba la \u00faltima pr\u00f3rroga del estado de alarma hasta el 21 de junio"},"content":{"rendered":"<p>El Congreso ha dado\u00a0luz verde a la \u00faltima pr\u00f3rroga del estado de alarma hasta el 21 de junio, con 177 votos a favor, 155 en contra y 18 abstenciones.<\/p>\n<p>El presidente del Gobierno y secretario general del PSOE,\u00a0Pedro S\u00e1nchez, ha realizado este mi\u00e9rcoles un llamamiento a todos partidos de la C\u00e1mara a la \u201cconcordia\u201d y a la necesidad de \u201cuna nueva actitud pol\u00edtica: la del entendimiento\u201d, para transformar definitivamente Espa\u00f1a.<\/p>\n<p>El l\u00edder socialista ha se\u00f1alado que\u00a0\u201cnuestro pa\u00eds necesita soluciones urgentes\u201d y ha pedido trabajar \u201ccon urgencia y con responsabilidad, por el bien com\u00fan\u201d, \u201cdesde la misma bandera\u201d y dejando a un lado \u201cla costumbre de la crispaci\u00f3n\u201d.<\/p>\n<p>En el pleno en que ha solicitado a los grupos parlamentarios su apoyo para una \u00faltima y definitiva pr\u00f3rroga del estado de alarma, para culminar la desescalada y llegar a la nueva normalidad, Pedro S\u00e1nchez ha destacado que \u201cel enemigo es el virus\u201d y que \u201cla pol\u00edtica debe servir para combatirlo unidos\u201d.\u00a0\u201cEl virus no puede ser el pretexto para dividir y combatir al adversario. Menos a\u00fan, utilizando las v\u00edctimas como arma arrojadiza o apropi\u00e1ndose de una bandera que es de todos y que ondea hoy a media asta en el luto oficial m\u00e1s prolongado de nuestra historia\u201d.<\/p>\n<p>&nbsp;<\/p>\n<p>El l\u00edder socialista ha se\u00f1alado que \u201cnuestro pa\u00eds necesita soluciones urgentes\u201d y ha pedido trabajar \u201ccon urgencia y con responsabilidad, por el bien com\u00fan\u201d, \u201cdesde la misma bandera\u201d y dejando a un lado \u201cla costumbre de la crispaci\u00f3n\u201d.<\/p>\n<p>En el pleno en que ha solicitado a los grupos parlamentarios su apoyo para una \u00faltima y definitiva pr\u00f3rroga del estado de alarma, para culminar la desescalada y llegar a la nueva normalidad, Pedro S\u00e1nchez ha destacado que \u201cel enemigo es el virus\u201d y que \u201cla pol\u00edtica debe servir para combatirlo unidos\u201d. \u201cEl virus no puede ser el pretexto para dividir y combatir al adversario. Menos a\u00fan, utilizando las v\u00edctimas como arma arrojadiza o apropi\u00e1ndose de una bandera que es de todos y que ondea hoy a media asta en el luto oficial m\u00e1s prolongado de nuestra historia\u201d.<\/p>\n","protected":false},"excerpt":{"rendered":"<p>El Congreso ha dado\u00a0luz verde a la \u00faltima pr\u00f3rroga del estado de alarma hasta el 21 de junio, con 177 votos a favor, 155 en contra y 18 abstenciones. El presidente del Gobierno y secretario general del PSOE,\u00a0Pedro S\u00e1nchez, ha realizado este mi\u00e9rcoles un llamamiento a todos partidos de la C\u00e1mara a la \u201cconcordia\u201d y&hellip;<\/p>\n","protected":false},"author":7,"featured_media":30937,"comment_status":"closed","ping_status":"closed","sticky":false,"template":"","format":"standard","meta":{"footnotes":""},"categories":[1],"tags":[],"class_list":["post-30936","post","type-post","status-publish","format-standard","has-post-thumbnail","hentry","category-federacio-de-eivissa-portada"],"yoast_head":"<!-- This site is optimized with the Yoast SEO plugin v26.9 - https:\/\/yoast.com\/product\/yoast-seo-wordpress\/ -->\n<title>El Congreso aprueba la \u00faltima pr\u00f3rroga del estado de alarma hasta el 21 de junio - Federaci\u00f3 Socialista d&#039;Eivissa<\/title>\n<meta name=\"robots\" content=\"index, follow, max-snippet:-1, max-image-preview:large, max-video-preview:-1\" \/>\n<link rel=\"canonical\" href=\"https:\/\/www.psib-psoe.org\/eivissa\/el-congreso-aprueba-la-ultima-prorroga-del-estado-de-alarma-hasta-el-21-de-junio\/\" \/>\n<meta property=\"og:locale\" content=\"ca_ES\" \/>\n<meta property=\"og:type\" content=\"article\" \/>\n<meta property=\"og:title\" content=\"El Congreso aprueba la \u00faltima pr\u00f3rroga del estado de alarma hasta el 21 de junio - Federaci\u00f3 Socialista d&#039;Eivissa\" \/>\n<meta property=\"og:description\" content=\"El Congreso ha dado\u00a0luz verde a la \u00faltima pr\u00f3rroga del estado de alarma hasta el 21 de junio, con 177 votos a favor, 155 en contra y 18 abstenciones. El presidente del Gobierno y secretario general del PSOE,\u00a0Pedro S\u00e1nchez, ha realizado este mi\u00e9rcoles un llamamiento a todos partidos de la C\u00e1mara a la \u201cconcordia\u201d y&hellip;\" \/>\n<meta property=\"og:url\" content=\"https:\/\/www.psib-psoe.org\/eivissa\/el-congreso-aprueba-la-ultima-prorroga-del-estado-de-alarma-hasta-el-21-de-junio\/\" \/>\n<meta property=\"og:site_name\" content=\"Federaci\u00f3 Socialista d&#039;Eivissa\" \/>\n<meta property=\"article:published_time\" content=\"2020-06-05T16:25:55+00:00\" \/>\n<meta property=\"og:image\" content=\"https:\/\/www.psib-psoe.org\/eivissa\/wp-content\/uploads\/Captura-de-Pantalla-2020-06-04-a-les-18.28.52.png\" \/>\n\t<meta property=\"og:image:width\" content=\"1506\" \/>\n\t<meta property=\"og:image:height\" content=\"882\" \/>\n\t<meta property=\"og:image:type\" content=\"image\/png\" \/>\n<meta name=\"author\" content=\"Josep Ripoll\" \/>\n<meta name=\"twitter:card\" content=\"summary_large_image\" \/>\n<meta name=\"twitter:label1\" content=\"Escrit per\" \/>\n\t<meta name=\"twitter:data1\" content=\"Josep Ripoll\" \/>\n\t<meta name=\"twitter:label2\" content=\"Temps estimat de lectura\" \/>\n\t<meta name=\"twitter:data2\" content=\"2 minuts\" \/>\n<script type=\"application\/ld+json\" class=\"yoast-schema-graph\">{\"@context\":\"https:\/\/schema.org\",\"@graph\":[{\"@type\":[\"Article\",\"BlogPosting\"],\"@id\":\"https:\/\/www.psib-psoe.org\/eivissa\/el-congreso-aprueba-la-ultima-prorroga-del-estado-de-alarma-hasta-el-21-de-junio\/#article\",\"isPartOf\":{\"@id\":\"https:\/\/www.psib-psoe.org\/eivissa\/el-congreso-aprueba-la-ultima-prorroga-del-estado-de-alarma-hasta-el-21-de-junio\/\"},\"author\":{\"name\":\"Josep Ripoll\",\"@id\":\"https:\/\/www.psib-psoe.org\/eivissa\/#\/schema\/person\/7a9d2841fb36f32e34fc0e9b245e8117\"},\"headline\":\"El Congreso aprueba la \u00faltima pr\u00f3rroga del estado de alarma hasta el 21 de junio\",\"datePublished\":\"2020-06-05T16:25:55+00:00\",\"mainEntityOfPage\":{\"@id\":\"https:\/\/www.psib-psoe.org\/eivissa\/el-congreso-aprueba-la-ultima-prorroga-del-estado-de-alarma-hasta-el-21-de-junio\/\"},\"wordCount\":386,\"publisher\":{\"@id\":\"https:\/\/www.psib-psoe.org\/eivissa\/#organization\"},\"image\":{\"@id\":\"https:\/\/www.psib-psoe.org\/eivissa\/el-congreso-aprueba-la-ultima-prorroga-del-estado-de-alarma-hasta-el-21-de-junio\/#primaryimage\"},\"thumbnailUrl\":\"https:\/\/www.psib-psoe.org\/eivissa\/wp-content\/uploads\/Captura-de-Pantalla-2020-06-04-a-les-18.28.52.png\",\"articleSection\":[\"Federaci\u00f3 d'Eivissa - Portada\"],\"inLanguage\":\"ca\"},{\"@type\":\"WebPage\",\"@id\":\"https:\/\/www.psib-psoe.org\/eivissa\/el-congreso-aprueba-la-ultima-prorroga-del-estado-de-alarma-hasta-el-21-de-junio\/\",\"url\":\"https:\/\/www.psib-psoe.org\/eivissa\/el-congreso-aprueba-la-ultima-prorroga-del-estado-de-alarma-hasta-el-21-de-junio\/\",\"name\":\"El Congreso aprueba la \u00faltima pr\u00f3rroga del estado de alarma hasta el 21 de junio - Federaci\u00f3 Socialista d&#039;Eivissa\",\"isPartOf\":{\"@id\":\"https:\/\/www.psib-psoe.org\/eivissa\/#website\"},\"primaryImageOfPage\":{\"@id\":\"https:\/\/www.psib-psoe.org\/eivissa\/el-congreso-aprueba-la-ultima-prorroga-del-estado-de-alarma-hasta-el-21-de-junio\/#primaryimage\"},\"image\":{\"@id\":\"https:\/\/www.psib-psoe.org\/eivissa\/el-congreso-aprueba-la-ultima-prorroga-del-estado-de-alarma-hasta-el-21-de-junio\/#primaryimage\"},\"thumbnailUrl\":\"https:\/\/www.psib-psoe.org\/eivissa\/wp-content\/uploads\/Captura-de-Pantalla-2020-06-04-a-les-18.28.52.png\",\"datePublished\":\"2020-06-05T16:25:55+00:00\",\"breadcrumb\":{\"@id\":\"https:\/\/www.psib-psoe.org\/eivissa\/el-congreso-aprueba-la-ultima-prorroga-del-estado-de-alarma-hasta-el-21-de-junio\/#breadcrumb\"},\"inLanguage\":\"ca\",\"potentialAction\":[{\"@type\":\"ReadAction\",\"target\":[\"https:\/\/www.psib-psoe.org\/eivissa\/el-congreso-aprueba-la-ultima-prorroga-del-estado-de-alarma-hasta-el-21-de-junio\/\"]}]},{\"@type\":\"ImageObject\",\"inLanguage\":\"ca\",\"@id\":\"https:\/\/www.psib-psoe.org\/eivissa\/el-congreso-aprueba-la-ultima-prorroga-del-estado-de-alarma-hasta-el-21-de-junio\/#primaryimage\",\"url\":\"https:\/\/www.psib-psoe.org\/eivissa\/wp-content\/uploads\/Captura-de-Pantalla-2020-06-04-a-les-18.28.52.png\",\"contentUrl\":\"https:\/\/www.psib-psoe.org\/eivissa\/wp-content\/uploads\/Captura-de-Pantalla-2020-06-04-a-les-18.28.52.png\",\"width\":1506,\"height\":882},{\"@type\":\"BreadcrumbList\",\"@id\":\"https:\/\/www.psib-psoe.org\/eivissa\/el-congreso-aprueba-la-ultima-prorroga-del-estado-de-alarma-hasta-el-21-de-junio\/#breadcrumb\",\"itemListElement\":[{\"@type\":\"ListItem\",\"position\":1,\"name\":\"Inici\",\"item\":\"https:\/\/www.psib-psoe.org\/eivissa\/\"},{\"@type\":\"ListItem\",\"position\":2,\"name\":\"El Congreso aprueba la \u00faltima pr\u00f3rroga del estado de alarma hasta el 21 de junio\"}]},{\"@type\":\"WebSite\",\"@id\":\"https:\/\/www.psib-psoe.org\/eivissa\/#website\",\"url\":\"https:\/\/www.psib-psoe.org\/eivissa\/\",\"name\":\"Federaci\u00f3 Socialista d'Eivissa\",\"description\":\"Socialistes d&#039;Eivissa\",\"publisher\":{\"@id\":\"https:\/\/www.psib-psoe.org\/eivissa\/#organization\"},\"potentialAction\":[{\"@type\":\"SearchAction\",\"target\":{\"@type\":\"EntryPoint\",\"urlTemplate\":\"https:\/\/www.psib-psoe.org\/eivissa\/?s={search_term_string}\"},\"query-input\":{\"@type\":\"PropertyValueSpecification\",\"valueRequired\":true,\"valueName\":\"search_term_string\"}}],\"inLanguage\":\"ca\"},{\"@type\":\"Organization\",\"@id\":\"https:\/\/www.psib-psoe.org\/eivissa\/#organization\",\"name\":\"Federaci\u00f3 Socialista d'Eivissa\",\"url\":\"https:\/\/www.psib-psoe.org\/eivissa\/\",\"logo\":{\"@type\":\"ImageObject\",\"inLanguage\":\"ca\",\"@id\":\"https:\/\/www.psib-psoe.org\/eivissa\/#\/schema\/logo\/image\/\",\"url\":\"https:\/\/www.psib-psoe.org\/eivissa\/wp-content\/uploads\/LOGO-FSE-SOCIALISTA-DEIVISSA-HORI.png\",\"contentUrl\":\"https:\/\/www.psib-psoe.org\/eivissa\/wp-content\/uploads\/LOGO-FSE-SOCIALISTA-DEIVISSA-HORI.png\",\"width\":6000,\"height\":3104,\"caption\":\"Federaci\u00f3 Socialista d'Eivissa\"},\"image\":{\"@id\":\"https:\/\/www.psib-psoe.org\/eivissa\/#\/schema\/logo\/image\/\"}},{\"@type\":\"Person\",\"@id\":\"https:\/\/www.psib-psoe.org\/eivissa\/#\/schema\/person\/7a9d2841fb36f32e34fc0e9b245e8117\",\"name\":\"Josep Ripoll\",\"sameAs\":[\"http:\/\/www.psib-psoe.org\/eivissa\/wp-login.php\"],\"url\":\"https:\/\/www.psib-psoe.org\/eivissa\/author\/josep\/\"}]}<\/script>\n<!-- \/ Yoast SEO plugin. -->","yoast_head_json":{"title":"El Congreso aprueba la \u00faltima pr\u00f3rroga del estado de alarma hasta el 21 de junio - Federaci\u00f3 Socialista d&#039;Eivissa","robots":{"index":"index","follow":"follow","max-snippet":"max-snippet:-1","max-image-preview":"max-image-preview:large","max-video-preview":"max-video-preview:-1"},"canonical":"https:\/\/www.psib-psoe.org\/eivissa\/el-congreso-aprueba-la-ultima-prorroga-del-estado-de-alarma-hasta-el-21-de-junio\/","og_locale":"ca_ES","og_type":"article","og_title":"El Congreso aprueba la \u00faltima pr\u00f3rroga del estado de alarma hasta el 21 de junio - Federaci\u00f3 Socialista d&#039;Eivissa","og_description":"El Congreso ha dado\u00a0luz verde a la \u00faltima pr\u00f3rroga del estado de alarma hasta el 21 de junio, con 177 votos a favor, 155 en contra y 18 abstenciones. El presidente del Gobierno y secretario general del PSOE,\u00a0Pedro S\u00e1nchez, ha realizado este mi\u00e9rcoles un llamamiento a todos partidos de la C\u00e1mara a la \u201cconcordia\u201d y&hellip;","og_url":"https:\/\/www.psib-psoe.org\/eivissa\/el-congreso-aprueba-la-ultima-prorroga-del-estado-de-alarma-hasta-el-21-de-junio\/","og_site_name":"Federaci\u00f3 Socialista d&#039;Eivissa","article_published_time":"2020-06-05T16:25:55+00:00","og_image":[{"width":1506,"height":882,"url":"https:\/\/www.psib-psoe.org\/eivissa\/wp-content\/uploads\/Captura-de-Pantalla-2020-06-04-a-les-18.28.52.png","type":"image\/png"}],"author":"Josep Ripoll","twitter_card":"summary_large_image","twitter_misc":{"Escrit per":"Josep Ripoll","Temps estimat de lectura":"2 minuts"},"schema":{"@context":"https:\/\/schema.org","@graph":[{"@type":["Article","BlogPosting"],"@id":"https:\/\/www.psib-psoe.org\/eivissa\/el-congreso-aprueba-la-ultima-prorroga-del-estado-de-alarma-hasta-el-21-de-junio\/#article","isPartOf":{"@id":"https:\/\/www.psib-psoe.org\/eivissa\/el-congreso-aprueba-la-ultima-prorroga-del-estado-de-alarma-hasta-el-21-de-junio\/"},"author":{"name":"Josep Ripoll","@id":"https:\/\/www.psib-psoe.org\/eivissa\/#\/schema\/person\/7a9d2841fb36f32e34fc0e9b245e8117"},"headline":"El Congreso aprueba la \u00faltima pr\u00f3rroga del estado de alarma hasta el 21 de junio","datePublished":"2020-06-05T16:25:55+00:00","mainEntityOfPage":{"@id":"https:\/\/www.psib-psoe.org\/eivissa\/el-congreso-aprueba-la-ultima-prorroga-del-estado-de-alarma-hasta-el-21-de-junio\/"},"wordCount":386,"publisher":{"@id":"https:\/\/www.psib-psoe.org\/eivissa\/#organization"},"image":{"@id":"https:\/\/www.psib-psoe.org\/eivissa\/el-congreso-aprueba-la-ultima-prorroga-del-estado-de-alarma-hasta-el-21-de-junio\/#primaryimage"},"thumbnailUrl":"https:\/\/www.psib-psoe.org\/eivissa\/wp-content\/uploads\/Captura-de-Pantalla-2020-06-04-a-les-18.28.52.png","articleSection":["Federaci\u00f3 d'Eivissa - Portada"],"inLanguage":"ca"},{"@type":"WebPage","@id":"https:\/\/www.psib-psoe.org\/eivissa\/el-congreso-aprueba-la-ultima-prorroga-del-estado-de-alarma-hasta-el-21-de-junio\/","url":"https:\/\/www.psib-psoe.org\/eivissa\/el-congreso-aprueba-la-ultima-prorroga-del-estado-de-alarma-hasta-el-21-de-junio\/","name":"El Congreso aprueba la \u00faltima pr\u00f3rroga del estado de alarma hasta el 21 de junio - Federaci\u00f3 Socialista d&#039;Eivissa","isPartOf":{"@id":"https:\/\/www.psib-psoe.org\/eivissa\/#website"},"primaryImageOfPage":{"@id":"https:\/\/www.psib-psoe.org\/eivissa\/el-congreso-aprueba-la-ultima-prorroga-del-estado-de-alarma-hasta-el-21-de-junio\/#primaryimage"},"image":{"@id":"https:\/\/www.psib-psoe.org\/eivissa\/el-congreso-aprueba-la-ultima-prorroga-del-estado-de-alarma-hasta-el-21-de-junio\/#primaryimage"},"thumbnailUrl":"https:\/\/www.psib-psoe.org\/eivissa\/wp-content\/uploads\/Captura-de-Pantalla-2020-06-04-a-les-18.28.52.png","datePublished":"2020-06-05T16:25:55+00:00","breadcrumb":{"@id":"https:\/\/www.psib-psoe.org\/eivissa\/el-congreso-aprueba-la-ultima-prorroga-del-estado-de-alarma-hasta-el-21-de-junio\/#breadcrumb"},"inLanguage":"ca","potentialAction":[{"@type":"ReadAction","target":["https:\/\/www.psib-psoe.org\/eivissa\/el-congreso-aprueba-la-ultima-prorroga-del-estado-de-alarma-hasta-el-21-de-junio\/"]}]},{"@type":"ImageObject","inLanguage":"ca","@id":"https:\/\/www.psib-psoe.org\/eivissa\/el-congreso-aprueba-la-ultima-prorroga-del-estado-de-alarma-hasta-el-21-de-junio\/#primaryimage","url":"https:\/\/www.psib-psoe.org\/eivissa\/wp-content\/uploads\/Captura-de-Pantalla-2020-06-04-a-les-18.28.52.png","contentUrl":"https:\/\/www.psib-psoe.org\/eivissa\/wp-content\/uploads\/Captura-de-Pantalla-2020-06-04-a-les-18.28.52.png","width":1506,"height":882},{"@type":"BreadcrumbList","@id":"https:\/\/www.psib-psoe.org\/eivissa\/el-congreso-aprueba-la-ultima-prorroga-del-estado-de-alarma-hasta-el-21-de-junio\/#breadcrumb","itemListElement":[{"@type":"ListItem","position":1,"name":"Inici","item":"https:\/\/www.psib-psoe.org\/eivissa\/"},{"@type":"ListItem","position":2,"name":"El Congreso aprueba la \u00faltima pr\u00f3rroga del estado de alarma hasta el 21 de junio"}]},{"@type":"WebSite","@id":"https:\/\/www.psib-psoe.org\/eivissa\/#website","url":"https:\/\/www.psib-psoe.org\/eivissa\/","name":"Federaci\u00f3 Socialista d'Eivissa","description":"Socialistes d&#039;Eivissa","publisher":{"@id":"https:\/\/www.psib-psoe.org\/eivissa\/#organization"},"potentialAction":[{"@type":"SearchAction","target":{"@type":"EntryPoint","urlTemplate":"https:\/\/www.psib-psoe.org\/eivissa\/?s={search_term_string}"},"query-input":{"@type":"PropertyValueSpecification","valueRequired":true,"valueName":"search_term_string"}}],"inLanguage":"ca"},{"@type":"Organization","@id":"https:\/\/www.psib-psoe.org\/eivissa\/#organization","name":"Federaci\u00f3 Socialista d'Eivissa","url":"https:\/\/www.psib-psoe.org\/eivissa\/","logo":{"@type":"ImageObject","inLanguage":"ca","@id":"https:\/\/www.psib-psoe.org\/eivissa\/#\/schema\/logo\/image\/","url":"https:\/\/www.psib-psoe.org\/eivissa\/wp-content\/uploads\/LOGO-FSE-SOCIALISTA-DEIVISSA-HORI.png","contentUrl":"https:\/\/www.psib-psoe.org\/eivissa\/wp-content\/uploads\/LOGO-FSE-SOCIALISTA-DEIVISSA-HORI.png","width":6000,"height":3104,"caption":"Federaci\u00f3 Socialista d'Eivissa"},"image":{"@id":"https:\/\/www.psib-psoe.org\/eivissa\/#\/schema\/logo\/image\/"}},{"@type":"Person","@id":"https:\/\/www.psib-psoe.org\/eivissa\/#\/schema\/person\/7a9d2841fb36f32e34fc0e9b245e8117","name":"Josep Ripoll","sameAs":["http:\/\/www.psib-psoe.org\/eivissa\/wp-login.php"],"url":"https:\/\/www.psib-psoe.org\/eivissa\/author\/josep\/"}]}},"_links":{"self":[{"href":"https:\/\/www.psib-psoe.org\/eivissa\/wp-json\/wp\/v2\/posts\/30936","targetHints":{"allow":["GET"]}}],"collection":[{"href":"https:\/\/www.psib-psoe.org\/eivissa\/wp-json\/wp\/v2\/posts"}],"about":[{"href":"https:\/\/www.psib-psoe.org\/eivissa\/wp-json\/wp\/v2\/types\/post"}],"author":[{"embeddable":true,"href":"https:\/\/www.psib-psoe.org\/eivissa\/wp-json\/wp\/v2\/users\/7"}],"replies":[{"embeddable":true,"href":"https:\/\/www.psib-psoe.org\/eivissa\/wp-json\/wp\/v2\/comments?post=30936"}],"version-history":[{"count":1,"href":"https:\/\/www.psib-psoe.org\/eivissa\/wp-json\/wp\/v2\/posts\/30936\/revisions"}],"predecessor-version":[{"id":30939,"href":"https:\/\/www.psib-psoe.org\/eivissa\/wp-json\/wp\/v2\/posts\/30936\/revisions\/30939"}],"wp:featuredmedia":[{"embeddable":true,"href":"https:\/\/www.psib-psoe.org\/eivissa\/wp-json\/wp\/v2\/media\/30937"}],"wp:attachment":[{"href":"https:\/\/www.psib-psoe.org\/eivissa\/wp-json\/wp\/v2\/media?parent=30936"}],"wp:term":[{"taxonomy":"category","embeddable":true,"href":"https:\/\/www.psib-psoe.org\/eivissa\/wp-json\/wp\/v2\/categories?post=30936"},{"taxonomy":"post_tag","embeddable":true,"href":"https:\/\/www.psib-psoe.org\/eivissa\/wp-json\/wp\/v2\/tags?post=30936"}],"curies":[{"name":"wp","href":"https:\/\/api.w.org\/{rel}","templated":true}]}}