{"id":31025,"date":"2020-06-12T15:02:02","date_gmt":"2020-06-12T13:02:02","guid":{"rendered":"https:\/\/www.psib-psoe.org\/eivissa\/?p=31025"},"modified":"2020-06-11T13:13:50","modified_gmt":"2020-06-11T11:13:50","slug":"francina-armengol-respon-al-pp-haurien-destar-contents-que-som-la-primera-destinacio-turistica-que-obre-portes","status":"publish","type":"post","link":"https:\/\/www.psib-psoe.org\/eivissa\/francina-armengol-respon-al-pp-haurien-destar-contents-que-som-la-primera-destinacio-turistica-que-obre-portes\/","title":{"rendered":"Francina Armengol respon al PP: &#8220;Haurien d&#8217;estar contents que som la primera destinaci\u00f3 tur\u00edstica que obre portes&#8221;"},"content":{"rendered":"<p>La presidenta de les Illes Balears i secret\u00e0ria general del PSIB-PSOE, Francina Armengol, ha respost aquesta setmana al PP en el Ple del Parlament respecte a la falta de suport de la dreta a les mesures de reactivaci\u00f3 econ\u00f2mica:&#8221;Haurien d&#8217;estar contents que som la primera destinaci\u00f3 tur\u00edstica que obre les portes&#8221;, ha dit la presidenta al president del PP balear, Gabriel Company. <\/p>\n<p>Francina Armengol ha retret al PP el seu vot en contra del decret de reactivaci\u00f3 i que no doni suport a totes les pol\u00edtiques del Govern en mat\u00e8ria social i en favor de la reactivaci\u00f3 econ\u00f2mica superada la fase m\u00e9s cr\u00edtica de la crisi sanit\u00e0ria de la Covid-19.<\/p>\n<p>La presidenta recorda que el PP respon a les crisis &#8220;amb acomiadaments, precarietat i destrucci\u00f3 de l&#8217;Estat del Benestar&#8221;. Per contra,&#8221;la nostra resposta \u00e9s molt diferent: a m\u00e9s dificultats, m\u00e9s protecci\u00f3 de fam\u00edlies, treballadors i empreses&#8221;, recordant les mesures com els ERTO, renda social, Ingr\u00e9s M\u00ednim Vital, ajuts a aut\u00f2noms, plans pilot tur\u00edstics, etc.<\/p>\n<div id=\"fb-root\"><\/div>\n<p><script async=\"1\" defer=\"1\" crossorigin=\"anonymous\" src=\"https:\/\/connect.facebook.net\/de_DE\/sdk.js#xfbml=1&amp;version=v7.0\" nonce=\"zuP7rRjK\"><\/script><\/p>\n<div class=\"fb-video\" data-href=\"https:\/\/www.facebook.com\/farmengolsocias\/videos\/276520843703380\/\" data-width=\"1170\">\n<blockquote cite=\"https:\/\/www.facebook.com\/farmengolsocias\/videos\/276520843703380\/\" class=\"fb-xfbml-parse-ignore\"><p><a href=\"https:\/\/www.facebook.com\/farmengolsocias\/videos\/276520843703380\/\">M\u00e9s dificultats, m\u00e9s protecci\u00f3<\/a><\/p>\n<p>Acomiadaments, precarietat, destrucci\u00f3 de l&#039;Estat del Benestar. Aix\u00ed respon el PP a les crisis quan governa.La nostra resposta \u00e9s molt diferent: a m\u00e9s dificultats, m\u00e9s protecci\u00f3 de fam\u00edlies, treballadors i empreses amb ERTO, renda social, IMV, ajuts a aut\u00f2noms, plans pilot&#8230;<\/p>\n<p>Gepostet von <a href=\"https:\/\/www.facebook.com\/farmengolsocias\/\">Francina Armengol Socias<\/a> am Dienstag, 9. Juni 2020<\/p><\/blockquote>\n<\/div>\n","protected":false},"excerpt":{"rendered":"<p>La presidenta de les Illes Balears i secret\u00e0ria general del PSIB-PSOE, Francina Armengol, ha respost aquesta setmana al PP en el Ple del Parlament respecte a la falta de suport de la dreta a les mesures de reactivaci\u00f3 econ\u00f2mica:&#8221;Haurien d&#8217;estar contents que som la primera destinaci\u00f3 tur\u00edstica que obre les portes&#8221;, ha dit la presidenta&hellip;<\/p>\n","protected":false},"author":7,"featured_media":30730,"comment_status":"closed","ping_status":"closed","sticky":false,"template":"","format":"standard","meta":{"footnotes":""},"categories":[1,191],"tags":[],"class_list":["post-31025","post","type-post","status-publish","format-standard","has-post-thumbnail","hentry","category-federacio-de-eivissa-portada","category-govern-de-les-illes-balears-parlament"],"yoast_head":"<!-- This site is optimized with the Yoast SEO plugin v26.9 - https:\/\/yoast.com\/product\/yoast-seo-wordpress\/ -->\n<title>Francina Armengol respon al PP: &quot;Haurien d&#039;estar contents que som la primera destinaci\u00f3 tur\u00edstica que obre portes&quot; - Federaci\u00f3 Socialista d&#039;Eivissa<\/title>\n<meta name=\"robots\" content=\"index, follow, max-snippet:-1, max-image-preview:large, max-video-preview:-1\" \/>\n<link rel=\"canonical\" href=\"https:\/\/www.psib-psoe.org\/eivissa\/francina-armengol-respon-al-pp-haurien-destar-contents-que-som-la-primera-destinacio-turistica-que-obre-portes\/\" \/>\n<meta property=\"og:locale\" content=\"ca_ES\" \/>\n<meta property=\"og:type\" content=\"article\" \/>\n<meta property=\"og:title\" content=\"Francina Armengol respon al PP: &quot;Haurien d&#039;estar contents que som la primera destinaci\u00f3 tur\u00edstica que obre portes&quot; - Federaci\u00f3 Socialista d&#039;Eivissa\" \/>\n<meta property=\"og:description\" content=\"La presidenta de les Illes Balears i secret\u00e0ria general del PSIB-PSOE, Francina Armengol, ha respost aquesta setmana al PP en el Ple del Parlament respecte a la falta de suport de la dreta a les mesures de reactivaci\u00f3 econ\u00f2mica:&#8221;Haurien d&#8217;estar contents que som la primera destinaci\u00f3 tur\u00edstica que obre les portes&#8221;, ha dit la presidenta&hellip;\" \/>\n<meta property=\"og:url\" content=\"https:\/\/www.psib-psoe.org\/eivissa\/francina-armengol-respon-al-pp-haurien-destar-contents-que-som-la-primera-destinacio-turistica-que-obre-portes\/\" \/>\n<meta property=\"og:site_name\" content=\"Federaci\u00f3 Socialista d&#039;Eivissa\" \/>\n<meta property=\"article:published_time\" content=\"2020-06-12T13:02:02+00:00\" \/>\n<meta property=\"og:image\" content=\"https:\/\/www.psib-psoe.org\/eivissa\/wp-content\/uploads\/francina-20-maig.png\" \/>\n\t<meta property=\"og:image:width\" content=\"1432\" \/>\n\t<meta property=\"og:image:height\" content=\"786\" \/>\n\t<meta property=\"og:image:type\" content=\"image\/png\" \/>\n<meta name=\"author\" content=\"Josep Ripoll\" \/>\n<meta name=\"twitter:card\" content=\"summary_large_image\" \/>\n<meta name=\"twitter:label1\" content=\"Escrit per\" \/>\n\t<meta name=\"twitter:data1\" content=\"Josep Ripoll\" \/>\n\t<meta name=\"twitter:label2\" content=\"Temps estimat de lectura\" \/>\n\t<meta name=\"twitter:data2\" content=\"1 minut\" \/>\n<script type=\"application\/ld+json\" class=\"yoast-schema-graph\">{\"@context\":\"https:\/\/schema.org\",\"@graph\":[{\"@type\":[\"Article\",\"BlogPosting\"],\"@id\":\"https:\/\/www.psib-psoe.org\/eivissa\/francina-armengol-respon-al-pp-haurien-destar-contents-que-som-la-primera-destinacio-turistica-que-obre-portes\/#article\",\"isPartOf\":{\"@id\":\"https:\/\/www.psib-psoe.org\/eivissa\/francina-armengol-respon-al-pp-haurien-destar-contents-que-som-la-primera-destinacio-turistica-que-obre-portes\/\"},\"author\":{\"name\":\"Josep Ripoll\",\"@id\":\"https:\/\/www.psib-psoe.org\/eivissa\/#\/schema\/person\/7a9d2841fb36f32e34fc0e9b245e8117\"},\"headline\":\"Francina Armengol respon al PP: &#8220;Haurien d&#8217;estar contents que som la primera destinaci\u00f3 tur\u00edstica que obre portes&#8221;\",\"datePublished\":\"2020-06-12T13:02:02+00:00\",\"mainEntityOfPage\":{\"@id\":\"https:\/\/www.psib-psoe.org\/eivissa\/francina-armengol-respon-al-pp-haurien-destar-contents-que-som-la-primera-destinacio-turistica-que-obre-portes\/\"},\"wordCount\":208,\"publisher\":{\"@id\":\"https:\/\/www.psib-psoe.org\/eivissa\/#organization\"},\"image\":{\"@id\":\"https:\/\/www.psib-psoe.org\/eivissa\/francina-armengol-respon-al-pp-haurien-destar-contents-que-som-la-primera-destinacio-turistica-que-obre-portes\/#primaryimage\"},\"thumbnailUrl\":\"https:\/\/www.psib-psoe.org\/eivissa\/wp-content\/uploads\/francina-20-maig.png\",\"articleSection\":[\"Federaci\u00f3 d'Eivissa - Portada\",\"Govern de les Illes Balears - Parlament - PSIB-PSOE\"],\"inLanguage\":\"ca\"},{\"@type\":\"WebPage\",\"@id\":\"https:\/\/www.psib-psoe.org\/eivissa\/francina-armengol-respon-al-pp-haurien-destar-contents-que-som-la-primera-destinacio-turistica-que-obre-portes\/\",\"url\":\"https:\/\/www.psib-psoe.org\/eivissa\/francina-armengol-respon-al-pp-haurien-destar-contents-que-som-la-primera-destinacio-turistica-que-obre-portes\/\",\"name\":\"Francina Armengol respon al PP: \\\"Haurien d'estar contents que som la primera destinaci\u00f3 tur\u00edstica que obre portes\\\" - Federaci\u00f3 Socialista d&#039;Eivissa\",\"isPartOf\":{\"@id\":\"https:\/\/www.psib-psoe.org\/eivissa\/#website\"},\"primaryImageOfPage\":{\"@id\":\"https:\/\/www.psib-psoe.org\/eivissa\/francina-armengol-respon-al-pp-haurien-destar-contents-que-som-la-primera-destinacio-turistica-que-obre-portes\/#primaryimage\"},\"image\":{\"@id\":\"https:\/\/www.psib-psoe.org\/eivissa\/francina-armengol-respon-al-pp-haurien-destar-contents-que-som-la-primera-destinacio-turistica-que-obre-portes\/#primaryimage\"},\"thumbnailUrl\":\"https:\/\/www.psib-psoe.org\/eivissa\/wp-content\/uploads\/francina-20-maig.png\",\"datePublished\":\"2020-06-12T13:02:02+00:00\",\"breadcrumb\":{\"@id\":\"https:\/\/www.psib-psoe.org\/eivissa\/francina-armengol-respon-al-pp-haurien-destar-contents-que-som-la-primera-destinacio-turistica-que-obre-portes\/#breadcrumb\"},\"inLanguage\":\"ca\",\"potentialAction\":[{\"@type\":\"ReadAction\",\"target\":[\"https:\/\/www.psib-psoe.org\/eivissa\/francina-armengol-respon-al-pp-haurien-destar-contents-que-som-la-primera-destinacio-turistica-que-obre-portes\/\"]}]},{\"@type\":\"ImageObject\",\"inLanguage\":\"ca\",\"@id\":\"https:\/\/www.psib-psoe.org\/eivissa\/francina-armengol-respon-al-pp-haurien-destar-contents-que-som-la-primera-destinacio-turistica-que-obre-portes\/#primaryimage\",\"url\":\"https:\/\/www.psib-psoe.org\/eivissa\/wp-content\/uploads\/francina-20-maig.png\",\"contentUrl\":\"https:\/\/www.psib-psoe.org\/eivissa\/wp-content\/uploads\/francina-20-maig.png\",\"width\":1432,\"height\":786},{\"@type\":\"BreadcrumbList\",\"@id\":\"https:\/\/www.psib-psoe.org\/eivissa\/francina-armengol-respon-al-pp-haurien-destar-contents-que-som-la-primera-destinacio-turistica-que-obre-portes\/#breadcrumb\",\"itemListElement\":[{\"@type\":\"ListItem\",\"position\":1,\"name\":\"Inici\",\"item\":\"https:\/\/www.psib-psoe.org\/eivissa\/\"},{\"@type\":\"ListItem\",\"position\":2,\"name\":\"Francina Armengol respon al PP: &#8220;Haurien d&#8217;estar contents que som la primera destinaci\u00f3 tur\u00edstica que obre portes&#8221;\"}]},{\"@type\":\"WebSite\",\"@id\":\"https:\/\/www.psib-psoe.org\/eivissa\/#website\",\"url\":\"https:\/\/www.psib-psoe.org\/eivissa\/\",\"name\":\"Federaci\u00f3 Socialista d'Eivissa\",\"description\":\"Socialistes d&#039;Eivissa\",\"publisher\":{\"@id\":\"https:\/\/www.psib-psoe.org\/eivissa\/#organization\"},\"potentialAction\":[{\"@type\":\"SearchAction\",\"target\":{\"@type\":\"EntryPoint\",\"urlTemplate\":\"https:\/\/www.psib-psoe.org\/eivissa\/?s={search_term_string}\"},\"query-input\":{\"@type\":\"PropertyValueSpecification\",\"valueRequired\":true,\"valueName\":\"search_term_string\"}}],\"inLanguage\":\"ca\"},{\"@type\":\"Organization\",\"@id\":\"https:\/\/www.psib-psoe.org\/eivissa\/#organization\",\"name\":\"Federaci\u00f3 Socialista d'Eivissa\",\"url\":\"https:\/\/www.psib-psoe.org\/eivissa\/\",\"logo\":{\"@type\":\"ImageObject\",\"inLanguage\":\"ca\",\"@id\":\"https:\/\/www.psib-psoe.org\/eivissa\/#\/schema\/logo\/image\/\",\"url\":\"https:\/\/www.psib-psoe.org\/eivissa\/wp-content\/uploads\/LOGO-FSE-SOCIALISTA-DEIVISSA-HORI.png\",\"contentUrl\":\"https:\/\/www.psib-psoe.org\/eivissa\/wp-content\/uploads\/LOGO-FSE-SOCIALISTA-DEIVISSA-HORI.png\",\"width\":6000,\"height\":3104,\"caption\":\"Federaci\u00f3 Socialista d'Eivissa\"},\"image\":{\"@id\":\"https:\/\/www.psib-psoe.org\/eivissa\/#\/schema\/logo\/image\/\"}},{\"@type\":\"Person\",\"@id\":\"https:\/\/www.psib-psoe.org\/eivissa\/#\/schema\/person\/7a9d2841fb36f32e34fc0e9b245e8117\",\"name\":\"Josep Ripoll\",\"sameAs\":[\"http:\/\/www.psib-psoe.org\/eivissa\/wp-login.php\"],\"url\":\"https:\/\/www.psib-psoe.org\/eivissa\/author\/josep\/\"}]}<\/script>\n<!-- \/ Yoast SEO plugin. -->","yoast_head_json":{"title":"Francina Armengol respon al PP: \"Haurien d'estar contents que som la primera destinaci\u00f3 tur\u00edstica que obre portes\" - Federaci\u00f3 Socialista d&#039;Eivissa","robots":{"index":"index","follow":"follow","max-snippet":"max-snippet:-1","max-image-preview":"max-image-preview:large","max-video-preview":"max-video-preview:-1"},"canonical":"https:\/\/www.psib-psoe.org\/eivissa\/francina-armengol-respon-al-pp-haurien-destar-contents-que-som-la-primera-destinacio-turistica-que-obre-portes\/","og_locale":"ca_ES","og_type":"article","og_title":"Francina Armengol respon al PP: \"Haurien d'estar contents que som la primera destinaci\u00f3 tur\u00edstica que obre portes\" - Federaci\u00f3 Socialista d&#039;Eivissa","og_description":"La presidenta de les Illes Balears i secret\u00e0ria general del PSIB-PSOE, Francina Armengol, ha respost aquesta setmana al PP en el Ple del Parlament respecte a la falta de suport de la dreta a les mesures de reactivaci\u00f3 econ\u00f2mica:&#8221;Haurien d&#8217;estar contents que som la primera destinaci\u00f3 tur\u00edstica que obre les portes&#8221;, ha dit la presidenta&hellip;","og_url":"https:\/\/www.psib-psoe.org\/eivissa\/francina-armengol-respon-al-pp-haurien-destar-contents-que-som-la-primera-destinacio-turistica-que-obre-portes\/","og_site_name":"Federaci\u00f3 Socialista d&#039;Eivissa","article_published_time":"2020-06-12T13:02:02+00:00","og_image":[{"width":1432,"height":786,"url":"https:\/\/www.psib-psoe.org\/eivissa\/wp-content\/uploads\/francina-20-maig.png","type":"image\/png"}],"author":"Josep Ripoll","twitter_card":"summary_large_image","twitter_misc":{"Escrit per":"Josep Ripoll","Temps estimat de lectura":"1 minut"},"schema":{"@context":"https:\/\/schema.org","@graph":[{"@type":["Article","BlogPosting"],"@id":"https:\/\/www.psib-psoe.org\/eivissa\/francina-armengol-respon-al-pp-haurien-destar-contents-que-som-la-primera-destinacio-turistica-que-obre-portes\/#article","isPartOf":{"@id":"https:\/\/www.psib-psoe.org\/eivissa\/francina-armengol-respon-al-pp-haurien-destar-contents-que-som-la-primera-destinacio-turistica-que-obre-portes\/"},"author":{"name":"Josep Ripoll","@id":"https:\/\/www.psib-psoe.org\/eivissa\/#\/schema\/person\/7a9d2841fb36f32e34fc0e9b245e8117"},"headline":"Francina Armengol respon al PP: &#8220;Haurien d&#8217;estar contents que som la primera destinaci\u00f3 tur\u00edstica que obre portes&#8221;","datePublished":"2020-06-12T13:02:02+00:00","mainEntityOfPage":{"@id":"https:\/\/www.psib-psoe.org\/eivissa\/francina-armengol-respon-al-pp-haurien-destar-contents-que-som-la-primera-destinacio-turistica-que-obre-portes\/"},"wordCount":208,"publisher":{"@id":"https:\/\/www.psib-psoe.org\/eivissa\/#organization"},"image":{"@id":"https:\/\/www.psib-psoe.org\/eivissa\/francina-armengol-respon-al-pp-haurien-destar-contents-que-som-la-primera-destinacio-turistica-que-obre-portes\/#primaryimage"},"thumbnailUrl":"https:\/\/www.psib-psoe.org\/eivissa\/wp-content\/uploads\/francina-20-maig.png","articleSection":["Federaci\u00f3 d'Eivissa - Portada","Govern de les Illes Balears - Parlament - PSIB-PSOE"],"inLanguage":"ca"},{"@type":"WebPage","@id":"https:\/\/www.psib-psoe.org\/eivissa\/francina-armengol-respon-al-pp-haurien-destar-contents-que-som-la-primera-destinacio-turistica-que-obre-portes\/","url":"https:\/\/www.psib-psoe.org\/eivissa\/francina-armengol-respon-al-pp-haurien-destar-contents-que-som-la-primera-destinacio-turistica-que-obre-portes\/","name":"Francina Armengol respon al PP: \"Haurien d'estar contents que som la primera destinaci\u00f3 tur\u00edstica que obre portes\" - Federaci\u00f3 Socialista d&#039;Eivissa","isPartOf":{"@id":"https:\/\/www.psib-psoe.org\/eivissa\/#website"},"primaryImageOfPage":{"@id":"https:\/\/www.psib-psoe.org\/eivissa\/francina-armengol-respon-al-pp-haurien-destar-contents-que-som-la-primera-destinacio-turistica-que-obre-portes\/#primaryimage"},"image":{"@id":"https:\/\/www.psib-psoe.org\/eivissa\/francina-armengol-respon-al-pp-haurien-destar-contents-que-som-la-primera-destinacio-turistica-que-obre-portes\/#primaryimage"},"thumbnailUrl":"https:\/\/www.psib-psoe.org\/eivissa\/wp-content\/uploads\/francina-20-maig.png","datePublished":"2020-06-12T13:02:02+00:00","breadcrumb":{"@id":"https:\/\/www.psib-psoe.org\/eivissa\/francina-armengol-respon-al-pp-haurien-destar-contents-que-som-la-primera-destinacio-turistica-que-obre-portes\/#breadcrumb"},"inLanguage":"ca","potentialAction":[{"@type":"ReadAction","target":["https:\/\/www.psib-psoe.org\/eivissa\/francina-armengol-respon-al-pp-haurien-destar-contents-que-som-la-primera-destinacio-turistica-que-obre-portes\/"]}]},{"@type":"ImageObject","inLanguage":"ca","@id":"https:\/\/www.psib-psoe.org\/eivissa\/francina-armengol-respon-al-pp-haurien-destar-contents-que-som-la-primera-destinacio-turistica-que-obre-portes\/#primaryimage","url":"https:\/\/www.psib-psoe.org\/eivissa\/wp-content\/uploads\/francina-20-maig.png","contentUrl":"https:\/\/www.psib-psoe.org\/eivissa\/wp-content\/uploads\/francina-20-maig.png","width":1432,"height":786},{"@type":"BreadcrumbList","@id":"https:\/\/www.psib-psoe.org\/eivissa\/francina-armengol-respon-al-pp-haurien-destar-contents-que-som-la-primera-destinacio-turistica-que-obre-portes\/#breadcrumb","itemListElement":[{"@type":"ListItem","position":1,"name":"Inici","item":"https:\/\/www.psib-psoe.org\/eivissa\/"},{"@type":"ListItem","position":2,"name":"Francina Armengol respon al PP: &#8220;Haurien d&#8217;estar contents que som la primera destinaci\u00f3 tur\u00edstica que obre portes&#8221;"}]},{"@type":"WebSite","@id":"https:\/\/www.psib-psoe.org\/eivissa\/#website","url":"https:\/\/www.psib-psoe.org\/eivissa\/","name":"Federaci\u00f3 Socialista d'Eivissa","description":"Socialistes d&#039;Eivissa","publisher":{"@id":"https:\/\/www.psib-psoe.org\/eivissa\/#organization"},"potentialAction":[{"@type":"SearchAction","target":{"@type":"EntryPoint","urlTemplate":"https:\/\/www.psib-psoe.org\/eivissa\/?s={search_term_string}"},"query-input":{"@type":"PropertyValueSpecification","valueRequired":true,"valueName":"search_term_string"}}],"inLanguage":"ca"},{"@type":"Organization","@id":"https:\/\/www.psib-psoe.org\/eivissa\/#organization","name":"Federaci\u00f3 Socialista d'Eivissa","url":"https:\/\/www.psib-psoe.org\/eivissa\/","logo":{"@type":"ImageObject","inLanguage":"ca","@id":"https:\/\/www.psib-psoe.org\/eivissa\/#\/schema\/logo\/image\/","url":"https:\/\/www.psib-psoe.org\/eivissa\/wp-content\/uploads\/LOGO-FSE-SOCIALISTA-DEIVISSA-HORI.png","contentUrl":"https:\/\/www.psib-psoe.org\/eivissa\/wp-content\/uploads\/LOGO-FSE-SOCIALISTA-DEIVISSA-HORI.png","width":6000,"height":3104,"caption":"Federaci\u00f3 Socialista d'Eivissa"},"image":{"@id":"https:\/\/www.psib-psoe.org\/eivissa\/#\/schema\/logo\/image\/"}},{"@type":"Person","@id":"https:\/\/www.psib-psoe.org\/eivissa\/#\/schema\/person\/7a9d2841fb36f32e34fc0e9b245e8117","name":"Josep Ripoll","sameAs":["http:\/\/www.psib-psoe.org\/eivissa\/wp-login.php"],"url":"https:\/\/www.psib-psoe.org\/eivissa\/author\/josep\/"}]}},"_links":{"self":[{"href":"https:\/\/www.psib-psoe.org\/eivissa\/wp-json\/wp\/v2\/posts\/31025","targetHints":{"allow":["GET"]}}],"collection":[{"href":"https:\/\/www.psib-psoe.org\/eivissa\/wp-json\/wp\/v2\/posts"}],"about":[{"href":"https:\/\/www.psib-psoe.org\/eivissa\/wp-json\/wp\/v2\/types\/post"}],"author":[{"embeddable":true,"href":"https:\/\/www.psib-psoe.org\/eivissa\/wp-json\/wp\/v2\/users\/7"}],"replies":[{"embeddable":true,"href":"https:\/\/www.psib-psoe.org\/eivissa\/wp-json\/wp\/v2\/comments?post=31025"}],"version-history":[{"count":2,"href":"https:\/\/www.psib-psoe.org\/eivissa\/wp-json\/wp\/v2\/posts\/31025\/revisions"}],"predecessor-version":[{"id":31029,"href":"https:\/\/www.psib-psoe.org\/eivissa\/wp-json\/wp\/v2\/posts\/31025\/revisions\/31029"}],"wp:featuredmedia":[{"embeddable":true,"href":"https:\/\/www.psib-psoe.org\/eivissa\/wp-json\/wp\/v2\/media\/30730"}],"wp:attachment":[{"href":"https:\/\/www.psib-psoe.org\/eivissa\/wp-json\/wp\/v2\/media?parent=31025"}],"wp:term":[{"taxonomy":"category","embeddable":true,"href":"https:\/\/www.psib-psoe.org\/eivissa\/wp-json\/wp\/v2\/categories?post=31025"},{"taxonomy":"post_tag","embeddable":true,"href":"https:\/\/www.psib-psoe.org\/eivissa\/wp-json\/wp\/v2\/tags?post=31025"}],"curies":[{"name":"wp","href":"https:\/\/api.w.org\/{rel}","templated":true}]}}