{"id":31038,"date":"2020-06-12T17:09:05","date_gmt":"2020-06-12T15:09:05","guid":{"rendered":"https:\/\/www.psib-psoe.org\/eivissa\/?p=31038"},"modified":"2020-06-12T14:22:51","modified_gmt":"2020-06-12T12:22:51","slug":"como-sera-el-curso-escolar-2020-2021","status":"publish","type":"post","link":"https:\/\/www.psib-psoe.org\/eivissa\/como-sera-el-curso-escolar-2020-2021\/","title":{"rendered":"\u00bfC\u00f3mo ser\u00e1 el curso escolar 2020-2021?"},"content":{"rendered":"<p>El Ministerio de Educaci\u00f3n y Formaci\u00f3n Profesional (MEFP) y las Comunidades Aut\u00f3nomas han acordado adoptar la actividad lectiva presencial como principio general para el inicio y el desarrollo del curso escolar 2020-2021 con el m\u00e1ximo de garant\u00edas necesarias. El acuerdo, al que se han adherido todas las CCAA excepto Madrid y Pa\u00eds Vasco, recoge orientaciones para reforzar los d\u00e9ficits de aprendizaje provocados por la suspensi\u00f3n de actividad educativa presencial a causa del Covid-19 y para reducir la brecha digital.<\/p>\n<p>El curso comenzar\u00e1 en las fechas habituales del mes de septiembre, cumpliendo el m\u00ednimo de 175 jornadas lectivas y adapt\u00e1ndose su aplicaci\u00f3n a las circunstancias concretas de los centros. La actividad lectiva presencial ser\u00e1 el principio general. Las Administraciones educativas har\u00e1n lo posible para asegurar la modalidad presencial, cuya importancia para el desarrollo habitual de las tareas educativas y formativas ha quedado demostrada por la experiencia de este curso.<\/p>\n<p>Por otra parte, los centros educativos adaptar\u00e1n, en todas las etapas y ense\u00f1anzas, sus programaciones did\u00e1cticas para recuperar los aprendizajes imprescindibles no alcanzados a ra\u00edz de la pandemia y permitir as\u00ed al alumnado alcanzar los objetivos previstos. Siguiendo las directrices de las Administraciones educativas, los centros elaborar\u00e1n tambi\u00e9n planes de seguimiento y de apoyo para los alumnos que experimenten dificultades de aprendizaje o emocionales derivadas de las circunstancias actuales.<\/p>\n<p>Cada centro deber\u00e1 tener de forma complementaria un Plan de Inicio de Curso y Planes de Contingencia que prevean las actuaciones a realizar en funci\u00f3n de los distintos escenarios que puedan irse presentando.<\/p>\n<p>El acuerdo prev\u00e9 tambi\u00e9n trabajar con los servicios de prevenci\u00f3n de riesgos laborales para reducir al m\u00ednimo los riesgos del conjunto de la comunidad educativa. Los centros mantendr\u00e1n con el alumnado sesiones informativas y de recuerdo de las recomendaciones higi\u00e9nico-sanitarias.<\/p>\n<p>En relaci\u00f3n a los servicios complementarios habituales, como el transporte y los comedores, las administraciones educativas adoptar\u00e1n las medidas necesarias para asegurar su continuidad.<\/p>\n<p><strong>Lucha contra la brecha digital<\/strong><\/p>\n<p>Otra prioridad ser\u00e1 la de reducir la brecha digital, que el confinamiento ha puesto de manifiesto. Se prestar\u00e1 una especial atenci\u00f3n a la dotaci\u00f3n de equipamiento para los centros educativos y para los alumnos, mediante sistemas de entrega o de pr\u00e9stamo. Al mismo tiempo, se promover\u00e1n las acciones de formaci\u00f3n digital del profesorado y del alumnado y el asesoramiento de las familias. El MEFP y las Consejer\u00edas responsables de Educaci\u00f3n intensificar\u00e1n tambi\u00e9n las acciones de colaboraci\u00f3n para la elaboraci\u00f3n, difusi\u00f3n y oferta de recursos digitales para la ense\u00f1anza, el aprendizaje y la formaci\u00f3n de los diversos sectores de la comunidad educativa.<\/p>\n<p>Igualmente, se pondr\u00e1n en marcha programas de cooperaci\u00f3n territorial cofinanciados y orientados especialmente en dos direcciones: la recuperaci\u00f3n de los grupos de estudiantes que m\u00e1s han sufrido las dificultades vividas y la dotaci\u00f3n en equipamiento tecnol\u00f3gico que permita mantener el v\u00ednculo educativo. Por \u00faltimo, las administraciones educativas fomentar\u00e1n el trabajo colaborativo entre los docentes de los centros educativos para permitirles dar una respuesta coordinada frente a circunstancias imprevistas.<\/p>\n<p>El MEFP ha presentado durante la Conferencia un documento base elaborado junto al ministerio de Sanidad con medidas de higiene y seguridad para garantizar un curso seguro y para la detecci\u00f3n precoz de posibles casos de Covid-19 que ser\u00e1 trabajado conjuntamente con las Comunidades Aut\u00f3nomas y las autoridades sanitarias para alcanzar una propuesta consensuada.<\/p>\n","protected":false},"excerpt":{"rendered":"<p>El Ministerio de Educaci\u00f3n y Formaci\u00f3n Profesional (MEFP) y las Comunidades Aut\u00f3nomas han acordado adoptar la actividad lectiva presencial como principio general para el inicio y el desarrollo del curso escolar 2020-2021 con el m\u00e1ximo de garant\u00edas necesarias. El acuerdo, al que se han adherido todas las CCAA excepto Madrid y Pa\u00eds Vasco, recoge orientaciones&hellip;<\/p>\n","protected":false},"author":7,"featured_media":31039,"comment_status":"closed","ping_status":"closed","sticky":false,"template":"","format":"standard","meta":{"footnotes":""},"categories":[1],"tags":[],"class_list":["post-31038","post","type-post","status-publish","format-standard","has-post-thumbnail","hentry","category-federacio-de-eivissa-portada"],"yoast_head":"<!-- This site is optimized with the Yoast SEO plugin v26.9 - https:\/\/yoast.com\/product\/yoast-seo-wordpress\/ -->\n<title>\u00bfC\u00f3mo ser\u00e1 el curso escolar 2020-2021? - Federaci\u00f3 Socialista d&#039;Eivissa<\/title>\n<meta name=\"robots\" content=\"index, follow, max-snippet:-1, max-image-preview:large, max-video-preview:-1\" \/>\n<link rel=\"canonical\" href=\"https:\/\/www.psib-psoe.org\/eivissa\/como-sera-el-curso-escolar-2020-2021\/\" \/>\n<meta property=\"og:locale\" content=\"ca_ES\" \/>\n<meta property=\"og:type\" content=\"article\" \/>\n<meta property=\"og:title\" content=\"\u00bfC\u00f3mo ser\u00e1 el curso escolar 2020-2021? - Federaci\u00f3 Socialista d&#039;Eivissa\" \/>\n<meta property=\"og:description\" content=\"El Ministerio de Educaci\u00f3n y Formaci\u00f3n Profesional (MEFP) y las Comunidades Aut\u00f3nomas han acordado adoptar la actividad lectiva presencial como principio general para el inicio y el desarrollo del curso escolar 2020-2021 con el m\u00e1ximo de garant\u00edas necesarias. El acuerdo, al que se han adherido todas las CCAA excepto Madrid y Pa\u00eds Vasco, recoge orientaciones&hellip;\" \/>\n<meta property=\"og:url\" content=\"https:\/\/www.psib-psoe.org\/eivissa\/como-sera-el-curso-escolar-2020-2021\/\" \/>\n<meta property=\"og:site_name\" content=\"Federaci\u00f3 Socialista d&#039;Eivissa\" \/>\n<meta property=\"article:published_time\" content=\"2020-06-12T15:09:05+00:00\" \/>\n<meta property=\"og:image\" content=\"https:\/\/www.psib-psoe.org\/eivissa\/wp-content\/uploads\/Captura-de-Pantalla-2020-06-12-a-les-14.20.59-1024x562.png\" \/>\n\t<meta property=\"og:image:width\" content=\"1024\" \/>\n\t<meta property=\"og:image:height\" content=\"562\" \/>\n\t<meta property=\"og:image:type\" content=\"image\/png\" \/>\n<meta name=\"author\" content=\"Josep Ripoll\" \/>\n<meta name=\"twitter:card\" content=\"summary_large_image\" \/>\n<meta name=\"twitter:label1\" content=\"Escrit per\" \/>\n\t<meta name=\"twitter:data1\" content=\"Josep Ripoll\" \/>\n\t<meta name=\"twitter:label2\" content=\"Temps estimat de lectura\" \/>\n\t<meta name=\"twitter:data2\" content=\"3 minuts\" \/>\n<script type=\"application\/ld+json\" class=\"yoast-schema-graph\">{\"@context\":\"https:\/\/schema.org\",\"@graph\":[{\"@type\":[\"Article\",\"BlogPosting\"],\"@id\":\"https:\/\/www.psib-psoe.org\/eivissa\/como-sera-el-curso-escolar-2020-2021\/#article\",\"isPartOf\":{\"@id\":\"https:\/\/www.psib-psoe.org\/eivissa\/como-sera-el-curso-escolar-2020-2021\/\"},\"author\":{\"name\":\"Josep Ripoll\",\"@id\":\"https:\/\/www.psib-psoe.org\/eivissa\/#\/schema\/person\/7a9d2841fb36f32e34fc0e9b245e8117\"},\"headline\":\"\u00bfC\u00f3mo ser\u00e1 el curso escolar 2020-2021?\",\"datePublished\":\"2020-06-12T15:09:05+00:00\",\"mainEntityOfPage\":{\"@id\":\"https:\/\/www.psib-psoe.org\/eivissa\/como-sera-el-curso-escolar-2020-2021\/\"},\"wordCount\":598,\"publisher\":{\"@id\":\"https:\/\/www.psib-psoe.org\/eivissa\/#organization\"},\"image\":{\"@id\":\"https:\/\/www.psib-psoe.org\/eivissa\/como-sera-el-curso-escolar-2020-2021\/#primaryimage\"},\"thumbnailUrl\":\"https:\/\/www.psib-psoe.org\/eivissa\/wp-content\/uploads\/Captura-de-Pantalla-2020-06-12-a-les-14.20.59.png\",\"articleSection\":[\"Federaci\u00f3 d'Eivissa - Portada\"],\"inLanguage\":\"ca\"},{\"@type\":\"WebPage\",\"@id\":\"https:\/\/www.psib-psoe.org\/eivissa\/como-sera-el-curso-escolar-2020-2021\/\",\"url\":\"https:\/\/www.psib-psoe.org\/eivissa\/como-sera-el-curso-escolar-2020-2021\/\",\"name\":\"\u00bfC\u00f3mo ser\u00e1 el curso escolar 2020-2021? - Federaci\u00f3 Socialista d&#039;Eivissa\",\"isPartOf\":{\"@id\":\"https:\/\/www.psib-psoe.org\/eivissa\/#website\"},\"primaryImageOfPage\":{\"@id\":\"https:\/\/www.psib-psoe.org\/eivissa\/como-sera-el-curso-escolar-2020-2021\/#primaryimage\"},\"image\":{\"@id\":\"https:\/\/www.psib-psoe.org\/eivissa\/como-sera-el-curso-escolar-2020-2021\/#primaryimage\"},\"thumbnailUrl\":\"https:\/\/www.psib-psoe.org\/eivissa\/wp-content\/uploads\/Captura-de-Pantalla-2020-06-12-a-les-14.20.59.png\",\"datePublished\":\"2020-06-12T15:09:05+00:00\",\"breadcrumb\":{\"@id\":\"https:\/\/www.psib-psoe.org\/eivissa\/como-sera-el-curso-escolar-2020-2021\/#breadcrumb\"},\"inLanguage\":\"ca\",\"potentialAction\":[{\"@type\":\"ReadAction\",\"target\":[\"https:\/\/www.psib-psoe.org\/eivissa\/como-sera-el-curso-escolar-2020-2021\/\"]}]},{\"@type\":\"ImageObject\",\"inLanguage\":\"ca\",\"@id\":\"https:\/\/www.psib-psoe.org\/eivissa\/como-sera-el-curso-escolar-2020-2021\/#primaryimage\",\"url\":\"https:\/\/www.psib-psoe.org\/eivissa\/wp-content\/uploads\/Captura-de-Pantalla-2020-06-12-a-les-14.20.59.png\",\"contentUrl\":\"https:\/\/www.psib-psoe.org\/eivissa\/wp-content\/uploads\/Captura-de-Pantalla-2020-06-12-a-les-14.20.59.png\",\"width\":2316,\"height\":1270},{\"@type\":\"BreadcrumbList\",\"@id\":\"https:\/\/www.psib-psoe.org\/eivissa\/como-sera-el-curso-escolar-2020-2021\/#breadcrumb\",\"itemListElement\":[{\"@type\":\"ListItem\",\"position\":1,\"name\":\"Inici\",\"item\":\"https:\/\/www.psib-psoe.org\/eivissa\/\"},{\"@type\":\"ListItem\",\"position\":2,\"name\":\"\u00bfC\u00f3mo ser\u00e1 el curso escolar 2020-2021?\"}]},{\"@type\":\"WebSite\",\"@id\":\"https:\/\/www.psib-psoe.org\/eivissa\/#website\",\"url\":\"https:\/\/www.psib-psoe.org\/eivissa\/\",\"name\":\"Federaci\u00f3 Socialista d'Eivissa\",\"description\":\"Socialistes d&#039;Eivissa\",\"publisher\":{\"@id\":\"https:\/\/www.psib-psoe.org\/eivissa\/#organization\"},\"potentialAction\":[{\"@type\":\"SearchAction\",\"target\":{\"@type\":\"EntryPoint\",\"urlTemplate\":\"https:\/\/www.psib-psoe.org\/eivissa\/?s={search_term_string}\"},\"query-input\":{\"@type\":\"PropertyValueSpecification\",\"valueRequired\":true,\"valueName\":\"search_term_string\"}}],\"inLanguage\":\"ca\"},{\"@type\":\"Organization\",\"@id\":\"https:\/\/www.psib-psoe.org\/eivissa\/#organization\",\"name\":\"Federaci\u00f3 Socialista d'Eivissa\",\"url\":\"https:\/\/www.psib-psoe.org\/eivissa\/\",\"logo\":{\"@type\":\"ImageObject\",\"inLanguage\":\"ca\",\"@id\":\"https:\/\/www.psib-psoe.org\/eivissa\/#\/schema\/logo\/image\/\",\"url\":\"https:\/\/www.psib-psoe.org\/eivissa\/wp-content\/uploads\/LOGO-FSE-SOCIALISTA-DEIVISSA-HORI.png\",\"contentUrl\":\"https:\/\/www.psib-psoe.org\/eivissa\/wp-content\/uploads\/LOGO-FSE-SOCIALISTA-DEIVISSA-HORI.png\",\"width\":6000,\"height\":3104,\"caption\":\"Federaci\u00f3 Socialista d'Eivissa\"},\"image\":{\"@id\":\"https:\/\/www.psib-psoe.org\/eivissa\/#\/schema\/logo\/image\/\"}},{\"@type\":\"Person\",\"@id\":\"https:\/\/www.psib-psoe.org\/eivissa\/#\/schema\/person\/7a9d2841fb36f32e34fc0e9b245e8117\",\"name\":\"Josep Ripoll\",\"sameAs\":[\"http:\/\/www.psib-psoe.org\/eivissa\/wp-login.php\"],\"url\":\"https:\/\/www.psib-psoe.org\/eivissa\/author\/josep\/\"}]}<\/script>\n<!-- \/ Yoast SEO plugin. -->","yoast_head_json":{"title":"\u00bfC\u00f3mo ser\u00e1 el curso escolar 2020-2021? - Federaci\u00f3 Socialista d&#039;Eivissa","robots":{"index":"index","follow":"follow","max-snippet":"max-snippet:-1","max-image-preview":"max-image-preview:large","max-video-preview":"max-video-preview:-1"},"canonical":"https:\/\/www.psib-psoe.org\/eivissa\/como-sera-el-curso-escolar-2020-2021\/","og_locale":"ca_ES","og_type":"article","og_title":"\u00bfC\u00f3mo ser\u00e1 el curso escolar 2020-2021? - Federaci\u00f3 Socialista d&#039;Eivissa","og_description":"El Ministerio de Educaci\u00f3n y Formaci\u00f3n Profesional (MEFP) y las Comunidades Aut\u00f3nomas han acordado adoptar la actividad lectiva presencial como principio general para el inicio y el desarrollo del curso escolar 2020-2021 con el m\u00e1ximo de garant\u00edas necesarias. El acuerdo, al que se han adherido todas las CCAA excepto Madrid y Pa\u00eds Vasco, recoge orientaciones&hellip;","og_url":"https:\/\/www.psib-psoe.org\/eivissa\/como-sera-el-curso-escolar-2020-2021\/","og_site_name":"Federaci\u00f3 Socialista d&#039;Eivissa","article_published_time":"2020-06-12T15:09:05+00:00","og_image":[{"width":1024,"height":562,"url":"https:\/\/www.psib-psoe.org\/eivissa\/wp-content\/uploads\/Captura-de-Pantalla-2020-06-12-a-les-14.20.59-1024x562.png","type":"image\/png"}],"author":"Josep Ripoll","twitter_card":"summary_large_image","twitter_misc":{"Escrit per":"Josep Ripoll","Temps estimat de lectura":"3 minuts"},"schema":{"@context":"https:\/\/schema.org","@graph":[{"@type":["Article","BlogPosting"],"@id":"https:\/\/www.psib-psoe.org\/eivissa\/como-sera-el-curso-escolar-2020-2021\/#article","isPartOf":{"@id":"https:\/\/www.psib-psoe.org\/eivissa\/como-sera-el-curso-escolar-2020-2021\/"},"author":{"name":"Josep Ripoll","@id":"https:\/\/www.psib-psoe.org\/eivissa\/#\/schema\/person\/7a9d2841fb36f32e34fc0e9b245e8117"},"headline":"\u00bfC\u00f3mo ser\u00e1 el curso escolar 2020-2021?","datePublished":"2020-06-12T15:09:05+00:00","mainEntityOfPage":{"@id":"https:\/\/www.psib-psoe.org\/eivissa\/como-sera-el-curso-escolar-2020-2021\/"},"wordCount":598,"publisher":{"@id":"https:\/\/www.psib-psoe.org\/eivissa\/#organization"},"image":{"@id":"https:\/\/www.psib-psoe.org\/eivissa\/como-sera-el-curso-escolar-2020-2021\/#primaryimage"},"thumbnailUrl":"https:\/\/www.psib-psoe.org\/eivissa\/wp-content\/uploads\/Captura-de-Pantalla-2020-06-12-a-les-14.20.59.png","articleSection":["Federaci\u00f3 d'Eivissa - Portada"],"inLanguage":"ca"},{"@type":"WebPage","@id":"https:\/\/www.psib-psoe.org\/eivissa\/como-sera-el-curso-escolar-2020-2021\/","url":"https:\/\/www.psib-psoe.org\/eivissa\/como-sera-el-curso-escolar-2020-2021\/","name":"\u00bfC\u00f3mo ser\u00e1 el curso escolar 2020-2021? - Federaci\u00f3 Socialista d&#039;Eivissa","isPartOf":{"@id":"https:\/\/www.psib-psoe.org\/eivissa\/#website"},"primaryImageOfPage":{"@id":"https:\/\/www.psib-psoe.org\/eivissa\/como-sera-el-curso-escolar-2020-2021\/#primaryimage"},"image":{"@id":"https:\/\/www.psib-psoe.org\/eivissa\/como-sera-el-curso-escolar-2020-2021\/#primaryimage"},"thumbnailUrl":"https:\/\/www.psib-psoe.org\/eivissa\/wp-content\/uploads\/Captura-de-Pantalla-2020-06-12-a-les-14.20.59.png","datePublished":"2020-06-12T15:09:05+00:00","breadcrumb":{"@id":"https:\/\/www.psib-psoe.org\/eivissa\/como-sera-el-curso-escolar-2020-2021\/#breadcrumb"},"inLanguage":"ca","potentialAction":[{"@type":"ReadAction","target":["https:\/\/www.psib-psoe.org\/eivissa\/como-sera-el-curso-escolar-2020-2021\/"]}]},{"@type":"ImageObject","inLanguage":"ca","@id":"https:\/\/www.psib-psoe.org\/eivissa\/como-sera-el-curso-escolar-2020-2021\/#primaryimage","url":"https:\/\/www.psib-psoe.org\/eivissa\/wp-content\/uploads\/Captura-de-Pantalla-2020-06-12-a-les-14.20.59.png","contentUrl":"https:\/\/www.psib-psoe.org\/eivissa\/wp-content\/uploads\/Captura-de-Pantalla-2020-06-12-a-les-14.20.59.png","width":2316,"height":1270},{"@type":"BreadcrumbList","@id":"https:\/\/www.psib-psoe.org\/eivissa\/como-sera-el-curso-escolar-2020-2021\/#breadcrumb","itemListElement":[{"@type":"ListItem","position":1,"name":"Inici","item":"https:\/\/www.psib-psoe.org\/eivissa\/"},{"@type":"ListItem","position":2,"name":"\u00bfC\u00f3mo ser\u00e1 el curso escolar 2020-2021?"}]},{"@type":"WebSite","@id":"https:\/\/www.psib-psoe.org\/eivissa\/#website","url":"https:\/\/www.psib-psoe.org\/eivissa\/","name":"Federaci\u00f3 Socialista d'Eivissa","description":"Socialistes d&#039;Eivissa","publisher":{"@id":"https:\/\/www.psib-psoe.org\/eivissa\/#organization"},"potentialAction":[{"@type":"SearchAction","target":{"@type":"EntryPoint","urlTemplate":"https:\/\/www.psib-psoe.org\/eivissa\/?s={search_term_string}"},"query-input":{"@type":"PropertyValueSpecification","valueRequired":true,"valueName":"search_term_string"}}],"inLanguage":"ca"},{"@type":"Organization","@id":"https:\/\/www.psib-psoe.org\/eivissa\/#organization","name":"Federaci\u00f3 Socialista d'Eivissa","url":"https:\/\/www.psib-psoe.org\/eivissa\/","logo":{"@type":"ImageObject","inLanguage":"ca","@id":"https:\/\/www.psib-psoe.org\/eivissa\/#\/schema\/logo\/image\/","url":"https:\/\/www.psib-psoe.org\/eivissa\/wp-content\/uploads\/LOGO-FSE-SOCIALISTA-DEIVISSA-HORI.png","contentUrl":"https:\/\/www.psib-psoe.org\/eivissa\/wp-content\/uploads\/LOGO-FSE-SOCIALISTA-DEIVISSA-HORI.png","width":6000,"height":3104,"caption":"Federaci\u00f3 Socialista d'Eivissa"},"image":{"@id":"https:\/\/www.psib-psoe.org\/eivissa\/#\/schema\/logo\/image\/"}},{"@type":"Person","@id":"https:\/\/www.psib-psoe.org\/eivissa\/#\/schema\/person\/7a9d2841fb36f32e34fc0e9b245e8117","name":"Josep Ripoll","sameAs":["http:\/\/www.psib-psoe.org\/eivissa\/wp-login.php"],"url":"https:\/\/www.psib-psoe.org\/eivissa\/author\/josep\/"}]}},"_links":{"self":[{"href":"https:\/\/www.psib-psoe.org\/eivissa\/wp-json\/wp\/v2\/posts\/31038","targetHints":{"allow":["GET"]}}],"collection":[{"href":"https:\/\/www.psib-psoe.org\/eivissa\/wp-json\/wp\/v2\/posts"}],"about":[{"href":"https:\/\/www.psib-psoe.org\/eivissa\/wp-json\/wp\/v2\/types\/post"}],"author":[{"embeddable":true,"href":"https:\/\/www.psib-psoe.org\/eivissa\/wp-json\/wp\/v2\/users\/7"}],"replies":[{"embeddable":true,"href":"https:\/\/www.psib-psoe.org\/eivissa\/wp-json\/wp\/v2\/comments?post=31038"}],"version-history":[{"count":1,"href":"https:\/\/www.psib-psoe.org\/eivissa\/wp-json\/wp\/v2\/posts\/31038\/revisions"}],"predecessor-version":[{"id":31041,"href":"https:\/\/www.psib-psoe.org\/eivissa\/wp-json\/wp\/v2\/posts\/31038\/revisions\/31041"}],"wp:featuredmedia":[{"embeddable":true,"href":"https:\/\/www.psib-psoe.org\/eivissa\/wp-json\/wp\/v2\/media\/31039"}],"wp:attachment":[{"href":"https:\/\/www.psib-psoe.org\/eivissa\/wp-json\/wp\/v2\/media?parent=31038"}],"wp:term":[{"taxonomy":"category","embeddable":true,"href":"https:\/\/www.psib-psoe.org\/eivissa\/wp-json\/wp\/v2\/categories?post=31038"},{"taxonomy":"post_tag","embeddable":true,"href":"https:\/\/www.psib-psoe.org\/eivissa\/wp-json\/wp\/v2\/tags?post=31038"}],"curies":[{"name":"wp","href":"https:\/\/api.w.org\/{rel}","templated":true}]}}