{"id":31071,"date":"2020-06-17T13:49:02","date_gmt":"2020-06-17T11:49:02","guid":{"rendered":"https:\/\/www.psib-psoe.org\/eivissa\/?p=31071"},"modified":"2020-06-19T13:09:23","modified_gmt":"2020-06-19T11:09:23","slug":"el-grup-psoe-critica-que-el-consell-insular-perd-el-temps-fent-campanya-contra-sanchez-i-armengol-en-comptes-de-treballar-per-reactivar-el-turisme","status":"publish","type":"post","link":"https:\/\/www.psib-psoe.org\/eivissa\/el-grup-psoe-critica-que-el-consell-insular-perd-el-temps-fent-campanya-contra-sanchez-i-armengol-en-comptes-de-treballar-per-reactivar-el-turisme\/","title":{"rendered":"El grup PSOE critica que el Consell Insular perd el temps fent campanya contra S\u00e1nchez i Armengol, en comptes de treballar per reactivar el turisme"},"content":{"rendered":"<p><span style=\"font-size: large;\">El grup PSOE critica que el Consell Insular no ha fet els deures en promoci\u00f3 tur\u00edstica: comencen a\u00a0<\/span>reobrir<span style=\"font-size: large;\"> les fronteres (Alemanya 15 de juny i resta espai Schengen 21 de juny) sense cap pla en marxa. El grup socialista lamenta que Vicent Mar\u00ed s&#8217;ha dedicat les \u00faltimes setmanes a fer campanya contra els governs de Pedro S\u00e1nchez i Francina Armengol, en comptes de treballar per reactivar el turisme.<\/span><\/p>\n<p><span style=\"font-size: large;\">A pesar que el Consell Insular t\u00e9 plenes compet\u00e8ncies en promoci\u00f3, l&#8217;\u00fanic que sabem \u00e9s que\u00a0<\/span>es<span style=\"font-size: large;\">\u00a0gastar\u00e0 250.000 euros en un espot publicitari dirigit al mercat nacional que es va comen\u00e7ar a rodar fa nom\u00e9s uns dies. Per contra, a pesar que avui comen\u00e7a el pla pilot amb Alemanya i que la setmana vinent reobren les fronteres d&#8217;Europa, no est\u00e0 en marxa cap pla de reactivaci\u00f3 o estrat\u00e8gia promocional amb els principals mercats emissors de turistes a l&#8217;illa.<\/span><\/p>\n<p><span style=\"font-size: large;\">El grup PSOE fa setmanes que reclama al Consell Insular que faci la\u00a0<\/span>seua<span style=\"font-size: large;\">\u00a0feina: el passat 8 de maig, el grup socialista va registrar un escrit demanant la creaci\u00f3 d&#8217;una Mesa de reactivaci\u00f3 del turisme, petici\u00f3 que no es va atendre. En tot aquest temps, \u00e9s m\u00e9s que evident la inacci\u00f3 de l&#8217;equip de govern i la nul\u00b7la activitat del director insular. Juan Miguel Costa (per exemple, no s&#8217;ha reunit amb els regidors de Turisme d&#8217;Eivissa en tots els mesos d&#8217;estat d&#8217;alarma i no els ha informat de la campanya de 250.000 euros).<\/span><\/p>\n<p><span style=\"font-size: large;\">Les conseq\u00fc\u00e8ncies de la par\u00e0lisi en promoci\u00f3 tur\u00edstica les\u00a0<\/span>comen\u00e7am<span style=\"font-size: large;\">\u00a0a pagar ara: no consten contactes amb\u00a0<\/span>turoperadors<span style=\"font-size: large;\">\u00a0alemanys ni campanyes espec\u00edfiques per aprofitar i ampliar el pla pilot d&#8217;aquesta setmana; no consten cap pla ni estrat\u00e8gia de promoci\u00f3 tur\u00edstica per a la reactivaci\u00f3 a partir del 21 de juny; i un suposat &#8220;pla de xoc&#8221; que compta amb menys recursos dels previstos inicialment per al 2020.<\/span><\/p>\n<p><span style=\"font-size: large;\">A m\u00e9s, el Consell Insular ha dit que destinar\u00e0 1,6 milions d&#8217;euros a aquest &#8220;pla de xoc&#8221; que no est\u00e0 definit (nom\u00e9s es coneix l&#8217;espot de 250.000 euros), quan el total previst en promoci\u00f3 tur\u00edstica per a l&#8217;exercici 2020 era de 2,1 milions d&#8217;euros. En\u00a0<\/span>trobam<span style=\"font-size: large;\">, per tant, que a pesar de la situaci\u00f3 excepcional a causa de la Covid-19, el Consell Insular invertir\u00e0 menys recursos per reactivar el turisme dels previstos inicialment en el seu pressupost anual, en comptes de fer un esfor\u00e7 extraordinari i ampliar les partides per ajudar a recuperar la ind\u00fastria que ocupa el 80% de l&#8217;activitat econ\u00f2mica de la nostra illa.<\/span><\/p>\n<p><span style=\"font-size: large;\">El grup PSOE insisteix que donar\u00e0 suport a totes les accions en promoci\u00f3 tur\u00edstica que faci el Consell Insular. Per\u00f2 no podem acceptar que passin els dies i que en comptes de fer la\u00a0<\/span>seua<span style=\"font-size: large;\">\u00a0feina, Vicent Mar\u00ed es dediqui\u00a0<\/span>\u00fanicament<span style=\"font-size: large;\">\u00a0a criticar\u00a0<\/span>als<span style=\"font-size: large;\">\u00a0que s\u00ed que treballen en favor de la reactivaci\u00f3 del turisme, com s\u00f3n els governs d&#8217;Espanya i de les Illes Balears, utilitzant una vegada m\u00e9s el Consell Insular de manera partidista per ajudar al PP en la seua campanya contra els governs progressistes.<\/span><\/p>\n","protected":false},"excerpt":{"rendered":"<p>El grup PSOE critica que el Consell Insular no ha fet els deures en promoci\u00f3 tur\u00edstica: comencen a\u00a0reobrir les fronteres (Alemanya 15 de juny i resta espai Schengen 21 de juny) sense cap pla en marxa. El grup socialista lamenta que Vicent Mar\u00ed s&#8217;ha dedicat les \u00faltimes setmanes a fer campanya contra els governs de&hellip;<\/p>\n","protected":false},"author":7,"featured_media":31072,"comment_status":"closed","ping_status":"closed","sticky":false,"template":"","format":"standard","meta":{"footnotes":""},"categories":[192,1],"tags":[],"class_list":["post-31071","post","type-post","status-publish","format-standard","has-post-thumbnail","hentry","category-consell-deivissa","category-federacio-de-eivissa-portada"],"yoast_head":"<!-- This site is optimized with the Yoast SEO plugin v26.9 - https:\/\/yoast.com\/product\/yoast-seo-wordpress\/ -->\n<title>El grup PSOE critica que el Consell Insular perd el temps fent campanya contra S\u00e1nchez i Armengol, en comptes de treballar per reactivar el turisme - Federaci\u00f3 Socialista d&#039;Eivissa<\/title>\n<meta name=\"robots\" content=\"index, follow, max-snippet:-1, max-image-preview:large, max-video-preview:-1\" \/>\n<link rel=\"canonical\" href=\"https:\/\/www.psib-psoe.org\/eivissa\/el-grup-psoe-critica-que-el-consell-insular-perd-el-temps-fent-campanya-contra-sanchez-i-armengol-en-comptes-de-treballar-per-reactivar-el-turisme\/\" \/>\n<meta property=\"og:locale\" content=\"ca_ES\" \/>\n<meta property=\"og:type\" content=\"article\" \/>\n<meta property=\"og:title\" content=\"El grup PSOE critica que el Consell Insular perd el temps fent campanya contra S\u00e1nchez i Armengol, en comptes de treballar per reactivar el turisme - Federaci\u00f3 Socialista d&#039;Eivissa\" \/>\n<meta property=\"og:description\" content=\"El grup PSOE critica que el Consell Insular no ha fet els deures en promoci\u00f3 tur\u00edstica: comencen a\u00a0reobrir les fronteres (Alemanya 15 de juny i resta espai Schengen 21 de juny) sense cap pla en marxa. El grup socialista lamenta que Vicent Mar\u00ed s&#8217;ha dedicat les \u00faltimes setmanes a fer campanya contra els governs de&hellip;\" \/>\n<meta property=\"og:url\" content=\"https:\/\/www.psib-psoe.org\/eivissa\/el-grup-psoe-critica-que-el-consell-insular-perd-el-temps-fent-campanya-contra-sanchez-i-armengol-en-comptes-de-treballar-per-reactivar-el-turisme\/\" \/>\n<meta property=\"og:site_name\" content=\"Federaci\u00f3 Socialista d&#039;Eivissa\" \/>\n<meta property=\"article:published_time\" content=\"2020-06-17T11:49:02+00:00\" \/>\n<meta property=\"article:modified_time\" content=\"2020-06-19T11:09:23+00:00\" \/>\n<meta property=\"og:image\" content=\"https:\/\/www.psib-psoe.org\/eivissa\/wp-content\/uploads\/Captura-de-Pantalla-2020-06-15-a-les-13.48.13.png\" \/>\n\t<meta property=\"og:image:width\" content=\"1730\" \/>\n\t<meta property=\"og:image:height\" content=\"910\" \/>\n\t<meta property=\"og:image:type\" content=\"image\/png\" \/>\n<meta name=\"author\" content=\"Josep Ripoll\" \/>\n<meta name=\"twitter:card\" content=\"summary_large_image\" \/>\n<meta name=\"twitter:label1\" content=\"Escrit per\" \/>\n\t<meta name=\"twitter:data1\" content=\"Josep Ripoll\" \/>\n\t<meta name=\"twitter:label2\" content=\"Temps estimat de lectura\" \/>\n\t<meta name=\"twitter:data2\" content=\"3 minuts\" \/>\n<script type=\"application\/ld+json\" class=\"yoast-schema-graph\">{\"@context\":\"https:\/\/schema.org\",\"@graph\":[{\"@type\":[\"Article\",\"BlogPosting\"],\"@id\":\"https:\/\/www.psib-psoe.org\/eivissa\/el-grup-psoe-critica-que-el-consell-insular-perd-el-temps-fent-campanya-contra-sanchez-i-armengol-en-comptes-de-treballar-per-reactivar-el-turisme\/#article\",\"isPartOf\":{\"@id\":\"https:\/\/www.psib-psoe.org\/eivissa\/el-grup-psoe-critica-que-el-consell-insular-perd-el-temps-fent-campanya-contra-sanchez-i-armengol-en-comptes-de-treballar-per-reactivar-el-turisme\/\"},\"author\":{\"name\":\"Josep Ripoll\",\"@id\":\"https:\/\/www.psib-psoe.org\/eivissa\/#\/schema\/person\/7a9d2841fb36f32e34fc0e9b245e8117\"},\"headline\":\"El grup PSOE critica que el Consell Insular perd el temps fent campanya contra S\u00e1nchez i Armengol, en comptes de treballar per reactivar el turisme\",\"datePublished\":\"2020-06-17T11:49:02+00:00\",\"dateModified\":\"2020-06-19T11:09:23+00:00\",\"mainEntityOfPage\":{\"@id\":\"https:\/\/www.psib-psoe.org\/eivissa\/el-grup-psoe-critica-que-el-consell-insular-perd-el-temps-fent-campanya-contra-sanchez-i-armengol-en-comptes-de-treballar-per-reactivar-el-turisme\/\"},\"wordCount\":541,\"publisher\":{\"@id\":\"https:\/\/www.psib-psoe.org\/eivissa\/#organization\"},\"image\":{\"@id\":\"https:\/\/www.psib-psoe.org\/eivissa\/el-grup-psoe-critica-que-el-consell-insular-perd-el-temps-fent-campanya-contra-sanchez-i-armengol-en-comptes-de-treballar-per-reactivar-el-turisme\/#primaryimage\"},\"thumbnailUrl\":\"https:\/\/www.psib-psoe.org\/eivissa\/wp-content\/uploads\/Captura-de-Pantalla-2020-06-15-a-les-13.48.13.png\",\"articleSection\":[\"Consell d'Eivissa\",\"Federaci\u00f3 d'Eivissa - Portada\"],\"inLanguage\":\"ca\"},{\"@type\":\"WebPage\",\"@id\":\"https:\/\/www.psib-psoe.org\/eivissa\/el-grup-psoe-critica-que-el-consell-insular-perd-el-temps-fent-campanya-contra-sanchez-i-armengol-en-comptes-de-treballar-per-reactivar-el-turisme\/\",\"url\":\"https:\/\/www.psib-psoe.org\/eivissa\/el-grup-psoe-critica-que-el-consell-insular-perd-el-temps-fent-campanya-contra-sanchez-i-armengol-en-comptes-de-treballar-per-reactivar-el-turisme\/\",\"name\":\"El grup PSOE critica que el Consell Insular perd el temps fent campanya contra S\u00e1nchez i Armengol, en comptes de treballar per reactivar el turisme - Federaci\u00f3 Socialista d&#039;Eivissa\",\"isPartOf\":{\"@id\":\"https:\/\/www.psib-psoe.org\/eivissa\/#website\"},\"primaryImageOfPage\":{\"@id\":\"https:\/\/www.psib-psoe.org\/eivissa\/el-grup-psoe-critica-que-el-consell-insular-perd-el-temps-fent-campanya-contra-sanchez-i-armengol-en-comptes-de-treballar-per-reactivar-el-turisme\/#primaryimage\"},\"image\":{\"@id\":\"https:\/\/www.psib-psoe.org\/eivissa\/el-grup-psoe-critica-que-el-consell-insular-perd-el-temps-fent-campanya-contra-sanchez-i-armengol-en-comptes-de-treballar-per-reactivar-el-turisme\/#primaryimage\"},\"thumbnailUrl\":\"https:\/\/www.psib-psoe.org\/eivissa\/wp-content\/uploads\/Captura-de-Pantalla-2020-06-15-a-les-13.48.13.png\",\"datePublished\":\"2020-06-17T11:49:02+00:00\",\"dateModified\":\"2020-06-19T11:09:23+00:00\",\"breadcrumb\":{\"@id\":\"https:\/\/www.psib-psoe.org\/eivissa\/el-grup-psoe-critica-que-el-consell-insular-perd-el-temps-fent-campanya-contra-sanchez-i-armengol-en-comptes-de-treballar-per-reactivar-el-turisme\/#breadcrumb\"},\"inLanguage\":\"ca\",\"potentialAction\":[{\"@type\":\"ReadAction\",\"target\":[\"https:\/\/www.psib-psoe.org\/eivissa\/el-grup-psoe-critica-que-el-consell-insular-perd-el-temps-fent-campanya-contra-sanchez-i-armengol-en-comptes-de-treballar-per-reactivar-el-turisme\/\"]}]},{\"@type\":\"ImageObject\",\"inLanguage\":\"ca\",\"@id\":\"https:\/\/www.psib-psoe.org\/eivissa\/el-grup-psoe-critica-que-el-consell-insular-perd-el-temps-fent-campanya-contra-sanchez-i-armengol-en-comptes-de-treballar-per-reactivar-el-turisme\/#primaryimage\",\"url\":\"https:\/\/www.psib-psoe.org\/eivissa\/wp-content\/uploads\/Captura-de-Pantalla-2020-06-15-a-les-13.48.13.png\",\"contentUrl\":\"https:\/\/www.psib-psoe.org\/eivissa\/wp-content\/uploads\/Captura-de-Pantalla-2020-06-15-a-les-13.48.13.png\",\"width\":1730,\"height\":910},{\"@type\":\"BreadcrumbList\",\"@id\":\"https:\/\/www.psib-psoe.org\/eivissa\/el-grup-psoe-critica-que-el-consell-insular-perd-el-temps-fent-campanya-contra-sanchez-i-armengol-en-comptes-de-treballar-per-reactivar-el-turisme\/#breadcrumb\",\"itemListElement\":[{\"@type\":\"ListItem\",\"position\":1,\"name\":\"Inici\",\"item\":\"https:\/\/www.psib-psoe.org\/eivissa\/\"},{\"@type\":\"ListItem\",\"position\":2,\"name\":\"El grup PSOE critica que el Consell Insular perd el temps fent campanya contra S\u00e1nchez i Armengol, en comptes de treballar per reactivar el turisme\"}]},{\"@type\":\"WebSite\",\"@id\":\"https:\/\/www.psib-psoe.org\/eivissa\/#website\",\"url\":\"https:\/\/www.psib-psoe.org\/eivissa\/\",\"name\":\"Federaci\u00f3 Socialista d'Eivissa\",\"description\":\"Socialistes d&#039;Eivissa\",\"publisher\":{\"@id\":\"https:\/\/www.psib-psoe.org\/eivissa\/#organization\"},\"potentialAction\":[{\"@type\":\"SearchAction\",\"target\":{\"@type\":\"EntryPoint\",\"urlTemplate\":\"https:\/\/www.psib-psoe.org\/eivissa\/?s={search_term_string}\"},\"query-input\":{\"@type\":\"PropertyValueSpecification\",\"valueRequired\":true,\"valueName\":\"search_term_string\"}}],\"inLanguage\":\"ca\"},{\"@type\":\"Organization\",\"@id\":\"https:\/\/www.psib-psoe.org\/eivissa\/#organization\",\"name\":\"Federaci\u00f3 Socialista d'Eivissa\",\"url\":\"https:\/\/www.psib-psoe.org\/eivissa\/\",\"logo\":{\"@type\":\"ImageObject\",\"inLanguage\":\"ca\",\"@id\":\"https:\/\/www.psib-psoe.org\/eivissa\/#\/schema\/logo\/image\/\",\"url\":\"https:\/\/www.psib-psoe.org\/eivissa\/wp-content\/uploads\/LOGO-FSE-SOCIALISTA-DEIVISSA-HORI.png\",\"contentUrl\":\"https:\/\/www.psib-psoe.org\/eivissa\/wp-content\/uploads\/LOGO-FSE-SOCIALISTA-DEIVISSA-HORI.png\",\"width\":6000,\"height\":3104,\"caption\":\"Federaci\u00f3 Socialista d'Eivissa\"},\"image\":{\"@id\":\"https:\/\/www.psib-psoe.org\/eivissa\/#\/schema\/logo\/image\/\"}},{\"@type\":\"Person\",\"@id\":\"https:\/\/www.psib-psoe.org\/eivissa\/#\/schema\/person\/7a9d2841fb36f32e34fc0e9b245e8117\",\"name\":\"Josep Ripoll\",\"sameAs\":[\"http:\/\/www.psib-psoe.org\/eivissa\/wp-login.php\"],\"url\":\"https:\/\/www.psib-psoe.org\/eivissa\/author\/josep\/\"}]}<\/script>\n<!-- \/ Yoast SEO plugin. -->","yoast_head_json":{"title":"El grup PSOE critica que el Consell Insular perd el temps fent campanya contra S\u00e1nchez i Armengol, en comptes de treballar per reactivar el turisme - Federaci\u00f3 Socialista d&#039;Eivissa","robots":{"index":"index","follow":"follow","max-snippet":"max-snippet:-1","max-image-preview":"max-image-preview:large","max-video-preview":"max-video-preview:-1"},"canonical":"https:\/\/www.psib-psoe.org\/eivissa\/el-grup-psoe-critica-que-el-consell-insular-perd-el-temps-fent-campanya-contra-sanchez-i-armengol-en-comptes-de-treballar-per-reactivar-el-turisme\/","og_locale":"ca_ES","og_type":"article","og_title":"El grup PSOE critica que el Consell Insular perd el temps fent campanya contra S\u00e1nchez i Armengol, en comptes de treballar per reactivar el turisme - Federaci\u00f3 Socialista d&#039;Eivissa","og_description":"El grup PSOE critica que el Consell Insular no ha fet els deures en promoci\u00f3 tur\u00edstica: comencen a\u00a0reobrir les fronteres (Alemanya 15 de juny i resta espai Schengen 21 de juny) sense cap pla en marxa. El grup socialista lamenta que Vicent Mar\u00ed s&#8217;ha dedicat les \u00faltimes setmanes a fer campanya contra els governs de&hellip;","og_url":"https:\/\/www.psib-psoe.org\/eivissa\/el-grup-psoe-critica-que-el-consell-insular-perd-el-temps-fent-campanya-contra-sanchez-i-armengol-en-comptes-de-treballar-per-reactivar-el-turisme\/","og_site_name":"Federaci\u00f3 Socialista d&#039;Eivissa","article_published_time":"2020-06-17T11:49:02+00:00","article_modified_time":"2020-06-19T11:09:23+00:00","og_image":[{"width":1730,"height":910,"url":"https:\/\/www.psib-psoe.org\/eivissa\/wp-content\/uploads\/Captura-de-Pantalla-2020-06-15-a-les-13.48.13.png","type":"image\/png"}],"author":"Josep Ripoll","twitter_card":"summary_large_image","twitter_misc":{"Escrit per":"Josep Ripoll","Temps estimat de lectura":"3 minuts"},"schema":{"@context":"https:\/\/schema.org","@graph":[{"@type":["Article","BlogPosting"],"@id":"https:\/\/www.psib-psoe.org\/eivissa\/el-grup-psoe-critica-que-el-consell-insular-perd-el-temps-fent-campanya-contra-sanchez-i-armengol-en-comptes-de-treballar-per-reactivar-el-turisme\/#article","isPartOf":{"@id":"https:\/\/www.psib-psoe.org\/eivissa\/el-grup-psoe-critica-que-el-consell-insular-perd-el-temps-fent-campanya-contra-sanchez-i-armengol-en-comptes-de-treballar-per-reactivar-el-turisme\/"},"author":{"name":"Josep Ripoll","@id":"https:\/\/www.psib-psoe.org\/eivissa\/#\/schema\/person\/7a9d2841fb36f32e34fc0e9b245e8117"},"headline":"El grup PSOE critica que el Consell Insular perd el temps fent campanya contra S\u00e1nchez i Armengol, en comptes de treballar per reactivar el turisme","datePublished":"2020-06-17T11:49:02+00:00","dateModified":"2020-06-19T11:09:23+00:00","mainEntityOfPage":{"@id":"https:\/\/www.psib-psoe.org\/eivissa\/el-grup-psoe-critica-que-el-consell-insular-perd-el-temps-fent-campanya-contra-sanchez-i-armengol-en-comptes-de-treballar-per-reactivar-el-turisme\/"},"wordCount":541,"publisher":{"@id":"https:\/\/www.psib-psoe.org\/eivissa\/#organization"},"image":{"@id":"https:\/\/www.psib-psoe.org\/eivissa\/el-grup-psoe-critica-que-el-consell-insular-perd-el-temps-fent-campanya-contra-sanchez-i-armengol-en-comptes-de-treballar-per-reactivar-el-turisme\/#primaryimage"},"thumbnailUrl":"https:\/\/www.psib-psoe.org\/eivissa\/wp-content\/uploads\/Captura-de-Pantalla-2020-06-15-a-les-13.48.13.png","articleSection":["Consell d'Eivissa","Federaci\u00f3 d'Eivissa - Portada"],"inLanguage":"ca"},{"@type":"WebPage","@id":"https:\/\/www.psib-psoe.org\/eivissa\/el-grup-psoe-critica-que-el-consell-insular-perd-el-temps-fent-campanya-contra-sanchez-i-armengol-en-comptes-de-treballar-per-reactivar-el-turisme\/","url":"https:\/\/www.psib-psoe.org\/eivissa\/el-grup-psoe-critica-que-el-consell-insular-perd-el-temps-fent-campanya-contra-sanchez-i-armengol-en-comptes-de-treballar-per-reactivar-el-turisme\/","name":"El grup PSOE critica que el Consell Insular perd el temps fent campanya contra S\u00e1nchez i Armengol, en comptes de treballar per reactivar el turisme - Federaci\u00f3 Socialista d&#039;Eivissa","isPartOf":{"@id":"https:\/\/www.psib-psoe.org\/eivissa\/#website"},"primaryImageOfPage":{"@id":"https:\/\/www.psib-psoe.org\/eivissa\/el-grup-psoe-critica-que-el-consell-insular-perd-el-temps-fent-campanya-contra-sanchez-i-armengol-en-comptes-de-treballar-per-reactivar-el-turisme\/#primaryimage"},"image":{"@id":"https:\/\/www.psib-psoe.org\/eivissa\/el-grup-psoe-critica-que-el-consell-insular-perd-el-temps-fent-campanya-contra-sanchez-i-armengol-en-comptes-de-treballar-per-reactivar-el-turisme\/#primaryimage"},"thumbnailUrl":"https:\/\/www.psib-psoe.org\/eivissa\/wp-content\/uploads\/Captura-de-Pantalla-2020-06-15-a-les-13.48.13.png","datePublished":"2020-06-17T11:49:02+00:00","dateModified":"2020-06-19T11:09:23+00:00","breadcrumb":{"@id":"https:\/\/www.psib-psoe.org\/eivissa\/el-grup-psoe-critica-que-el-consell-insular-perd-el-temps-fent-campanya-contra-sanchez-i-armengol-en-comptes-de-treballar-per-reactivar-el-turisme\/#breadcrumb"},"inLanguage":"ca","potentialAction":[{"@type":"ReadAction","target":["https:\/\/www.psib-psoe.org\/eivissa\/el-grup-psoe-critica-que-el-consell-insular-perd-el-temps-fent-campanya-contra-sanchez-i-armengol-en-comptes-de-treballar-per-reactivar-el-turisme\/"]}]},{"@type":"ImageObject","inLanguage":"ca","@id":"https:\/\/www.psib-psoe.org\/eivissa\/el-grup-psoe-critica-que-el-consell-insular-perd-el-temps-fent-campanya-contra-sanchez-i-armengol-en-comptes-de-treballar-per-reactivar-el-turisme\/#primaryimage","url":"https:\/\/www.psib-psoe.org\/eivissa\/wp-content\/uploads\/Captura-de-Pantalla-2020-06-15-a-les-13.48.13.png","contentUrl":"https:\/\/www.psib-psoe.org\/eivissa\/wp-content\/uploads\/Captura-de-Pantalla-2020-06-15-a-les-13.48.13.png","width":1730,"height":910},{"@type":"BreadcrumbList","@id":"https:\/\/www.psib-psoe.org\/eivissa\/el-grup-psoe-critica-que-el-consell-insular-perd-el-temps-fent-campanya-contra-sanchez-i-armengol-en-comptes-de-treballar-per-reactivar-el-turisme\/#breadcrumb","itemListElement":[{"@type":"ListItem","position":1,"name":"Inici","item":"https:\/\/www.psib-psoe.org\/eivissa\/"},{"@type":"ListItem","position":2,"name":"El grup PSOE critica que el Consell Insular perd el temps fent campanya contra S\u00e1nchez i Armengol, en comptes de treballar per reactivar el turisme"}]},{"@type":"WebSite","@id":"https:\/\/www.psib-psoe.org\/eivissa\/#website","url":"https:\/\/www.psib-psoe.org\/eivissa\/","name":"Federaci\u00f3 Socialista d'Eivissa","description":"Socialistes d&#039;Eivissa","publisher":{"@id":"https:\/\/www.psib-psoe.org\/eivissa\/#organization"},"potentialAction":[{"@type":"SearchAction","target":{"@type":"EntryPoint","urlTemplate":"https:\/\/www.psib-psoe.org\/eivissa\/?s={search_term_string}"},"query-input":{"@type":"PropertyValueSpecification","valueRequired":true,"valueName":"search_term_string"}}],"inLanguage":"ca"},{"@type":"Organization","@id":"https:\/\/www.psib-psoe.org\/eivissa\/#organization","name":"Federaci\u00f3 Socialista d'Eivissa","url":"https:\/\/www.psib-psoe.org\/eivissa\/","logo":{"@type":"ImageObject","inLanguage":"ca","@id":"https:\/\/www.psib-psoe.org\/eivissa\/#\/schema\/logo\/image\/","url":"https:\/\/www.psib-psoe.org\/eivissa\/wp-content\/uploads\/LOGO-FSE-SOCIALISTA-DEIVISSA-HORI.png","contentUrl":"https:\/\/www.psib-psoe.org\/eivissa\/wp-content\/uploads\/LOGO-FSE-SOCIALISTA-DEIVISSA-HORI.png","width":6000,"height":3104,"caption":"Federaci\u00f3 Socialista d'Eivissa"},"image":{"@id":"https:\/\/www.psib-psoe.org\/eivissa\/#\/schema\/logo\/image\/"}},{"@type":"Person","@id":"https:\/\/www.psib-psoe.org\/eivissa\/#\/schema\/person\/7a9d2841fb36f32e34fc0e9b245e8117","name":"Josep Ripoll","sameAs":["http:\/\/www.psib-psoe.org\/eivissa\/wp-login.php"],"url":"https:\/\/www.psib-psoe.org\/eivissa\/author\/josep\/"}]}},"_links":{"self":[{"href":"https:\/\/www.psib-psoe.org\/eivissa\/wp-json\/wp\/v2\/posts\/31071","targetHints":{"allow":["GET"]}}],"collection":[{"href":"https:\/\/www.psib-psoe.org\/eivissa\/wp-json\/wp\/v2\/posts"}],"about":[{"href":"https:\/\/www.psib-psoe.org\/eivissa\/wp-json\/wp\/v2\/types\/post"}],"author":[{"embeddable":true,"href":"https:\/\/www.psib-psoe.org\/eivissa\/wp-json\/wp\/v2\/users\/7"}],"replies":[{"embeddable":true,"href":"https:\/\/www.psib-psoe.org\/eivissa\/wp-json\/wp\/v2\/comments?post=31071"}],"version-history":[{"count":1,"href":"https:\/\/www.psib-psoe.org\/eivissa\/wp-json\/wp\/v2\/posts\/31071\/revisions"}],"predecessor-version":[{"id":31074,"href":"https:\/\/www.psib-psoe.org\/eivissa\/wp-json\/wp\/v2\/posts\/31071\/revisions\/31074"}],"wp:featuredmedia":[{"embeddable":true,"href":"https:\/\/www.psib-psoe.org\/eivissa\/wp-json\/wp\/v2\/media\/31072"}],"wp:attachment":[{"href":"https:\/\/www.psib-psoe.org\/eivissa\/wp-json\/wp\/v2\/media?parent=31071"}],"wp:term":[{"taxonomy":"category","embeddable":true,"href":"https:\/\/www.psib-psoe.org\/eivissa\/wp-json\/wp\/v2\/categories?post=31071"},{"taxonomy":"post_tag","embeddable":true,"href":"https:\/\/www.psib-psoe.org\/eivissa\/wp-json\/wp\/v2\/tags?post=31071"}],"curies":[{"name":"wp","href":"https:\/\/api.w.org\/{rel}","templated":true}]}}