{"id":31139,"date":"2020-06-20T11:26:15","date_gmt":"2020-06-20T09:26:15","guid":{"rendered":"https:\/\/www.psib-psoe.org\/eivissa\/?p=31139"},"modified":"2020-06-20T12:07:13","modified_gmt":"2020-06-20T10:07:13","slug":"mensaje-del-secretario-general-prioridades-socialistas-en-la-etapa-de-nueva-normalidad","status":"publish","type":"post","link":"https:\/\/www.psib-psoe.org\/eivissa\/mensaje-del-secretario-general-prioridades-socialistas-en-la-etapa-de-nueva-normalidad\/","title":{"rendered":"Mensaje del secretario general: Prioridades socialistas en la etapa de nueva normalidad"},"content":{"rendered":"<div class=\"wpb-content-wrapper\">[vc_row][vc_column][vc_column_text]Mensaje del secretario general de la FSE-PSOE, Josep Mar\u00ed Ribas, con motivo de la finalizaci\u00f3n del estado de alarma y el inicio de la etapa de nueva normalidad.<\/p>\n<p>V\u00eddeo:<\/p>\n<div class=\"flex-video widescreen youtube\"><iframe loading=\"lazy\" title=\"El sec. gen. FSE-PSOE, Josep Mar\u00ed Ribas, valora la finalitzaci\u00f3 de l&#039;estat d&#039;alarma\" width=\"1170\" height=\"658\" src=\"https:\/\/www.youtube.com\/embed\/x2kpNH1NcLg?feature=oembed&#038;showinfo=0&#038;rel=0&#038;modestbranding=1\" frameborder=\"0\" allow=\"accelerometer; autoplay; encrypted-media; gyroscope; picture-in-picture\" allowfullscreen><\/iframe><\/div>\n<\/div>","protected":false},"excerpt":{"rendered":"<p>[vc_row][vc_column][vc_column_text]Mensaje del secretario general de la FSE-PSOE, Josep Mar\u00ed Ribas, con motivo de la finalizaci\u00f3n del estado de alarma y el inicio de la etapa de nueva normalidad. V\u00eddeo:<\/p>\n","protected":false},"author":7,"featured_media":31143,"comment_status":"closed","ping_status":"closed","sticky":false,"template":"","format":"standard","meta":{"footnotes":""},"categories":[212],"tags":[],"class_list":["post-31139","post","type-post","status-publish","format-standard","has-post-thumbnail","hentry","category-fse-psoe"],"yoast_head":"<!-- This site is optimized with the Yoast SEO plugin v26.9 - https:\/\/yoast.com\/product\/yoast-seo-wordpress\/ -->\n<title>Mensaje del secretario general: Prioridades socialistas en la etapa de nueva normalidad - Federaci\u00f3 Socialista d&#039;Eivissa<\/title>\n<meta name=\"robots\" content=\"index, follow, max-snippet:-1, max-image-preview:large, max-video-preview:-1\" \/>\n<link rel=\"canonical\" href=\"https:\/\/www.psib-psoe.org\/eivissa\/mensaje-del-secretario-general-prioridades-socialistas-en-la-etapa-de-nueva-normalidad\/\" \/>\n<meta property=\"og:locale\" content=\"ca_ES\" \/>\n<meta property=\"og:type\" content=\"article\" \/>\n<meta property=\"og:title\" content=\"Mensaje del secretario general: Prioridades socialistas en la etapa de nueva normalidad - Federaci\u00f3 Socialista d&#039;Eivissa\" \/>\n<meta property=\"og:description\" content=\"[vc_row][vc_column][vc_column_text]Mensaje del secretario general de la FSE-PSOE, Josep Mar\u00ed Ribas, con motivo de la finalizaci\u00f3n del estado de alarma y el inicio de la etapa de nueva normalidad. V\u00eddeo:\" \/>\n<meta property=\"og:url\" content=\"https:\/\/www.psib-psoe.org\/eivissa\/mensaje-del-secretario-general-prioridades-socialistas-en-la-etapa-de-nueva-normalidad\/\" \/>\n<meta property=\"og:site_name\" content=\"Federaci\u00f3 Socialista d&#039;Eivissa\" \/>\n<meta property=\"article:published_time\" content=\"2020-06-20T09:26:15+00:00\" \/>\n<meta property=\"article:modified_time\" content=\"2020-06-20T10:07:13+00:00\" \/>\n<meta property=\"og:image\" content=\"https:\/\/www.psib-psoe.org\/eivissa\/wp-content\/uploads\/Josep-Mari\u0301-Ribas-e1592647013602.jpg\" \/>\n\t<meta property=\"og:image:width\" content=\"1221\" \/>\n\t<meta property=\"og:image:height\" content=\"697\" \/>\n\t<meta property=\"og:image:type\" content=\"image\/jpeg\" \/>\n<meta name=\"author\" content=\"Josep Ripoll\" \/>\n<meta name=\"twitter:card\" content=\"summary_large_image\" \/>\n<meta name=\"twitter:label1\" content=\"Escrit per\" \/>\n\t<meta name=\"twitter:data1\" content=\"Josep Ripoll\" \/>\n<script type=\"application\/ld+json\" class=\"yoast-schema-graph\">{\"@context\":\"https:\/\/schema.org\",\"@graph\":[{\"@type\":[\"Article\",\"BlogPosting\"],\"@id\":\"https:\/\/www.psib-psoe.org\/eivissa\/mensaje-del-secretario-general-prioridades-socialistas-en-la-etapa-de-nueva-normalidad\/#article\",\"isPartOf\":{\"@id\":\"https:\/\/www.psib-psoe.org\/eivissa\/mensaje-del-secretario-general-prioridades-socialistas-en-la-etapa-de-nueva-normalidad\/\"},\"author\":{\"name\":\"Josep Ripoll\",\"@id\":\"https:\/\/www.psib-psoe.org\/eivissa\/#\/schema\/person\/7a9d2841fb36f32e34fc0e9b245e8117\"},\"headline\":\"Mensaje del secretario general: Prioridades socialistas en la etapa de nueva normalidad\",\"datePublished\":\"2020-06-20T09:26:15+00:00\",\"dateModified\":\"2020-06-20T10:07:13+00:00\",\"mainEntityOfPage\":{\"@id\":\"https:\/\/www.psib-psoe.org\/eivissa\/mensaje-del-secretario-general-prioridades-socialistas-en-la-etapa-de-nueva-normalidad\/\"},\"wordCount\":58,\"publisher\":{\"@id\":\"https:\/\/www.psib-psoe.org\/eivissa\/#organization\"},\"image\":{\"@id\":\"https:\/\/www.psib-psoe.org\/eivissa\/mensaje-del-secretario-general-prioridades-socialistas-en-la-etapa-de-nueva-normalidad\/#primaryimage\"},\"thumbnailUrl\":\"https:\/\/www.psib-psoe.org\/eivissa\/wp-content\/uploads\/Josep-Mari\u0301-Ribas-e1592647013602.jpg\",\"articleSection\":[\"FSE-PSOE\"],\"inLanguage\":\"ca\"},{\"@type\":\"WebPage\",\"@id\":\"https:\/\/www.psib-psoe.org\/eivissa\/mensaje-del-secretario-general-prioridades-socialistas-en-la-etapa-de-nueva-normalidad\/\",\"url\":\"https:\/\/www.psib-psoe.org\/eivissa\/mensaje-del-secretario-general-prioridades-socialistas-en-la-etapa-de-nueva-normalidad\/\",\"name\":\"Mensaje del secretario general: Prioridades socialistas en la etapa de nueva normalidad - Federaci\u00f3 Socialista d&#039;Eivissa\",\"isPartOf\":{\"@id\":\"https:\/\/www.psib-psoe.org\/eivissa\/#website\"},\"primaryImageOfPage\":{\"@id\":\"https:\/\/www.psib-psoe.org\/eivissa\/mensaje-del-secretario-general-prioridades-socialistas-en-la-etapa-de-nueva-normalidad\/#primaryimage\"},\"image\":{\"@id\":\"https:\/\/www.psib-psoe.org\/eivissa\/mensaje-del-secretario-general-prioridades-socialistas-en-la-etapa-de-nueva-normalidad\/#primaryimage\"},\"thumbnailUrl\":\"https:\/\/www.psib-psoe.org\/eivissa\/wp-content\/uploads\/Josep-Mari\u0301-Ribas-e1592647013602.jpg\",\"datePublished\":\"2020-06-20T09:26:15+00:00\",\"dateModified\":\"2020-06-20T10:07:13+00:00\",\"breadcrumb\":{\"@id\":\"https:\/\/www.psib-psoe.org\/eivissa\/mensaje-del-secretario-general-prioridades-socialistas-en-la-etapa-de-nueva-normalidad\/#breadcrumb\"},\"inLanguage\":\"ca\",\"potentialAction\":[{\"@type\":\"ReadAction\",\"target\":[\"https:\/\/www.psib-psoe.org\/eivissa\/mensaje-del-secretario-general-prioridades-socialistas-en-la-etapa-de-nueva-normalidad\/\"]}]},{\"@type\":\"ImageObject\",\"inLanguage\":\"ca\",\"@id\":\"https:\/\/www.psib-psoe.org\/eivissa\/mensaje-del-secretario-general-prioridades-socialistas-en-la-etapa-de-nueva-normalidad\/#primaryimage\",\"url\":\"https:\/\/www.psib-psoe.org\/eivissa\/wp-content\/uploads\/Josep-Mari\u0301-Ribas-e1592647013602.jpg\",\"contentUrl\":\"https:\/\/www.psib-psoe.org\/eivissa\/wp-content\/uploads\/Josep-Mari\u0301-Ribas-e1592647013602.jpg\",\"width\":1221,\"height\":697},{\"@type\":\"BreadcrumbList\",\"@id\":\"https:\/\/www.psib-psoe.org\/eivissa\/mensaje-del-secretario-general-prioridades-socialistas-en-la-etapa-de-nueva-normalidad\/#breadcrumb\",\"itemListElement\":[{\"@type\":\"ListItem\",\"position\":1,\"name\":\"Inici\",\"item\":\"https:\/\/www.psib-psoe.org\/eivissa\/\"},{\"@type\":\"ListItem\",\"position\":2,\"name\":\"Mensaje del secretario general: Prioridades socialistas en la etapa de nueva normalidad\"}]},{\"@type\":\"WebSite\",\"@id\":\"https:\/\/www.psib-psoe.org\/eivissa\/#website\",\"url\":\"https:\/\/www.psib-psoe.org\/eivissa\/\",\"name\":\"Federaci\u00f3 Socialista d'Eivissa\",\"description\":\"Socialistes d&#039;Eivissa\",\"publisher\":{\"@id\":\"https:\/\/www.psib-psoe.org\/eivissa\/#organization\"},\"potentialAction\":[{\"@type\":\"SearchAction\",\"target\":{\"@type\":\"EntryPoint\",\"urlTemplate\":\"https:\/\/www.psib-psoe.org\/eivissa\/?s={search_term_string}\"},\"query-input\":{\"@type\":\"PropertyValueSpecification\",\"valueRequired\":true,\"valueName\":\"search_term_string\"}}],\"inLanguage\":\"ca\"},{\"@type\":\"Organization\",\"@id\":\"https:\/\/www.psib-psoe.org\/eivissa\/#organization\",\"name\":\"Federaci\u00f3 Socialista d'Eivissa\",\"url\":\"https:\/\/www.psib-psoe.org\/eivissa\/\",\"logo\":{\"@type\":\"ImageObject\",\"inLanguage\":\"ca\",\"@id\":\"https:\/\/www.psib-psoe.org\/eivissa\/#\/schema\/logo\/image\/\",\"url\":\"https:\/\/www.psib-psoe.org\/eivissa\/wp-content\/uploads\/LOGO-FSE-SOCIALISTA-DEIVISSA-HORI.png\",\"contentUrl\":\"https:\/\/www.psib-psoe.org\/eivissa\/wp-content\/uploads\/LOGO-FSE-SOCIALISTA-DEIVISSA-HORI.png\",\"width\":6000,\"height\":3104,\"caption\":\"Federaci\u00f3 Socialista d'Eivissa\"},\"image\":{\"@id\":\"https:\/\/www.psib-psoe.org\/eivissa\/#\/schema\/logo\/image\/\"}},{\"@type\":\"Person\",\"@id\":\"https:\/\/www.psib-psoe.org\/eivissa\/#\/schema\/person\/7a9d2841fb36f32e34fc0e9b245e8117\",\"name\":\"Josep Ripoll\",\"sameAs\":[\"http:\/\/www.psib-psoe.org\/eivissa\/wp-login.php\"],\"url\":\"https:\/\/www.psib-psoe.org\/eivissa\/author\/josep\/\"}]}<\/script>\n<!-- \/ Yoast SEO plugin. -->","yoast_head_json":{"title":"Mensaje del secretario general: Prioridades socialistas en la etapa de nueva normalidad - Federaci\u00f3 Socialista d&#039;Eivissa","robots":{"index":"index","follow":"follow","max-snippet":"max-snippet:-1","max-image-preview":"max-image-preview:large","max-video-preview":"max-video-preview:-1"},"canonical":"https:\/\/www.psib-psoe.org\/eivissa\/mensaje-del-secretario-general-prioridades-socialistas-en-la-etapa-de-nueva-normalidad\/","og_locale":"ca_ES","og_type":"article","og_title":"Mensaje del secretario general: Prioridades socialistas en la etapa de nueva normalidad - Federaci\u00f3 Socialista d&#039;Eivissa","og_description":"[vc_row][vc_column][vc_column_text]Mensaje del secretario general de la FSE-PSOE, Josep Mar\u00ed Ribas, con motivo de la finalizaci\u00f3n del estado de alarma y el inicio de la etapa de nueva normalidad. V\u00eddeo:","og_url":"https:\/\/www.psib-psoe.org\/eivissa\/mensaje-del-secretario-general-prioridades-socialistas-en-la-etapa-de-nueva-normalidad\/","og_site_name":"Federaci\u00f3 Socialista d&#039;Eivissa","article_published_time":"2020-06-20T09:26:15+00:00","article_modified_time":"2020-06-20T10:07:13+00:00","og_image":[{"width":1221,"height":697,"url":"https:\/\/www.psib-psoe.org\/eivissa\/wp-content\/uploads\/Josep-Mari\u0301-Ribas-e1592647013602.jpg","type":"image\/jpeg"}],"author":"Josep Ripoll","twitter_card":"summary_large_image","twitter_misc":{"Escrit per":"Josep Ripoll"},"schema":{"@context":"https:\/\/schema.org","@graph":[{"@type":["Article","BlogPosting"],"@id":"https:\/\/www.psib-psoe.org\/eivissa\/mensaje-del-secretario-general-prioridades-socialistas-en-la-etapa-de-nueva-normalidad\/#article","isPartOf":{"@id":"https:\/\/www.psib-psoe.org\/eivissa\/mensaje-del-secretario-general-prioridades-socialistas-en-la-etapa-de-nueva-normalidad\/"},"author":{"name":"Josep Ripoll","@id":"https:\/\/www.psib-psoe.org\/eivissa\/#\/schema\/person\/7a9d2841fb36f32e34fc0e9b245e8117"},"headline":"Mensaje del secretario general: Prioridades socialistas en la etapa de nueva normalidad","datePublished":"2020-06-20T09:26:15+00:00","dateModified":"2020-06-20T10:07:13+00:00","mainEntityOfPage":{"@id":"https:\/\/www.psib-psoe.org\/eivissa\/mensaje-del-secretario-general-prioridades-socialistas-en-la-etapa-de-nueva-normalidad\/"},"wordCount":58,"publisher":{"@id":"https:\/\/www.psib-psoe.org\/eivissa\/#organization"},"image":{"@id":"https:\/\/www.psib-psoe.org\/eivissa\/mensaje-del-secretario-general-prioridades-socialistas-en-la-etapa-de-nueva-normalidad\/#primaryimage"},"thumbnailUrl":"https:\/\/www.psib-psoe.org\/eivissa\/wp-content\/uploads\/Josep-Mari\u0301-Ribas-e1592647013602.jpg","articleSection":["FSE-PSOE"],"inLanguage":"ca"},{"@type":"WebPage","@id":"https:\/\/www.psib-psoe.org\/eivissa\/mensaje-del-secretario-general-prioridades-socialistas-en-la-etapa-de-nueva-normalidad\/","url":"https:\/\/www.psib-psoe.org\/eivissa\/mensaje-del-secretario-general-prioridades-socialistas-en-la-etapa-de-nueva-normalidad\/","name":"Mensaje del secretario general: Prioridades socialistas en la etapa de nueva normalidad - Federaci\u00f3 Socialista d&#039;Eivissa","isPartOf":{"@id":"https:\/\/www.psib-psoe.org\/eivissa\/#website"},"primaryImageOfPage":{"@id":"https:\/\/www.psib-psoe.org\/eivissa\/mensaje-del-secretario-general-prioridades-socialistas-en-la-etapa-de-nueva-normalidad\/#primaryimage"},"image":{"@id":"https:\/\/www.psib-psoe.org\/eivissa\/mensaje-del-secretario-general-prioridades-socialistas-en-la-etapa-de-nueva-normalidad\/#primaryimage"},"thumbnailUrl":"https:\/\/www.psib-psoe.org\/eivissa\/wp-content\/uploads\/Josep-Mari\u0301-Ribas-e1592647013602.jpg","datePublished":"2020-06-20T09:26:15+00:00","dateModified":"2020-06-20T10:07:13+00:00","breadcrumb":{"@id":"https:\/\/www.psib-psoe.org\/eivissa\/mensaje-del-secretario-general-prioridades-socialistas-en-la-etapa-de-nueva-normalidad\/#breadcrumb"},"inLanguage":"ca","potentialAction":[{"@type":"ReadAction","target":["https:\/\/www.psib-psoe.org\/eivissa\/mensaje-del-secretario-general-prioridades-socialistas-en-la-etapa-de-nueva-normalidad\/"]}]},{"@type":"ImageObject","inLanguage":"ca","@id":"https:\/\/www.psib-psoe.org\/eivissa\/mensaje-del-secretario-general-prioridades-socialistas-en-la-etapa-de-nueva-normalidad\/#primaryimage","url":"https:\/\/www.psib-psoe.org\/eivissa\/wp-content\/uploads\/Josep-Mari\u0301-Ribas-e1592647013602.jpg","contentUrl":"https:\/\/www.psib-psoe.org\/eivissa\/wp-content\/uploads\/Josep-Mari\u0301-Ribas-e1592647013602.jpg","width":1221,"height":697},{"@type":"BreadcrumbList","@id":"https:\/\/www.psib-psoe.org\/eivissa\/mensaje-del-secretario-general-prioridades-socialistas-en-la-etapa-de-nueva-normalidad\/#breadcrumb","itemListElement":[{"@type":"ListItem","position":1,"name":"Inici","item":"https:\/\/www.psib-psoe.org\/eivissa\/"},{"@type":"ListItem","position":2,"name":"Mensaje del secretario general: Prioridades socialistas en la etapa de nueva normalidad"}]},{"@type":"WebSite","@id":"https:\/\/www.psib-psoe.org\/eivissa\/#website","url":"https:\/\/www.psib-psoe.org\/eivissa\/","name":"Federaci\u00f3 Socialista d'Eivissa","description":"Socialistes d&#039;Eivissa","publisher":{"@id":"https:\/\/www.psib-psoe.org\/eivissa\/#organization"},"potentialAction":[{"@type":"SearchAction","target":{"@type":"EntryPoint","urlTemplate":"https:\/\/www.psib-psoe.org\/eivissa\/?s={search_term_string}"},"query-input":{"@type":"PropertyValueSpecification","valueRequired":true,"valueName":"search_term_string"}}],"inLanguage":"ca"},{"@type":"Organization","@id":"https:\/\/www.psib-psoe.org\/eivissa\/#organization","name":"Federaci\u00f3 Socialista d'Eivissa","url":"https:\/\/www.psib-psoe.org\/eivissa\/","logo":{"@type":"ImageObject","inLanguage":"ca","@id":"https:\/\/www.psib-psoe.org\/eivissa\/#\/schema\/logo\/image\/","url":"https:\/\/www.psib-psoe.org\/eivissa\/wp-content\/uploads\/LOGO-FSE-SOCIALISTA-DEIVISSA-HORI.png","contentUrl":"https:\/\/www.psib-psoe.org\/eivissa\/wp-content\/uploads\/LOGO-FSE-SOCIALISTA-DEIVISSA-HORI.png","width":6000,"height":3104,"caption":"Federaci\u00f3 Socialista d'Eivissa"},"image":{"@id":"https:\/\/www.psib-psoe.org\/eivissa\/#\/schema\/logo\/image\/"}},{"@type":"Person","@id":"https:\/\/www.psib-psoe.org\/eivissa\/#\/schema\/person\/7a9d2841fb36f32e34fc0e9b245e8117","name":"Josep Ripoll","sameAs":["http:\/\/www.psib-psoe.org\/eivissa\/wp-login.php"],"url":"https:\/\/www.psib-psoe.org\/eivissa\/author\/josep\/"}]}},"_links":{"self":[{"href":"https:\/\/www.psib-psoe.org\/eivissa\/wp-json\/wp\/v2\/posts\/31139","targetHints":{"allow":["GET"]}}],"collection":[{"href":"https:\/\/www.psib-psoe.org\/eivissa\/wp-json\/wp\/v2\/posts"}],"about":[{"href":"https:\/\/www.psib-psoe.org\/eivissa\/wp-json\/wp\/v2\/types\/post"}],"author":[{"embeddable":true,"href":"https:\/\/www.psib-psoe.org\/eivissa\/wp-json\/wp\/v2\/users\/7"}],"replies":[{"embeddable":true,"href":"https:\/\/www.psib-psoe.org\/eivissa\/wp-json\/wp\/v2\/comments?post=31139"}],"version-history":[{"count":5,"href":"https:\/\/www.psib-psoe.org\/eivissa\/wp-json\/wp\/v2\/posts\/31139\/revisions"}],"predecessor-version":[{"id":31156,"href":"https:\/\/www.psib-psoe.org\/eivissa\/wp-json\/wp\/v2\/posts\/31139\/revisions\/31156"}],"wp:featuredmedia":[{"embeddable":true,"href":"https:\/\/www.psib-psoe.org\/eivissa\/wp-json\/wp\/v2\/media\/31143"}],"wp:attachment":[{"href":"https:\/\/www.psib-psoe.org\/eivissa\/wp-json\/wp\/v2\/media?parent=31139"}],"wp:term":[{"taxonomy":"category","embeddable":true,"href":"https:\/\/www.psib-psoe.org\/eivissa\/wp-json\/wp\/v2\/categories?post=31139"},{"taxonomy":"post_tag","embeddable":true,"href":"https:\/\/www.psib-psoe.org\/eivissa\/wp-json\/wp\/v2\/tags?post=31139"}],"curies":[{"name":"wp","href":"https:\/\/api.w.org\/{rel}","templated":true}]}}