{"id":31396,"date":"2020-07-10T15:04:36","date_gmt":"2020-07-10T13:04:36","guid":{"rendered":"https:\/\/www.psib-psoe.org\/eivissa\/?p=31396"},"modified":"2020-07-10T13:11:02","modified_gmt":"2020-07-10T11:11:02","slug":"francina-armengol-no-podem-abaixar-la-guardia-balears-decreta-la-mascareta-obligatoria-a-la-via-publica-i-actuacions-contra-aglomeracions-i-festes-illegals","status":"publish","type":"post","link":"https:\/\/www.psib-psoe.org\/eivissa\/francina-armengol-no-podem-abaixar-la-guardia-balears-decreta-la-mascareta-obligatoria-a-la-via-publica-i-actuacions-contra-aglomeracions-i-festes-illegals\/","title":{"rendered":"Francina Armengol: &#8220;No podem abaixar la gu\u00e0rdia&#8221; . Balears decreta la mascareta obligat\u00f2ria a la via p\u00fablica i actuacions contra aglomeracions i festes il\u00b7legals"},"content":{"rendered":"<p>La presidenta de les Illes Balears i secret\u00e0ria general del PSIB-PSOE, Francina Armengol, ha afirmat que &#8220;el comprom\u00eds col\u00b7lectiu est\u00e0 fent que Balears avanci amb pas ferm, per\u00f2 no podem abaixar la gu\u00e0rdia, cal perseverar&#8221;. Aix\u00ed, per tal d&#8217;evitar que una minoria no posi en perill la salut i l&#8217;esfor\u00e7 de la immensa majoria, a partir de dilluns 13 de juliol al carrer sempre s&#8217;haur\u00e0 d&#8217;utilitzar mascareta (malgrat que es mantengui la dist\u00e0ncia de seguretat).<\/p>\n<p>Francina Armengol ha explicat que &#8220;ara que hem arribat fins aqu\u00ed, no podem tornar enrere. Junts, amb responsabilitat, consolidem els avan\u00e7os aconseguits&#8221;.<\/p>\n<p>A m\u00e9s, a trav\u00e9s de la coordinaci\u00f3 del Govern de les Illes Balears, totes les administracions reforcen les actuacions conjuntes contra les festes il\u00b7legals i l&#8217;incompliment d&#8217;aforaments i horaris, per tal d&#8217;evitar possibles rebrots del coronavirus.<\/p>\n<p><img loading=\"lazy\" decoding=\"async\" src=\"https:\/\/scontent-mad1-1.xx.fbcdn.net\/v\/t1.0-9\/p960x960\/107692952_2963201580473374_3664302322918989845_o.jpg?_nc_cat=110&#038;_nc_sid=8024bb&#038;_nc_ohc=hmD-k20-EAEAX85rK0v&#038;_nc_ht=scontent-mad1-1.xx&#038;_nc_tp=6&#038;oh=3acd09f70e63fa6029188bcff8ad6894&#038;oe=5F2C0A9F\" width=\"960\" height=\"960\" class=\"alignleft size-medium\" \/><\/p>\n<p><img loading=\"lazy\" decoding=\"async\" src=\"https:\/\/scontent-mad1-1.xx.fbcdn.net\/v\/t1.0-9\/s960x960\/107944407_2963203523806513_2262015894618162064_o.png?_nc_cat=104&#038;_nc_sid=8024bb&#038;_nc_ohc=kcF2ijP-CnkAX9YAIgv&#038;_nc_ht=scontent-mad1-1.xx&#038;oh=7208e209a669c795f5a45c947e8d0624&#038;oe=5F2E8BC0\" width=\"768\" height=\"960\" class=\"alignleft size-medium\" \/><\/p>\n","protected":false},"excerpt":{"rendered":"<p>La presidenta de les Illes Balears i secret\u00e0ria general del PSIB-PSOE, Francina Armengol, ha afirmat que &#8220;el comprom\u00eds col\u00b7lectiu est\u00e0 fent que Balears avanci amb pas ferm, per\u00f2 no podem abaixar la gu\u00e0rdia, cal perseverar&#8221;. Aix\u00ed, per tal d&#8217;evitar que una minoria no posi en perill la salut i l&#8217;esfor\u00e7 de la immensa majoria, a&hellip;<\/p>\n","protected":false},"author":7,"featured_media":31108,"comment_status":"closed","ping_status":"closed","sticky":false,"template":"","format":"standard","meta":{"footnotes":""},"categories":[1,191],"tags":[],"class_list":["post-31396","post","type-post","status-publish","format-standard","has-post-thumbnail","hentry","category-federacio-de-eivissa-portada","category-govern-de-les-illes-balears-parlament"],"yoast_head":"<!-- This site is optimized with the Yoast SEO plugin v26.9 - https:\/\/yoast.com\/product\/yoast-seo-wordpress\/ -->\n<title>Francina Armengol: &quot;No podem abaixar la gu\u00e0rdia&quot; . Balears decreta la mascareta obligat\u00f2ria a la via p\u00fablica i actuacions contra aglomeracions i festes il\u00b7legals - Federaci\u00f3 Socialista d&#039;Eivissa<\/title>\n<meta name=\"robots\" content=\"index, follow, max-snippet:-1, max-image-preview:large, max-video-preview:-1\" \/>\n<link rel=\"canonical\" href=\"https:\/\/www.psib-psoe.org\/eivissa\/francina-armengol-no-podem-abaixar-la-guardia-balears-decreta-la-mascareta-obligatoria-a-la-via-publica-i-actuacions-contra-aglomeracions-i-festes-illegals\/\" \/>\n<meta property=\"og:locale\" content=\"ca_ES\" \/>\n<meta property=\"og:type\" content=\"article\" \/>\n<meta property=\"og:title\" content=\"Francina Armengol: &quot;No podem abaixar la gu\u00e0rdia&quot; . Balears decreta la mascareta obligat\u00f2ria a la via p\u00fablica i actuacions contra aglomeracions i festes il\u00b7legals - Federaci\u00f3 Socialista d&#039;Eivissa\" \/>\n<meta property=\"og:description\" content=\"La presidenta de les Illes Balears i secret\u00e0ria general del PSIB-PSOE, Francina Armengol, ha afirmat que &#8220;el comprom\u00eds col\u00b7lectiu est\u00e0 fent que Balears avanci amb pas ferm, per\u00f2 no podem abaixar la gu\u00e0rdia, cal perseverar&#8221;. Aix\u00ed, per tal d&#8217;evitar que una minoria no posi en perill la salut i l&#8217;esfor\u00e7 de la immensa majoria, a&hellip;\" \/>\n<meta property=\"og:url\" content=\"https:\/\/www.psib-psoe.org\/eivissa\/francina-armengol-no-podem-abaixar-la-guardia-balears-decreta-la-mascareta-obligatoria-a-la-via-publica-i-actuacions-contra-aglomeracions-i-festes-illegals\/\" \/>\n<meta property=\"og:site_name\" content=\"Federaci\u00f3 Socialista d&#039;Eivissa\" \/>\n<meta property=\"article:published_time\" content=\"2020-07-10T13:04:36+00:00\" \/>\n<meta property=\"og:image\" content=\"https:\/\/www.psib-psoe.org\/eivissa\/wp-content\/uploads\/francina-armengol-a-Can-Misses-1024x684.jpg\" \/>\n\t<meta property=\"og:image:width\" content=\"1024\" \/>\n\t<meta property=\"og:image:height\" content=\"684\" \/>\n\t<meta property=\"og:image:type\" content=\"image\/jpeg\" \/>\n<meta name=\"author\" content=\"Josep Ripoll\" \/>\n<meta name=\"twitter:card\" content=\"summary_large_image\" \/>\n<meta name=\"twitter:label1\" content=\"Escrit per\" \/>\n\t<meta name=\"twitter:data1\" content=\"Josep Ripoll\" \/>\n\t<meta name=\"twitter:label2\" content=\"Temps estimat de lectura\" \/>\n\t<meta name=\"twitter:data2\" content=\"1 minut\" \/>\n<script type=\"application\/ld+json\" class=\"yoast-schema-graph\">{\"@context\":\"https:\/\/schema.org\",\"@graph\":[{\"@type\":[\"Article\",\"BlogPosting\"],\"@id\":\"https:\/\/www.psib-psoe.org\/eivissa\/francina-armengol-no-podem-abaixar-la-guardia-balears-decreta-la-mascareta-obligatoria-a-la-via-publica-i-actuacions-contra-aglomeracions-i-festes-illegals\/#article\",\"isPartOf\":{\"@id\":\"https:\/\/www.psib-psoe.org\/eivissa\/francina-armengol-no-podem-abaixar-la-guardia-balears-decreta-la-mascareta-obligatoria-a-la-via-publica-i-actuacions-contra-aglomeracions-i-festes-illegals\/\"},\"author\":{\"name\":\"Josep Ripoll\",\"@id\":\"https:\/\/www.psib-psoe.org\/eivissa\/#\/schema\/person\/7a9d2841fb36f32e34fc0e9b245e8117\"},\"headline\":\"Francina Armengol: &#8220;No podem abaixar la gu\u00e0rdia&#8221; . Balears decreta la mascareta obligat\u00f2ria a la via p\u00fablica i actuacions contra aglomeracions i festes il\u00b7legals\",\"datePublished\":\"2020-07-10T13:04:36+00:00\",\"mainEntityOfPage\":{\"@id\":\"https:\/\/www.psib-psoe.org\/eivissa\/francina-armengol-no-podem-abaixar-la-guardia-balears-decreta-la-mascareta-obligatoria-a-la-via-publica-i-actuacions-contra-aglomeracions-i-festes-illegals\/\"},\"wordCount\":168,\"publisher\":{\"@id\":\"https:\/\/www.psib-psoe.org\/eivissa\/#organization\"},\"image\":{\"@id\":\"https:\/\/www.psib-psoe.org\/eivissa\/francina-armengol-no-podem-abaixar-la-guardia-balears-decreta-la-mascareta-obligatoria-a-la-via-publica-i-actuacions-contra-aglomeracions-i-festes-illegals\/#primaryimage\"},\"thumbnailUrl\":\"https:\/\/www.psib-psoe.org\/eivissa\/wp-content\/uploads\/francina-armengol-a-Can-Misses.jpg\",\"articleSection\":[\"Federaci\u00f3 d'Eivissa - Portada\",\"Govern de les Illes Balears - Parlament - PSIB-PSOE\"],\"inLanguage\":\"ca\"},{\"@type\":\"WebPage\",\"@id\":\"https:\/\/www.psib-psoe.org\/eivissa\/francina-armengol-no-podem-abaixar-la-guardia-balears-decreta-la-mascareta-obligatoria-a-la-via-publica-i-actuacions-contra-aglomeracions-i-festes-illegals\/\",\"url\":\"https:\/\/www.psib-psoe.org\/eivissa\/francina-armengol-no-podem-abaixar-la-guardia-balears-decreta-la-mascareta-obligatoria-a-la-via-publica-i-actuacions-contra-aglomeracions-i-festes-illegals\/\",\"name\":\"Francina Armengol: \\\"No podem abaixar la gu\u00e0rdia\\\" . Balears decreta la mascareta obligat\u00f2ria a la via p\u00fablica i actuacions contra aglomeracions i festes il\u00b7legals - Federaci\u00f3 Socialista d&#039;Eivissa\",\"isPartOf\":{\"@id\":\"https:\/\/www.psib-psoe.org\/eivissa\/#website\"},\"primaryImageOfPage\":{\"@id\":\"https:\/\/www.psib-psoe.org\/eivissa\/francina-armengol-no-podem-abaixar-la-guardia-balears-decreta-la-mascareta-obligatoria-a-la-via-publica-i-actuacions-contra-aglomeracions-i-festes-illegals\/#primaryimage\"},\"image\":{\"@id\":\"https:\/\/www.psib-psoe.org\/eivissa\/francina-armengol-no-podem-abaixar-la-guardia-balears-decreta-la-mascareta-obligatoria-a-la-via-publica-i-actuacions-contra-aglomeracions-i-festes-illegals\/#primaryimage\"},\"thumbnailUrl\":\"https:\/\/www.psib-psoe.org\/eivissa\/wp-content\/uploads\/francina-armengol-a-Can-Misses.jpg\",\"datePublished\":\"2020-07-10T13:04:36+00:00\",\"breadcrumb\":{\"@id\":\"https:\/\/www.psib-psoe.org\/eivissa\/francina-armengol-no-podem-abaixar-la-guardia-balears-decreta-la-mascareta-obligatoria-a-la-via-publica-i-actuacions-contra-aglomeracions-i-festes-illegals\/#breadcrumb\"},\"inLanguage\":\"ca\",\"potentialAction\":[{\"@type\":\"ReadAction\",\"target\":[\"https:\/\/www.psib-psoe.org\/eivissa\/francina-armengol-no-podem-abaixar-la-guardia-balears-decreta-la-mascareta-obligatoria-a-la-via-publica-i-actuacions-contra-aglomeracions-i-festes-illegals\/\"]}]},{\"@type\":\"ImageObject\",\"inLanguage\":\"ca\",\"@id\":\"https:\/\/www.psib-psoe.org\/eivissa\/francina-armengol-no-podem-abaixar-la-guardia-balears-decreta-la-mascareta-obligatoria-a-la-via-publica-i-actuacions-contra-aglomeracions-i-festes-illegals\/#primaryimage\",\"url\":\"https:\/\/www.psib-psoe.org\/eivissa\/wp-content\/uploads\/francina-armengol-a-Can-Misses.jpg\",\"contentUrl\":\"https:\/\/www.psib-psoe.org\/eivissa\/wp-content\/uploads\/francina-armengol-a-Can-Misses.jpg\",\"width\":4240,\"height\":2832},{\"@type\":\"BreadcrumbList\",\"@id\":\"https:\/\/www.psib-psoe.org\/eivissa\/francina-armengol-no-podem-abaixar-la-guardia-balears-decreta-la-mascareta-obligatoria-a-la-via-publica-i-actuacions-contra-aglomeracions-i-festes-illegals\/#breadcrumb\",\"itemListElement\":[{\"@type\":\"ListItem\",\"position\":1,\"name\":\"Inici\",\"item\":\"https:\/\/www.psib-psoe.org\/eivissa\/\"},{\"@type\":\"ListItem\",\"position\":2,\"name\":\"Francina Armengol: &#8220;No podem abaixar la gu\u00e0rdia&#8221; . Balears decreta la mascareta obligat\u00f2ria a la via p\u00fablica i actuacions contra aglomeracions i festes il\u00b7legals\"}]},{\"@type\":\"WebSite\",\"@id\":\"https:\/\/www.psib-psoe.org\/eivissa\/#website\",\"url\":\"https:\/\/www.psib-psoe.org\/eivissa\/\",\"name\":\"Federaci\u00f3 Socialista d'Eivissa\",\"description\":\"Socialistes d&#039;Eivissa\",\"publisher\":{\"@id\":\"https:\/\/www.psib-psoe.org\/eivissa\/#organization\"},\"potentialAction\":[{\"@type\":\"SearchAction\",\"target\":{\"@type\":\"EntryPoint\",\"urlTemplate\":\"https:\/\/www.psib-psoe.org\/eivissa\/?s={search_term_string}\"},\"query-input\":{\"@type\":\"PropertyValueSpecification\",\"valueRequired\":true,\"valueName\":\"search_term_string\"}}],\"inLanguage\":\"ca\"},{\"@type\":\"Organization\",\"@id\":\"https:\/\/www.psib-psoe.org\/eivissa\/#organization\",\"name\":\"Federaci\u00f3 Socialista d'Eivissa\",\"url\":\"https:\/\/www.psib-psoe.org\/eivissa\/\",\"logo\":{\"@type\":\"ImageObject\",\"inLanguage\":\"ca\",\"@id\":\"https:\/\/www.psib-psoe.org\/eivissa\/#\/schema\/logo\/image\/\",\"url\":\"https:\/\/www.psib-psoe.org\/eivissa\/wp-content\/uploads\/LOGO-FSE-SOCIALISTA-DEIVISSA-HORI.png\",\"contentUrl\":\"https:\/\/www.psib-psoe.org\/eivissa\/wp-content\/uploads\/LOGO-FSE-SOCIALISTA-DEIVISSA-HORI.png\",\"width\":6000,\"height\":3104,\"caption\":\"Federaci\u00f3 Socialista d'Eivissa\"},\"image\":{\"@id\":\"https:\/\/www.psib-psoe.org\/eivissa\/#\/schema\/logo\/image\/\"}},{\"@type\":\"Person\",\"@id\":\"https:\/\/www.psib-psoe.org\/eivissa\/#\/schema\/person\/7a9d2841fb36f32e34fc0e9b245e8117\",\"name\":\"Josep Ripoll\",\"sameAs\":[\"http:\/\/www.psib-psoe.org\/eivissa\/wp-login.php\"],\"url\":\"https:\/\/www.psib-psoe.org\/eivissa\/author\/josep\/\"}]}<\/script>\n<!-- \/ Yoast SEO plugin. -->","yoast_head_json":{"title":"Francina Armengol: \"No podem abaixar la gu\u00e0rdia\" . Balears decreta la mascareta obligat\u00f2ria a la via p\u00fablica i actuacions contra aglomeracions i festes il\u00b7legals - Federaci\u00f3 Socialista d&#039;Eivissa","robots":{"index":"index","follow":"follow","max-snippet":"max-snippet:-1","max-image-preview":"max-image-preview:large","max-video-preview":"max-video-preview:-1"},"canonical":"https:\/\/www.psib-psoe.org\/eivissa\/francina-armengol-no-podem-abaixar-la-guardia-balears-decreta-la-mascareta-obligatoria-a-la-via-publica-i-actuacions-contra-aglomeracions-i-festes-illegals\/","og_locale":"ca_ES","og_type":"article","og_title":"Francina Armengol: \"No podem abaixar la gu\u00e0rdia\" . Balears decreta la mascareta obligat\u00f2ria a la via p\u00fablica i actuacions contra aglomeracions i festes il\u00b7legals - Federaci\u00f3 Socialista d&#039;Eivissa","og_description":"La presidenta de les Illes Balears i secret\u00e0ria general del PSIB-PSOE, Francina Armengol, ha afirmat que &#8220;el comprom\u00eds col\u00b7lectiu est\u00e0 fent que Balears avanci amb pas ferm, per\u00f2 no podem abaixar la gu\u00e0rdia, cal perseverar&#8221;. Aix\u00ed, per tal d&#8217;evitar que una minoria no posi en perill la salut i l&#8217;esfor\u00e7 de la immensa majoria, a&hellip;","og_url":"https:\/\/www.psib-psoe.org\/eivissa\/francina-armengol-no-podem-abaixar-la-guardia-balears-decreta-la-mascareta-obligatoria-a-la-via-publica-i-actuacions-contra-aglomeracions-i-festes-illegals\/","og_site_name":"Federaci\u00f3 Socialista d&#039;Eivissa","article_published_time":"2020-07-10T13:04:36+00:00","og_image":[{"width":1024,"height":684,"url":"https:\/\/www.psib-psoe.org\/eivissa\/wp-content\/uploads\/francina-armengol-a-Can-Misses-1024x684.jpg","type":"image\/jpeg"}],"author":"Josep Ripoll","twitter_card":"summary_large_image","twitter_misc":{"Escrit per":"Josep Ripoll","Temps estimat de lectura":"1 minut"},"schema":{"@context":"https:\/\/schema.org","@graph":[{"@type":["Article","BlogPosting"],"@id":"https:\/\/www.psib-psoe.org\/eivissa\/francina-armengol-no-podem-abaixar-la-guardia-balears-decreta-la-mascareta-obligatoria-a-la-via-publica-i-actuacions-contra-aglomeracions-i-festes-illegals\/#article","isPartOf":{"@id":"https:\/\/www.psib-psoe.org\/eivissa\/francina-armengol-no-podem-abaixar-la-guardia-balears-decreta-la-mascareta-obligatoria-a-la-via-publica-i-actuacions-contra-aglomeracions-i-festes-illegals\/"},"author":{"name":"Josep Ripoll","@id":"https:\/\/www.psib-psoe.org\/eivissa\/#\/schema\/person\/7a9d2841fb36f32e34fc0e9b245e8117"},"headline":"Francina Armengol: &#8220;No podem abaixar la gu\u00e0rdia&#8221; . Balears decreta la mascareta obligat\u00f2ria a la via p\u00fablica i actuacions contra aglomeracions i festes il\u00b7legals","datePublished":"2020-07-10T13:04:36+00:00","mainEntityOfPage":{"@id":"https:\/\/www.psib-psoe.org\/eivissa\/francina-armengol-no-podem-abaixar-la-guardia-balears-decreta-la-mascareta-obligatoria-a-la-via-publica-i-actuacions-contra-aglomeracions-i-festes-illegals\/"},"wordCount":168,"publisher":{"@id":"https:\/\/www.psib-psoe.org\/eivissa\/#organization"},"image":{"@id":"https:\/\/www.psib-psoe.org\/eivissa\/francina-armengol-no-podem-abaixar-la-guardia-balears-decreta-la-mascareta-obligatoria-a-la-via-publica-i-actuacions-contra-aglomeracions-i-festes-illegals\/#primaryimage"},"thumbnailUrl":"https:\/\/www.psib-psoe.org\/eivissa\/wp-content\/uploads\/francina-armengol-a-Can-Misses.jpg","articleSection":["Federaci\u00f3 d'Eivissa - Portada","Govern de les Illes Balears - Parlament - PSIB-PSOE"],"inLanguage":"ca"},{"@type":"WebPage","@id":"https:\/\/www.psib-psoe.org\/eivissa\/francina-armengol-no-podem-abaixar-la-guardia-balears-decreta-la-mascareta-obligatoria-a-la-via-publica-i-actuacions-contra-aglomeracions-i-festes-illegals\/","url":"https:\/\/www.psib-psoe.org\/eivissa\/francina-armengol-no-podem-abaixar-la-guardia-balears-decreta-la-mascareta-obligatoria-a-la-via-publica-i-actuacions-contra-aglomeracions-i-festes-illegals\/","name":"Francina Armengol: \"No podem abaixar la gu\u00e0rdia\" . Balears decreta la mascareta obligat\u00f2ria a la via p\u00fablica i actuacions contra aglomeracions i festes il\u00b7legals - Federaci\u00f3 Socialista d&#039;Eivissa","isPartOf":{"@id":"https:\/\/www.psib-psoe.org\/eivissa\/#website"},"primaryImageOfPage":{"@id":"https:\/\/www.psib-psoe.org\/eivissa\/francina-armengol-no-podem-abaixar-la-guardia-balears-decreta-la-mascareta-obligatoria-a-la-via-publica-i-actuacions-contra-aglomeracions-i-festes-illegals\/#primaryimage"},"image":{"@id":"https:\/\/www.psib-psoe.org\/eivissa\/francina-armengol-no-podem-abaixar-la-guardia-balears-decreta-la-mascareta-obligatoria-a-la-via-publica-i-actuacions-contra-aglomeracions-i-festes-illegals\/#primaryimage"},"thumbnailUrl":"https:\/\/www.psib-psoe.org\/eivissa\/wp-content\/uploads\/francina-armengol-a-Can-Misses.jpg","datePublished":"2020-07-10T13:04:36+00:00","breadcrumb":{"@id":"https:\/\/www.psib-psoe.org\/eivissa\/francina-armengol-no-podem-abaixar-la-guardia-balears-decreta-la-mascareta-obligatoria-a-la-via-publica-i-actuacions-contra-aglomeracions-i-festes-illegals\/#breadcrumb"},"inLanguage":"ca","potentialAction":[{"@type":"ReadAction","target":["https:\/\/www.psib-psoe.org\/eivissa\/francina-armengol-no-podem-abaixar-la-guardia-balears-decreta-la-mascareta-obligatoria-a-la-via-publica-i-actuacions-contra-aglomeracions-i-festes-illegals\/"]}]},{"@type":"ImageObject","inLanguage":"ca","@id":"https:\/\/www.psib-psoe.org\/eivissa\/francina-armengol-no-podem-abaixar-la-guardia-balears-decreta-la-mascareta-obligatoria-a-la-via-publica-i-actuacions-contra-aglomeracions-i-festes-illegals\/#primaryimage","url":"https:\/\/www.psib-psoe.org\/eivissa\/wp-content\/uploads\/francina-armengol-a-Can-Misses.jpg","contentUrl":"https:\/\/www.psib-psoe.org\/eivissa\/wp-content\/uploads\/francina-armengol-a-Can-Misses.jpg","width":4240,"height":2832},{"@type":"BreadcrumbList","@id":"https:\/\/www.psib-psoe.org\/eivissa\/francina-armengol-no-podem-abaixar-la-guardia-balears-decreta-la-mascareta-obligatoria-a-la-via-publica-i-actuacions-contra-aglomeracions-i-festes-illegals\/#breadcrumb","itemListElement":[{"@type":"ListItem","position":1,"name":"Inici","item":"https:\/\/www.psib-psoe.org\/eivissa\/"},{"@type":"ListItem","position":2,"name":"Francina Armengol: &#8220;No podem abaixar la gu\u00e0rdia&#8221; . Balears decreta la mascareta obligat\u00f2ria a la via p\u00fablica i actuacions contra aglomeracions i festes il\u00b7legals"}]},{"@type":"WebSite","@id":"https:\/\/www.psib-psoe.org\/eivissa\/#website","url":"https:\/\/www.psib-psoe.org\/eivissa\/","name":"Federaci\u00f3 Socialista d'Eivissa","description":"Socialistes d&#039;Eivissa","publisher":{"@id":"https:\/\/www.psib-psoe.org\/eivissa\/#organization"},"potentialAction":[{"@type":"SearchAction","target":{"@type":"EntryPoint","urlTemplate":"https:\/\/www.psib-psoe.org\/eivissa\/?s={search_term_string}"},"query-input":{"@type":"PropertyValueSpecification","valueRequired":true,"valueName":"search_term_string"}}],"inLanguage":"ca"},{"@type":"Organization","@id":"https:\/\/www.psib-psoe.org\/eivissa\/#organization","name":"Federaci\u00f3 Socialista d'Eivissa","url":"https:\/\/www.psib-psoe.org\/eivissa\/","logo":{"@type":"ImageObject","inLanguage":"ca","@id":"https:\/\/www.psib-psoe.org\/eivissa\/#\/schema\/logo\/image\/","url":"https:\/\/www.psib-psoe.org\/eivissa\/wp-content\/uploads\/LOGO-FSE-SOCIALISTA-DEIVISSA-HORI.png","contentUrl":"https:\/\/www.psib-psoe.org\/eivissa\/wp-content\/uploads\/LOGO-FSE-SOCIALISTA-DEIVISSA-HORI.png","width":6000,"height":3104,"caption":"Federaci\u00f3 Socialista d'Eivissa"},"image":{"@id":"https:\/\/www.psib-psoe.org\/eivissa\/#\/schema\/logo\/image\/"}},{"@type":"Person","@id":"https:\/\/www.psib-psoe.org\/eivissa\/#\/schema\/person\/7a9d2841fb36f32e34fc0e9b245e8117","name":"Josep Ripoll","sameAs":["http:\/\/www.psib-psoe.org\/eivissa\/wp-login.php"],"url":"https:\/\/www.psib-psoe.org\/eivissa\/author\/josep\/"}]}},"_links":{"self":[{"href":"https:\/\/www.psib-psoe.org\/eivissa\/wp-json\/wp\/v2\/posts\/31396","targetHints":{"allow":["GET"]}}],"collection":[{"href":"https:\/\/www.psib-psoe.org\/eivissa\/wp-json\/wp\/v2\/posts"}],"about":[{"href":"https:\/\/www.psib-psoe.org\/eivissa\/wp-json\/wp\/v2\/types\/post"}],"author":[{"embeddable":true,"href":"https:\/\/www.psib-psoe.org\/eivissa\/wp-json\/wp\/v2\/users\/7"}],"replies":[{"embeddable":true,"href":"https:\/\/www.psib-psoe.org\/eivissa\/wp-json\/wp\/v2\/comments?post=31396"}],"version-history":[{"count":3,"href":"https:\/\/www.psib-psoe.org\/eivissa\/wp-json\/wp\/v2\/posts\/31396\/revisions"}],"predecessor-version":[{"id":31399,"href":"https:\/\/www.psib-psoe.org\/eivissa\/wp-json\/wp\/v2\/posts\/31396\/revisions\/31399"}],"wp:featuredmedia":[{"embeddable":true,"href":"https:\/\/www.psib-psoe.org\/eivissa\/wp-json\/wp\/v2\/media\/31108"}],"wp:attachment":[{"href":"https:\/\/www.psib-psoe.org\/eivissa\/wp-json\/wp\/v2\/media?parent=31396"}],"wp:term":[{"taxonomy":"category","embeddable":true,"href":"https:\/\/www.psib-psoe.org\/eivissa\/wp-json\/wp\/v2\/categories?post=31396"},{"taxonomy":"post_tag","embeddable":true,"href":"https:\/\/www.psib-psoe.org\/eivissa\/wp-json\/wp\/v2\/tags?post=31396"}],"curies":[{"name":"wp","href":"https:\/\/api.w.org\/{rel}","templated":true}]}}