{"id":31499,"date":"2020-07-31T12:50:18","date_gmt":"2020-07-31T10:50:18","guid":{"rendered":"https:\/\/www.psib-psoe.org\/eivissa\/?p=31499"},"modified":"2020-07-31T12:53:34","modified_gmt":"2020-07-31T10:53:34","slug":"acuerdo-historico-en-europa-una-isla-como-eivissa-muy-afectada-por-la-paralisis-del-turismo-recibira-el-apoyo-y-la-solidaridad-de-la-union-afirma-josep-mari-ribas","status":"publish","type":"post","link":"https:\/\/www.psib-psoe.org\/eivissa\/acuerdo-historico-en-europa-una-isla-como-eivissa-muy-afectada-por-la-paralisis-del-turismo-recibira-el-apoyo-y-la-solidaridad-de-la-union-afirma-josep-mari-ribas\/","title":{"rendered":"&#8220;Acuerdo hist\u00f3rico&#8221; en Europa: &#8220;Una isla como Eivissa, muy afectada por la par\u00e1lisis del turismo, recibir\u00e1 el apoyo y la solidaridad de la Uni\u00f3n&#8221;, afirma Josep Mar\u00ed Ribas"},"content":{"rendered":"<p>La Federaci\u00f3n Socialista de Eivissa (FSE-PSOE) celebra el &#8220;acuerdo hist\u00f3rico&#8221; que ha tomado Europa en favor de la recuperaci\u00f3n de la crisis de la Covid-19. El secretario general de la FSE-PSOE, Josep Mar\u00ed Ribas, considera que &#8220;una isla como Eivissa, muy afectada social y econ\u00f3micamente por la par\u00e1lisis del turismo, recibir\u00e1 el apoyo y la solidaridad del conjunto de pa\u00edses de la Uni\u00f3n Europea para salir de la crisis&#8221;. El acuerdo supone &#8220;una respuesta europea a favor de las personas&#8221;, lo que permitir\u00e1 &#8220;una salida a la crisis sin dejar a nadie atr\u00e1s&#8221;.<\/p>\n<p>El secretario general de la FSE-PSOE destaca que &#8220;Europa ha demostrado estar a la altura de los retos que demanda la ciudadan\u00eda: resoluci\u00f3n de la crisis enfocada a quien m\u00e1s ha sufrido y, adem\u00e1s, de manera solidaria entre todos los pa\u00edses, con subvenciones fruto de la emisi\u00f3n de deuda conjunta&#8221;. As\u00ed, Josep Mar\u00ed Ribas ha manifestado &#8220;la felicitaci\u00f3n de la FSE-PSOE al conjunto de miembros del Consejo de Europa y al trabajo de la delegaci\u00f3n espa\u00f1ola, encabezada por nuestro presidente, Pedro S\u00e1nchez&#8221;.<\/p>\n<p>El acuerdo tambi\u00e9n establece &#8220;importantes reformas en los estados, que tendr\u00e1n un impacto muy positivo en territorios como nuestra isla y nuestra comunidad&#8221;, ya que &#8220;se tendr\u00e1 que invertir en transici\u00f3n digital, transici\u00f3n ecol\u00f3gica y la educaci\u00f3n y formaci\u00f3n de estudiantes y trabajadores&#8221;. En un territorio como Eivissa, &#8220;que el plan de recuperaci\u00f3n se centre en pol\u00edticas verdes, medidas de sostenibilidad y en formaci\u00f3n es una magn\u00edfica noticia&#8221;, considera el secretario general de la FSE-PSOE.<\/p>\n<p>El acuerdo del Consejo Europeo establece creaci\u00f3n de un gran Fondo de Recuperaci\u00f3n de 750.000 millones de euros para los pr\u00f3ximos 6 a\u00f1os, lo que representa el 4,6% del PIB europeo, de los que 390.000 ser\u00e1n transferencias y 360.000 en pr\u00e9stamos. Gracias a este acuerdo, Espa\u00f1a obtendr\u00e1 140.000 M\u20ac, el equivalente al 11% del PIB espa\u00f1ol en 2019, lo que supone que ser\u00e1 el segundo pa\u00eds receptor. De estos, 72.700 ser\u00e1n en transferencias y el resto en pr\u00e9stamos, lo que supone 10 veces m\u00e1s que los Fondos de Cohesi\u00f3n, que tanto aportaron para el progreso y la prosperidad del pa\u00eds.<\/p>\n","protected":false},"excerpt":{"rendered":"<p>La Federaci\u00f3n Socialista de Eivissa (FSE-PSOE) celebra el &#8220;acuerdo hist\u00f3rico&#8221; que ha tomado Europa en favor de la recuperaci\u00f3n de la crisis de la Covid-19. El secretario general de la FSE-PSOE, Josep Mar\u00ed Ribas, considera que &#8220;una isla como Eivissa, muy afectada social y econ\u00f3micamente por la par\u00e1lisis del turismo, recibir\u00e1 el apoyo y la&hellip;<\/p>\n","protected":false},"author":7,"featured_media":29101,"comment_status":"closed","ping_status":"closed","sticky":false,"template":"","format":"standard","meta":{"footnotes":""},"categories":[212],"tags":[],"class_list":["post-31499","post","type-post","status-publish","format-standard","has-post-thumbnail","hentry","category-fse-psoe"],"yoast_head":"<!-- This site is optimized with the Yoast SEO plugin v26.9 - https:\/\/yoast.com\/product\/yoast-seo-wordpress\/ -->\n<title>&quot;Acuerdo hist\u00f3rico&quot; en Europa: &quot;Una isla como Eivissa, muy afectada por la par\u00e1lisis del turismo, recibir\u00e1 el apoyo y la solidaridad de la Uni\u00f3n&quot;, afirma Josep Mar\u00ed Ribas - Federaci\u00f3 Socialista d&#039;Eivissa<\/title>\n<meta name=\"robots\" content=\"index, follow, max-snippet:-1, max-image-preview:large, max-video-preview:-1\" \/>\n<link rel=\"canonical\" href=\"https:\/\/www.psib-psoe.org\/eivissa\/acuerdo-historico-en-europa-una-isla-como-eivissa-muy-afectada-por-la-paralisis-del-turismo-recibira-el-apoyo-y-la-solidaridad-de-la-union-afirma-josep-mari-ribas\/\" \/>\n<meta property=\"og:locale\" content=\"ca_ES\" \/>\n<meta property=\"og:type\" content=\"article\" \/>\n<meta property=\"og:title\" content=\"&quot;Acuerdo hist\u00f3rico&quot; en Europa: &quot;Una isla como Eivissa, muy afectada por la par\u00e1lisis del turismo, recibir\u00e1 el apoyo y la solidaridad de la Uni\u00f3n&quot;, afirma Josep Mar\u00ed Ribas - Federaci\u00f3 Socialista d&#039;Eivissa\" \/>\n<meta property=\"og:description\" content=\"La Federaci\u00f3n Socialista de Eivissa (FSE-PSOE) celebra el &#8220;acuerdo hist\u00f3rico&#8221; que ha tomado Europa en favor de la recuperaci\u00f3n de la crisis de la Covid-19. El secretario general de la FSE-PSOE, Josep Mar\u00ed Ribas, considera que &#8220;una isla como Eivissa, muy afectada social y econ\u00f3micamente por la par\u00e1lisis del turismo, recibir\u00e1 el apoyo y la&hellip;\" \/>\n<meta property=\"og:url\" content=\"https:\/\/www.psib-psoe.org\/eivissa\/acuerdo-historico-en-europa-una-isla-como-eivissa-muy-afectada-por-la-paralisis-del-turismo-recibira-el-apoyo-y-la-solidaridad-de-la-union-afirma-josep-mari-ribas\/\" \/>\n<meta property=\"og:site_name\" content=\"Federaci\u00f3 Socialista d&#039;Eivissa\" \/>\n<meta property=\"article:published_time\" content=\"2020-07-31T10:50:18+00:00\" \/>\n<meta property=\"article:modified_time\" content=\"2020-07-31T10:53:34+00:00\" \/>\n<meta property=\"og:image\" content=\"https:\/\/www.psib-psoe.org\/eivissa\/wp-content\/uploads\/foto-josep.-mari-ribas-e1595332920149.jpg\" \/>\n\t<meta property=\"og:image:width\" content=\"258\" \/>\n\t<meta property=\"og:image:height\" content=\"204\" \/>\n\t<meta property=\"og:image:type\" content=\"image\/jpeg\" \/>\n<meta name=\"author\" content=\"Josep Ripoll\" \/>\n<meta name=\"twitter:card\" content=\"summary_large_image\" \/>\n<meta name=\"twitter:label1\" content=\"Escrit per\" \/>\n\t<meta name=\"twitter:data1\" content=\"Josep Ripoll\" \/>\n\t<meta name=\"twitter:label2\" content=\"Temps estimat de lectura\" \/>\n\t<meta name=\"twitter:data2\" content=\"2 minuts\" \/>\n<script type=\"application\/ld+json\" class=\"yoast-schema-graph\">{\"@context\":\"https:\/\/schema.org\",\"@graph\":[{\"@type\":[\"Article\",\"BlogPosting\"],\"@id\":\"https:\/\/www.psib-psoe.org\/eivissa\/acuerdo-historico-en-europa-una-isla-como-eivissa-muy-afectada-por-la-paralisis-del-turismo-recibira-el-apoyo-y-la-solidaridad-de-la-union-afirma-josep-mari-ribas\/#article\",\"isPartOf\":{\"@id\":\"https:\/\/www.psib-psoe.org\/eivissa\/acuerdo-historico-en-europa-una-isla-como-eivissa-muy-afectada-por-la-paralisis-del-turismo-recibira-el-apoyo-y-la-solidaridad-de-la-union-afirma-josep-mari-ribas\/\"},\"author\":{\"name\":\"Josep Ripoll\",\"@id\":\"https:\/\/www.psib-psoe.org\/eivissa\/#\/schema\/person\/7a9d2841fb36f32e34fc0e9b245e8117\"},\"headline\":\"&#8220;Acuerdo hist\u00f3rico&#8221; en Europa: &#8220;Una isla como Eivissa, muy afectada por la par\u00e1lisis del turismo, recibir\u00e1 el apoyo y la solidaridad de la Uni\u00f3n&#8221;, afirma Josep Mar\u00ed Ribas\",\"datePublished\":\"2020-07-31T10:50:18+00:00\",\"dateModified\":\"2020-07-31T10:53:34+00:00\",\"mainEntityOfPage\":{\"@id\":\"https:\/\/www.psib-psoe.org\/eivissa\/acuerdo-historico-en-europa-una-isla-como-eivissa-muy-afectada-por-la-paralisis-del-turismo-recibira-el-apoyo-y-la-solidaridad-de-la-union-afirma-josep-mari-ribas\/\"},\"wordCount\":414,\"publisher\":{\"@id\":\"https:\/\/www.psib-psoe.org\/eivissa\/#organization\"},\"image\":{\"@id\":\"https:\/\/www.psib-psoe.org\/eivissa\/acuerdo-historico-en-europa-una-isla-como-eivissa-muy-afectada-por-la-paralisis-del-turismo-recibira-el-apoyo-y-la-solidaridad-de-la-union-afirma-josep-mari-ribas\/#primaryimage\"},\"thumbnailUrl\":\"https:\/\/www.psib-psoe.org\/eivissa\/wp-content\/uploads\/foto-josep.-mari-ribas-e1595332920149.jpg\",\"articleSection\":[\"FSE-PSOE\"],\"inLanguage\":\"ca\"},{\"@type\":\"WebPage\",\"@id\":\"https:\/\/www.psib-psoe.org\/eivissa\/acuerdo-historico-en-europa-una-isla-como-eivissa-muy-afectada-por-la-paralisis-del-turismo-recibira-el-apoyo-y-la-solidaridad-de-la-union-afirma-josep-mari-ribas\/\",\"url\":\"https:\/\/www.psib-psoe.org\/eivissa\/acuerdo-historico-en-europa-una-isla-como-eivissa-muy-afectada-por-la-paralisis-del-turismo-recibira-el-apoyo-y-la-solidaridad-de-la-union-afirma-josep-mari-ribas\/\",\"name\":\"\\\"Acuerdo hist\u00f3rico\\\" en Europa: \\\"Una isla como Eivissa, muy afectada por la par\u00e1lisis del turismo, recibir\u00e1 el apoyo y la solidaridad de la Uni\u00f3n\\\", afirma Josep Mar\u00ed Ribas - Federaci\u00f3 Socialista d&#039;Eivissa\",\"isPartOf\":{\"@id\":\"https:\/\/www.psib-psoe.org\/eivissa\/#website\"},\"primaryImageOfPage\":{\"@id\":\"https:\/\/www.psib-psoe.org\/eivissa\/acuerdo-historico-en-europa-una-isla-como-eivissa-muy-afectada-por-la-paralisis-del-turismo-recibira-el-apoyo-y-la-solidaridad-de-la-union-afirma-josep-mari-ribas\/#primaryimage\"},\"image\":{\"@id\":\"https:\/\/www.psib-psoe.org\/eivissa\/acuerdo-historico-en-europa-una-isla-como-eivissa-muy-afectada-por-la-paralisis-del-turismo-recibira-el-apoyo-y-la-solidaridad-de-la-union-afirma-josep-mari-ribas\/#primaryimage\"},\"thumbnailUrl\":\"https:\/\/www.psib-psoe.org\/eivissa\/wp-content\/uploads\/foto-josep.-mari-ribas-e1595332920149.jpg\",\"datePublished\":\"2020-07-31T10:50:18+00:00\",\"dateModified\":\"2020-07-31T10:53:34+00:00\",\"breadcrumb\":{\"@id\":\"https:\/\/www.psib-psoe.org\/eivissa\/acuerdo-historico-en-europa-una-isla-como-eivissa-muy-afectada-por-la-paralisis-del-turismo-recibira-el-apoyo-y-la-solidaridad-de-la-union-afirma-josep-mari-ribas\/#breadcrumb\"},\"inLanguage\":\"ca\",\"potentialAction\":[{\"@type\":\"ReadAction\",\"target\":[\"https:\/\/www.psib-psoe.org\/eivissa\/acuerdo-historico-en-europa-una-isla-como-eivissa-muy-afectada-por-la-paralisis-del-turismo-recibira-el-apoyo-y-la-solidaridad-de-la-union-afirma-josep-mari-ribas\/\"]}]},{\"@type\":\"ImageObject\",\"inLanguage\":\"ca\",\"@id\":\"https:\/\/www.psib-psoe.org\/eivissa\/acuerdo-historico-en-europa-una-isla-como-eivissa-muy-afectada-por-la-paralisis-del-turismo-recibira-el-apoyo-y-la-solidaridad-de-la-union-afirma-josep-mari-ribas\/#primaryimage\",\"url\":\"https:\/\/www.psib-psoe.org\/eivissa\/wp-content\/uploads\/foto-josep.-mari-ribas-e1595332920149.jpg\",\"contentUrl\":\"https:\/\/www.psib-psoe.org\/eivissa\/wp-content\/uploads\/foto-josep.-mari-ribas-e1595332920149.jpg\",\"width\":258,\"height\":204},{\"@type\":\"BreadcrumbList\",\"@id\":\"https:\/\/www.psib-psoe.org\/eivissa\/acuerdo-historico-en-europa-una-isla-como-eivissa-muy-afectada-por-la-paralisis-del-turismo-recibira-el-apoyo-y-la-solidaridad-de-la-union-afirma-josep-mari-ribas\/#breadcrumb\",\"itemListElement\":[{\"@type\":\"ListItem\",\"position\":1,\"name\":\"Inici\",\"item\":\"https:\/\/www.psib-psoe.org\/eivissa\/\"},{\"@type\":\"ListItem\",\"position\":2,\"name\":\"&#8220;Acuerdo hist\u00f3rico&#8221; en Europa: &#8220;Una isla como Eivissa, muy afectada por la par\u00e1lisis del turismo, recibir\u00e1 el apoyo y la solidaridad de la Uni\u00f3n&#8221;, afirma Josep Mar\u00ed Ribas\"}]},{\"@type\":\"WebSite\",\"@id\":\"https:\/\/www.psib-psoe.org\/eivissa\/#website\",\"url\":\"https:\/\/www.psib-psoe.org\/eivissa\/\",\"name\":\"Federaci\u00f3 Socialista d'Eivissa\",\"description\":\"Socialistes d&#039;Eivissa\",\"publisher\":{\"@id\":\"https:\/\/www.psib-psoe.org\/eivissa\/#organization\"},\"potentialAction\":[{\"@type\":\"SearchAction\",\"target\":{\"@type\":\"EntryPoint\",\"urlTemplate\":\"https:\/\/www.psib-psoe.org\/eivissa\/?s={search_term_string}\"},\"query-input\":{\"@type\":\"PropertyValueSpecification\",\"valueRequired\":true,\"valueName\":\"search_term_string\"}}],\"inLanguage\":\"ca\"},{\"@type\":\"Organization\",\"@id\":\"https:\/\/www.psib-psoe.org\/eivissa\/#organization\",\"name\":\"Federaci\u00f3 Socialista d'Eivissa\",\"url\":\"https:\/\/www.psib-psoe.org\/eivissa\/\",\"logo\":{\"@type\":\"ImageObject\",\"inLanguage\":\"ca\",\"@id\":\"https:\/\/www.psib-psoe.org\/eivissa\/#\/schema\/logo\/image\/\",\"url\":\"https:\/\/www.psib-psoe.org\/eivissa\/wp-content\/uploads\/LOGO-FSE-SOCIALISTA-DEIVISSA-HORI.png\",\"contentUrl\":\"https:\/\/www.psib-psoe.org\/eivissa\/wp-content\/uploads\/LOGO-FSE-SOCIALISTA-DEIVISSA-HORI.png\",\"width\":6000,\"height\":3104,\"caption\":\"Federaci\u00f3 Socialista d'Eivissa\"},\"image\":{\"@id\":\"https:\/\/www.psib-psoe.org\/eivissa\/#\/schema\/logo\/image\/\"}},{\"@type\":\"Person\",\"@id\":\"https:\/\/www.psib-psoe.org\/eivissa\/#\/schema\/person\/7a9d2841fb36f32e34fc0e9b245e8117\",\"name\":\"Josep Ripoll\",\"sameAs\":[\"http:\/\/www.psib-psoe.org\/eivissa\/wp-login.php\"],\"url\":\"https:\/\/www.psib-psoe.org\/eivissa\/author\/josep\/\"}]}<\/script>\n<!-- \/ Yoast SEO plugin. -->","yoast_head_json":{"title":"\"Acuerdo hist\u00f3rico\" en Europa: \"Una isla como Eivissa, muy afectada por la par\u00e1lisis del turismo, recibir\u00e1 el apoyo y la solidaridad de la Uni\u00f3n\", afirma Josep Mar\u00ed Ribas - Federaci\u00f3 Socialista d&#039;Eivissa","robots":{"index":"index","follow":"follow","max-snippet":"max-snippet:-1","max-image-preview":"max-image-preview:large","max-video-preview":"max-video-preview:-1"},"canonical":"https:\/\/www.psib-psoe.org\/eivissa\/acuerdo-historico-en-europa-una-isla-como-eivissa-muy-afectada-por-la-paralisis-del-turismo-recibira-el-apoyo-y-la-solidaridad-de-la-union-afirma-josep-mari-ribas\/","og_locale":"ca_ES","og_type":"article","og_title":"\"Acuerdo hist\u00f3rico\" en Europa: \"Una isla como Eivissa, muy afectada por la par\u00e1lisis del turismo, recibir\u00e1 el apoyo y la solidaridad de la Uni\u00f3n\", afirma Josep Mar\u00ed Ribas - Federaci\u00f3 Socialista d&#039;Eivissa","og_description":"La Federaci\u00f3n Socialista de Eivissa (FSE-PSOE) celebra el &#8220;acuerdo hist\u00f3rico&#8221; que ha tomado Europa en favor de la recuperaci\u00f3n de la crisis de la Covid-19. El secretario general de la FSE-PSOE, Josep Mar\u00ed Ribas, considera que &#8220;una isla como Eivissa, muy afectada social y econ\u00f3micamente por la par\u00e1lisis del turismo, recibir\u00e1 el apoyo y la&hellip;","og_url":"https:\/\/www.psib-psoe.org\/eivissa\/acuerdo-historico-en-europa-una-isla-como-eivissa-muy-afectada-por-la-paralisis-del-turismo-recibira-el-apoyo-y-la-solidaridad-de-la-union-afirma-josep-mari-ribas\/","og_site_name":"Federaci\u00f3 Socialista d&#039;Eivissa","article_published_time":"2020-07-31T10:50:18+00:00","article_modified_time":"2020-07-31T10:53:34+00:00","og_image":[{"width":258,"height":204,"url":"https:\/\/www.psib-psoe.org\/eivissa\/wp-content\/uploads\/foto-josep.-mari-ribas-e1595332920149.jpg","type":"image\/jpeg"}],"author":"Josep Ripoll","twitter_card":"summary_large_image","twitter_misc":{"Escrit per":"Josep Ripoll","Temps estimat de lectura":"2 minuts"},"schema":{"@context":"https:\/\/schema.org","@graph":[{"@type":["Article","BlogPosting"],"@id":"https:\/\/www.psib-psoe.org\/eivissa\/acuerdo-historico-en-europa-una-isla-como-eivissa-muy-afectada-por-la-paralisis-del-turismo-recibira-el-apoyo-y-la-solidaridad-de-la-union-afirma-josep-mari-ribas\/#article","isPartOf":{"@id":"https:\/\/www.psib-psoe.org\/eivissa\/acuerdo-historico-en-europa-una-isla-como-eivissa-muy-afectada-por-la-paralisis-del-turismo-recibira-el-apoyo-y-la-solidaridad-de-la-union-afirma-josep-mari-ribas\/"},"author":{"name":"Josep Ripoll","@id":"https:\/\/www.psib-psoe.org\/eivissa\/#\/schema\/person\/7a9d2841fb36f32e34fc0e9b245e8117"},"headline":"&#8220;Acuerdo hist\u00f3rico&#8221; en Europa: &#8220;Una isla como Eivissa, muy afectada por la par\u00e1lisis del turismo, recibir\u00e1 el apoyo y la solidaridad de la Uni\u00f3n&#8221;, afirma Josep Mar\u00ed Ribas","datePublished":"2020-07-31T10:50:18+00:00","dateModified":"2020-07-31T10:53:34+00:00","mainEntityOfPage":{"@id":"https:\/\/www.psib-psoe.org\/eivissa\/acuerdo-historico-en-europa-una-isla-como-eivissa-muy-afectada-por-la-paralisis-del-turismo-recibira-el-apoyo-y-la-solidaridad-de-la-union-afirma-josep-mari-ribas\/"},"wordCount":414,"publisher":{"@id":"https:\/\/www.psib-psoe.org\/eivissa\/#organization"},"image":{"@id":"https:\/\/www.psib-psoe.org\/eivissa\/acuerdo-historico-en-europa-una-isla-como-eivissa-muy-afectada-por-la-paralisis-del-turismo-recibira-el-apoyo-y-la-solidaridad-de-la-union-afirma-josep-mari-ribas\/#primaryimage"},"thumbnailUrl":"https:\/\/www.psib-psoe.org\/eivissa\/wp-content\/uploads\/foto-josep.-mari-ribas-e1595332920149.jpg","articleSection":["FSE-PSOE"],"inLanguage":"ca"},{"@type":"WebPage","@id":"https:\/\/www.psib-psoe.org\/eivissa\/acuerdo-historico-en-europa-una-isla-como-eivissa-muy-afectada-por-la-paralisis-del-turismo-recibira-el-apoyo-y-la-solidaridad-de-la-union-afirma-josep-mari-ribas\/","url":"https:\/\/www.psib-psoe.org\/eivissa\/acuerdo-historico-en-europa-una-isla-como-eivissa-muy-afectada-por-la-paralisis-del-turismo-recibira-el-apoyo-y-la-solidaridad-de-la-union-afirma-josep-mari-ribas\/","name":"\"Acuerdo hist\u00f3rico\" en Europa: \"Una isla como Eivissa, muy afectada por la par\u00e1lisis del turismo, recibir\u00e1 el apoyo y la solidaridad de la Uni\u00f3n\", afirma Josep Mar\u00ed Ribas - Federaci\u00f3 Socialista d&#039;Eivissa","isPartOf":{"@id":"https:\/\/www.psib-psoe.org\/eivissa\/#website"},"primaryImageOfPage":{"@id":"https:\/\/www.psib-psoe.org\/eivissa\/acuerdo-historico-en-europa-una-isla-como-eivissa-muy-afectada-por-la-paralisis-del-turismo-recibira-el-apoyo-y-la-solidaridad-de-la-union-afirma-josep-mari-ribas\/#primaryimage"},"image":{"@id":"https:\/\/www.psib-psoe.org\/eivissa\/acuerdo-historico-en-europa-una-isla-como-eivissa-muy-afectada-por-la-paralisis-del-turismo-recibira-el-apoyo-y-la-solidaridad-de-la-union-afirma-josep-mari-ribas\/#primaryimage"},"thumbnailUrl":"https:\/\/www.psib-psoe.org\/eivissa\/wp-content\/uploads\/foto-josep.-mari-ribas-e1595332920149.jpg","datePublished":"2020-07-31T10:50:18+00:00","dateModified":"2020-07-31T10:53:34+00:00","breadcrumb":{"@id":"https:\/\/www.psib-psoe.org\/eivissa\/acuerdo-historico-en-europa-una-isla-como-eivissa-muy-afectada-por-la-paralisis-del-turismo-recibira-el-apoyo-y-la-solidaridad-de-la-union-afirma-josep-mari-ribas\/#breadcrumb"},"inLanguage":"ca","potentialAction":[{"@type":"ReadAction","target":["https:\/\/www.psib-psoe.org\/eivissa\/acuerdo-historico-en-europa-una-isla-como-eivissa-muy-afectada-por-la-paralisis-del-turismo-recibira-el-apoyo-y-la-solidaridad-de-la-union-afirma-josep-mari-ribas\/"]}]},{"@type":"ImageObject","inLanguage":"ca","@id":"https:\/\/www.psib-psoe.org\/eivissa\/acuerdo-historico-en-europa-una-isla-como-eivissa-muy-afectada-por-la-paralisis-del-turismo-recibira-el-apoyo-y-la-solidaridad-de-la-union-afirma-josep-mari-ribas\/#primaryimage","url":"https:\/\/www.psib-psoe.org\/eivissa\/wp-content\/uploads\/foto-josep.-mari-ribas-e1595332920149.jpg","contentUrl":"https:\/\/www.psib-psoe.org\/eivissa\/wp-content\/uploads\/foto-josep.-mari-ribas-e1595332920149.jpg","width":258,"height":204},{"@type":"BreadcrumbList","@id":"https:\/\/www.psib-psoe.org\/eivissa\/acuerdo-historico-en-europa-una-isla-como-eivissa-muy-afectada-por-la-paralisis-del-turismo-recibira-el-apoyo-y-la-solidaridad-de-la-union-afirma-josep-mari-ribas\/#breadcrumb","itemListElement":[{"@type":"ListItem","position":1,"name":"Inici","item":"https:\/\/www.psib-psoe.org\/eivissa\/"},{"@type":"ListItem","position":2,"name":"&#8220;Acuerdo hist\u00f3rico&#8221; en Europa: &#8220;Una isla como Eivissa, muy afectada por la par\u00e1lisis del turismo, recibir\u00e1 el apoyo y la solidaridad de la Uni\u00f3n&#8221;, afirma Josep Mar\u00ed Ribas"}]},{"@type":"WebSite","@id":"https:\/\/www.psib-psoe.org\/eivissa\/#website","url":"https:\/\/www.psib-psoe.org\/eivissa\/","name":"Federaci\u00f3 Socialista d'Eivissa","description":"Socialistes d&#039;Eivissa","publisher":{"@id":"https:\/\/www.psib-psoe.org\/eivissa\/#organization"},"potentialAction":[{"@type":"SearchAction","target":{"@type":"EntryPoint","urlTemplate":"https:\/\/www.psib-psoe.org\/eivissa\/?s={search_term_string}"},"query-input":{"@type":"PropertyValueSpecification","valueRequired":true,"valueName":"search_term_string"}}],"inLanguage":"ca"},{"@type":"Organization","@id":"https:\/\/www.psib-psoe.org\/eivissa\/#organization","name":"Federaci\u00f3 Socialista d'Eivissa","url":"https:\/\/www.psib-psoe.org\/eivissa\/","logo":{"@type":"ImageObject","inLanguage":"ca","@id":"https:\/\/www.psib-psoe.org\/eivissa\/#\/schema\/logo\/image\/","url":"https:\/\/www.psib-psoe.org\/eivissa\/wp-content\/uploads\/LOGO-FSE-SOCIALISTA-DEIVISSA-HORI.png","contentUrl":"https:\/\/www.psib-psoe.org\/eivissa\/wp-content\/uploads\/LOGO-FSE-SOCIALISTA-DEIVISSA-HORI.png","width":6000,"height":3104,"caption":"Federaci\u00f3 Socialista d'Eivissa"},"image":{"@id":"https:\/\/www.psib-psoe.org\/eivissa\/#\/schema\/logo\/image\/"}},{"@type":"Person","@id":"https:\/\/www.psib-psoe.org\/eivissa\/#\/schema\/person\/7a9d2841fb36f32e34fc0e9b245e8117","name":"Josep Ripoll","sameAs":["http:\/\/www.psib-psoe.org\/eivissa\/wp-login.php"],"url":"https:\/\/www.psib-psoe.org\/eivissa\/author\/josep\/"}]}},"_links":{"self":[{"href":"https:\/\/www.psib-psoe.org\/eivissa\/wp-json\/wp\/v2\/posts\/31499","targetHints":{"allow":["GET"]}}],"collection":[{"href":"https:\/\/www.psib-psoe.org\/eivissa\/wp-json\/wp\/v2\/posts"}],"about":[{"href":"https:\/\/www.psib-psoe.org\/eivissa\/wp-json\/wp\/v2\/types\/post"}],"author":[{"embeddable":true,"href":"https:\/\/www.psib-psoe.org\/eivissa\/wp-json\/wp\/v2\/users\/7"}],"replies":[{"embeddable":true,"href":"https:\/\/www.psib-psoe.org\/eivissa\/wp-json\/wp\/v2\/comments?post=31499"}],"version-history":[{"count":1,"href":"https:\/\/www.psib-psoe.org\/eivissa\/wp-json\/wp\/v2\/posts\/31499\/revisions"}],"predecessor-version":[{"id":31500,"href":"https:\/\/www.psib-psoe.org\/eivissa\/wp-json\/wp\/v2\/posts\/31499\/revisions\/31500"}],"wp:featuredmedia":[{"embeddable":true,"href":"https:\/\/www.psib-psoe.org\/eivissa\/wp-json\/wp\/v2\/media\/29101"}],"wp:attachment":[{"href":"https:\/\/www.psib-psoe.org\/eivissa\/wp-json\/wp\/v2\/media?parent=31499"}],"wp:term":[{"taxonomy":"category","embeddable":true,"href":"https:\/\/www.psib-psoe.org\/eivissa\/wp-json\/wp\/v2\/categories?post=31499"},{"taxonomy":"post_tag","embeddable":true,"href":"https:\/\/www.psib-psoe.org\/eivissa\/wp-json\/wp\/v2\/tags?post=31499"}],"curies":[{"name":"wp","href":"https:\/\/api.w.org\/{rel}","templated":true}]}}