{"id":31552,"date":"2020-07-31T12:40:25","date_gmt":"2020-07-31T10:40:25","guid":{"rendered":"https:\/\/www.psib-psoe.org\/eivissa\/?p=31552"},"modified":"2020-07-31T12:14:46","modified_gmt":"2020-07-31T10:14:46","slug":"reyes-maroto-anuncia-a-eivissa-un-pla-dinversions-per-recuperar-el-turisme","status":"publish","type":"post","link":"https:\/\/www.psib-psoe.org\/eivissa\/reyes-maroto-anuncia-a-eivissa-un-pla-dinversions-per-recuperar-el-turisme\/","title":{"rendered":"Reyes Maroto anuncia a Eivissa un pla d&#8217;inversions per recuperar el turisme"},"content":{"rendered":"<p>En la seua visita a Eivissa, la ministra de Turisme, Reyes Maroto, acompanyada de la presidenta de les Illes Balears, Francina Armengol, ha anunciat que &#8220;presentarem un pla espec\u00edfic d&#8217;inversions per impulsar el turisme a Balears. Ser\u00e0 un pla ambici\u00f3s, coordinat amb el Govern dels Illes Balears i col\u00b7laborat amb consells, ajuntaments i agents econ\u00f2mics i socials&#8221;.<\/p>\n<p>Respecte a la quarentena imposada pel govern del Regne Unit als viatgers procedents d&#8217;Espanya, la ministra ha explicat les gestions que est\u00e0 realitzant el seu govern per establir un corredor segur amb les Illes Balears.<\/p>\n<p>Per la seua banda, la presidenta Armengol ha recordat que el corredor establert en el seu moment amb Alemanya tamb\u00e9 va permetre salvar la quarantena que hi havia en aquell moment, \u00abi des del rigor i el comprom\u00eds v\u00e0rem demostrar que som una destinaci\u00f3 segura per als visitants i per als residents, i ara podem tornar a fer-ho\u00bb.<\/p>\n<p>Armengol ha agra\u00eft a Reyes Maroto la r\u00e0pida resposta del seu Ministeri i del Govern d\u2019Espanya per defensar la proposta feta des de les Balears i ha confiat que aviat es trobar\u00e0 la soluci\u00f3 per establir el corredor segur amb el Regne Unit.<\/p>\n<div id=\"fb-root\"><\/div>\n<p><script async=\"1\" defer=\"1\" crossorigin=\"anonymous\" src=\"https:\/\/connect.facebook.net\/de_DE\/sdk.js#xfbml=1&amp;version=v7.0\" nonce=\"ZOohu8dZ\"><\/script><\/p>\n<div class=\"fb-video\" data-href=\"https:\/\/www.facebook.com\/farmengolsocias\/videos\/4223513651053482\/\" data-width=\"1170\">\n<blockquote cite=\"https:\/\/www.facebook.com\/farmengolsocias\/videos\/4223513651053482\/\" class=\"fb-xfbml-parse-ignore\"><p><a href=\"https:\/\/www.facebook.com\/farmengolsocias\/videos\/4223513651053482\/\">Plan espec\u00edfico de Turismo para Balears<\/a><\/p>\n<p>Ministra de Turisme: &quot;vamos a presentar un plan espec\u00edfico de inversiones para impulsar el turismo en Balears. Ser\u00e1 un plan ambicioso, coordinado con el Govern de les Illes Balears y colaborado con consells, ayuntamientos y agentes econ\u00f3micos. y sociales&quot;. ?<\/p>\n<p>Gepostet von <a href=\"https:\/\/www.facebook.com\/farmengolsocias\/\">Francina Armengol Socias<\/a> am Montag, 27. Juli 2020<\/p><\/blockquote>\n<\/div>\n","protected":false},"excerpt":{"rendered":"<p>En la seua visita a Eivissa, la ministra de Turisme, Reyes Maroto, acompanyada de la presidenta de les Illes Balears, Francina Armengol, ha anunciat que &#8220;presentarem un pla espec\u00edfic d&#8217;inversions per impulsar el turisme a Balears. Ser\u00e0 un pla ambici\u00f3s, coordinat amb el Govern dels Illes Balears i col\u00b7laborat amb consells, ajuntaments i agents econ\u00f2mics&hellip;<\/p>\n","protected":false},"author":7,"featured_media":0,"comment_status":"closed","ping_status":"closed","sticky":false,"template":"","format":"standard","meta":{"footnotes":""},"categories":[1,190,191],"tags":[],"class_list":["post-31552","post","type-post","status-publish","format-standard","hentry","category-federacio-de-eivissa-portada","category-govern-despanya-congres-senat","category-govern-de-les-illes-balears-parlament"],"yoast_head":"<!-- This site is optimized with the Yoast SEO plugin v26.9 - https:\/\/yoast.com\/product\/yoast-seo-wordpress\/ -->\n<title>Reyes Maroto anuncia a Eivissa un pla d&#039;inversions per recuperar el turisme - Federaci\u00f3 Socialista d&#039;Eivissa<\/title>\n<meta name=\"robots\" content=\"index, follow, max-snippet:-1, max-image-preview:large, max-video-preview:-1\" \/>\n<link rel=\"canonical\" href=\"https:\/\/www.psib-psoe.org\/eivissa\/reyes-maroto-anuncia-a-eivissa-un-pla-dinversions-per-recuperar-el-turisme\/\" \/>\n<meta property=\"og:locale\" content=\"ca_ES\" \/>\n<meta property=\"og:type\" content=\"article\" \/>\n<meta property=\"og:title\" content=\"Reyes Maroto anuncia a Eivissa un pla d&#039;inversions per recuperar el turisme - Federaci\u00f3 Socialista d&#039;Eivissa\" \/>\n<meta property=\"og:description\" content=\"En la seua visita a Eivissa, la ministra de Turisme, Reyes Maroto, acompanyada de la presidenta de les Illes Balears, Francina Armengol, ha anunciat que &#8220;presentarem un pla espec\u00edfic d&#8217;inversions per impulsar el turisme a Balears. Ser\u00e0 un pla ambici\u00f3s, coordinat amb el Govern dels Illes Balears i col\u00b7laborat amb consells, ajuntaments i agents econ\u00f2mics&hellip;\" \/>\n<meta property=\"og:url\" content=\"https:\/\/www.psib-psoe.org\/eivissa\/reyes-maroto-anuncia-a-eivissa-un-pla-dinversions-per-recuperar-el-turisme\/\" \/>\n<meta property=\"og:site_name\" content=\"Federaci\u00f3 Socialista d&#039;Eivissa\" \/>\n<meta property=\"article:published_time\" content=\"2020-07-31T10:40:25+00:00\" \/>\n<meta name=\"author\" content=\"Josep Ripoll\" \/>\n<meta name=\"twitter:card\" content=\"summary_large_image\" \/>\n<meta name=\"twitter:label1\" content=\"Escrit per\" \/>\n\t<meta name=\"twitter:data1\" content=\"Josep Ripoll\" \/>\n\t<meta name=\"twitter:label2\" content=\"Temps estimat de lectura\" \/>\n\t<meta name=\"twitter:data2\" content=\"1 minut\" \/>\n<script type=\"application\/ld+json\" class=\"yoast-schema-graph\">{\"@context\":\"https:\/\/schema.org\",\"@graph\":[{\"@type\":[\"Article\",\"BlogPosting\"],\"@id\":\"https:\/\/www.psib-psoe.org\/eivissa\/reyes-maroto-anuncia-a-eivissa-un-pla-dinversions-per-recuperar-el-turisme\/#article\",\"isPartOf\":{\"@id\":\"https:\/\/www.psib-psoe.org\/eivissa\/reyes-maroto-anuncia-a-eivissa-un-pla-dinversions-per-recuperar-el-turisme\/\"},\"author\":{\"name\":\"Josep Ripoll\",\"@id\":\"https:\/\/www.psib-psoe.org\/eivissa\/#\/schema\/person\/7a9d2841fb36f32e34fc0e9b245e8117\"},\"headline\":\"Reyes Maroto anuncia a Eivissa un pla d&#8217;inversions per recuperar el turisme\",\"datePublished\":\"2020-07-31T10:40:25+00:00\",\"mainEntityOfPage\":{\"@id\":\"https:\/\/www.psib-psoe.org\/eivissa\/reyes-maroto-anuncia-a-eivissa-un-pla-dinversions-per-recuperar-el-turisme\/\"},\"wordCount\":222,\"publisher\":{\"@id\":\"https:\/\/www.psib-psoe.org\/eivissa\/#organization\"},\"articleSection\":[\"Federaci\u00f3 d'Eivissa - Portada\",\"Govern d'Espanya - Congr\u00e9s - Senat - PSOE Federal\",\"Govern de les Illes Balears - Parlament - PSIB-PSOE\"],\"inLanguage\":\"ca\"},{\"@type\":\"WebPage\",\"@id\":\"https:\/\/www.psib-psoe.org\/eivissa\/reyes-maroto-anuncia-a-eivissa-un-pla-dinversions-per-recuperar-el-turisme\/\",\"url\":\"https:\/\/www.psib-psoe.org\/eivissa\/reyes-maroto-anuncia-a-eivissa-un-pla-dinversions-per-recuperar-el-turisme\/\",\"name\":\"Reyes Maroto anuncia a Eivissa un pla d'inversions per recuperar el turisme - Federaci\u00f3 Socialista d&#039;Eivissa\",\"isPartOf\":{\"@id\":\"https:\/\/www.psib-psoe.org\/eivissa\/#website\"},\"datePublished\":\"2020-07-31T10:40:25+00:00\",\"breadcrumb\":{\"@id\":\"https:\/\/www.psib-psoe.org\/eivissa\/reyes-maroto-anuncia-a-eivissa-un-pla-dinversions-per-recuperar-el-turisme\/#breadcrumb\"},\"inLanguage\":\"ca\",\"potentialAction\":[{\"@type\":\"ReadAction\",\"target\":[\"https:\/\/www.psib-psoe.org\/eivissa\/reyes-maroto-anuncia-a-eivissa-un-pla-dinversions-per-recuperar-el-turisme\/\"]}]},{\"@type\":\"BreadcrumbList\",\"@id\":\"https:\/\/www.psib-psoe.org\/eivissa\/reyes-maroto-anuncia-a-eivissa-un-pla-dinversions-per-recuperar-el-turisme\/#breadcrumb\",\"itemListElement\":[{\"@type\":\"ListItem\",\"position\":1,\"name\":\"Inici\",\"item\":\"https:\/\/www.psib-psoe.org\/eivissa\/\"},{\"@type\":\"ListItem\",\"position\":2,\"name\":\"Reyes Maroto anuncia a Eivissa un pla d&#8217;inversions per recuperar el turisme\"}]},{\"@type\":\"WebSite\",\"@id\":\"https:\/\/www.psib-psoe.org\/eivissa\/#website\",\"url\":\"https:\/\/www.psib-psoe.org\/eivissa\/\",\"name\":\"Federaci\u00f3 Socialista d'Eivissa\",\"description\":\"Socialistes d&#039;Eivissa\",\"publisher\":{\"@id\":\"https:\/\/www.psib-psoe.org\/eivissa\/#organization\"},\"potentialAction\":[{\"@type\":\"SearchAction\",\"target\":{\"@type\":\"EntryPoint\",\"urlTemplate\":\"https:\/\/www.psib-psoe.org\/eivissa\/?s={search_term_string}\"},\"query-input\":{\"@type\":\"PropertyValueSpecification\",\"valueRequired\":true,\"valueName\":\"search_term_string\"}}],\"inLanguage\":\"ca\"},{\"@type\":\"Organization\",\"@id\":\"https:\/\/www.psib-psoe.org\/eivissa\/#organization\",\"name\":\"Federaci\u00f3 Socialista d'Eivissa\",\"url\":\"https:\/\/www.psib-psoe.org\/eivissa\/\",\"logo\":{\"@type\":\"ImageObject\",\"inLanguage\":\"ca\",\"@id\":\"https:\/\/www.psib-psoe.org\/eivissa\/#\/schema\/logo\/image\/\",\"url\":\"https:\/\/www.psib-psoe.org\/eivissa\/wp-content\/uploads\/LOGO-FSE-SOCIALISTA-DEIVISSA-HORI.png\",\"contentUrl\":\"https:\/\/www.psib-psoe.org\/eivissa\/wp-content\/uploads\/LOGO-FSE-SOCIALISTA-DEIVISSA-HORI.png\",\"width\":6000,\"height\":3104,\"caption\":\"Federaci\u00f3 Socialista d'Eivissa\"},\"image\":{\"@id\":\"https:\/\/www.psib-psoe.org\/eivissa\/#\/schema\/logo\/image\/\"}},{\"@type\":\"Person\",\"@id\":\"https:\/\/www.psib-psoe.org\/eivissa\/#\/schema\/person\/7a9d2841fb36f32e34fc0e9b245e8117\",\"name\":\"Josep Ripoll\",\"sameAs\":[\"http:\/\/www.psib-psoe.org\/eivissa\/wp-login.php\"],\"url\":\"https:\/\/www.psib-psoe.org\/eivissa\/author\/josep\/\"}]}<\/script>\n<!-- \/ Yoast SEO plugin. -->","yoast_head_json":{"title":"Reyes Maroto anuncia a Eivissa un pla d'inversions per recuperar el turisme - Federaci\u00f3 Socialista d&#039;Eivissa","robots":{"index":"index","follow":"follow","max-snippet":"max-snippet:-1","max-image-preview":"max-image-preview:large","max-video-preview":"max-video-preview:-1"},"canonical":"https:\/\/www.psib-psoe.org\/eivissa\/reyes-maroto-anuncia-a-eivissa-un-pla-dinversions-per-recuperar-el-turisme\/","og_locale":"ca_ES","og_type":"article","og_title":"Reyes Maroto anuncia a Eivissa un pla d'inversions per recuperar el turisme - Federaci\u00f3 Socialista d&#039;Eivissa","og_description":"En la seua visita a Eivissa, la ministra de Turisme, Reyes Maroto, acompanyada de la presidenta de les Illes Balears, Francina Armengol, ha anunciat que &#8220;presentarem un pla espec\u00edfic d&#8217;inversions per impulsar el turisme a Balears. Ser\u00e0 un pla ambici\u00f3s, coordinat amb el Govern dels Illes Balears i col\u00b7laborat amb consells, ajuntaments i agents econ\u00f2mics&hellip;","og_url":"https:\/\/www.psib-psoe.org\/eivissa\/reyes-maroto-anuncia-a-eivissa-un-pla-dinversions-per-recuperar-el-turisme\/","og_site_name":"Federaci\u00f3 Socialista d&#039;Eivissa","article_published_time":"2020-07-31T10:40:25+00:00","author":"Josep Ripoll","twitter_card":"summary_large_image","twitter_misc":{"Escrit per":"Josep Ripoll","Temps estimat de lectura":"1 minut"},"schema":{"@context":"https:\/\/schema.org","@graph":[{"@type":["Article","BlogPosting"],"@id":"https:\/\/www.psib-psoe.org\/eivissa\/reyes-maroto-anuncia-a-eivissa-un-pla-dinversions-per-recuperar-el-turisme\/#article","isPartOf":{"@id":"https:\/\/www.psib-psoe.org\/eivissa\/reyes-maroto-anuncia-a-eivissa-un-pla-dinversions-per-recuperar-el-turisme\/"},"author":{"name":"Josep Ripoll","@id":"https:\/\/www.psib-psoe.org\/eivissa\/#\/schema\/person\/7a9d2841fb36f32e34fc0e9b245e8117"},"headline":"Reyes Maroto anuncia a Eivissa un pla d&#8217;inversions per recuperar el turisme","datePublished":"2020-07-31T10:40:25+00:00","mainEntityOfPage":{"@id":"https:\/\/www.psib-psoe.org\/eivissa\/reyes-maroto-anuncia-a-eivissa-un-pla-dinversions-per-recuperar-el-turisme\/"},"wordCount":222,"publisher":{"@id":"https:\/\/www.psib-psoe.org\/eivissa\/#organization"},"articleSection":["Federaci\u00f3 d'Eivissa - Portada","Govern d'Espanya - Congr\u00e9s - Senat - PSOE Federal","Govern de les Illes Balears - Parlament - PSIB-PSOE"],"inLanguage":"ca"},{"@type":"WebPage","@id":"https:\/\/www.psib-psoe.org\/eivissa\/reyes-maroto-anuncia-a-eivissa-un-pla-dinversions-per-recuperar-el-turisme\/","url":"https:\/\/www.psib-psoe.org\/eivissa\/reyes-maroto-anuncia-a-eivissa-un-pla-dinversions-per-recuperar-el-turisme\/","name":"Reyes Maroto anuncia a Eivissa un pla d'inversions per recuperar el turisme - Federaci\u00f3 Socialista d&#039;Eivissa","isPartOf":{"@id":"https:\/\/www.psib-psoe.org\/eivissa\/#website"},"datePublished":"2020-07-31T10:40:25+00:00","breadcrumb":{"@id":"https:\/\/www.psib-psoe.org\/eivissa\/reyes-maroto-anuncia-a-eivissa-un-pla-dinversions-per-recuperar-el-turisme\/#breadcrumb"},"inLanguage":"ca","potentialAction":[{"@type":"ReadAction","target":["https:\/\/www.psib-psoe.org\/eivissa\/reyes-maroto-anuncia-a-eivissa-un-pla-dinversions-per-recuperar-el-turisme\/"]}]},{"@type":"BreadcrumbList","@id":"https:\/\/www.psib-psoe.org\/eivissa\/reyes-maroto-anuncia-a-eivissa-un-pla-dinversions-per-recuperar-el-turisme\/#breadcrumb","itemListElement":[{"@type":"ListItem","position":1,"name":"Inici","item":"https:\/\/www.psib-psoe.org\/eivissa\/"},{"@type":"ListItem","position":2,"name":"Reyes Maroto anuncia a Eivissa un pla d&#8217;inversions per recuperar el turisme"}]},{"@type":"WebSite","@id":"https:\/\/www.psib-psoe.org\/eivissa\/#website","url":"https:\/\/www.psib-psoe.org\/eivissa\/","name":"Federaci\u00f3 Socialista d'Eivissa","description":"Socialistes d&#039;Eivissa","publisher":{"@id":"https:\/\/www.psib-psoe.org\/eivissa\/#organization"},"potentialAction":[{"@type":"SearchAction","target":{"@type":"EntryPoint","urlTemplate":"https:\/\/www.psib-psoe.org\/eivissa\/?s={search_term_string}"},"query-input":{"@type":"PropertyValueSpecification","valueRequired":true,"valueName":"search_term_string"}}],"inLanguage":"ca"},{"@type":"Organization","@id":"https:\/\/www.psib-psoe.org\/eivissa\/#organization","name":"Federaci\u00f3 Socialista d'Eivissa","url":"https:\/\/www.psib-psoe.org\/eivissa\/","logo":{"@type":"ImageObject","inLanguage":"ca","@id":"https:\/\/www.psib-psoe.org\/eivissa\/#\/schema\/logo\/image\/","url":"https:\/\/www.psib-psoe.org\/eivissa\/wp-content\/uploads\/LOGO-FSE-SOCIALISTA-DEIVISSA-HORI.png","contentUrl":"https:\/\/www.psib-psoe.org\/eivissa\/wp-content\/uploads\/LOGO-FSE-SOCIALISTA-DEIVISSA-HORI.png","width":6000,"height":3104,"caption":"Federaci\u00f3 Socialista d'Eivissa"},"image":{"@id":"https:\/\/www.psib-psoe.org\/eivissa\/#\/schema\/logo\/image\/"}},{"@type":"Person","@id":"https:\/\/www.psib-psoe.org\/eivissa\/#\/schema\/person\/7a9d2841fb36f32e34fc0e9b245e8117","name":"Josep Ripoll","sameAs":["http:\/\/www.psib-psoe.org\/eivissa\/wp-login.php"],"url":"https:\/\/www.psib-psoe.org\/eivissa\/author\/josep\/"}]}},"_links":{"self":[{"href":"https:\/\/www.psib-psoe.org\/eivissa\/wp-json\/wp\/v2\/posts\/31552","targetHints":{"allow":["GET"]}}],"collection":[{"href":"https:\/\/www.psib-psoe.org\/eivissa\/wp-json\/wp\/v2\/posts"}],"about":[{"href":"https:\/\/www.psib-psoe.org\/eivissa\/wp-json\/wp\/v2\/types\/post"}],"author":[{"embeddable":true,"href":"https:\/\/www.psib-psoe.org\/eivissa\/wp-json\/wp\/v2\/users\/7"}],"replies":[{"embeddable":true,"href":"https:\/\/www.psib-psoe.org\/eivissa\/wp-json\/wp\/v2\/comments?post=31552"}],"version-history":[{"count":1,"href":"https:\/\/www.psib-psoe.org\/eivissa\/wp-json\/wp\/v2\/posts\/31552\/revisions"}],"predecessor-version":[{"id":31569,"href":"https:\/\/www.psib-psoe.org\/eivissa\/wp-json\/wp\/v2\/posts\/31552\/revisions\/31569"}],"wp:attachment":[{"href":"https:\/\/www.psib-psoe.org\/eivissa\/wp-json\/wp\/v2\/media?parent=31552"}],"wp:term":[{"taxonomy":"category","embeddable":true,"href":"https:\/\/www.psib-psoe.org\/eivissa\/wp-json\/wp\/v2\/categories?post=31552"},{"taxonomy":"post_tag","embeddable":true,"href":"https:\/\/www.psib-psoe.org\/eivissa\/wp-json\/wp\/v2\/tags?post=31552"}],"curies":[{"name":"wp","href":"https:\/\/api.w.org\/{rel}","templated":true}]}}