{"id":31614,"date":"2020-08-04T12:18:08","date_gmt":"2020-08-04T10:18:08","guid":{"rendered":"https:\/\/www.psib-psoe.org\/eivissa\/?p=31614"},"modified":"2020-08-06T12:21:51","modified_gmt":"2020-08-06T10:21:51","slug":"romanents-dels-ajuntaments-articulo-de-josep-mari-ribas","status":"publish","type":"post","link":"https:\/\/www.psib-psoe.org\/eivissa\/romanents-dels-ajuntaments-articulo-de-josep-mari-ribas\/","title":{"rendered":"&#8220;Romanents dels ajuntaments&#8221;, art\u00edculo de Josep Mar\u00ed Ribas"},"content":{"rendered":"<p><em><strong>Art\u00edculo publicado en Diario de Ibiza el 4 de agosto de 2020<\/strong><\/em><\/p>\n<p><span style=\"font-weight: 400;\">A l&#8217;hora de comen\u00e7ar a escriure aquest comentari o article d&#8217;opini\u00f3, tot d&#8217;una se&#8217;m fa present el risc que t\u00e9 parlar d&#8217;una cosa (l&#8217;acord que han plantejat la FEMP i el Ministeri d&#8217;Hisenda per poder fer servir els romanents municipals) que encara no ha vist la llum, que no \u00e9s definitiva i que, per tant, pot canviar. Igualment \u00e9s arriscat perqu\u00e8 els grups pol\u00edtics antagonistes al meu aprofitaran per treure les seues escopetes i disparar. M&#8217;\u00e9s igual. Voldria intentar posar llum a una q\u00fcesti\u00f3 discutida i discutible sempre com \u00e9s la utilitzaci\u00f3 dels super\u00e0vits municipals per part dels ajuntaments que els han generat.<\/span><\/p>\n<p><span style=\"font-weight: 400;\">Quasi tots els alcaldes, ara, defensen que els super\u00e0vits municipals puguin ser utilitzats lliurement pels ajuntaments, igualment ho fan la FELIB i molts partits pol\u00edtics. La difer\u00e8ncia \u00e9s que alguns com el PSOE ho han defensat sempre, per\u00f2 el PP ha arribat per defensar-ho fa dos dies, quan ha vist una escopeta per disparar contra el nostre partit.<\/span><\/p>\n<p><span style=\"font-weight: 400;\">El PSOE ha defensat sempre i defensar\u00e0 que s&#8217;haurien d&#8217;eliminar les lleis d&#8217;estabilitat pressupost\u00e0ria que mai v\u00e0rem votar i que va impulsar el PP per controlar i generar super\u00e0vit als ajuntaments amb el qual eixugar el d\u00e8ficit d&#8217;altres administracions que no han acomplit mai les normes d&#8217;estabilitat pressupost\u00e0ria. Hem defensat aix\u00f2 i ho seguim defensant. La benvinguda al PP a aquesta conversi\u00f3 espont\u00e0nia.<\/span><\/p>\n<p><span style=\"font-weight: 400;\">Les lleis actuals impedeixen incorporar els romanents de tresoreria al pressupost ordinari sense generar d\u00e8ficit, que tampoc podem generar per legislaci\u00f3 sobrevinguda, i per aix\u00f2 que el Ministeri d&#8217;Hisenda planteja una oferta als ajuntaments, que podran triar si els hi conv\u00e9 o no. Per tant, podem dir que, per primera vegada, s&#8217;ofereix una sortida, una via, un cam\u00ed perqu\u00e8 els ajuntaments puguin gastar els sous acumulats i que s\u00f3n nostres.<\/span><\/p>\n<p><span style=\"font-weight: 400;\">La proposta que fa ara el Ministeri d&#8217;Hisenda segur que tendr\u00e0 coses bones i d&#8217;altres de no tan bones. No ho sabem del tot, per\u00f2 pot ser una primera passa per poder utilitzar els sous que ara no es poden tocar. Es vol fer a trav\u00e9s del Govern central per garantir les exig\u00e8ncies d&#8217;estabilitat pressupost\u00e0ria a les quals estam obligats. Haurem d&#8217;esperar a veure quins avantatges s&#8217;hi troben i quins inconvenients, per\u00f2 \u00e9s una sortida, la primera que es planteja, l&#8217;\u00fanica fins ara, i haur\u00edem d&#8217;estudiar-la, i si segueix sent volunt\u00e0ria la seua acceptaci\u00f3, molt millor.<\/span><\/p>\n<p><span style=\"font-weight: 400;\">Encara no tenim el resultat definitiu de la soluci\u00f3, per\u00f2 s&#8217;hi treballa i es proposen coses, sense haver de dir que aix\u00f2 \u00e9s una &#8220;usurpaci\u00f3 o una expropiaci\u00f3&#8221; dels diners municipals. Siguem seriosos, si avui estam parlant d&#8217;una soluci\u00f3, aquesta t\u00e9 la signatura del PSOE, com sempre. No enganyem a la gent. Facem feina per al conjunt de la ciutadania, amb coher\u00e8ncia i sense canviar d&#8217;opini\u00f3 com qui canvia el color de la camisa.<\/span><\/p>\n<p><strong>Josep Mar\u00ed Ribas<\/strong><\/p>\n<p><strong>Secretari general de la FSE-PSOE i alcalde de Sant Josep de sa Talaia<\/strong><\/p>\n","protected":false},"excerpt":{"rendered":"<p>Art\u00edculo publicado en Diario de Ibiza el 4 de agosto de 2020 A l&#8217;hora de comen\u00e7ar a escriure aquest comentari o article d&#8217;opini\u00f3, tot d&#8217;una se&#8217;m fa present el risc que t\u00e9 parlar d&#8217;una cosa (l&#8217;acord que han plantejat la FEMP i el Ministeri d&#8217;Hisenda per poder fer servir els romanents municipals) que encara no&hellip;<\/p>\n","protected":false},"author":7,"featured_media":29101,"comment_status":"closed","ping_status":"closed","sticky":false,"template":"","format":"standard","meta":{"footnotes":""},"categories":[212],"tags":[],"class_list":["post-31614","post","type-post","status-publish","format-standard","has-post-thumbnail","hentry","category-fse-psoe"],"yoast_head":"<!-- This site is optimized with the Yoast SEO plugin v26.9 - https:\/\/yoast.com\/product\/yoast-seo-wordpress\/ -->\n<title>&quot;Romanents dels ajuntaments&quot;, art\u00edculo de Josep Mar\u00ed Ribas - Federaci\u00f3 Socialista d&#039;Eivissa<\/title>\n<meta name=\"robots\" content=\"index, follow, max-snippet:-1, max-image-preview:large, max-video-preview:-1\" \/>\n<link rel=\"canonical\" href=\"https:\/\/www.psib-psoe.org\/eivissa\/romanents-dels-ajuntaments-articulo-de-josep-mari-ribas\/\" \/>\n<meta property=\"og:locale\" content=\"ca_ES\" \/>\n<meta property=\"og:type\" content=\"article\" \/>\n<meta property=\"og:title\" content=\"&quot;Romanents dels ajuntaments&quot;, art\u00edculo de Josep Mar\u00ed Ribas - Federaci\u00f3 Socialista d&#039;Eivissa\" \/>\n<meta property=\"og:description\" content=\"Art\u00edculo publicado en Diario de Ibiza el 4 de agosto de 2020 A l&#8217;hora de comen\u00e7ar a escriure aquest comentari o article d&#8217;opini\u00f3, tot d&#8217;una se&#8217;m fa present el risc que t\u00e9 parlar d&#8217;una cosa (l&#8217;acord que han plantejat la FEMP i el Ministeri d&#8217;Hisenda per poder fer servir els romanents municipals) que encara no&hellip;\" \/>\n<meta property=\"og:url\" content=\"https:\/\/www.psib-psoe.org\/eivissa\/romanents-dels-ajuntaments-articulo-de-josep-mari-ribas\/\" \/>\n<meta property=\"og:site_name\" content=\"Federaci\u00f3 Socialista d&#039;Eivissa\" \/>\n<meta property=\"article:published_time\" content=\"2020-08-04T10:18:08+00:00\" \/>\n<meta property=\"article:modified_time\" content=\"2020-08-06T10:21:51+00:00\" \/>\n<meta property=\"og:image\" content=\"https:\/\/www.psib-psoe.org\/eivissa\/wp-content\/uploads\/foto-josep.-mari-ribas-e1595332920149.jpg\" \/>\n\t<meta property=\"og:image:width\" content=\"258\" \/>\n\t<meta property=\"og:image:height\" content=\"204\" \/>\n\t<meta property=\"og:image:type\" content=\"image\/jpeg\" \/>\n<meta name=\"author\" content=\"Josep Ripoll\" \/>\n<meta name=\"twitter:card\" content=\"summary_large_image\" \/>\n<meta name=\"twitter:label1\" content=\"Escrit per\" \/>\n\t<meta name=\"twitter:data1\" content=\"Josep Ripoll\" \/>\n\t<meta name=\"twitter:label2\" content=\"Temps estimat de lectura\" \/>\n\t<meta name=\"twitter:data2\" content=\"3 minuts\" \/>\n<script type=\"application\/ld+json\" class=\"yoast-schema-graph\">{\"@context\":\"https:\/\/schema.org\",\"@graph\":[{\"@type\":[\"Article\",\"BlogPosting\"],\"@id\":\"https:\/\/www.psib-psoe.org\/eivissa\/romanents-dels-ajuntaments-articulo-de-josep-mari-ribas\/#article\",\"isPartOf\":{\"@id\":\"https:\/\/www.psib-psoe.org\/eivissa\/romanents-dels-ajuntaments-articulo-de-josep-mari-ribas\/\"},\"author\":{\"name\":\"Josep Ripoll\",\"@id\":\"https:\/\/www.psib-psoe.org\/eivissa\/#\/schema\/person\/7a9d2841fb36f32e34fc0e9b245e8117\"},\"headline\":\"&#8220;Romanents dels ajuntaments&#8221;, art\u00edculo de Josep Mar\u00ed Ribas\",\"datePublished\":\"2020-08-04T10:18:08+00:00\",\"dateModified\":\"2020-08-06T10:21:51+00:00\",\"mainEntityOfPage\":{\"@id\":\"https:\/\/www.psib-psoe.org\/eivissa\/romanents-dels-ajuntaments-articulo-de-josep-mari-ribas\/\"},\"wordCount\":523,\"publisher\":{\"@id\":\"https:\/\/www.psib-psoe.org\/eivissa\/#organization\"},\"image\":{\"@id\":\"https:\/\/www.psib-psoe.org\/eivissa\/romanents-dels-ajuntaments-articulo-de-josep-mari-ribas\/#primaryimage\"},\"thumbnailUrl\":\"https:\/\/www.psib-psoe.org\/eivissa\/wp-content\/uploads\/foto-josep.-mari-ribas-e1595332920149.jpg\",\"articleSection\":[\"FSE-PSOE\"],\"inLanguage\":\"ca\"},{\"@type\":\"WebPage\",\"@id\":\"https:\/\/www.psib-psoe.org\/eivissa\/romanents-dels-ajuntaments-articulo-de-josep-mari-ribas\/\",\"url\":\"https:\/\/www.psib-psoe.org\/eivissa\/romanents-dels-ajuntaments-articulo-de-josep-mari-ribas\/\",\"name\":\"\\\"Romanents dels ajuntaments\\\", art\u00edculo de Josep Mar\u00ed Ribas - Federaci\u00f3 Socialista d&#039;Eivissa\",\"isPartOf\":{\"@id\":\"https:\/\/www.psib-psoe.org\/eivissa\/#website\"},\"primaryImageOfPage\":{\"@id\":\"https:\/\/www.psib-psoe.org\/eivissa\/romanents-dels-ajuntaments-articulo-de-josep-mari-ribas\/#primaryimage\"},\"image\":{\"@id\":\"https:\/\/www.psib-psoe.org\/eivissa\/romanents-dels-ajuntaments-articulo-de-josep-mari-ribas\/#primaryimage\"},\"thumbnailUrl\":\"https:\/\/www.psib-psoe.org\/eivissa\/wp-content\/uploads\/foto-josep.-mari-ribas-e1595332920149.jpg\",\"datePublished\":\"2020-08-04T10:18:08+00:00\",\"dateModified\":\"2020-08-06T10:21:51+00:00\",\"breadcrumb\":{\"@id\":\"https:\/\/www.psib-psoe.org\/eivissa\/romanents-dels-ajuntaments-articulo-de-josep-mari-ribas\/#breadcrumb\"},\"inLanguage\":\"ca\",\"potentialAction\":[{\"@type\":\"ReadAction\",\"target\":[\"https:\/\/www.psib-psoe.org\/eivissa\/romanents-dels-ajuntaments-articulo-de-josep-mari-ribas\/\"]}]},{\"@type\":\"ImageObject\",\"inLanguage\":\"ca\",\"@id\":\"https:\/\/www.psib-psoe.org\/eivissa\/romanents-dels-ajuntaments-articulo-de-josep-mari-ribas\/#primaryimage\",\"url\":\"https:\/\/www.psib-psoe.org\/eivissa\/wp-content\/uploads\/foto-josep.-mari-ribas-e1595332920149.jpg\",\"contentUrl\":\"https:\/\/www.psib-psoe.org\/eivissa\/wp-content\/uploads\/foto-josep.-mari-ribas-e1595332920149.jpg\",\"width\":258,\"height\":204},{\"@type\":\"BreadcrumbList\",\"@id\":\"https:\/\/www.psib-psoe.org\/eivissa\/romanents-dels-ajuntaments-articulo-de-josep-mari-ribas\/#breadcrumb\",\"itemListElement\":[{\"@type\":\"ListItem\",\"position\":1,\"name\":\"Inici\",\"item\":\"https:\/\/www.psib-psoe.org\/eivissa\/\"},{\"@type\":\"ListItem\",\"position\":2,\"name\":\"&#8220;Romanents dels ajuntaments&#8221;, art\u00edculo de Josep Mar\u00ed Ribas\"}]},{\"@type\":\"WebSite\",\"@id\":\"https:\/\/www.psib-psoe.org\/eivissa\/#website\",\"url\":\"https:\/\/www.psib-psoe.org\/eivissa\/\",\"name\":\"Federaci\u00f3 Socialista d'Eivissa\",\"description\":\"Socialistes d&#039;Eivissa\",\"publisher\":{\"@id\":\"https:\/\/www.psib-psoe.org\/eivissa\/#organization\"},\"potentialAction\":[{\"@type\":\"SearchAction\",\"target\":{\"@type\":\"EntryPoint\",\"urlTemplate\":\"https:\/\/www.psib-psoe.org\/eivissa\/?s={search_term_string}\"},\"query-input\":{\"@type\":\"PropertyValueSpecification\",\"valueRequired\":true,\"valueName\":\"search_term_string\"}}],\"inLanguage\":\"ca\"},{\"@type\":\"Organization\",\"@id\":\"https:\/\/www.psib-psoe.org\/eivissa\/#organization\",\"name\":\"Federaci\u00f3 Socialista d'Eivissa\",\"url\":\"https:\/\/www.psib-psoe.org\/eivissa\/\",\"logo\":{\"@type\":\"ImageObject\",\"inLanguage\":\"ca\",\"@id\":\"https:\/\/www.psib-psoe.org\/eivissa\/#\/schema\/logo\/image\/\",\"url\":\"https:\/\/www.psib-psoe.org\/eivissa\/wp-content\/uploads\/LOGO-FSE-SOCIALISTA-DEIVISSA-HORI.png\",\"contentUrl\":\"https:\/\/www.psib-psoe.org\/eivissa\/wp-content\/uploads\/LOGO-FSE-SOCIALISTA-DEIVISSA-HORI.png\",\"width\":6000,\"height\":3104,\"caption\":\"Federaci\u00f3 Socialista d'Eivissa\"},\"image\":{\"@id\":\"https:\/\/www.psib-psoe.org\/eivissa\/#\/schema\/logo\/image\/\"}},{\"@type\":\"Person\",\"@id\":\"https:\/\/www.psib-psoe.org\/eivissa\/#\/schema\/person\/7a9d2841fb36f32e34fc0e9b245e8117\",\"name\":\"Josep Ripoll\",\"sameAs\":[\"http:\/\/www.psib-psoe.org\/eivissa\/wp-login.php\"],\"url\":\"https:\/\/www.psib-psoe.org\/eivissa\/author\/josep\/\"}]}<\/script>\n<!-- \/ Yoast SEO plugin. -->","yoast_head_json":{"title":"\"Romanents dels ajuntaments\", art\u00edculo de Josep Mar\u00ed Ribas - Federaci\u00f3 Socialista d&#039;Eivissa","robots":{"index":"index","follow":"follow","max-snippet":"max-snippet:-1","max-image-preview":"max-image-preview:large","max-video-preview":"max-video-preview:-1"},"canonical":"https:\/\/www.psib-psoe.org\/eivissa\/romanents-dels-ajuntaments-articulo-de-josep-mari-ribas\/","og_locale":"ca_ES","og_type":"article","og_title":"\"Romanents dels ajuntaments\", art\u00edculo de Josep Mar\u00ed Ribas - Federaci\u00f3 Socialista d&#039;Eivissa","og_description":"Art\u00edculo publicado en Diario de Ibiza el 4 de agosto de 2020 A l&#8217;hora de comen\u00e7ar a escriure aquest comentari o article d&#8217;opini\u00f3, tot d&#8217;una se&#8217;m fa present el risc que t\u00e9 parlar d&#8217;una cosa (l&#8217;acord que han plantejat la FEMP i el Ministeri d&#8217;Hisenda per poder fer servir els romanents municipals) que encara no&hellip;","og_url":"https:\/\/www.psib-psoe.org\/eivissa\/romanents-dels-ajuntaments-articulo-de-josep-mari-ribas\/","og_site_name":"Federaci\u00f3 Socialista d&#039;Eivissa","article_published_time":"2020-08-04T10:18:08+00:00","article_modified_time":"2020-08-06T10:21:51+00:00","og_image":[{"width":258,"height":204,"url":"https:\/\/www.psib-psoe.org\/eivissa\/wp-content\/uploads\/foto-josep.-mari-ribas-e1595332920149.jpg","type":"image\/jpeg"}],"author":"Josep Ripoll","twitter_card":"summary_large_image","twitter_misc":{"Escrit per":"Josep Ripoll","Temps estimat de lectura":"3 minuts"},"schema":{"@context":"https:\/\/schema.org","@graph":[{"@type":["Article","BlogPosting"],"@id":"https:\/\/www.psib-psoe.org\/eivissa\/romanents-dels-ajuntaments-articulo-de-josep-mari-ribas\/#article","isPartOf":{"@id":"https:\/\/www.psib-psoe.org\/eivissa\/romanents-dels-ajuntaments-articulo-de-josep-mari-ribas\/"},"author":{"name":"Josep Ripoll","@id":"https:\/\/www.psib-psoe.org\/eivissa\/#\/schema\/person\/7a9d2841fb36f32e34fc0e9b245e8117"},"headline":"&#8220;Romanents dels ajuntaments&#8221;, art\u00edculo de Josep Mar\u00ed Ribas","datePublished":"2020-08-04T10:18:08+00:00","dateModified":"2020-08-06T10:21:51+00:00","mainEntityOfPage":{"@id":"https:\/\/www.psib-psoe.org\/eivissa\/romanents-dels-ajuntaments-articulo-de-josep-mari-ribas\/"},"wordCount":523,"publisher":{"@id":"https:\/\/www.psib-psoe.org\/eivissa\/#organization"},"image":{"@id":"https:\/\/www.psib-psoe.org\/eivissa\/romanents-dels-ajuntaments-articulo-de-josep-mari-ribas\/#primaryimage"},"thumbnailUrl":"https:\/\/www.psib-psoe.org\/eivissa\/wp-content\/uploads\/foto-josep.-mari-ribas-e1595332920149.jpg","articleSection":["FSE-PSOE"],"inLanguage":"ca"},{"@type":"WebPage","@id":"https:\/\/www.psib-psoe.org\/eivissa\/romanents-dels-ajuntaments-articulo-de-josep-mari-ribas\/","url":"https:\/\/www.psib-psoe.org\/eivissa\/romanents-dels-ajuntaments-articulo-de-josep-mari-ribas\/","name":"\"Romanents dels ajuntaments\", art\u00edculo de Josep Mar\u00ed Ribas - Federaci\u00f3 Socialista d&#039;Eivissa","isPartOf":{"@id":"https:\/\/www.psib-psoe.org\/eivissa\/#website"},"primaryImageOfPage":{"@id":"https:\/\/www.psib-psoe.org\/eivissa\/romanents-dels-ajuntaments-articulo-de-josep-mari-ribas\/#primaryimage"},"image":{"@id":"https:\/\/www.psib-psoe.org\/eivissa\/romanents-dels-ajuntaments-articulo-de-josep-mari-ribas\/#primaryimage"},"thumbnailUrl":"https:\/\/www.psib-psoe.org\/eivissa\/wp-content\/uploads\/foto-josep.-mari-ribas-e1595332920149.jpg","datePublished":"2020-08-04T10:18:08+00:00","dateModified":"2020-08-06T10:21:51+00:00","breadcrumb":{"@id":"https:\/\/www.psib-psoe.org\/eivissa\/romanents-dels-ajuntaments-articulo-de-josep-mari-ribas\/#breadcrumb"},"inLanguage":"ca","potentialAction":[{"@type":"ReadAction","target":["https:\/\/www.psib-psoe.org\/eivissa\/romanents-dels-ajuntaments-articulo-de-josep-mari-ribas\/"]}]},{"@type":"ImageObject","inLanguage":"ca","@id":"https:\/\/www.psib-psoe.org\/eivissa\/romanents-dels-ajuntaments-articulo-de-josep-mari-ribas\/#primaryimage","url":"https:\/\/www.psib-psoe.org\/eivissa\/wp-content\/uploads\/foto-josep.-mari-ribas-e1595332920149.jpg","contentUrl":"https:\/\/www.psib-psoe.org\/eivissa\/wp-content\/uploads\/foto-josep.-mari-ribas-e1595332920149.jpg","width":258,"height":204},{"@type":"BreadcrumbList","@id":"https:\/\/www.psib-psoe.org\/eivissa\/romanents-dels-ajuntaments-articulo-de-josep-mari-ribas\/#breadcrumb","itemListElement":[{"@type":"ListItem","position":1,"name":"Inici","item":"https:\/\/www.psib-psoe.org\/eivissa\/"},{"@type":"ListItem","position":2,"name":"&#8220;Romanents dels ajuntaments&#8221;, art\u00edculo de Josep Mar\u00ed Ribas"}]},{"@type":"WebSite","@id":"https:\/\/www.psib-psoe.org\/eivissa\/#website","url":"https:\/\/www.psib-psoe.org\/eivissa\/","name":"Federaci\u00f3 Socialista d'Eivissa","description":"Socialistes d&#039;Eivissa","publisher":{"@id":"https:\/\/www.psib-psoe.org\/eivissa\/#organization"},"potentialAction":[{"@type":"SearchAction","target":{"@type":"EntryPoint","urlTemplate":"https:\/\/www.psib-psoe.org\/eivissa\/?s={search_term_string}"},"query-input":{"@type":"PropertyValueSpecification","valueRequired":true,"valueName":"search_term_string"}}],"inLanguage":"ca"},{"@type":"Organization","@id":"https:\/\/www.psib-psoe.org\/eivissa\/#organization","name":"Federaci\u00f3 Socialista d'Eivissa","url":"https:\/\/www.psib-psoe.org\/eivissa\/","logo":{"@type":"ImageObject","inLanguage":"ca","@id":"https:\/\/www.psib-psoe.org\/eivissa\/#\/schema\/logo\/image\/","url":"https:\/\/www.psib-psoe.org\/eivissa\/wp-content\/uploads\/LOGO-FSE-SOCIALISTA-DEIVISSA-HORI.png","contentUrl":"https:\/\/www.psib-psoe.org\/eivissa\/wp-content\/uploads\/LOGO-FSE-SOCIALISTA-DEIVISSA-HORI.png","width":6000,"height":3104,"caption":"Federaci\u00f3 Socialista d'Eivissa"},"image":{"@id":"https:\/\/www.psib-psoe.org\/eivissa\/#\/schema\/logo\/image\/"}},{"@type":"Person","@id":"https:\/\/www.psib-psoe.org\/eivissa\/#\/schema\/person\/7a9d2841fb36f32e34fc0e9b245e8117","name":"Josep Ripoll","sameAs":["http:\/\/www.psib-psoe.org\/eivissa\/wp-login.php"],"url":"https:\/\/www.psib-psoe.org\/eivissa\/author\/josep\/"}]}},"_links":{"self":[{"href":"https:\/\/www.psib-psoe.org\/eivissa\/wp-json\/wp\/v2\/posts\/31614","targetHints":{"allow":["GET"]}}],"collection":[{"href":"https:\/\/www.psib-psoe.org\/eivissa\/wp-json\/wp\/v2\/posts"}],"about":[{"href":"https:\/\/www.psib-psoe.org\/eivissa\/wp-json\/wp\/v2\/types\/post"}],"author":[{"embeddable":true,"href":"https:\/\/www.psib-psoe.org\/eivissa\/wp-json\/wp\/v2\/users\/7"}],"replies":[{"embeddable":true,"href":"https:\/\/www.psib-psoe.org\/eivissa\/wp-json\/wp\/v2\/comments?post=31614"}],"version-history":[{"count":2,"href":"https:\/\/www.psib-psoe.org\/eivissa\/wp-json\/wp\/v2\/posts\/31614\/revisions"}],"predecessor-version":[{"id":31616,"href":"https:\/\/www.psib-psoe.org\/eivissa\/wp-json\/wp\/v2\/posts\/31614\/revisions\/31616"}],"wp:featuredmedia":[{"embeddable":true,"href":"https:\/\/www.psib-psoe.org\/eivissa\/wp-json\/wp\/v2\/media\/29101"}],"wp:attachment":[{"href":"https:\/\/www.psib-psoe.org\/eivissa\/wp-json\/wp\/v2\/media?parent=31614"}],"wp:term":[{"taxonomy":"category","embeddable":true,"href":"https:\/\/www.psib-psoe.org\/eivissa\/wp-json\/wp\/v2\/categories?post=31614"},{"taxonomy":"post_tag","embeddable":true,"href":"https:\/\/www.psib-psoe.org\/eivissa\/wp-json\/wp\/v2\/tags?post=31614"}],"curies":[{"name":"wp","href":"https:\/\/api.w.org\/{rel}","templated":true}]}}