{"id":31630,"date":"2020-08-08T09:00:05","date_gmt":"2020-08-08T07:00:05","guid":{"rendered":"https:\/\/www.psib-psoe.org\/eivissa\/?p=31630"},"modified":"2020-08-10T14:12:17","modified_gmt":"2020-08-10T12:12:17","slug":"mensaje-del-secretario-general-de-la-fse-psoe-josep-mari-ribas-con-motivo-de-la-celebracion-del-vuit-dagost","status":"publish","type":"post","link":"https:\/\/www.psib-psoe.org\/eivissa\/mensaje-del-secretario-general-de-la-fse-psoe-josep-mari-ribas-con-motivo-de-la-celebracion-del-vuit-dagost\/","title":{"rendered":"Mensaje del secretario general de la FSE-PSOE, Josep Mar\u00ed Ribas, con motivo de la celebraci\u00f3n del Vuit d\u2019Agost"},"content":{"rendered":"<p><span style=\"font-weight: 400;\">Este a\u00f1o celebramos las Festes de la Terra m\u00e1s complejas, m\u00e1s dif\u00edciles que se recuerdan. Vivimos muy pendientes de la evoluci\u00f3n de la pandemia y de c\u00f3mo est\u00e1 afectando a nuestras vidas. La mayor\u00eda de los actos tradicionales que acompa\u00f1an la celebraci\u00f3n m\u00e1s importante del a\u00f1o en la isla de Eivissa no se pueden hacer o han tenido que adaptarse a las restricciones que manda la lucha contra la Covid-19. A pesar de ello, os animo a mantener el esp\u00edritu del Vuit d\u2019Agost, D\u00eda de la isla de Eivissa, como jornada de fiesta y reivindicaci\u00f3n de nuestra tierra y, este a\u00f1o m\u00e1s que nunca, con un mensaje de unidad, fuerza y \u200b\u200bfuturo que una al conjunto de la sociedad ibicenca.<\/span><\/p>\n<p><span style=\"font-weight: 400;\">Como secretario general de la Federaci\u00f3n Socialista de Eivissa, quisiera reforzar el compromiso del PSOE en favor de nuestra isla: tanto para ayudar a superar la crisis sanitaria de la pandemia, como para paliar los efectos sociales y econ\u00f3micos negativos que esta est\u00e1 provocando, a fin de que vayamos avanzando d\u00eda a d\u00eda en el camino de la recuperaci\u00f3n.<\/span><\/p>\n<p><span style=\"font-weight: 400;\">Para el primero, el refuerzo del sistema p\u00fablico de Salud es absolutamente fundamental. El primer gobierno del PSOE, con el ministro Ernest Lluch, puso en los a\u00f1os ochenta del siglo pasado las bases de un sistema nacional de salud p\u00fablica universal y gratuito, que tanto hemos aplaudido en los \u00faltimos meses. Es el momento de reivindicarlo y de afirmar con contundencia que nunca pensamos renunciar a \u00e9l. Frente a la amenaza, que puede volver en cualquier momento, de recorte o privatizaci\u00f3n del sistema p\u00fablico de Salud, el PSOE es garant\u00eda de defensa de un modelo sanitario de calidad, universal y gratuito para el conjunto de la ciudadan\u00eda.<\/span><\/p>\n<p><span style=\"font-weight: 400;\">El virus todav\u00eda est\u00e1 presente, eso no lo debemos olvidar. Es responsabilidad del conjunto de la sociedad mantener las medidas de seguridad. No basta con reforzar el sistema sanitario y todo el personal de control y seguimiento de la enfermedad. Sin una conciencia clara de la ciudadan\u00eda, el virus puede volver a hacer mucho da\u00f1o. Ayudemos entre todos y todas a reforzar este mensaje de prevenci\u00f3n y de protecci\u00f3n, no debemos bajar la guardia en ning\u00fan momento, por mucho que la evoluci\u00f3n en Eivissa haya sido m\u00e1s positiva que en otros territorios.<\/span><\/p>\n<p><span style=\"font-weight: 400;\">El turismo es nuestra fuente de ingresos para generar bienestar y prosperidad. Sin turismo, la Eivissa que conocemos no podr\u00eda existir. Este verano trabajamos bajo m\u00ednimos, con muchos trabajadores, aut\u00f3nomos y empresas que no han podido recuperar la actividad. La prioridad de los gobiernos Socialistas, tanto el de Espa\u00f1a como el de la Comunidad Aut\u00f3noma, ha sido dotar de recursos la protecci\u00f3n de las personas que no han podido volver a la actividad. En un esfuerzo enorme del conjunto del pa\u00eds, el compromiso de nuestros gobiernos y la solidaridad del conjunto de la sociedad respecto a los que no pueden trabajar supone un esfuerzo y un sacrificio que debemos valorar.<\/span><\/p>\n<p><span style=\"font-weight: 400;\">As\u00ed, despu\u00e9s de meses muy dif\u00edciles, lentamente hemos iniciado el largo camino de la recuperaci\u00f3n. Una recuperaci\u00f3n que desde el PSOE queremos que sea justa y que no excluya a nadie. Medidas como el pacto de reconstrucci\u00f3n de Europa o el acuerdo entre el Gobierno de Espa\u00f1a y la FEMP para liberar los remanentes de las entidades locales tendr\u00e1n una repercusi\u00f3n positiva muy directa en nuestra isla, en forma de proyectos de inversiones p\u00fablicas y el consiguiente impulso a la reactivaci\u00f3n econ\u00f3mica y generaci\u00f3n de puestos de trabajo.<\/span><\/p>\n<p><span style=\"font-weight: 400;\">Desde el PSOE instamos al Consell Insular y a todos los ayuntamientos de la isla a sumarse al acuerdo alcanzado entre el Ministerio de Hacienda y la FEMP para desbloquear los super\u00e1vit. Renunciar a la posibilidad de disponer de estos recursos econ\u00f3micos, como dejan entrever los partidos de la derecha, tendr\u00eda \u00fanicamente fines partidistas de ataque al gobierno del PSOE. No habr\u00eda ninguna justificaci\u00f3n de inter\u00e9s general. Al contrario, condenar\u00eda a nuestra isla a mantener el bloqueo sobre los recursos p\u00fablicos que hemos acumulado las entidades locales justo cuando m\u00e1s los necesitamos, cuando urge un impulso de inversi\u00f3n p\u00fablica en favor de la recuperaci\u00f3n.<\/span><\/p>\n<p><span style=\"font-weight: 400;\">Adem\u00e1s de conseguir los recursos econ\u00f3micos, en el momento actual tambi\u00e9n debemos valorar con mucho detenimiento qu\u00e9 Eivissa queremos para los pr\u00f3ximos a\u00f1os. Con qu\u00e9 modelo tur\u00edstico, territorial y social queremos salir de la crisis.<\/span><\/p>\n<p><span style=\"font-weight: 400;\">Desde la FSE-PSOE nos comprometemos a trabajar en favor de una Eivissa m\u00e1s sostenible, en la que los proyectos medioambientales cojan todo el protagonismo. Nos esforzaremos en un modelo econ\u00f3mico que se aparte definitivamente del turismo de excesos, que este a\u00f1o con la pandemia ya se ha visto claramente que no aportaba cosas positivas. Apostaremos claramente y definitivamente por un perfil de visitante respetuoso con nuestra isla.<\/span><\/p>\n<p><span style=\"font-weight: 400;\">Y nunca renunciaremos, porque es nuestro valor fundacional como Socialistas, a una sociedad solidaria e igualitaria, con una redistribuci\u00f3n de la riqueza en favor del conjunto de la ciudadan\u00eda. Cuando hablamos de salud p\u00fablica, de educaci\u00f3n p\u00fablica, de servicios sociales o de pol\u00edticas de igualdad, hablamos exactamente de todo lo que defendemos desde el PSOE desde la fundaci\u00f3n de nuestro partido hace 141 a\u00f1os.<\/span><\/p>\n<p><span style=\"font-weight: 400;\">Molts anys i bons a tothom.<\/span><\/p>\n<p><strong>Josep Mar\u00ed Ribas<\/strong><\/p>\n<p><strong>Secretario general de la FSE-PSOE<\/strong><\/p>\n","protected":false},"excerpt":{"rendered":"<p>Este a\u00f1o celebramos las Festes de la Terra m\u00e1s complejas, m\u00e1s dif\u00edciles que se recuerdan. Vivimos muy pendientes de la evoluci\u00f3n de la pandemia y de c\u00f3mo est\u00e1 afectando a nuestras vidas. La mayor\u00eda de los actos tradicionales que acompa\u00f1an la celebraci\u00f3n m\u00e1s importante del a\u00f1o en la isla de Eivissa no se pueden hacer&hellip;<\/p>\n","protected":false},"author":7,"featured_media":29101,"comment_status":"closed","ping_status":"closed","sticky":false,"template":"","format":"standard","meta":{"footnotes":""},"categories":[212],"tags":[],"class_list":["post-31630","post","type-post","status-publish","format-standard","has-post-thumbnail","hentry","category-fse-psoe"],"yoast_head":"<!-- This site is optimized with the Yoast SEO plugin v26.9 - https:\/\/yoast.com\/product\/yoast-seo-wordpress\/ -->\n<title>Mensaje del secretario general de la FSE-PSOE, Josep Mar\u00ed Ribas, con motivo de la celebraci\u00f3n del Vuit d\u2019Agost - Federaci\u00f3 Socialista d&#039;Eivissa<\/title>\n<meta name=\"robots\" content=\"index, follow, max-snippet:-1, max-image-preview:large, max-video-preview:-1\" \/>\n<link rel=\"canonical\" href=\"https:\/\/www.psib-psoe.org\/eivissa\/mensaje-del-secretario-general-de-la-fse-psoe-josep-mari-ribas-con-motivo-de-la-celebracion-del-vuit-dagost\/\" \/>\n<meta property=\"og:locale\" content=\"ca_ES\" \/>\n<meta property=\"og:type\" content=\"article\" \/>\n<meta property=\"og:title\" content=\"Mensaje del secretario general de la FSE-PSOE, Josep Mar\u00ed Ribas, con motivo de la celebraci\u00f3n del Vuit d\u2019Agost - Federaci\u00f3 Socialista d&#039;Eivissa\" \/>\n<meta property=\"og:description\" content=\"Este a\u00f1o celebramos las Festes de la Terra m\u00e1s complejas, m\u00e1s dif\u00edciles que se recuerdan. Vivimos muy pendientes de la evoluci\u00f3n de la pandemia y de c\u00f3mo est\u00e1 afectando a nuestras vidas. La mayor\u00eda de los actos tradicionales que acompa\u00f1an la celebraci\u00f3n m\u00e1s importante del a\u00f1o en la isla de Eivissa no se pueden hacer&hellip;\" \/>\n<meta property=\"og:url\" content=\"https:\/\/www.psib-psoe.org\/eivissa\/mensaje-del-secretario-general-de-la-fse-psoe-josep-mari-ribas-con-motivo-de-la-celebracion-del-vuit-dagost\/\" \/>\n<meta property=\"og:site_name\" content=\"Federaci\u00f3 Socialista d&#039;Eivissa\" \/>\n<meta property=\"article:published_time\" content=\"2020-08-08T07:00:05+00:00\" \/>\n<meta property=\"article:modified_time\" content=\"2020-08-10T12:12:17+00:00\" \/>\n<meta property=\"og:image\" content=\"https:\/\/www.psib-psoe.org\/eivissa\/wp-content\/uploads\/foto-josep.-mari-ribas-e1595332920149.jpg\" \/>\n\t<meta property=\"og:image:width\" content=\"258\" \/>\n\t<meta property=\"og:image:height\" content=\"204\" \/>\n\t<meta property=\"og:image:type\" content=\"image\/jpeg\" \/>\n<meta name=\"author\" content=\"Josep Ripoll\" \/>\n<meta name=\"twitter:card\" content=\"summary_large_image\" \/>\n<meta name=\"twitter:label1\" content=\"Escrit per\" \/>\n\t<meta name=\"twitter:data1\" content=\"Josep Ripoll\" \/>\n\t<meta name=\"twitter:label2\" content=\"Temps estimat de lectura\" \/>\n\t<meta name=\"twitter:data2\" content=\"5 minuts\" \/>\n<script type=\"application\/ld+json\" class=\"yoast-schema-graph\">{\"@context\":\"https:\/\/schema.org\",\"@graph\":[{\"@type\":[\"Article\",\"BlogPosting\"],\"@id\":\"https:\/\/www.psib-psoe.org\/eivissa\/mensaje-del-secretario-general-de-la-fse-psoe-josep-mari-ribas-con-motivo-de-la-celebracion-del-vuit-dagost\/#article\",\"isPartOf\":{\"@id\":\"https:\/\/www.psib-psoe.org\/eivissa\/mensaje-del-secretario-general-de-la-fse-psoe-josep-mari-ribas-con-motivo-de-la-celebracion-del-vuit-dagost\/\"},\"author\":{\"name\":\"Josep Ripoll\",\"@id\":\"https:\/\/www.psib-psoe.org\/eivissa\/#\/schema\/person\/7a9d2841fb36f32e34fc0e9b245e8117\"},\"headline\":\"Mensaje del secretario general de la FSE-PSOE, Josep Mar\u00ed Ribas, con motivo de la celebraci\u00f3n del Vuit d\u2019Agost\",\"datePublished\":\"2020-08-08T07:00:05+00:00\",\"dateModified\":\"2020-08-10T12:12:17+00:00\",\"mainEntityOfPage\":{\"@id\":\"https:\/\/www.psib-psoe.org\/eivissa\/mensaje-del-secretario-general-de-la-fse-psoe-josep-mari-ribas-con-motivo-de-la-celebracion-del-vuit-dagost\/\"},\"wordCount\":964,\"publisher\":{\"@id\":\"https:\/\/www.psib-psoe.org\/eivissa\/#organization\"},\"image\":{\"@id\":\"https:\/\/www.psib-psoe.org\/eivissa\/mensaje-del-secretario-general-de-la-fse-psoe-josep-mari-ribas-con-motivo-de-la-celebracion-del-vuit-dagost\/#primaryimage\"},\"thumbnailUrl\":\"https:\/\/www.psib-psoe.org\/eivissa\/wp-content\/uploads\/foto-josep.-mari-ribas-e1595332920149.jpg\",\"articleSection\":[\"FSE-PSOE\"],\"inLanguage\":\"ca\"},{\"@type\":\"WebPage\",\"@id\":\"https:\/\/www.psib-psoe.org\/eivissa\/mensaje-del-secretario-general-de-la-fse-psoe-josep-mari-ribas-con-motivo-de-la-celebracion-del-vuit-dagost\/\",\"url\":\"https:\/\/www.psib-psoe.org\/eivissa\/mensaje-del-secretario-general-de-la-fse-psoe-josep-mari-ribas-con-motivo-de-la-celebracion-del-vuit-dagost\/\",\"name\":\"Mensaje del secretario general de la FSE-PSOE, Josep Mar\u00ed Ribas, con motivo de la celebraci\u00f3n del Vuit d\u2019Agost - Federaci\u00f3 Socialista d&#039;Eivissa\",\"isPartOf\":{\"@id\":\"https:\/\/www.psib-psoe.org\/eivissa\/#website\"},\"primaryImageOfPage\":{\"@id\":\"https:\/\/www.psib-psoe.org\/eivissa\/mensaje-del-secretario-general-de-la-fse-psoe-josep-mari-ribas-con-motivo-de-la-celebracion-del-vuit-dagost\/#primaryimage\"},\"image\":{\"@id\":\"https:\/\/www.psib-psoe.org\/eivissa\/mensaje-del-secretario-general-de-la-fse-psoe-josep-mari-ribas-con-motivo-de-la-celebracion-del-vuit-dagost\/#primaryimage\"},\"thumbnailUrl\":\"https:\/\/www.psib-psoe.org\/eivissa\/wp-content\/uploads\/foto-josep.-mari-ribas-e1595332920149.jpg\",\"datePublished\":\"2020-08-08T07:00:05+00:00\",\"dateModified\":\"2020-08-10T12:12:17+00:00\",\"breadcrumb\":{\"@id\":\"https:\/\/www.psib-psoe.org\/eivissa\/mensaje-del-secretario-general-de-la-fse-psoe-josep-mari-ribas-con-motivo-de-la-celebracion-del-vuit-dagost\/#breadcrumb\"},\"inLanguage\":\"ca\",\"potentialAction\":[{\"@type\":\"ReadAction\",\"target\":[\"https:\/\/www.psib-psoe.org\/eivissa\/mensaje-del-secretario-general-de-la-fse-psoe-josep-mari-ribas-con-motivo-de-la-celebracion-del-vuit-dagost\/\"]}]},{\"@type\":\"ImageObject\",\"inLanguage\":\"ca\",\"@id\":\"https:\/\/www.psib-psoe.org\/eivissa\/mensaje-del-secretario-general-de-la-fse-psoe-josep-mari-ribas-con-motivo-de-la-celebracion-del-vuit-dagost\/#primaryimage\",\"url\":\"https:\/\/www.psib-psoe.org\/eivissa\/wp-content\/uploads\/foto-josep.-mari-ribas-e1595332920149.jpg\",\"contentUrl\":\"https:\/\/www.psib-psoe.org\/eivissa\/wp-content\/uploads\/foto-josep.-mari-ribas-e1595332920149.jpg\",\"width\":258,\"height\":204},{\"@type\":\"BreadcrumbList\",\"@id\":\"https:\/\/www.psib-psoe.org\/eivissa\/mensaje-del-secretario-general-de-la-fse-psoe-josep-mari-ribas-con-motivo-de-la-celebracion-del-vuit-dagost\/#breadcrumb\",\"itemListElement\":[{\"@type\":\"ListItem\",\"position\":1,\"name\":\"Inici\",\"item\":\"https:\/\/www.psib-psoe.org\/eivissa\/\"},{\"@type\":\"ListItem\",\"position\":2,\"name\":\"Mensaje del secretario general de la FSE-PSOE, Josep Mar\u00ed Ribas, con motivo de la celebraci\u00f3n del Vuit d\u2019Agost\"}]},{\"@type\":\"WebSite\",\"@id\":\"https:\/\/www.psib-psoe.org\/eivissa\/#website\",\"url\":\"https:\/\/www.psib-psoe.org\/eivissa\/\",\"name\":\"Federaci\u00f3 Socialista d'Eivissa\",\"description\":\"Socialistes d&#039;Eivissa\",\"publisher\":{\"@id\":\"https:\/\/www.psib-psoe.org\/eivissa\/#organization\"},\"potentialAction\":[{\"@type\":\"SearchAction\",\"target\":{\"@type\":\"EntryPoint\",\"urlTemplate\":\"https:\/\/www.psib-psoe.org\/eivissa\/?s={search_term_string}\"},\"query-input\":{\"@type\":\"PropertyValueSpecification\",\"valueRequired\":true,\"valueName\":\"search_term_string\"}}],\"inLanguage\":\"ca\"},{\"@type\":\"Organization\",\"@id\":\"https:\/\/www.psib-psoe.org\/eivissa\/#organization\",\"name\":\"Federaci\u00f3 Socialista d'Eivissa\",\"url\":\"https:\/\/www.psib-psoe.org\/eivissa\/\",\"logo\":{\"@type\":\"ImageObject\",\"inLanguage\":\"ca\",\"@id\":\"https:\/\/www.psib-psoe.org\/eivissa\/#\/schema\/logo\/image\/\",\"url\":\"https:\/\/www.psib-psoe.org\/eivissa\/wp-content\/uploads\/LOGO-FSE-SOCIALISTA-DEIVISSA-HORI.png\",\"contentUrl\":\"https:\/\/www.psib-psoe.org\/eivissa\/wp-content\/uploads\/LOGO-FSE-SOCIALISTA-DEIVISSA-HORI.png\",\"width\":6000,\"height\":3104,\"caption\":\"Federaci\u00f3 Socialista d'Eivissa\"},\"image\":{\"@id\":\"https:\/\/www.psib-psoe.org\/eivissa\/#\/schema\/logo\/image\/\"}},{\"@type\":\"Person\",\"@id\":\"https:\/\/www.psib-psoe.org\/eivissa\/#\/schema\/person\/7a9d2841fb36f32e34fc0e9b245e8117\",\"name\":\"Josep Ripoll\",\"sameAs\":[\"http:\/\/www.psib-psoe.org\/eivissa\/wp-login.php\"],\"url\":\"https:\/\/www.psib-psoe.org\/eivissa\/author\/josep\/\"}]}<\/script>\n<!-- \/ Yoast SEO plugin. -->","yoast_head_json":{"title":"Mensaje del secretario general de la FSE-PSOE, Josep Mar\u00ed Ribas, con motivo de la celebraci\u00f3n del Vuit d\u2019Agost - Federaci\u00f3 Socialista d&#039;Eivissa","robots":{"index":"index","follow":"follow","max-snippet":"max-snippet:-1","max-image-preview":"max-image-preview:large","max-video-preview":"max-video-preview:-1"},"canonical":"https:\/\/www.psib-psoe.org\/eivissa\/mensaje-del-secretario-general-de-la-fse-psoe-josep-mari-ribas-con-motivo-de-la-celebracion-del-vuit-dagost\/","og_locale":"ca_ES","og_type":"article","og_title":"Mensaje del secretario general de la FSE-PSOE, Josep Mar\u00ed Ribas, con motivo de la celebraci\u00f3n del Vuit d\u2019Agost - Federaci\u00f3 Socialista d&#039;Eivissa","og_description":"Este a\u00f1o celebramos las Festes de la Terra m\u00e1s complejas, m\u00e1s dif\u00edciles que se recuerdan. Vivimos muy pendientes de la evoluci\u00f3n de la pandemia y de c\u00f3mo est\u00e1 afectando a nuestras vidas. La mayor\u00eda de los actos tradicionales que acompa\u00f1an la celebraci\u00f3n m\u00e1s importante del a\u00f1o en la isla de Eivissa no se pueden hacer&hellip;","og_url":"https:\/\/www.psib-psoe.org\/eivissa\/mensaje-del-secretario-general-de-la-fse-psoe-josep-mari-ribas-con-motivo-de-la-celebracion-del-vuit-dagost\/","og_site_name":"Federaci\u00f3 Socialista d&#039;Eivissa","article_published_time":"2020-08-08T07:00:05+00:00","article_modified_time":"2020-08-10T12:12:17+00:00","og_image":[{"width":258,"height":204,"url":"https:\/\/www.psib-psoe.org\/eivissa\/wp-content\/uploads\/foto-josep.-mari-ribas-e1595332920149.jpg","type":"image\/jpeg"}],"author":"Josep Ripoll","twitter_card":"summary_large_image","twitter_misc":{"Escrit per":"Josep Ripoll","Temps estimat de lectura":"5 minuts"},"schema":{"@context":"https:\/\/schema.org","@graph":[{"@type":["Article","BlogPosting"],"@id":"https:\/\/www.psib-psoe.org\/eivissa\/mensaje-del-secretario-general-de-la-fse-psoe-josep-mari-ribas-con-motivo-de-la-celebracion-del-vuit-dagost\/#article","isPartOf":{"@id":"https:\/\/www.psib-psoe.org\/eivissa\/mensaje-del-secretario-general-de-la-fse-psoe-josep-mari-ribas-con-motivo-de-la-celebracion-del-vuit-dagost\/"},"author":{"name":"Josep Ripoll","@id":"https:\/\/www.psib-psoe.org\/eivissa\/#\/schema\/person\/7a9d2841fb36f32e34fc0e9b245e8117"},"headline":"Mensaje del secretario general de la FSE-PSOE, Josep Mar\u00ed Ribas, con motivo de la celebraci\u00f3n del Vuit d\u2019Agost","datePublished":"2020-08-08T07:00:05+00:00","dateModified":"2020-08-10T12:12:17+00:00","mainEntityOfPage":{"@id":"https:\/\/www.psib-psoe.org\/eivissa\/mensaje-del-secretario-general-de-la-fse-psoe-josep-mari-ribas-con-motivo-de-la-celebracion-del-vuit-dagost\/"},"wordCount":964,"publisher":{"@id":"https:\/\/www.psib-psoe.org\/eivissa\/#organization"},"image":{"@id":"https:\/\/www.psib-psoe.org\/eivissa\/mensaje-del-secretario-general-de-la-fse-psoe-josep-mari-ribas-con-motivo-de-la-celebracion-del-vuit-dagost\/#primaryimage"},"thumbnailUrl":"https:\/\/www.psib-psoe.org\/eivissa\/wp-content\/uploads\/foto-josep.-mari-ribas-e1595332920149.jpg","articleSection":["FSE-PSOE"],"inLanguage":"ca"},{"@type":"WebPage","@id":"https:\/\/www.psib-psoe.org\/eivissa\/mensaje-del-secretario-general-de-la-fse-psoe-josep-mari-ribas-con-motivo-de-la-celebracion-del-vuit-dagost\/","url":"https:\/\/www.psib-psoe.org\/eivissa\/mensaje-del-secretario-general-de-la-fse-psoe-josep-mari-ribas-con-motivo-de-la-celebracion-del-vuit-dagost\/","name":"Mensaje del secretario general de la FSE-PSOE, Josep Mar\u00ed Ribas, con motivo de la celebraci\u00f3n del Vuit d\u2019Agost - Federaci\u00f3 Socialista d&#039;Eivissa","isPartOf":{"@id":"https:\/\/www.psib-psoe.org\/eivissa\/#website"},"primaryImageOfPage":{"@id":"https:\/\/www.psib-psoe.org\/eivissa\/mensaje-del-secretario-general-de-la-fse-psoe-josep-mari-ribas-con-motivo-de-la-celebracion-del-vuit-dagost\/#primaryimage"},"image":{"@id":"https:\/\/www.psib-psoe.org\/eivissa\/mensaje-del-secretario-general-de-la-fse-psoe-josep-mari-ribas-con-motivo-de-la-celebracion-del-vuit-dagost\/#primaryimage"},"thumbnailUrl":"https:\/\/www.psib-psoe.org\/eivissa\/wp-content\/uploads\/foto-josep.-mari-ribas-e1595332920149.jpg","datePublished":"2020-08-08T07:00:05+00:00","dateModified":"2020-08-10T12:12:17+00:00","breadcrumb":{"@id":"https:\/\/www.psib-psoe.org\/eivissa\/mensaje-del-secretario-general-de-la-fse-psoe-josep-mari-ribas-con-motivo-de-la-celebracion-del-vuit-dagost\/#breadcrumb"},"inLanguage":"ca","potentialAction":[{"@type":"ReadAction","target":["https:\/\/www.psib-psoe.org\/eivissa\/mensaje-del-secretario-general-de-la-fse-psoe-josep-mari-ribas-con-motivo-de-la-celebracion-del-vuit-dagost\/"]}]},{"@type":"ImageObject","inLanguage":"ca","@id":"https:\/\/www.psib-psoe.org\/eivissa\/mensaje-del-secretario-general-de-la-fse-psoe-josep-mari-ribas-con-motivo-de-la-celebracion-del-vuit-dagost\/#primaryimage","url":"https:\/\/www.psib-psoe.org\/eivissa\/wp-content\/uploads\/foto-josep.-mari-ribas-e1595332920149.jpg","contentUrl":"https:\/\/www.psib-psoe.org\/eivissa\/wp-content\/uploads\/foto-josep.-mari-ribas-e1595332920149.jpg","width":258,"height":204},{"@type":"BreadcrumbList","@id":"https:\/\/www.psib-psoe.org\/eivissa\/mensaje-del-secretario-general-de-la-fse-psoe-josep-mari-ribas-con-motivo-de-la-celebracion-del-vuit-dagost\/#breadcrumb","itemListElement":[{"@type":"ListItem","position":1,"name":"Inici","item":"https:\/\/www.psib-psoe.org\/eivissa\/"},{"@type":"ListItem","position":2,"name":"Mensaje del secretario general de la FSE-PSOE, Josep Mar\u00ed Ribas, con motivo de la celebraci\u00f3n del Vuit d\u2019Agost"}]},{"@type":"WebSite","@id":"https:\/\/www.psib-psoe.org\/eivissa\/#website","url":"https:\/\/www.psib-psoe.org\/eivissa\/","name":"Federaci\u00f3 Socialista d'Eivissa","description":"Socialistes d&#039;Eivissa","publisher":{"@id":"https:\/\/www.psib-psoe.org\/eivissa\/#organization"},"potentialAction":[{"@type":"SearchAction","target":{"@type":"EntryPoint","urlTemplate":"https:\/\/www.psib-psoe.org\/eivissa\/?s={search_term_string}"},"query-input":{"@type":"PropertyValueSpecification","valueRequired":true,"valueName":"search_term_string"}}],"inLanguage":"ca"},{"@type":"Organization","@id":"https:\/\/www.psib-psoe.org\/eivissa\/#organization","name":"Federaci\u00f3 Socialista d'Eivissa","url":"https:\/\/www.psib-psoe.org\/eivissa\/","logo":{"@type":"ImageObject","inLanguage":"ca","@id":"https:\/\/www.psib-psoe.org\/eivissa\/#\/schema\/logo\/image\/","url":"https:\/\/www.psib-psoe.org\/eivissa\/wp-content\/uploads\/LOGO-FSE-SOCIALISTA-DEIVISSA-HORI.png","contentUrl":"https:\/\/www.psib-psoe.org\/eivissa\/wp-content\/uploads\/LOGO-FSE-SOCIALISTA-DEIVISSA-HORI.png","width":6000,"height":3104,"caption":"Federaci\u00f3 Socialista d'Eivissa"},"image":{"@id":"https:\/\/www.psib-psoe.org\/eivissa\/#\/schema\/logo\/image\/"}},{"@type":"Person","@id":"https:\/\/www.psib-psoe.org\/eivissa\/#\/schema\/person\/7a9d2841fb36f32e34fc0e9b245e8117","name":"Josep Ripoll","sameAs":["http:\/\/www.psib-psoe.org\/eivissa\/wp-login.php"],"url":"https:\/\/www.psib-psoe.org\/eivissa\/author\/josep\/"}]}},"_links":{"self":[{"href":"https:\/\/www.psib-psoe.org\/eivissa\/wp-json\/wp\/v2\/posts\/31630","targetHints":{"allow":["GET"]}}],"collection":[{"href":"https:\/\/www.psib-psoe.org\/eivissa\/wp-json\/wp\/v2\/posts"}],"about":[{"href":"https:\/\/www.psib-psoe.org\/eivissa\/wp-json\/wp\/v2\/types\/post"}],"author":[{"embeddable":true,"href":"https:\/\/www.psib-psoe.org\/eivissa\/wp-json\/wp\/v2\/users\/7"}],"replies":[{"embeddable":true,"href":"https:\/\/www.psib-psoe.org\/eivissa\/wp-json\/wp\/v2\/comments?post=31630"}],"version-history":[{"count":1,"href":"https:\/\/www.psib-psoe.org\/eivissa\/wp-json\/wp\/v2\/posts\/31630\/revisions"}],"predecessor-version":[{"id":31631,"href":"https:\/\/www.psib-psoe.org\/eivissa\/wp-json\/wp\/v2\/posts\/31630\/revisions\/31631"}],"wp:featuredmedia":[{"embeddable":true,"href":"https:\/\/www.psib-psoe.org\/eivissa\/wp-json\/wp\/v2\/media\/29101"}],"wp:attachment":[{"href":"https:\/\/www.psib-psoe.org\/eivissa\/wp-json\/wp\/v2\/media?parent=31630"}],"wp:term":[{"taxonomy":"category","embeddable":true,"href":"https:\/\/www.psib-psoe.org\/eivissa\/wp-json\/wp\/v2\/categories?post=31630"},{"taxonomy":"post_tag","embeddable":true,"href":"https:\/\/www.psib-psoe.org\/eivissa\/wp-json\/wp\/v2\/tags?post=31630"}],"curies":[{"name":"wp","href":"https:\/\/api.w.org\/{rel}","templated":true}]}}