{"id":31690,"date":"2020-09-18T11:10:30","date_gmt":"2020-09-18T09:10:30","guid":{"rendered":"https:\/\/www.psib-psoe.org\/eivissa\/?p=31690"},"modified":"2020-09-18T10:40:03","modified_gmt":"2020-09-18T08:40:03","slug":"la-federacion-socialista-de-eivissa-hace-un-llamamiento-a-la-unidad-para-hacer-frente-a-la-pandemia-josep-mari-ribas-defiende-un-cambio-de-paradigma-del-modelo-turistico-y-lamenta-la-falta-de","status":"publish","type":"post","link":"https:\/\/www.psib-psoe.org\/eivissa\/la-federacion-socialista-de-eivissa-hace-un-llamamiento-a-la-unidad-para-hacer-frente-a-la-pandemia-josep-mari-ribas-defiende-un-cambio-de-paradigma-del-modelo-turistico-y-lamenta-la-falta-de\/","title":{"rendered":"La Federaci\u00f3n Socialista de Eivissa hace &#8220;un llamamiento a la unidad&#8221; para hacer frente a la pandemia"},"content":{"rendered":"<p><span style=\"font-weight: 400;\">La Federaci\u00f3n Socialista de Eivissa (FSE-PSOE) hace &#8220;un llamamiento a la unidad&#8221; para hacer frente a la pandemia de la Covid-19, con una situaci\u00f3n sanitaria que se est\u00e1 agravando en nuestra isla. En la reuni\u00f3n de la Comisi\u00f3n Ejecutiva celebrada hoy para valorar el inicio del curso pol\u00edtico, el secretario general, Josep Mar\u00ed Ribas, ha alertado de que &#8220;vienen d\u00edas que pueden ser muy complicados&#8221; y que &#8220;la prioridad es la respuesta sanitaria, con un sistema de salud robusto &#8220;. Como ha dicho, &#8220;la situaci\u00f3n ha empeorado en las \u00faltimas semanas y est\u00e1 obligando a tomar nuevas medidas&#8221;. Ahora mismo, &#8220;estamos mucho mejor preparados y preparadas que en marzo, cuando comenz\u00f3 la pandemia, tenemos los mejores profesionales de la salud&#8221;, pero ha alertado de que &#8220;no debemos bajar la guardia, todo lo contrario&#8221;.<\/span><\/p>\n<p><span style=\"font-weight: 400;\">El secretario general ha anunciado que la FSE-PSOE seguir\u00e1 pidiendo &#8220;unidad y apoyo a todos los partidos a las medidas que se tomen, ya sean en relaci\u00f3n con la sanidad, a la educaci\u00f3n, o en cualquier otro \u00e1mbito&#8221;. Una llamada a la unidad que &#8220;all\u00ed donde gobiernan, y all\u00ed donde somos oposici\u00f3n&#8221;.<\/span><\/p>\n<p><span style=\"font-weight: 400;\">&#8220;Pedimos unidad como islas y como pa\u00eds para hacer frente a una crisis de dimensiones descomunales&#8221;, dijo Josep Mar\u00ed Ribas. &#8220;All\u00ed donde gobernamos, seguiremos pidiendo apoyo a la oposici\u00f3n, hablando con todo el mundo, para sacar adelante las medidas que consideramos m\u00e1s acertadas para hacer frente a la crisis. Y all\u00ed donde somos oposici\u00f3n, tenemos que seguir ofreciendo mano tendida a los gobiernos de derechas, sea \u200b\u200ben el Consell o en los ayuntamientos, para ayudar en esta situaci\u00f3n&#8221;.<\/span><\/p>\n<p><b>Crisis en el Consell Insular<\/b><\/p>\n<p><span style=\"font-weight: 400;\">El secretario general de la FSE-PSOE tambi\u00e9n ha manifestado su preocupaci\u00f3n por la crisis en el Consell Insular d\u2019Eivissa. La remodelaci\u00f3n de Vicent Mar\u00ed &#8220;muestra que este Consell no acaba de arrancar: ni acaban de tener claro qu\u00e9 papel debe jugar el Consell ante la crisis que tenemos encima, ni tienen un modelo de isla para ofrecer a la ciudadan\u00eda&#8221;, ha lamentado Mar\u00ed Ribas respecto al ejecutivo del PP y Cs.<\/span><\/p>\n<p><span style=\"font-weight: 400;\">Josep Mar\u00ed Ribas se ha referido a casos concretos como es la estrategia tur\u00edstica: En turismo, &#8220;el presidente Vicent Mar\u00ed va muy perdido, o est\u00e1 mal asesorado, o \u00e9l mismo no tiene claro por d\u00f3nde tirar&#8221;.<\/span><\/p>\n<p><span style=\"font-weight: 400;\">El secretario general de la FSE-PSOE considera necesario &#8220;un esfuerzo para salir de esta crisis con un turismo renovado: un turismo de calidad, seguro y un turismo sostenible&#8221;. Seg\u00fan dijo, &#8220;el turismo de multitudes de personas, de masas y de descontrol, ya no sirve. Esta crisis lo ha demostrado. En Eivissa ya no nos sirve. Al contrario, es un obst\u00e1culo para salir de la crisis&#8221;.<\/span><\/p>\n<p><span style=\"font-weight: 400;\">El PSOE quiere &#8220;liderar este cambio de paradigma del modelo tur\u00edstico&#8221;. Mar\u00ed Ribas se ha comprometido a &#8220;formular propuestas e iniciativas a las instituciones en favor de una transici\u00f3n hacia un turismo que asegure el bienestar del conjunto de la ciudadan\u00eda, que no provoque desequilibrios sociales, medioambientales o econ\u00f3micos&#8221;.<\/span><\/p>\n<p><b>Prioridades socialistas<\/b><\/p>\n<p><span style=\"font-weight: 400;\">En su intervenci\u00f3n ante la Ejecutiva, el secretario general se ha referido tambi\u00e9n al &#8220;compromiso del Govern de les Illes Balears en un regreso a las aulas en las mejores condiciones posibles, porque proteger nuestra educaci\u00f3n p\u00fablica, al igual que la salud p\u00fablica, es una absoluta prioridad para los y las socialistas&#8221;.<\/span><\/p>\n<p><span style=\"font-weight: 400;\">Respecto a las consecuencias socioecon\u00f3micas de la pandemia, Mar\u00ed Ribas explic\u00f3 que &#8220;en esta crisis de dimensiones descomunales, trabajadores, familias, aut\u00f3nomos, empresas, no se han quedado solos&#8221;. Como ha recordado, &#8220;ven\u00edamos de una crisis anterior en que el Gobierno de Espa\u00f1a s\u00f3lo se preocup\u00f3 de rescatar a los bancos. Esta vez, se ha rescatado a las personas. Ven\u00edamos de una crisis anterior en que el gobierno de la Comunidad Aut\u00f3noma s\u00f3lo se preocup\u00f3 de recortar en servicios p\u00fablicos m\u00e1s esenciales, como son la sanidad y la educaci\u00f3n&#8221;.<\/span><\/p>\n<p><span style=\"font-weight: 400;\">En la actual crisis, &#8220;la sanidad, la educaci\u00f3n y el apoyo a las personas que m\u00e1s lo necesitan son la prioridad&#8221;. En este sentido, el secretario general se ha referido a medidas como los ERTE, la Renta Social Garantizada, el Ingreso M\u00ednimo Vital, las ayudas a los aut\u00f3nomos o las ayudas al alquiler, que han dado &#8220;una respuesta socialista en defensa de las personas &#8220;.<\/span><\/p>\n","protected":false},"excerpt":{"rendered":"<p>La Federaci\u00f3n Socialista de Eivissa (FSE-PSOE) hace &#8220;un llamamiento a la unidad&#8221; para hacer frente a la pandemia de la Covid-19, con una situaci\u00f3n sanitaria que se est\u00e1 agravando en nuestra isla. En la reuni\u00f3n de la Comisi\u00f3n Ejecutiva celebrada hoy para valorar el inicio del curso pol\u00edtico, el secretario general, Josep Mar\u00ed Ribas, ha&hellip;<\/p>\n","protected":false},"author":7,"featured_media":31693,"comment_status":"closed","ping_status":"closed","sticky":false,"template":"","format":"standard","meta":{"footnotes":""},"categories":[212],"tags":[],"class_list":["post-31690","post","type-post","status-publish","format-standard","has-post-thumbnail","hentry","category-fse-psoe"],"yoast_head":"<!-- This site is optimized with the Yoast SEO plugin v26.9 - https:\/\/yoast.com\/product\/yoast-seo-wordpress\/ -->\n<title>La Federaci\u00f3n Socialista de Eivissa hace &quot;un llamamiento a la unidad&quot; para hacer frente a la pandemia - Federaci\u00f3 Socialista d&#039;Eivissa<\/title>\n<meta name=\"robots\" content=\"index, follow, max-snippet:-1, max-image-preview:large, max-video-preview:-1\" \/>\n<link rel=\"canonical\" href=\"https:\/\/www.psib-psoe.org\/eivissa\/la-federacion-socialista-de-eivissa-hace-un-llamamiento-a-la-unidad-para-hacer-frente-a-la-pandemia-josep-mari-ribas-defiende-un-cambio-de-paradigma-del-modelo-turistico-y-lamenta-la-falta-de\/\" \/>\n<meta property=\"og:locale\" content=\"ca_ES\" \/>\n<meta property=\"og:type\" content=\"article\" \/>\n<meta property=\"og:title\" content=\"La Federaci\u00f3n Socialista de Eivissa hace &quot;un llamamiento a la unidad&quot; para hacer frente a la pandemia - Federaci\u00f3 Socialista d&#039;Eivissa\" \/>\n<meta property=\"og:description\" content=\"La Federaci\u00f3n Socialista de Eivissa (FSE-PSOE) hace &#8220;un llamamiento a la unidad&#8221; para hacer frente a la pandemia de la Covid-19, con una situaci\u00f3n sanitaria que se est\u00e1 agravando en nuestra isla. En la reuni\u00f3n de la Comisi\u00f3n Ejecutiva celebrada hoy para valorar el inicio del curso pol\u00edtico, el secretario general, Josep Mar\u00ed Ribas, ha&hellip;\" \/>\n<meta property=\"og:url\" content=\"https:\/\/www.psib-psoe.org\/eivissa\/la-federacion-socialista-de-eivissa-hace-un-llamamiento-a-la-unidad-para-hacer-frente-a-la-pandemia-josep-mari-ribas-defiende-un-cambio-de-paradigma-del-modelo-turistico-y-lamenta-la-falta-de\/\" \/>\n<meta property=\"og:site_name\" content=\"Federaci\u00f3 Socialista d&#039;Eivissa\" \/>\n<meta property=\"article:published_time\" content=\"2020-09-18T09:10:30+00:00\" \/>\n<meta property=\"og:image\" content=\"https:\/\/www.psib-psoe.org\/eivissa\/wp-content\/uploads\/DD569065-2DB1-490E-A3B6-7500B4F9F15F.jpeg\" \/>\n\t<meta property=\"og:image:width\" content=\"1920\" \/>\n\t<meta property=\"og:image:height\" content=\"1080\" \/>\n\t<meta property=\"og:image:type\" content=\"image\/jpeg\" \/>\n<meta name=\"author\" content=\"Josep Ripoll\" \/>\n<meta name=\"twitter:card\" content=\"summary_large_image\" \/>\n<meta name=\"twitter:label1\" content=\"Escrit per\" \/>\n\t<meta name=\"twitter:data1\" content=\"Josep Ripoll\" \/>\n\t<meta name=\"twitter:label2\" content=\"Temps estimat de lectura\" \/>\n\t<meta name=\"twitter:data2\" content=\"4 minuts\" \/>\n<script type=\"application\/ld+json\" class=\"yoast-schema-graph\">{\"@context\":\"https:\/\/schema.org\",\"@graph\":[{\"@type\":[\"Article\",\"BlogPosting\"],\"@id\":\"https:\/\/www.psib-psoe.org\/eivissa\/la-federacion-socialista-de-eivissa-hace-un-llamamiento-a-la-unidad-para-hacer-frente-a-la-pandemia-josep-mari-ribas-defiende-un-cambio-de-paradigma-del-modelo-turistico-y-lamenta-la-falta-de\/#article\",\"isPartOf\":{\"@id\":\"https:\/\/www.psib-psoe.org\/eivissa\/la-federacion-socialista-de-eivissa-hace-un-llamamiento-a-la-unidad-para-hacer-frente-a-la-pandemia-josep-mari-ribas-defiende-un-cambio-de-paradigma-del-modelo-turistico-y-lamenta-la-falta-de\/\"},\"author\":{\"name\":\"Josep Ripoll\",\"@id\":\"https:\/\/www.psib-psoe.org\/eivissa\/#\/schema\/person\/7a9d2841fb36f32e34fc0e9b245e8117\"},\"headline\":\"La Federaci\u00f3n Socialista de Eivissa hace &#8220;un llamamiento a la unidad&#8221; para hacer frente a la pandemia\",\"datePublished\":\"2020-09-18T09:10:30+00:00\",\"mainEntityOfPage\":{\"@id\":\"https:\/\/www.psib-psoe.org\/eivissa\/la-federacion-socialista-de-eivissa-hace-un-llamamiento-a-la-unidad-para-hacer-frente-a-la-pandemia-josep-mari-ribas-defiende-un-cambio-de-paradigma-del-modelo-turistico-y-lamenta-la-falta-de\/\"},\"wordCount\":759,\"publisher\":{\"@id\":\"https:\/\/www.psib-psoe.org\/eivissa\/#organization\"},\"image\":{\"@id\":\"https:\/\/www.psib-psoe.org\/eivissa\/la-federacion-socialista-de-eivissa-hace-un-llamamiento-a-la-unidad-para-hacer-frente-a-la-pandemia-josep-mari-ribas-defiende-un-cambio-de-paradigma-del-modelo-turistico-y-lamenta-la-falta-de\/#primaryimage\"},\"thumbnailUrl\":\"https:\/\/www.psib-psoe.org\/eivissa\/wp-content\/uploads\/DD569065-2DB1-490E-A3B6-7500B4F9F15F.jpeg\",\"articleSection\":[\"FSE-PSOE\"],\"inLanguage\":\"ca\"},{\"@type\":\"WebPage\",\"@id\":\"https:\/\/www.psib-psoe.org\/eivissa\/la-federacion-socialista-de-eivissa-hace-un-llamamiento-a-la-unidad-para-hacer-frente-a-la-pandemia-josep-mari-ribas-defiende-un-cambio-de-paradigma-del-modelo-turistico-y-lamenta-la-falta-de\/\",\"url\":\"https:\/\/www.psib-psoe.org\/eivissa\/la-federacion-socialista-de-eivissa-hace-un-llamamiento-a-la-unidad-para-hacer-frente-a-la-pandemia-josep-mari-ribas-defiende-un-cambio-de-paradigma-del-modelo-turistico-y-lamenta-la-falta-de\/\",\"name\":\"La Federaci\u00f3n Socialista de Eivissa hace \\\"un llamamiento a la unidad\\\" para hacer frente a la pandemia - Federaci\u00f3 Socialista d&#039;Eivissa\",\"isPartOf\":{\"@id\":\"https:\/\/www.psib-psoe.org\/eivissa\/#website\"},\"primaryImageOfPage\":{\"@id\":\"https:\/\/www.psib-psoe.org\/eivissa\/la-federacion-socialista-de-eivissa-hace-un-llamamiento-a-la-unidad-para-hacer-frente-a-la-pandemia-josep-mari-ribas-defiende-un-cambio-de-paradigma-del-modelo-turistico-y-lamenta-la-falta-de\/#primaryimage\"},\"image\":{\"@id\":\"https:\/\/www.psib-psoe.org\/eivissa\/la-federacion-socialista-de-eivissa-hace-un-llamamiento-a-la-unidad-para-hacer-frente-a-la-pandemia-josep-mari-ribas-defiende-un-cambio-de-paradigma-del-modelo-turistico-y-lamenta-la-falta-de\/#primaryimage\"},\"thumbnailUrl\":\"https:\/\/www.psib-psoe.org\/eivissa\/wp-content\/uploads\/DD569065-2DB1-490E-A3B6-7500B4F9F15F.jpeg\",\"datePublished\":\"2020-09-18T09:10:30+00:00\",\"breadcrumb\":{\"@id\":\"https:\/\/www.psib-psoe.org\/eivissa\/la-federacion-socialista-de-eivissa-hace-un-llamamiento-a-la-unidad-para-hacer-frente-a-la-pandemia-josep-mari-ribas-defiende-un-cambio-de-paradigma-del-modelo-turistico-y-lamenta-la-falta-de\/#breadcrumb\"},\"inLanguage\":\"ca\",\"potentialAction\":[{\"@type\":\"ReadAction\",\"target\":[\"https:\/\/www.psib-psoe.org\/eivissa\/la-federacion-socialista-de-eivissa-hace-un-llamamiento-a-la-unidad-para-hacer-frente-a-la-pandemia-josep-mari-ribas-defiende-un-cambio-de-paradigma-del-modelo-turistico-y-lamenta-la-falta-de\/\"]}]},{\"@type\":\"ImageObject\",\"inLanguage\":\"ca\",\"@id\":\"https:\/\/www.psib-psoe.org\/eivissa\/la-federacion-socialista-de-eivissa-hace-un-llamamiento-a-la-unidad-para-hacer-frente-a-la-pandemia-josep-mari-ribas-defiende-un-cambio-de-paradigma-del-modelo-turistico-y-lamenta-la-falta-de\/#primaryimage\",\"url\":\"https:\/\/www.psib-psoe.org\/eivissa\/wp-content\/uploads\/DD569065-2DB1-490E-A3B6-7500B4F9F15F.jpeg\",\"contentUrl\":\"https:\/\/www.psib-psoe.org\/eivissa\/wp-content\/uploads\/DD569065-2DB1-490E-A3B6-7500B4F9F15F.jpeg\",\"width\":1920,\"height\":1080},{\"@type\":\"BreadcrumbList\",\"@id\":\"https:\/\/www.psib-psoe.org\/eivissa\/la-federacion-socialista-de-eivissa-hace-un-llamamiento-a-la-unidad-para-hacer-frente-a-la-pandemia-josep-mari-ribas-defiende-un-cambio-de-paradigma-del-modelo-turistico-y-lamenta-la-falta-de\/#breadcrumb\",\"itemListElement\":[{\"@type\":\"ListItem\",\"position\":1,\"name\":\"Inici\",\"item\":\"https:\/\/www.psib-psoe.org\/eivissa\/\"},{\"@type\":\"ListItem\",\"position\":2,\"name\":\"La Federaci\u00f3n Socialista de Eivissa hace &#8220;un llamamiento a la unidad&#8221; para hacer frente a la pandemia\"}]},{\"@type\":\"WebSite\",\"@id\":\"https:\/\/www.psib-psoe.org\/eivissa\/#website\",\"url\":\"https:\/\/www.psib-psoe.org\/eivissa\/\",\"name\":\"Federaci\u00f3 Socialista d'Eivissa\",\"description\":\"Socialistes d&#039;Eivissa\",\"publisher\":{\"@id\":\"https:\/\/www.psib-psoe.org\/eivissa\/#organization\"},\"potentialAction\":[{\"@type\":\"SearchAction\",\"target\":{\"@type\":\"EntryPoint\",\"urlTemplate\":\"https:\/\/www.psib-psoe.org\/eivissa\/?s={search_term_string}\"},\"query-input\":{\"@type\":\"PropertyValueSpecification\",\"valueRequired\":true,\"valueName\":\"search_term_string\"}}],\"inLanguage\":\"ca\"},{\"@type\":\"Organization\",\"@id\":\"https:\/\/www.psib-psoe.org\/eivissa\/#organization\",\"name\":\"Federaci\u00f3 Socialista d'Eivissa\",\"url\":\"https:\/\/www.psib-psoe.org\/eivissa\/\",\"logo\":{\"@type\":\"ImageObject\",\"inLanguage\":\"ca\",\"@id\":\"https:\/\/www.psib-psoe.org\/eivissa\/#\/schema\/logo\/image\/\",\"url\":\"https:\/\/www.psib-psoe.org\/eivissa\/wp-content\/uploads\/LOGO-FSE-SOCIALISTA-DEIVISSA-HORI.png\",\"contentUrl\":\"https:\/\/www.psib-psoe.org\/eivissa\/wp-content\/uploads\/LOGO-FSE-SOCIALISTA-DEIVISSA-HORI.png\",\"width\":6000,\"height\":3104,\"caption\":\"Federaci\u00f3 Socialista d'Eivissa\"},\"image\":{\"@id\":\"https:\/\/www.psib-psoe.org\/eivissa\/#\/schema\/logo\/image\/\"}},{\"@type\":\"Person\",\"@id\":\"https:\/\/www.psib-psoe.org\/eivissa\/#\/schema\/person\/7a9d2841fb36f32e34fc0e9b245e8117\",\"name\":\"Josep Ripoll\",\"sameAs\":[\"http:\/\/www.psib-psoe.org\/eivissa\/wp-login.php\"],\"url\":\"https:\/\/www.psib-psoe.org\/eivissa\/author\/josep\/\"}]}<\/script>\n<!-- \/ Yoast SEO plugin. -->","yoast_head_json":{"title":"La Federaci\u00f3n Socialista de Eivissa hace \"un llamamiento a la unidad\" para hacer frente a la pandemia - Federaci\u00f3 Socialista d&#039;Eivissa","robots":{"index":"index","follow":"follow","max-snippet":"max-snippet:-1","max-image-preview":"max-image-preview:large","max-video-preview":"max-video-preview:-1"},"canonical":"https:\/\/www.psib-psoe.org\/eivissa\/la-federacion-socialista-de-eivissa-hace-un-llamamiento-a-la-unidad-para-hacer-frente-a-la-pandemia-josep-mari-ribas-defiende-un-cambio-de-paradigma-del-modelo-turistico-y-lamenta-la-falta-de\/","og_locale":"ca_ES","og_type":"article","og_title":"La Federaci\u00f3n Socialista de Eivissa hace \"un llamamiento a la unidad\" para hacer frente a la pandemia - Federaci\u00f3 Socialista d&#039;Eivissa","og_description":"La Federaci\u00f3n Socialista de Eivissa (FSE-PSOE) hace &#8220;un llamamiento a la unidad&#8221; para hacer frente a la pandemia de la Covid-19, con una situaci\u00f3n sanitaria que se est\u00e1 agravando en nuestra isla. En la reuni\u00f3n de la Comisi\u00f3n Ejecutiva celebrada hoy para valorar el inicio del curso pol\u00edtico, el secretario general, Josep Mar\u00ed Ribas, ha&hellip;","og_url":"https:\/\/www.psib-psoe.org\/eivissa\/la-federacion-socialista-de-eivissa-hace-un-llamamiento-a-la-unidad-para-hacer-frente-a-la-pandemia-josep-mari-ribas-defiende-un-cambio-de-paradigma-del-modelo-turistico-y-lamenta-la-falta-de\/","og_site_name":"Federaci\u00f3 Socialista d&#039;Eivissa","article_published_time":"2020-09-18T09:10:30+00:00","og_image":[{"width":1920,"height":1080,"url":"https:\/\/www.psib-psoe.org\/eivissa\/wp-content\/uploads\/DD569065-2DB1-490E-A3B6-7500B4F9F15F.jpeg","type":"image\/jpeg"}],"author":"Josep Ripoll","twitter_card":"summary_large_image","twitter_misc":{"Escrit per":"Josep Ripoll","Temps estimat de lectura":"4 minuts"},"schema":{"@context":"https:\/\/schema.org","@graph":[{"@type":["Article","BlogPosting"],"@id":"https:\/\/www.psib-psoe.org\/eivissa\/la-federacion-socialista-de-eivissa-hace-un-llamamiento-a-la-unidad-para-hacer-frente-a-la-pandemia-josep-mari-ribas-defiende-un-cambio-de-paradigma-del-modelo-turistico-y-lamenta-la-falta-de\/#article","isPartOf":{"@id":"https:\/\/www.psib-psoe.org\/eivissa\/la-federacion-socialista-de-eivissa-hace-un-llamamiento-a-la-unidad-para-hacer-frente-a-la-pandemia-josep-mari-ribas-defiende-un-cambio-de-paradigma-del-modelo-turistico-y-lamenta-la-falta-de\/"},"author":{"name":"Josep Ripoll","@id":"https:\/\/www.psib-psoe.org\/eivissa\/#\/schema\/person\/7a9d2841fb36f32e34fc0e9b245e8117"},"headline":"La Federaci\u00f3n Socialista de Eivissa hace &#8220;un llamamiento a la unidad&#8221; para hacer frente a la pandemia","datePublished":"2020-09-18T09:10:30+00:00","mainEntityOfPage":{"@id":"https:\/\/www.psib-psoe.org\/eivissa\/la-federacion-socialista-de-eivissa-hace-un-llamamiento-a-la-unidad-para-hacer-frente-a-la-pandemia-josep-mari-ribas-defiende-un-cambio-de-paradigma-del-modelo-turistico-y-lamenta-la-falta-de\/"},"wordCount":759,"publisher":{"@id":"https:\/\/www.psib-psoe.org\/eivissa\/#organization"},"image":{"@id":"https:\/\/www.psib-psoe.org\/eivissa\/la-federacion-socialista-de-eivissa-hace-un-llamamiento-a-la-unidad-para-hacer-frente-a-la-pandemia-josep-mari-ribas-defiende-un-cambio-de-paradigma-del-modelo-turistico-y-lamenta-la-falta-de\/#primaryimage"},"thumbnailUrl":"https:\/\/www.psib-psoe.org\/eivissa\/wp-content\/uploads\/DD569065-2DB1-490E-A3B6-7500B4F9F15F.jpeg","articleSection":["FSE-PSOE"],"inLanguage":"ca"},{"@type":"WebPage","@id":"https:\/\/www.psib-psoe.org\/eivissa\/la-federacion-socialista-de-eivissa-hace-un-llamamiento-a-la-unidad-para-hacer-frente-a-la-pandemia-josep-mari-ribas-defiende-un-cambio-de-paradigma-del-modelo-turistico-y-lamenta-la-falta-de\/","url":"https:\/\/www.psib-psoe.org\/eivissa\/la-federacion-socialista-de-eivissa-hace-un-llamamiento-a-la-unidad-para-hacer-frente-a-la-pandemia-josep-mari-ribas-defiende-un-cambio-de-paradigma-del-modelo-turistico-y-lamenta-la-falta-de\/","name":"La Federaci\u00f3n Socialista de Eivissa hace \"un llamamiento a la unidad\" para hacer frente a la pandemia - Federaci\u00f3 Socialista d&#039;Eivissa","isPartOf":{"@id":"https:\/\/www.psib-psoe.org\/eivissa\/#website"},"primaryImageOfPage":{"@id":"https:\/\/www.psib-psoe.org\/eivissa\/la-federacion-socialista-de-eivissa-hace-un-llamamiento-a-la-unidad-para-hacer-frente-a-la-pandemia-josep-mari-ribas-defiende-un-cambio-de-paradigma-del-modelo-turistico-y-lamenta-la-falta-de\/#primaryimage"},"image":{"@id":"https:\/\/www.psib-psoe.org\/eivissa\/la-federacion-socialista-de-eivissa-hace-un-llamamiento-a-la-unidad-para-hacer-frente-a-la-pandemia-josep-mari-ribas-defiende-un-cambio-de-paradigma-del-modelo-turistico-y-lamenta-la-falta-de\/#primaryimage"},"thumbnailUrl":"https:\/\/www.psib-psoe.org\/eivissa\/wp-content\/uploads\/DD569065-2DB1-490E-A3B6-7500B4F9F15F.jpeg","datePublished":"2020-09-18T09:10:30+00:00","breadcrumb":{"@id":"https:\/\/www.psib-psoe.org\/eivissa\/la-federacion-socialista-de-eivissa-hace-un-llamamiento-a-la-unidad-para-hacer-frente-a-la-pandemia-josep-mari-ribas-defiende-un-cambio-de-paradigma-del-modelo-turistico-y-lamenta-la-falta-de\/#breadcrumb"},"inLanguage":"ca","potentialAction":[{"@type":"ReadAction","target":["https:\/\/www.psib-psoe.org\/eivissa\/la-federacion-socialista-de-eivissa-hace-un-llamamiento-a-la-unidad-para-hacer-frente-a-la-pandemia-josep-mari-ribas-defiende-un-cambio-de-paradigma-del-modelo-turistico-y-lamenta-la-falta-de\/"]}]},{"@type":"ImageObject","inLanguage":"ca","@id":"https:\/\/www.psib-psoe.org\/eivissa\/la-federacion-socialista-de-eivissa-hace-un-llamamiento-a-la-unidad-para-hacer-frente-a-la-pandemia-josep-mari-ribas-defiende-un-cambio-de-paradigma-del-modelo-turistico-y-lamenta-la-falta-de\/#primaryimage","url":"https:\/\/www.psib-psoe.org\/eivissa\/wp-content\/uploads\/DD569065-2DB1-490E-A3B6-7500B4F9F15F.jpeg","contentUrl":"https:\/\/www.psib-psoe.org\/eivissa\/wp-content\/uploads\/DD569065-2DB1-490E-A3B6-7500B4F9F15F.jpeg","width":1920,"height":1080},{"@type":"BreadcrumbList","@id":"https:\/\/www.psib-psoe.org\/eivissa\/la-federacion-socialista-de-eivissa-hace-un-llamamiento-a-la-unidad-para-hacer-frente-a-la-pandemia-josep-mari-ribas-defiende-un-cambio-de-paradigma-del-modelo-turistico-y-lamenta-la-falta-de\/#breadcrumb","itemListElement":[{"@type":"ListItem","position":1,"name":"Inici","item":"https:\/\/www.psib-psoe.org\/eivissa\/"},{"@type":"ListItem","position":2,"name":"La Federaci\u00f3n Socialista de Eivissa hace &#8220;un llamamiento a la unidad&#8221; para hacer frente a la pandemia"}]},{"@type":"WebSite","@id":"https:\/\/www.psib-psoe.org\/eivissa\/#website","url":"https:\/\/www.psib-psoe.org\/eivissa\/","name":"Federaci\u00f3 Socialista d'Eivissa","description":"Socialistes d&#039;Eivissa","publisher":{"@id":"https:\/\/www.psib-psoe.org\/eivissa\/#organization"},"potentialAction":[{"@type":"SearchAction","target":{"@type":"EntryPoint","urlTemplate":"https:\/\/www.psib-psoe.org\/eivissa\/?s={search_term_string}"},"query-input":{"@type":"PropertyValueSpecification","valueRequired":true,"valueName":"search_term_string"}}],"inLanguage":"ca"},{"@type":"Organization","@id":"https:\/\/www.psib-psoe.org\/eivissa\/#organization","name":"Federaci\u00f3 Socialista d'Eivissa","url":"https:\/\/www.psib-psoe.org\/eivissa\/","logo":{"@type":"ImageObject","inLanguage":"ca","@id":"https:\/\/www.psib-psoe.org\/eivissa\/#\/schema\/logo\/image\/","url":"https:\/\/www.psib-psoe.org\/eivissa\/wp-content\/uploads\/LOGO-FSE-SOCIALISTA-DEIVISSA-HORI.png","contentUrl":"https:\/\/www.psib-psoe.org\/eivissa\/wp-content\/uploads\/LOGO-FSE-SOCIALISTA-DEIVISSA-HORI.png","width":6000,"height":3104,"caption":"Federaci\u00f3 Socialista d'Eivissa"},"image":{"@id":"https:\/\/www.psib-psoe.org\/eivissa\/#\/schema\/logo\/image\/"}},{"@type":"Person","@id":"https:\/\/www.psib-psoe.org\/eivissa\/#\/schema\/person\/7a9d2841fb36f32e34fc0e9b245e8117","name":"Josep Ripoll","sameAs":["http:\/\/www.psib-psoe.org\/eivissa\/wp-login.php"],"url":"https:\/\/www.psib-psoe.org\/eivissa\/author\/josep\/"}]}},"_links":{"self":[{"href":"https:\/\/www.psib-psoe.org\/eivissa\/wp-json\/wp\/v2\/posts\/31690","targetHints":{"allow":["GET"]}}],"collection":[{"href":"https:\/\/www.psib-psoe.org\/eivissa\/wp-json\/wp\/v2\/posts"}],"about":[{"href":"https:\/\/www.psib-psoe.org\/eivissa\/wp-json\/wp\/v2\/types\/post"}],"author":[{"embeddable":true,"href":"https:\/\/www.psib-psoe.org\/eivissa\/wp-json\/wp\/v2\/users\/7"}],"replies":[{"embeddable":true,"href":"https:\/\/www.psib-psoe.org\/eivissa\/wp-json\/wp\/v2\/comments?post=31690"}],"version-history":[{"count":2,"href":"https:\/\/www.psib-psoe.org\/eivissa\/wp-json\/wp\/v2\/posts\/31690\/revisions"}],"predecessor-version":[{"id":31788,"href":"https:\/\/www.psib-psoe.org\/eivissa\/wp-json\/wp\/v2\/posts\/31690\/revisions\/31788"}],"wp:featuredmedia":[{"embeddable":true,"href":"https:\/\/www.psib-psoe.org\/eivissa\/wp-json\/wp\/v2\/media\/31693"}],"wp:attachment":[{"href":"https:\/\/www.psib-psoe.org\/eivissa\/wp-json\/wp\/v2\/media?parent=31690"}],"wp:term":[{"taxonomy":"category","embeddable":true,"href":"https:\/\/www.psib-psoe.org\/eivissa\/wp-json\/wp\/v2\/categories?post=31690"},{"taxonomy":"post_tag","embeddable":true,"href":"https:\/\/www.psib-psoe.org\/eivissa\/wp-json\/wp\/v2\/tags?post=31690"}],"curies":[{"name":"wp","href":"https:\/\/api.w.org\/{rel}","templated":true}]}}