{"id":31735,"date":"2020-09-11T13:24:03","date_gmt":"2020-09-11T11:24:03","guid":{"rendered":"https:\/\/www.psib-psoe.org\/eivissa\/?p=31735"},"modified":"2020-09-11T13:24:03","modified_gmt":"2020-09-11T11:24:03","slug":"joventuts-socialistes-deivissa-entreguen-a-creu-roja-el-material-escolar-recollit-durant-la-campanya-solidaria","status":"publish","type":"post","link":"https:\/\/www.psib-psoe.org\/eivissa\/joventuts-socialistes-deivissa-entreguen-a-creu-roja-el-material-escolar-recollit-durant-la-campanya-solidaria\/","title":{"rendered":"Joventuts Socialistes d&#8217;Eivissa entreguen a Creu Roja el material escolar recollit durant la campanya solid\u00e0ria"},"content":{"rendered":"<p>Joventuts Socialistes d&#8217;Eivissa (JSEi) han entregat avui a Creu Roja el material escolar recollit durant la campanya solid\u00e0ria que han portat a terme per quart any consecutiu. Azahara Pe\u00f1a, secret\u00e0ria general de les JSEi, i Iv\u00e1n Torres, secretari d\u2019organitzaci\u00f3, han fet el lliurament a la coordinadora de Creu Roja a Eivissa, Mary Casta\u00f1o. Tota classe de material com motxilles, llibretes, estotjos, llapis, retoladors, gomes d&#8217;esborrar o maquinetes de fer punta, productes necessaris per a la tornada a l&#8217;escola, formen part del material recollit per les JSEi des del 20 d&#8217;agost, quan va comen\u00e7ar la campanya.<\/p>\n<p>&#8220;Enguany hem recopilat molt m\u00e9s material que en edicions anteriors, jo crec que s&#8217;ha notat que la gent est\u00e0 m\u00e9s conscienciada de les dificultats que passen moltes fam\u00edlies per culpa de la pand\u00e8mia&#8221;, ha afirmat la secret\u00e0ria general de les JSEi. Des de les Joventuts Socialistes \u201cagra\u00efm a totes les persones que han col\u00b7laborat aportant material, posant un granet d&#8217;arena per ajudar les fam\u00edlies en la tornada al &#8216;cole&#8217;, despr\u00e9s de molts de mesos sense classes i en una situaci\u00f3 de molt complicada, com \u00e9s la que estam passant actualment&#8221;, ha explicat Azahara Pe\u00f1a.<\/p>\n<p>Les JSEI han aprofitat per &#8220;felicitar a la Creu Roja d&#8217;Eivissa per l&#8217;extraordin\u00e0ria labor que duen a terme ajudant a les persones que m\u00e9s ho necessiten&#8221;. Un comprom\u00eds que &#8220;cobra tot el valor en la situaci\u00f3 actual provocada per la Covid-19, amb molta gent sense feina i que passen per enormes dificultats&#8221;. La secret\u00e0ria general de les Joventuts Socialistes ha fet una crida &#8220;perqu\u00e8 totes les persones col\u00b7laborin en la mesura de les seues possibilitats amb entitats com la Creu Roja, que s\u00f3n m\u00e9s necess\u00e0ries que mai&#8221;.<\/p>\n<p>Creu Roja Eivissa repartir\u00e0 el material recollit per les JSEi entre les fam\u00edlies del programa d&#8217;aliments que tenen a c\u00e0rrec boixos i boixes en edat escolar, uns 170 alumnes en total, segons ha explicat Mary Casta\u00f1o. Durant les setmanes m\u00e9s complicades de l&#8217;estat d&#8217;alarma, aquesta organitzaci\u00f3 va arribar a atendre 680 fam\u00edlies d&#8217;Eivissa en el seu programa d&#8217;aliments. Actualment atenen a unes 450 fam\u00edlies, per\u00f2 aquesta xifra malauradament podria augmentar en els pr\u00f2xims mesos a causa de la crisi provocada per la pand\u00e8mia.<\/p>\n","protected":false},"excerpt":{"rendered":"<p>Joventuts Socialistes d&#8217;Eivissa (JSEi) han entregat avui a Creu Roja el material escolar recollit durant la campanya solid\u00e0ria que han portat a terme per quart any consecutiu. Azahara Pe\u00f1a, secret\u00e0ria general de les JSEi, i Iv\u00e1n Torres, secretari d\u2019organitzaci\u00f3, han fet el lliurament a la coordinadora de Creu Roja a Eivissa, Mary Casta\u00f1o. Tota classe&hellip;<\/p>\n","protected":false},"author":7,"featured_media":31736,"comment_status":"closed","ping_status":"closed","sticky":false,"template":"","format":"standard","meta":{"footnotes":""},"categories":[1,260],"tags":[],"class_list":["post-31735","post","type-post","status-publish","format-standard","has-post-thumbnail","hentry","category-federacio-de-eivissa-portada","category-joventuts-socialistes-deivissa"],"yoast_head":"<!-- This site is optimized with the Yoast SEO plugin v26.9 - https:\/\/yoast.com\/product\/yoast-seo-wordpress\/ -->\n<title>Joventuts Socialistes d&#039;Eivissa entreguen a Creu Roja el material escolar recollit durant la campanya solid\u00e0ria - Federaci\u00f3 Socialista d&#039;Eivissa<\/title>\n<meta name=\"robots\" content=\"index, follow, max-snippet:-1, max-image-preview:large, max-video-preview:-1\" \/>\n<link rel=\"canonical\" href=\"https:\/\/www.psib-psoe.org\/eivissa\/joventuts-socialistes-deivissa-entreguen-a-creu-roja-el-material-escolar-recollit-durant-la-campanya-solidaria\/\" \/>\n<meta property=\"og:locale\" content=\"ca_ES\" \/>\n<meta property=\"og:type\" content=\"article\" \/>\n<meta property=\"og:title\" content=\"Joventuts Socialistes d&#039;Eivissa entreguen a Creu Roja el material escolar recollit durant la campanya solid\u00e0ria - Federaci\u00f3 Socialista d&#039;Eivissa\" \/>\n<meta property=\"og:description\" content=\"Joventuts Socialistes d&#8217;Eivissa (JSEi) han entregat avui a Creu Roja el material escolar recollit durant la campanya solid\u00e0ria que han portat a terme per quart any consecutiu. Azahara Pe\u00f1a, secret\u00e0ria general de les JSEi, i Iv\u00e1n Torres, secretari d\u2019organitzaci\u00f3, han fet el lliurament a la coordinadora de Creu Roja a Eivissa, Mary Casta\u00f1o. Tota classe&hellip;\" \/>\n<meta property=\"og:url\" content=\"https:\/\/www.psib-psoe.org\/eivissa\/joventuts-socialistes-deivissa-entreguen-a-creu-roja-el-material-escolar-recollit-durant-la-campanya-solidaria\/\" \/>\n<meta property=\"og:site_name\" content=\"Federaci\u00f3 Socialista d&#039;Eivissa\" \/>\n<meta property=\"article:published_time\" content=\"2020-09-11T11:24:03+00:00\" \/>\n<meta property=\"og:image\" content=\"https:\/\/www.psib-psoe.org\/eivissa\/wp-content\/uploads\/foto-JSEi-Creu-Roja.jpg\" \/>\n\t<meta property=\"og:image:width\" content=\"1920\" \/>\n\t<meta property=\"og:image:height\" content=\"1080\" \/>\n\t<meta property=\"og:image:type\" content=\"image\/jpeg\" \/>\n<meta name=\"author\" content=\"Josep Ripoll\" \/>\n<meta name=\"twitter:card\" content=\"summary_large_image\" \/>\n<meta name=\"twitter:label1\" content=\"Escrit per\" \/>\n\t<meta name=\"twitter:data1\" content=\"Josep Ripoll\" \/>\n\t<meta name=\"twitter:label2\" content=\"Temps estimat de lectura\" \/>\n\t<meta name=\"twitter:data2\" content=\"2 minuts\" \/>\n<script type=\"application\/ld+json\" class=\"yoast-schema-graph\">{\"@context\":\"https:\/\/schema.org\",\"@graph\":[{\"@type\":[\"Article\",\"BlogPosting\"],\"@id\":\"https:\/\/www.psib-psoe.org\/eivissa\/joventuts-socialistes-deivissa-entreguen-a-creu-roja-el-material-escolar-recollit-durant-la-campanya-solidaria\/#article\",\"isPartOf\":{\"@id\":\"https:\/\/www.psib-psoe.org\/eivissa\/joventuts-socialistes-deivissa-entreguen-a-creu-roja-el-material-escolar-recollit-durant-la-campanya-solidaria\/\"},\"author\":{\"name\":\"Josep Ripoll\",\"@id\":\"https:\/\/www.psib-psoe.org\/eivissa\/#\/schema\/person\/7a9d2841fb36f32e34fc0e9b245e8117\"},\"headline\":\"Joventuts Socialistes d&#8217;Eivissa entreguen a Creu Roja el material escolar recollit durant la campanya solid\u00e0ria\",\"datePublished\":\"2020-09-11T11:24:03+00:00\",\"mainEntityOfPage\":{\"@id\":\"https:\/\/www.psib-psoe.org\/eivissa\/joventuts-socialistes-deivissa-entreguen-a-creu-roja-el-material-escolar-recollit-durant-la-campanya-solidaria\/\"},\"wordCount\":404,\"publisher\":{\"@id\":\"https:\/\/www.psib-psoe.org\/eivissa\/#organization\"},\"image\":{\"@id\":\"https:\/\/www.psib-psoe.org\/eivissa\/joventuts-socialistes-deivissa-entreguen-a-creu-roja-el-material-escolar-recollit-durant-la-campanya-solidaria\/#primaryimage\"},\"thumbnailUrl\":\"https:\/\/www.psib-psoe.org\/eivissa\/wp-content\/uploads\/foto-JSEi-Creu-Roja.jpg\",\"articleSection\":[\"Federaci\u00f3 d'Eivissa - Portada\",\"Joventuts Socialistes d'Eivissa\"],\"inLanguage\":\"ca\"},{\"@type\":\"WebPage\",\"@id\":\"https:\/\/www.psib-psoe.org\/eivissa\/joventuts-socialistes-deivissa-entreguen-a-creu-roja-el-material-escolar-recollit-durant-la-campanya-solidaria\/\",\"url\":\"https:\/\/www.psib-psoe.org\/eivissa\/joventuts-socialistes-deivissa-entreguen-a-creu-roja-el-material-escolar-recollit-durant-la-campanya-solidaria\/\",\"name\":\"Joventuts Socialistes d'Eivissa entreguen a Creu Roja el material escolar recollit durant la campanya solid\u00e0ria - Federaci\u00f3 Socialista d&#039;Eivissa\",\"isPartOf\":{\"@id\":\"https:\/\/www.psib-psoe.org\/eivissa\/#website\"},\"primaryImageOfPage\":{\"@id\":\"https:\/\/www.psib-psoe.org\/eivissa\/joventuts-socialistes-deivissa-entreguen-a-creu-roja-el-material-escolar-recollit-durant-la-campanya-solidaria\/#primaryimage\"},\"image\":{\"@id\":\"https:\/\/www.psib-psoe.org\/eivissa\/joventuts-socialistes-deivissa-entreguen-a-creu-roja-el-material-escolar-recollit-durant-la-campanya-solidaria\/#primaryimage\"},\"thumbnailUrl\":\"https:\/\/www.psib-psoe.org\/eivissa\/wp-content\/uploads\/foto-JSEi-Creu-Roja.jpg\",\"datePublished\":\"2020-09-11T11:24:03+00:00\",\"breadcrumb\":{\"@id\":\"https:\/\/www.psib-psoe.org\/eivissa\/joventuts-socialistes-deivissa-entreguen-a-creu-roja-el-material-escolar-recollit-durant-la-campanya-solidaria\/#breadcrumb\"},\"inLanguage\":\"ca\",\"potentialAction\":[{\"@type\":\"ReadAction\",\"target\":[\"https:\/\/www.psib-psoe.org\/eivissa\/joventuts-socialistes-deivissa-entreguen-a-creu-roja-el-material-escolar-recollit-durant-la-campanya-solidaria\/\"]}]},{\"@type\":\"ImageObject\",\"inLanguage\":\"ca\",\"@id\":\"https:\/\/www.psib-psoe.org\/eivissa\/joventuts-socialistes-deivissa-entreguen-a-creu-roja-el-material-escolar-recollit-durant-la-campanya-solidaria\/#primaryimage\",\"url\":\"https:\/\/www.psib-psoe.org\/eivissa\/wp-content\/uploads\/foto-JSEi-Creu-Roja.jpg\",\"contentUrl\":\"https:\/\/www.psib-psoe.org\/eivissa\/wp-content\/uploads\/foto-JSEi-Creu-Roja.jpg\",\"width\":1920,\"height\":1080},{\"@type\":\"BreadcrumbList\",\"@id\":\"https:\/\/www.psib-psoe.org\/eivissa\/joventuts-socialistes-deivissa-entreguen-a-creu-roja-el-material-escolar-recollit-durant-la-campanya-solidaria\/#breadcrumb\",\"itemListElement\":[{\"@type\":\"ListItem\",\"position\":1,\"name\":\"Inici\",\"item\":\"https:\/\/www.psib-psoe.org\/eivissa\/\"},{\"@type\":\"ListItem\",\"position\":2,\"name\":\"Joventuts Socialistes d&#8217;Eivissa entreguen a Creu Roja el material escolar recollit durant la campanya solid\u00e0ria\"}]},{\"@type\":\"WebSite\",\"@id\":\"https:\/\/www.psib-psoe.org\/eivissa\/#website\",\"url\":\"https:\/\/www.psib-psoe.org\/eivissa\/\",\"name\":\"Federaci\u00f3 Socialista d'Eivissa\",\"description\":\"Socialistes d&#039;Eivissa\",\"publisher\":{\"@id\":\"https:\/\/www.psib-psoe.org\/eivissa\/#organization\"},\"potentialAction\":[{\"@type\":\"SearchAction\",\"target\":{\"@type\":\"EntryPoint\",\"urlTemplate\":\"https:\/\/www.psib-psoe.org\/eivissa\/?s={search_term_string}\"},\"query-input\":{\"@type\":\"PropertyValueSpecification\",\"valueRequired\":true,\"valueName\":\"search_term_string\"}}],\"inLanguage\":\"ca\"},{\"@type\":\"Organization\",\"@id\":\"https:\/\/www.psib-psoe.org\/eivissa\/#organization\",\"name\":\"Federaci\u00f3 Socialista d'Eivissa\",\"url\":\"https:\/\/www.psib-psoe.org\/eivissa\/\",\"logo\":{\"@type\":\"ImageObject\",\"inLanguage\":\"ca\",\"@id\":\"https:\/\/www.psib-psoe.org\/eivissa\/#\/schema\/logo\/image\/\",\"url\":\"https:\/\/www.psib-psoe.org\/eivissa\/wp-content\/uploads\/LOGO-FSE-SOCIALISTA-DEIVISSA-HORI.png\",\"contentUrl\":\"https:\/\/www.psib-psoe.org\/eivissa\/wp-content\/uploads\/LOGO-FSE-SOCIALISTA-DEIVISSA-HORI.png\",\"width\":6000,\"height\":3104,\"caption\":\"Federaci\u00f3 Socialista d'Eivissa\"},\"image\":{\"@id\":\"https:\/\/www.psib-psoe.org\/eivissa\/#\/schema\/logo\/image\/\"}},{\"@type\":\"Person\",\"@id\":\"https:\/\/www.psib-psoe.org\/eivissa\/#\/schema\/person\/7a9d2841fb36f32e34fc0e9b245e8117\",\"name\":\"Josep Ripoll\",\"sameAs\":[\"http:\/\/www.psib-psoe.org\/eivissa\/wp-login.php\"],\"url\":\"https:\/\/www.psib-psoe.org\/eivissa\/author\/josep\/\"}]}<\/script>\n<!-- \/ Yoast SEO plugin. -->","yoast_head_json":{"title":"Joventuts Socialistes d'Eivissa entreguen a Creu Roja el material escolar recollit durant la campanya solid\u00e0ria - Federaci\u00f3 Socialista d&#039;Eivissa","robots":{"index":"index","follow":"follow","max-snippet":"max-snippet:-1","max-image-preview":"max-image-preview:large","max-video-preview":"max-video-preview:-1"},"canonical":"https:\/\/www.psib-psoe.org\/eivissa\/joventuts-socialistes-deivissa-entreguen-a-creu-roja-el-material-escolar-recollit-durant-la-campanya-solidaria\/","og_locale":"ca_ES","og_type":"article","og_title":"Joventuts Socialistes d'Eivissa entreguen a Creu Roja el material escolar recollit durant la campanya solid\u00e0ria - Federaci\u00f3 Socialista d&#039;Eivissa","og_description":"Joventuts Socialistes d&#8217;Eivissa (JSEi) han entregat avui a Creu Roja el material escolar recollit durant la campanya solid\u00e0ria que han portat a terme per quart any consecutiu. Azahara Pe\u00f1a, secret\u00e0ria general de les JSEi, i Iv\u00e1n Torres, secretari d\u2019organitzaci\u00f3, han fet el lliurament a la coordinadora de Creu Roja a Eivissa, Mary Casta\u00f1o. Tota classe&hellip;","og_url":"https:\/\/www.psib-psoe.org\/eivissa\/joventuts-socialistes-deivissa-entreguen-a-creu-roja-el-material-escolar-recollit-durant-la-campanya-solidaria\/","og_site_name":"Federaci\u00f3 Socialista d&#039;Eivissa","article_published_time":"2020-09-11T11:24:03+00:00","og_image":[{"width":1920,"height":1080,"url":"https:\/\/www.psib-psoe.org\/eivissa\/wp-content\/uploads\/foto-JSEi-Creu-Roja.jpg","type":"image\/jpeg"}],"author":"Josep Ripoll","twitter_card":"summary_large_image","twitter_misc":{"Escrit per":"Josep Ripoll","Temps estimat de lectura":"2 minuts"},"schema":{"@context":"https:\/\/schema.org","@graph":[{"@type":["Article","BlogPosting"],"@id":"https:\/\/www.psib-psoe.org\/eivissa\/joventuts-socialistes-deivissa-entreguen-a-creu-roja-el-material-escolar-recollit-durant-la-campanya-solidaria\/#article","isPartOf":{"@id":"https:\/\/www.psib-psoe.org\/eivissa\/joventuts-socialistes-deivissa-entreguen-a-creu-roja-el-material-escolar-recollit-durant-la-campanya-solidaria\/"},"author":{"name":"Josep Ripoll","@id":"https:\/\/www.psib-psoe.org\/eivissa\/#\/schema\/person\/7a9d2841fb36f32e34fc0e9b245e8117"},"headline":"Joventuts Socialistes d&#8217;Eivissa entreguen a Creu Roja el material escolar recollit durant la campanya solid\u00e0ria","datePublished":"2020-09-11T11:24:03+00:00","mainEntityOfPage":{"@id":"https:\/\/www.psib-psoe.org\/eivissa\/joventuts-socialistes-deivissa-entreguen-a-creu-roja-el-material-escolar-recollit-durant-la-campanya-solidaria\/"},"wordCount":404,"publisher":{"@id":"https:\/\/www.psib-psoe.org\/eivissa\/#organization"},"image":{"@id":"https:\/\/www.psib-psoe.org\/eivissa\/joventuts-socialistes-deivissa-entreguen-a-creu-roja-el-material-escolar-recollit-durant-la-campanya-solidaria\/#primaryimage"},"thumbnailUrl":"https:\/\/www.psib-psoe.org\/eivissa\/wp-content\/uploads\/foto-JSEi-Creu-Roja.jpg","articleSection":["Federaci\u00f3 d'Eivissa - Portada","Joventuts Socialistes d'Eivissa"],"inLanguage":"ca"},{"@type":"WebPage","@id":"https:\/\/www.psib-psoe.org\/eivissa\/joventuts-socialistes-deivissa-entreguen-a-creu-roja-el-material-escolar-recollit-durant-la-campanya-solidaria\/","url":"https:\/\/www.psib-psoe.org\/eivissa\/joventuts-socialistes-deivissa-entreguen-a-creu-roja-el-material-escolar-recollit-durant-la-campanya-solidaria\/","name":"Joventuts Socialistes d'Eivissa entreguen a Creu Roja el material escolar recollit durant la campanya solid\u00e0ria - Federaci\u00f3 Socialista d&#039;Eivissa","isPartOf":{"@id":"https:\/\/www.psib-psoe.org\/eivissa\/#website"},"primaryImageOfPage":{"@id":"https:\/\/www.psib-psoe.org\/eivissa\/joventuts-socialistes-deivissa-entreguen-a-creu-roja-el-material-escolar-recollit-durant-la-campanya-solidaria\/#primaryimage"},"image":{"@id":"https:\/\/www.psib-psoe.org\/eivissa\/joventuts-socialistes-deivissa-entreguen-a-creu-roja-el-material-escolar-recollit-durant-la-campanya-solidaria\/#primaryimage"},"thumbnailUrl":"https:\/\/www.psib-psoe.org\/eivissa\/wp-content\/uploads\/foto-JSEi-Creu-Roja.jpg","datePublished":"2020-09-11T11:24:03+00:00","breadcrumb":{"@id":"https:\/\/www.psib-psoe.org\/eivissa\/joventuts-socialistes-deivissa-entreguen-a-creu-roja-el-material-escolar-recollit-durant-la-campanya-solidaria\/#breadcrumb"},"inLanguage":"ca","potentialAction":[{"@type":"ReadAction","target":["https:\/\/www.psib-psoe.org\/eivissa\/joventuts-socialistes-deivissa-entreguen-a-creu-roja-el-material-escolar-recollit-durant-la-campanya-solidaria\/"]}]},{"@type":"ImageObject","inLanguage":"ca","@id":"https:\/\/www.psib-psoe.org\/eivissa\/joventuts-socialistes-deivissa-entreguen-a-creu-roja-el-material-escolar-recollit-durant-la-campanya-solidaria\/#primaryimage","url":"https:\/\/www.psib-psoe.org\/eivissa\/wp-content\/uploads\/foto-JSEi-Creu-Roja.jpg","contentUrl":"https:\/\/www.psib-psoe.org\/eivissa\/wp-content\/uploads\/foto-JSEi-Creu-Roja.jpg","width":1920,"height":1080},{"@type":"BreadcrumbList","@id":"https:\/\/www.psib-psoe.org\/eivissa\/joventuts-socialistes-deivissa-entreguen-a-creu-roja-el-material-escolar-recollit-durant-la-campanya-solidaria\/#breadcrumb","itemListElement":[{"@type":"ListItem","position":1,"name":"Inici","item":"https:\/\/www.psib-psoe.org\/eivissa\/"},{"@type":"ListItem","position":2,"name":"Joventuts Socialistes d&#8217;Eivissa entreguen a Creu Roja el material escolar recollit durant la campanya solid\u00e0ria"}]},{"@type":"WebSite","@id":"https:\/\/www.psib-psoe.org\/eivissa\/#website","url":"https:\/\/www.psib-psoe.org\/eivissa\/","name":"Federaci\u00f3 Socialista d'Eivissa","description":"Socialistes d&#039;Eivissa","publisher":{"@id":"https:\/\/www.psib-psoe.org\/eivissa\/#organization"},"potentialAction":[{"@type":"SearchAction","target":{"@type":"EntryPoint","urlTemplate":"https:\/\/www.psib-psoe.org\/eivissa\/?s={search_term_string}"},"query-input":{"@type":"PropertyValueSpecification","valueRequired":true,"valueName":"search_term_string"}}],"inLanguage":"ca"},{"@type":"Organization","@id":"https:\/\/www.psib-psoe.org\/eivissa\/#organization","name":"Federaci\u00f3 Socialista d'Eivissa","url":"https:\/\/www.psib-psoe.org\/eivissa\/","logo":{"@type":"ImageObject","inLanguage":"ca","@id":"https:\/\/www.psib-psoe.org\/eivissa\/#\/schema\/logo\/image\/","url":"https:\/\/www.psib-psoe.org\/eivissa\/wp-content\/uploads\/LOGO-FSE-SOCIALISTA-DEIVISSA-HORI.png","contentUrl":"https:\/\/www.psib-psoe.org\/eivissa\/wp-content\/uploads\/LOGO-FSE-SOCIALISTA-DEIVISSA-HORI.png","width":6000,"height":3104,"caption":"Federaci\u00f3 Socialista d'Eivissa"},"image":{"@id":"https:\/\/www.psib-psoe.org\/eivissa\/#\/schema\/logo\/image\/"}},{"@type":"Person","@id":"https:\/\/www.psib-psoe.org\/eivissa\/#\/schema\/person\/7a9d2841fb36f32e34fc0e9b245e8117","name":"Josep Ripoll","sameAs":["http:\/\/www.psib-psoe.org\/eivissa\/wp-login.php"],"url":"https:\/\/www.psib-psoe.org\/eivissa\/author\/josep\/"}]}},"_links":{"self":[{"href":"https:\/\/www.psib-psoe.org\/eivissa\/wp-json\/wp\/v2\/posts\/31735","targetHints":{"allow":["GET"]}}],"collection":[{"href":"https:\/\/www.psib-psoe.org\/eivissa\/wp-json\/wp\/v2\/posts"}],"about":[{"href":"https:\/\/www.psib-psoe.org\/eivissa\/wp-json\/wp\/v2\/types\/post"}],"author":[{"embeddable":true,"href":"https:\/\/www.psib-psoe.org\/eivissa\/wp-json\/wp\/v2\/users\/7"}],"replies":[{"embeddable":true,"href":"https:\/\/www.psib-psoe.org\/eivissa\/wp-json\/wp\/v2\/comments?post=31735"}],"version-history":[{"count":1,"href":"https:\/\/www.psib-psoe.org\/eivissa\/wp-json\/wp\/v2\/posts\/31735\/revisions"}],"predecessor-version":[{"id":31738,"href":"https:\/\/www.psib-psoe.org\/eivissa\/wp-json\/wp\/v2\/posts\/31735\/revisions\/31738"}],"wp:featuredmedia":[{"embeddable":true,"href":"https:\/\/www.psib-psoe.org\/eivissa\/wp-json\/wp\/v2\/media\/31736"}],"wp:attachment":[{"href":"https:\/\/www.psib-psoe.org\/eivissa\/wp-json\/wp\/v2\/media?parent=31735"}],"wp:term":[{"taxonomy":"category","embeddable":true,"href":"https:\/\/www.psib-psoe.org\/eivissa\/wp-json\/wp\/v2\/categories?post=31735"},{"taxonomy":"post_tag","embeddable":true,"href":"https:\/\/www.psib-psoe.org\/eivissa\/wp-json\/wp\/v2\/tags?post=31735"}],"curies":[{"name":"wp","href":"https:\/\/api.w.org\/{rel}","templated":true}]}}