{"id":31779,"date":"2020-09-18T10:55:29","date_gmt":"2020-09-18T08:55:29","guid":{"rendered":"https:\/\/www.psib-psoe.org\/eivissa\/?p=31779"},"modified":"2020-09-18T11:14:32","modified_gmt":"2020-09-18T09:14:32","slug":"mesures-excepcionals-i-temporals-a-les-zones-basiques-de-sant-antoni-de-portmany-i-de-leixample-deivissa","status":"publish","type":"post","link":"https:\/\/www.psib-psoe.org\/eivissa\/mesures-excepcionals-i-temporals-a-les-zones-basiques-de-sant-antoni-de-portmany-i-de-leixample-deivissa\/","title":{"rendered":"Mesures excepcionals i temporals a les zones b\u00e0siques de Sant Antoni de Portmany i de l\u2019Eixample d\u2019Eivissa"},"content":{"rendered":"<p>La consellera de Salut i Consum, Patricia G\u00f3mez, ha dictat dues resolucions que estableixen tota una s\u00e8rie de mesures excepcionals i temporals a les zones b\u00e0siques de Sant Antoni de Portmany i de l\u2019Eixample del municipi d\u2019Eivissa. L\u2019objectiu \u00e9s limitar-hi i evitar les situacions que poden afavorir els contagis, sobretot en llocs tancats on es produeixen aglomeracions de persones, amb poca ventilaci\u00f3, o b\u00e9 on no es fa servir la mascareta. Les resolucions entraran en vigor divendres 18 de setembre a les 22.00 h.<\/p>\n<p>Aquestes noves mesures aniran acompanyades del pla d\u2019acci\u00f3 comunit\u00e0ria corresponent, amb la finalitat de sensibilitzar la poblaci\u00f3 sobre la import\u00e0ncia de complir les indicacions de prevenci\u00f3. Aix\u00ed mateix, el pla permetr\u00e0 identificar les necessitats espec\u00edfiques dels ciutadans afectats per la COVID-19 per poder oferir una atenci\u00f3 adequada.<\/p>\n<p>En el cas de la zona b\u00e0sica de Sant Antoni de Portmany concretament, les mesures de compliment obligatori i les recomanacions \u2014que afecten aspectes com la mobilitat, els aforaments i la suspensi\u00f3 de determinades activitats\u2014 s\u2019han d\u2019aplicar a l\u2019interior del per\u00edmetre format pels carrers seg\u00fcents, tot i que en resten exclosos els que delimiten aquest per\u00edmetre:<\/p>\n<p>Carrer Ample fins a la conflu\u00e8ncia per rotonda amb el carrer de Ramon i Cajal.<br \/>\nCarrer Ramon i Cajal fins a la conflu\u00e8ncia a trav\u00e9s de rotonda amb el carrer de Johann Sebastian Bach.<br \/>\nCarrer de Johann Sebastian Bach fins a la conflu\u00e8ncia per rotonda amb l\u2019avinguda d\u2019Isidor Macabich.<br \/>\nAvinguda d\u2019Isidor Macabich fins a la conflu\u00e8ncia amb el carrer de Madrid.<br \/>\nCarrer de Madrid fins a la conflu\u00e8ncia amb el carrer Vara de Rei.<br \/>\nCarrer Vara de Rei fins a la conflu\u00e8ncia amb el carrer d\u2019Alemanya.<br \/>\nCarrer d\u2019Alemanya fins a l\u2019 enlla\u00e7 amb el passeig de Ponent.<br \/>\nPasseig de Ponent fins a l\u2019enlla\u00e7 amb el passeig de la Mar.<br \/>\nPasseig de la Mar fins a la conflu\u00e8ncia amb el carrer Ample.<\/p>\n<p>Pel que fa a les zones b\u00e0siques de salut de l\u2019Eixample a Vila, les mesures afecten carrers compresos a l\u2019interior del per\u00edmetre definit pels carrers seg\u00fcents, tot i que tamb\u00e9 en resten exclosos els que delimiten aquest per\u00edmetre:<\/p>\n<p>Avinguda de la Pau, des de la conflu\u00e8ncia amb l\u2019avinguda d\u2019Espanya fins a la conflu\u00e8ncia amb l\u2019avinguda d\u2019Ignasi Wallis.<br \/>\nAvinguda d\u2019Ignasi Wallis, des de la conflu\u00e8ncia amb l\u2019avinguda de la Pau fins a la conflu\u00e8ncia amb l\u2019avinguda d\u2019Espanya.<br \/>\nAvinguda d\u2019Espanya, des de la conflu\u00e8ncia amb l\u2019avinguda d\u2019Ignasi Wallis fins a la conflu\u00e8ncia amb l\u2019avinguda de la Pau.<\/p>\n<p>En aquestes zones i durant un m\u00ednim de 15 dies s\u2019estableixen diverses limitacions que afecten, entre d\u2019altres, els aspectes seg\u00fcents:<\/p>\n<p><strong>Despla\u00e7aments personals<\/strong><br \/>\nLes resolucions restringeixen l\u2019entrada i sortida lliures de persones en el nucli de poblaci\u00f3 corresponent a la zona b\u00e0sica de Sant Antoni de Portmany i de l\u2019Eixample a Vila, tret dels despla\u00e7aments, justificats adequadament, que es produeixin per motius com ara l\u2019assist\u00e8ncia a centres, serveis i establiments sanitaris; el compliment d\u2019obligacions laborals, professionals o empresarials; l\u2019assist\u00e8ncia a centres docents i educatius, incloent-hi les escoletes d\u2019educaci\u00f3 infantil; l\u2019assist\u00e8ncia i cura de gent gran, persones menors, dependents, persones amb discapacitat o persones especialment vulnerables; el despla\u00e7ament a entitats financeres o d\u2019assegurances; les actuacions requerides o urgents davant dels \u00f2rgans p\u00fablics, judicials o notarials; les renovacions de permisos i documentaci\u00f3 oficial, aix\u00ed com altres tr\u00e0mits administratius inajornables, o per fer ex\u00e0mens o proves oficials.<\/p>\n<p>La circulaci\u00f3 per les carreteres, els carrers i vials que transcorren o travessen aquests nuclis de poblaci\u00f3 objecte de les resolucions es permet sempre que tenguin origen i destinaci\u00f3 fora d\u2019aquests nuclis.<\/p>\n<p>Es permet la circulaci\u00f3 de persones residents dins dels nuclis de poblaci\u00f3 afectats, respectant les mesures de protecci\u00f3 individual i col\u00b7lectiva, si b\u00e9 es recomana que la poblaci\u00f3 romangui a ca seva i es desaconsellen els despla\u00e7aments i la realitzaci\u00f3 d\u2019activitats no imprescindibles. <\/p>\n<p>Capacitat dels establiments, locals comercials i serveis oberts al p\u00fablic<br \/>\nAmb car\u00e0cter general, no poden superar el 50 % de la capacitat autoritzada o establerta i tots els establiments, locals comercials i serveis oberts al p\u00fablic tenen com a hora de tancament la legalment autoritzada, i no poden superar en cap cas les 22.00 hores. Aix\u00ed mateix, han d\u2019establir un horari d\u2019atenci\u00f3 amb servei prioritari per a persones majors de 65 anys.<\/p>\n<p><strong>Reunions i\/o trobades<\/strong><br \/>\nLa resoluci\u00f3 preveu, entre d\u2019altres aspectes, que les reunions socials no poden superar les 5 persones si no s\u00f3n convivents. Aquesta prohibici\u00f3 inclou els casaments, els serveis religiosos \u2014llevat de les cerim\u00f2nies f\u00fanebres i vetlles\u2014, les celebracions i la pr\u00e0ctica esportiva.<\/p>\n<p>No es consideren incloses en aquesta prohibici\u00f3 les activitats laborals ni els mitjans de transport p\u00fablic.<\/p>\n<p>Durant aquests tipus d\u2019activitats s\u2019ha de respectar la dist\u00e0ncia m\u00ednima de seguretat interpersonal entre els no convivents i l\u2019obligatorietat de l\u2019\u00fas de la mascareta quan escaigui. A m\u00e9s, es recomana evitar reunions amb persones alienes al nucli de conviv\u00e8ncia.<\/p>\n<p><strong>Llocs de culte<\/strong><br \/>\nSe susp\u00e8n l\u2019activitat dels llocs de culte, llevat de la realitzaci\u00f3 de funerals, que es poden fer sempre que no se\u2019n superi el 33 % de la capacitat i amb un m\u00e0xim de 15 persones.<\/p>\n<p><strong>Fires i festes populars<\/strong><br \/>\nEn aquest apartat, la resoluci\u00f3 prohibeix la realitzaci\u00f3 de fires i festes populars, revetles, sopars a la fresca i altres esdeveniments populars, tant d\u2019organitzaci\u00f3 privada com municipal o insular.<\/p>\n<p><strong>Establiments de restauraci\u00f3<\/strong><br \/>\nEls restaurants, bars i cafeteries han de limitar l\u2019aforament al 50 %, tant en espais interiors com exteriors, i l\u2019ocupaci\u00f3 m\u00e0xima \u00e9s de cinc persones per taula o agrupaci\u00f3 de taules. No es permet el consum a la barra.<\/p>\n<p>Tots els establiments de restauraci\u00f3 (restaurants i bars cafeteria) tenen com a hora de tancament la legalment autoritzada, i no poden superar en cap cas les 22.00 h.<\/p>\n<p><strong>Activitats en acad\u00e8mies, autoescoles i centres privats d\u2019ensenyaments no reglats i centres de formaci\u00f3<\/strong><br \/>\nAquestes activitats es poden impartir de manera presencial sempre que no superi una capacitat del 50 % respecte del m\u00e0xim perm\u00e8s. Les activitats que es duguin a terme s\u2019han de limitar a grups m\u00e0xims de cinc persones i s\u2019han d\u2019establir les mesures necess\u00e0ries per mantenir la dist\u00e0ncia de seguretat interpersonal d\u2019un metre i mig en les instal\u00b7lacions en tot moment.<\/p>\n<p><strong>Suspensi\u00f3 d\u2019activitats<\/strong><br \/>\nLa resoluci\u00f3 susp\u00e8n l\u2019activitat dels gimnasos i centres esportius de tota mena, parcs i jardins, i parcs infantils d\u2019\u00fas p\u00fablic i locals d\u2019oci infantil.<\/p>\n<p>S\u2019exceptuen d\u2019aquesta suspensi\u00f3 els establiments i els espais cedits pels ajuntaments en els centres docents i educatius per dur-hi a terme activitats docents.<\/p>\n<p><strong>Mesures de prevenci\u00f3 i d\u2019higiene<\/strong><br \/>\nAix\u00ed mateix, la resoluci\u00f3 inclou un apartat en qu\u00e8 recorda que s\u2019han de respectar les mesures de seguretat i d\u2019higiene establertes per les autoritats sanit\u00e0ries per a la prevenci\u00f3 de la COVID-19, com ara l\u2019obligatorietat de mantenir en tot moment la dist\u00e0ncia de seguretat interpersonal com a m\u00ednim d\u2019un metre i mig entre les persones no convivents, aix\u00ed com l\u2019\u00fas de la mascareta, la higiene de mans, la ventilaci\u00f3 correcta dels locals i espais tancats, aix\u00ed com la neteja i desinfecci\u00f3 de les superf\u00edcies.<\/p>\n<p><strong>Infraccions<\/strong><br \/>\nPer acabar, la resoluci\u00f3 disposa que els incompliments individualitzats del que s\u2019hi disposa poden ser constitutius d\u2019una infracci\u00f3 administrativa d\u2019acord amb el que estableix el Decret llei 11\/2020, de 10 de juliol, pel qual s\u2019estableix un r\u00e8gim sancionador espec\u00edfic per fer front als incompliments de les disposicions dictades per pal\u00b7liar els efectes de la crisi ocasionada per la COVID-19.<\/p>\n","protected":false},"excerpt":{"rendered":"<p>La consellera de Salut i Consum, Patricia G\u00f3mez, ha dictat dues resolucions que estableixen tota una s\u00e8rie de mesures excepcionals i temporals a les zones b\u00e0siques de Sant Antoni de Portmany i de l\u2019Eixample del municipi d\u2019Eivissa. L\u2019objectiu \u00e9s limitar-hi i evitar les situacions que poden afavorir els contagis, sobretot en llocs tancats on es&hellip;<\/p>\n","protected":false},"author":7,"featured_media":31780,"comment_status":"closed","ping_status":"closed","sticky":false,"template":"","format":"standard","meta":{"footnotes":""},"categories":[183,254,1,191],"tags":[],"class_list":["post-31779","post","type-post","status-publish","format-standard","has-post-thumbnail","hentry","category-ciutat-deivissa","category-covid-19","category-federacio-de-eivissa-portada","category-govern-de-les-illes-balears-parlament"],"yoast_head":"<!-- This site is optimized with the Yoast SEO plugin v26.9 - https:\/\/yoast.com\/product\/yoast-seo-wordpress\/ -->\n<title>Mesures excepcionals i temporals a les zones b\u00e0siques de Sant Antoni de Portmany i de l\u2019Eixample d\u2019Eivissa - Federaci\u00f3 Socialista d&#039;Eivissa<\/title>\n<meta name=\"robots\" content=\"index, follow, max-snippet:-1, max-image-preview:large, max-video-preview:-1\" \/>\n<link rel=\"canonical\" href=\"https:\/\/www.psib-psoe.org\/eivissa\/mesures-excepcionals-i-temporals-a-les-zones-basiques-de-sant-antoni-de-portmany-i-de-leixample-deivissa\/\" \/>\n<meta property=\"og:locale\" content=\"ca_ES\" \/>\n<meta property=\"og:type\" content=\"article\" \/>\n<meta property=\"og:title\" content=\"Mesures excepcionals i temporals a les zones b\u00e0siques de Sant Antoni de Portmany i de l\u2019Eixample d\u2019Eivissa - Federaci\u00f3 Socialista d&#039;Eivissa\" \/>\n<meta property=\"og:description\" content=\"La consellera de Salut i Consum, Patricia G\u00f3mez, ha dictat dues resolucions que estableixen tota una s\u00e8rie de mesures excepcionals i temporals a les zones b\u00e0siques de Sant Antoni de Portmany i de l\u2019Eixample del municipi d\u2019Eivissa. L\u2019objectiu \u00e9s limitar-hi i evitar les situacions que poden afavorir els contagis, sobretot en llocs tancats on es&hellip;\" \/>\n<meta property=\"og:url\" content=\"https:\/\/www.psib-psoe.org\/eivissa\/mesures-excepcionals-i-temporals-a-les-zones-basiques-de-sant-antoni-de-portmany-i-de-leixample-deivissa\/\" \/>\n<meta property=\"og:site_name\" content=\"Federaci\u00f3 Socialista d&#039;Eivissa\" \/>\n<meta property=\"article:published_time\" content=\"2020-09-18T08:55:29+00:00\" \/>\n<meta property=\"article:modified_time\" content=\"2020-09-18T09:14:32+00:00\" \/>\n<meta property=\"og:image\" content=\"https:\/\/www.psib-psoe.org\/eivissa\/wp-content\/uploads\/confinaments-Vila-i-Sant-Antoni.jpg\" \/>\n\t<meta property=\"og:image:width\" content=\"543\" \/>\n\t<meta property=\"og:image:height\" content=\"217\" \/>\n\t<meta property=\"og:image:type\" content=\"image\/jpeg\" \/>\n<meta name=\"author\" content=\"Josep Ripoll\" \/>\n<meta name=\"twitter:card\" content=\"summary_large_image\" \/>\n<meta name=\"twitter:label1\" content=\"Escrit per\" \/>\n\t<meta name=\"twitter:data1\" content=\"Josep Ripoll\" \/>\n\t<meta name=\"twitter:label2\" content=\"Temps estimat de lectura\" \/>\n\t<meta name=\"twitter:data2\" content=\"7 minuts\" \/>\n<script type=\"application\/ld+json\" class=\"yoast-schema-graph\">{\"@context\":\"https:\/\/schema.org\",\"@graph\":[{\"@type\":[\"Article\",\"BlogPosting\"],\"@id\":\"https:\/\/www.psib-psoe.org\/eivissa\/mesures-excepcionals-i-temporals-a-les-zones-basiques-de-sant-antoni-de-portmany-i-de-leixample-deivissa\/#article\",\"isPartOf\":{\"@id\":\"https:\/\/www.psib-psoe.org\/eivissa\/mesures-excepcionals-i-temporals-a-les-zones-basiques-de-sant-antoni-de-portmany-i-de-leixample-deivissa\/\"},\"author\":{\"name\":\"Josep Ripoll\",\"@id\":\"https:\/\/www.psib-psoe.org\/eivissa\/#\/schema\/person\/7a9d2841fb36f32e34fc0e9b245e8117\"},\"headline\":\"Mesures excepcionals i temporals a les zones b\u00e0siques de Sant Antoni de Portmany i de l\u2019Eixample d\u2019Eivissa\",\"datePublished\":\"2020-09-18T08:55:29+00:00\",\"dateModified\":\"2020-09-18T09:14:32+00:00\",\"mainEntityOfPage\":{\"@id\":\"https:\/\/www.psib-psoe.org\/eivissa\/mesures-excepcionals-i-temporals-a-les-zones-basiques-de-sant-antoni-de-portmany-i-de-leixample-deivissa\/\"},\"wordCount\":1353,\"publisher\":{\"@id\":\"https:\/\/www.psib-psoe.org\/eivissa\/#organization\"},\"image\":{\"@id\":\"https:\/\/www.psib-psoe.org\/eivissa\/mesures-excepcionals-i-temporals-a-les-zones-basiques-de-sant-antoni-de-portmany-i-de-leixample-deivissa\/#primaryimage\"},\"thumbnailUrl\":\"https:\/\/www.psib-psoe.org\/eivissa\/wp-content\/uploads\/confinaments-Vila-i-Sant-Antoni.jpg\",\"articleSection\":[\"Ciutat d'Eivissa\",\"Covid-19\",\"Federaci\u00f3 d'Eivissa - Portada\",\"Govern de les Illes Balears - Parlament - PSIB-PSOE\"],\"inLanguage\":\"ca\"},{\"@type\":\"WebPage\",\"@id\":\"https:\/\/www.psib-psoe.org\/eivissa\/mesures-excepcionals-i-temporals-a-les-zones-basiques-de-sant-antoni-de-portmany-i-de-leixample-deivissa\/\",\"url\":\"https:\/\/www.psib-psoe.org\/eivissa\/mesures-excepcionals-i-temporals-a-les-zones-basiques-de-sant-antoni-de-portmany-i-de-leixample-deivissa\/\",\"name\":\"Mesures excepcionals i temporals a les zones b\u00e0siques de Sant Antoni de Portmany i de l\u2019Eixample d\u2019Eivissa - Federaci\u00f3 Socialista d&#039;Eivissa\",\"isPartOf\":{\"@id\":\"https:\/\/www.psib-psoe.org\/eivissa\/#website\"},\"primaryImageOfPage\":{\"@id\":\"https:\/\/www.psib-psoe.org\/eivissa\/mesures-excepcionals-i-temporals-a-les-zones-basiques-de-sant-antoni-de-portmany-i-de-leixample-deivissa\/#primaryimage\"},\"image\":{\"@id\":\"https:\/\/www.psib-psoe.org\/eivissa\/mesures-excepcionals-i-temporals-a-les-zones-basiques-de-sant-antoni-de-portmany-i-de-leixample-deivissa\/#primaryimage\"},\"thumbnailUrl\":\"https:\/\/www.psib-psoe.org\/eivissa\/wp-content\/uploads\/confinaments-Vila-i-Sant-Antoni.jpg\",\"datePublished\":\"2020-09-18T08:55:29+00:00\",\"dateModified\":\"2020-09-18T09:14:32+00:00\",\"breadcrumb\":{\"@id\":\"https:\/\/www.psib-psoe.org\/eivissa\/mesures-excepcionals-i-temporals-a-les-zones-basiques-de-sant-antoni-de-portmany-i-de-leixample-deivissa\/#breadcrumb\"},\"inLanguage\":\"ca\",\"potentialAction\":[{\"@type\":\"ReadAction\",\"target\":[\"https:\/\/www.psib-psoe.org\/eivissa\/mesures-excepcionals-i-temporals-a-les-zones-basiques-de-sant-antoni-de-portmany-i-de-leixample-deivissa\/\"]}]},{\"@type\":\"ImageObject\",\"inLanguage\":\"ca\",\"@id\":\"https:\/\/www.psib-psoe.org\/eivissa\/mesures-excepcionals-i-temporals-a-les-zones-basiques-de-sant-antoni-de-portmany-i-de-leixample-deivissa\/#primaryimage\",\"url\":\"https:\/\/www.psib-psoe.org\/eivissa\/wp-content\/uploads\/confinaments-Vila-i-Sant-Antoni.jpg\",\"contentUrl\":\"https:\/\/www.psib-psoe.org\/eivissa\/wp-content\/uploads\/confinaments-Vila-i-Sant-Antoni.jpg\",\"width\":543,\"height\":217},{\"@type\":\"BreadcrumbList\",\"@id\":\"https:\/\/www.psib-psoe.org\/eivissa\/mesures-excepcionals-i-temporals-a-les-zones-basiques-de-sant-antoni-de-portmany-i-de-leixample-deivissa\/#breadcrumb\",\"itemListElement\":[{\"@type\":\"ListItem\",\"position\":1,\"name\":\"Inici\",\"item\":\"https:\/\/www.psib-psoe.org\/eivissa\/\"},{\"@type\":\"ListItem\",\"position\":2,\"name\":\"Mesures excepcionals i temporals a les zones b\u00e0siques de Sant Antoni de Portmany i de l\u2019Eixample d\u2019Eivissa\"}]},{\"@type\":\"WebSite\",\"@id\":\"https:\/\/www.psib-psoe.org\/eivissa\/#website\",\"url\":\"https:\/\/www.psib-psoe.org\/eivissa\/\",\"name\":\"Federaci\u00f3 Socialista d'Eivissa\",\"description\":\"Socialistes d&#039;Eivissa\",\"publisher\":{\"@id\":\"https:\/\/www.psib-psoe.org\/eivissa\/#organization\"},\"potentialAction\":[{\"@type\":\"SearchAction\",\"target\":{\"@type\":\"EntryPoint\",\"urlTemplate\":\"https:\/\/www.psib-psoe.org\/eivissa\/?s={search_term_string}\"},\"query-input\":{\"@type\":\"PropertyValueSpecification\",\"valueRequired\":true,\"valueName\":\"search_term_string\"}}],\"inLanguage\":\"ca\"},{\"@type\":\"Organization\",\"@id\":\"https:\/\/www.psib-psoe.org\/eivissa\/#organization\",\"name\":\"Federaci\u00f3 Socialista d'Eivissa\",\"url\":\"https:\/\/www.psib-psoe.org\/eivissa\/\",\"logo\":{\"@type\":\"ImageObject\",\"inLanguage\":\"ca\",\"@id\":\"https:\/\/www.psib-psoe.org\/eivissa\/#\/schema\/logo\/image\/\",\"url\":\"https:\/\/www.psib-psoe.org\/eivissa\/wp-content\/uploads\/LOGO-FSE-SOCIALISTA-DEIVISSA-HORI.png\",\"contentUrl\":\"https:\/\/www.psib-psoe.org\/eivissa\/wp-content\/uploads\/LOGO-FSE-SOCIALISTA-DEIVISSA-HORI.png\",\"width\":6000,\"height\":3104,\"caption\":\"Federaci\u00f3 Socialista d'Eivissa\"},\"image\":{\"@id\":\"https:\/\/www.psib-psoe.org\/eivissa\/#\/schema\/logo\/image\/\"}},{\"@type\":\"Person\",\"@id\":\"https:\/\/www.psib-psoe.org\/eivissa\/#\/schema\/person\/7a9d2841fb36f32e34fc0e9b245e8117\",\"name\":\"Josep Ripoll\",\"sameAs\":[\"http:\/\/www.psib-psoe.org\/eivissa\/wp-login.php\"],\"url\":\"https:\/\/www.psib-psoe.org\/eivissa\/author\/josep\/\"}]}<\/script>\n<!-- \/ Yoast SEO plugin. -->","yoast_head_json":{"title":"Mesures excepcionals i temporals a les zones b\u00e0siques de Sant Antoni de Portmany i de l\u2019Eixample d\u2019Eivissa - Federaci\u00f3 Socialista d&#039;Eivissa","robots":{"index":"index","follow":"follow","max-snippet":"max-snippet:-1","max-image-preview":"max-image-preview:large","max-video-preview":"max-video-preview:-1"},"canonical":"https:\/\/www.psib-psoe.org\/eivissa\/mesures-excepcionals-i-temporals-a-les-zones-basiques-de-sant-antoni-de-portmany-i-de-leixample-deivissa\/","og_locale":"ca_ES","og_type":"article","og_title":"Mesures excepcionals i temporals a les zones b\u00e0siques de Sant Antoni de Portmany i de l\u2019Eixample d\u2019Eivissa - Federaci\u00f3 Socialista d&#039;Eivissa","og_description":"La consellera de Salut i Consum, Patricia G\u00f3mez, ha dictat dues resolucions que estableixen tota una s\u00e8rie de mesures excepcionals i temporals a les zones b\u00e0siques de Sant Antoni de Portmany i de l\u2019Eixample del municipi d\u2019Eivissa. L\u2019objectiu \u00e9s limitar-hi i evitar les situacions que poden afavorir els contagis, sobretot en llocs tancats on es&hellip;","og_url":"https:\/\/www.psib-psoe.org\/eivissa\/mesures-excepcionals-i-temporals-a-les-zones-basiques-de-sant-antoni-de-portmany-i-de-leixample-deivissa\/","og_site_name":"Federaci\u00f3 Socialista d&#039;Eivissa","article_published_time":"2020-09-18T08:55:29+00:00","article_modified_time":"2020-09-18T09:14:32+00:00","og_image":[{"width":543,"height":217,"url":"https:\/\/www.psib-psoe.org\/eivissa\/wp-content\/uploads\/confinaments-Vila-i-Sant-Antoni.jpg","type":"image\/jpeg"}],"author":"Josep Ripoll","twitter_card":"summary_large_image","twitter_misc":{"Escrit per":"Josep Ripoll","Temps estimat de lectura":"7 minuts"},"schema":{"@context":"https:\/\/schema.org","@graph":[{"@type":["Article","BlogPosting"],"@id":"https:\/\/www.psib-psoe.org\/eivissa\/mesures-excepcionals-i-temporals-a-les-zones-basiques-de-sant-antoni-de-portmany-i-de-leixample-deivissa\/#article","isPartOf":{"@id":"https:\/\/www.psib-psoe.org\/eivissa\/mesures-excepcionals-i-temporals-a-les-zones-basiques-de-sant-antoni-de-portmany-i-de-leixample-deivissa\/"},"author":{"name":"Josep Ripoll","@id":"https:\/\/www.psib-psoe.org\/eivissa\/#\/schema\/person\/7a9d2841fb36f32e34fc0e9b245e8117"},"headline":"Mesures excepcionals i temporals a les zones b\u00e0siques de Sant Antoni de Portmany i de l\u2019Eixample d\u2019Eivissa","datePublished":"2020-09-18T08:55:29+00:00","dateModified":"2020-09-18T09:14:32+00:00","mainEntityOfPage":{"@id":"https:\/\/www.psib-psoe.org\/eivissa\/mesures-excepcionals-i-temporals-a-les-zones-basiques-de-sant-antoni-de-portmany-i-de-leixample-deivissa\/"},"wordCount":1353,"publisher":{"@id":"https:\/\/www.psib-psoe.org\/eivissa\/#organization"},"image":{"@id":"https:\/\/www.psib-psoe.org\/eivissa\/mesures-excepcionals-i-temporals-a-les-zones-basiques-de-sant-antoni-de-portmany-i-de-leixample-deivissa\/#primaryimage"},"thumbnailUrl":"https:\/\/www.psib-psoe.org\/eivissa\/wp-content\/uploads\/confinaments-Vila-i-Sant-Antoni.jpg","articleSection":["Ciutat d'Eivissa","Covid-19","Federaci\u00f3 d'Eivissa - Portada","Govern de les Illes Balears - Parlament - PSIB-PSOE"],"inLanguage":"ca"},{"@type":"WebPage","@id":"https:\/\/www.psib-psoe.org\/eivissa\/mesures-excepcionals-i-temporals-a-les-zones-basiques-de-sant-antoni-de-portmany-i-de-leixample-deivissa\/","url":"https:\/\/www.psib-psoe.org\/eivissa\/mesures-excepcionals-i-temporals-a-les-zones-basiques-de-sant-antoni-de-portmany-i-de-leixample-deivissa\/","name":"Mesures excepcionals i temporals a les zones b\u00e0siques de Sant Antoni de Portmany i de l\u2019Eixample d\u2019Eivissa - Federaci\u00f3 Socialista d&#039;Eivissa","isPartOf":{"@id":"https:\/\/www.psib-psoe.org\/eivissa\/#website"},"primaryImageOfPage":{"@id":"https:\/\/www.psib-psoe.org\/eivissa\/mesures-excepcionals-i-temporals-a-les-zones-basiques-de-sant-antoni-de-portmany-i-de-leixample-deivissa\/#primaryimage"},"image":{"@id":"https:\/\/www.psib-psoe.org\/eivissa\/mesures-excepcionals-i-temporals-a-les-zones-basiques-de-sant-antoni-de-portmany-i-de-leixample-deivissa\/#primaryimage"},"thumbnailUrl":"https:\/\/www.psib-psoe.org\/eivissa\/wp-content\/uploads\/confinaments-Vila-i-Sant-Antoni.jpg","datePublished":"2020-09-18T08:55:29+00:00","dateModified":"2020-09-18T09:14:32+00:00","breadcrumb":{"@id":"https:\/\/www.psib-psoe.org\/eivissa\/mesures-excepcionals-i-temporals-a-les-zones-basiques-de-sant-antoni-de-portmany-i-de-leixample-deivissa\/#breadcrumb"},"inLanguage":"ca","potentialAction":[{"@type":"ReadAction","target":["https:\/\/www.psib-psoe.org\/eivissa\/mesures-excepcionals-i-temporals-a-les-zones-basiques-de-sant-antoni-de-portmany-i-de-leixample-deivissa\/"]}]},{"@type":"ImageObject","inLanguage":"ca","@id":"https:\/\/www.psib-psoe.org\/eivissa\/mesures-excepcionals-i-temporals-a-les-zones-basiques-de-sant-antoni-de-portmany-i-de-leixample-deivissa\/#primaryimage","url":"https:\/\/www.psib-psoe.org\/eivissa\/wp-content\/uploads\/confinaments-Vila-i-Sant-Antoni.jpg","contentUrl":"https:\/\/www.psib-psoe.org\/eivissa\/wp-content\/uploads\/confinaments-Vila-i-Sant-Antoni.jpg","width":543,"height":217},{"@type":"BreadcrumbList","@id":"https:\/\/www.psib-psoe.org\/eivissa\/mesures-excepcionals-i-temporals-a-les-zones-basiques-de-sant-antoni-de-portmany-i-de-leixample-deivissa\/#breadcrumb","itemListElement":[{"@type":"ListItem","position":1,"name":"Inici","item":"https:\/\/www.psib-psoe.org\/eivissa\/"},{"@type":"ListItem","position":2,"name":"Mesures excepcionals i temporals a les zones b\u00e0siques de Sant Antoni de Portmany i de l\u2019Eixample d\u2019Eivissa"}]},{"@type":"WebSite","@id":"https:\/\/www.psib-psoe.org\/eivissa\/#website","url":"https:\/\/www.psib-psoe.org\/eivissa\/","name":"Federaci\u00f3 Socialista d'Eivissa","description":"Socialistes d&#039;Eivissa","publisher":{"@id":"https:\/\/www.psib-psoe.org\/eivissa\/#organization"},"potentialAction":[{"@type":"SearchAction","target":{"@type":"EntryPoint","urlTemplate":"https:\/\/www.psib-psoe.org\/eivissa\/?s={search_term_string}"},"query-input":{"@type":"PropertyValueSpecification","valueRequired":true,"valueName":"search_term_string"}}],"inLanguage":"ca"},{"@type":"Organization","@id":"https:\/\/www.psib-psoe.org\/eivissa\/#organization","name":"Federaci\u00f3 Socialista d'Eivissa","url":"https:\/\/www.psib-psoe.org\/eivissa\/","logo":{"@type":"ImageObject","inLanguage":"ca","@id":"https:\/\/www.psib-psoe.org\/eivissa\/#\/schema\/logo\/image\/","url":"https:\/\/www.psib-psoe.org\/eivissa\/wp-content\/uploads\/LOGO-FSE-SOCIALISTA-DEIVISSA-HORI.png","contentUrl":"https:\/\/www.psib-psoe.org\/eivissa\/wp-content\/uploads\/LOGO-FSE-SOCIALISTA-DEIVISSA-HORI.png","width":6000,"height":3104,"caption":"Federaci\u00f3 Socialista d'Eivissa"},"image":{"@id":"https:\/\/www.psib-psoe.org\/eivissa\/#\/schema\/logo\/image\/"}},{"@type":"Person","@id":"https:\/\/www.psib-psoe.org\/eivissa\/#\/schema\/person\/7a9d2841fb36f32e34fc0e9b245e8117","name":"Josep Ripoll","sameAs":["http:\/\/www.psib-psoe.org\/eivissa\/wp-login.php"],"url":"https:\/\/www.psib-psoe.org\/eivissa\/author\/josep\/"}]}},"_links":{"self":[{"href":"https:\/\/www.psib-psoe.org\/eivissa\/wp-json\/wp\/v2\/posts\/31779","targetHints":{"allow":["GET"]}}],"collection":[{"href":"https:\/\/www.psib-psoe.org\/eivissa\/wp-json\/wp\/v2\/posts"}],"about":[{"href":"https:\/\/www.psib-psoe.org\/eivissa\/wp-json\/wp\/v2\/types\/post"}],"author":[{"embeddable":true,"href":"https:\/\/www.psib-psoe.org\/eivissa\/wp-json\/wp\/v2\/users\/7"}],"replies":[{"embeddable":true,"href":"https:\/\/www.psib-psoe.org\/eivissa\/wp-json\/wp\/v2\/comments?post=31779"}],"version-history":[{"count":2,"href":"https:\/\/www.psib-psoe.org\/eivissa\/wp-json\/wp\/v2\/posts\/31779\/revisions"}],"predecessor-version":[{"id":31786,"href":"https:\/\/www.psib-psoe.org\/eivissa\/wp-json\/wp\/v2\/posts\/31779\/revisions\/31786"}],"wp:featuredmedia":[{"embeddable":true,"href":"https:\/\/www.psib-psoe.org\/eivissa\/wp-json\/wp\/v2\/media\/31780"}],"wp:attachment":[{"href":"https:\/\/www.psib-psoe.org\/eivissa\/wp-json\/wp\/v2\/media?parent=31779"}],"wp:term":[{"taxonomy":"category","embeddable":true,"href":"https:\/\/www.psib-psoe.org\/eivissa\/wp-json\/wp\/v2\/categories?post=31779"},{"taxonomy":"post_tag","embeddable":true,"href":"https:\/\/www.psib-psoe.org\/eivissa\/wp-json\/wp\/v2\/tags?post=31779"}],"curies":[{"name":"wp","href":"https:\/\/api.w.org\/{rel}","templated":true}]}}